{"id":17832,"date":"2025-09-18T17:43:01","date_gmt":"2025-09-18T17:43:01","guid":{"rendered":"https:\/\/blogdobispo.com.br\/?p=17832"},"modified":"2025-09-18T17:43:01","modified_gmt":"2025-09-18T17:43:01","slug":"camara-aprova-projetos-sobre-saude-e-bem-estar-em-natal","status":"publish","type":"post","link":"https:\/\/blogdobispo.com.br\/?p=17832","title":{"rendered":"C\u00e2mara aprova projetos sobre sa\u00fade e bem-estar em Natal"},"content":{"rendered":"<p>Na sess\u00e3o ordin\u00e1ria desta quinta-feira (18), os vereadores da C\u00e2mara Municipal de Natal votaram seis vetos do Executivo \u2013 sendo tr\u00eas integrais e tr\u00eas parciais \u2013 al\u00e9m de quatro projetos de lei em primeira e segunda discuss\u00e3o.<\/p>\n<p>Entre os destaques, foi aprovado em segunda discuss\u00e3o o Projeto de Lei n\u00ba 5\/2025, de autoria do vereador T\u00e9rcio Tinoco (Uni\u00e3o Brasil), que institui o Censo da Pessoa com Fibromialgia em Natal. A proposta visa mapear os casos da doen\u00e7a na capital e direcionar pol\u00edticas p\u00fablicas espec\u00edficas para esse p\u00fablico.<\/p>\n<p>\u201cConseguimos aprovar agora em segunda discuss\u00e3o o censo das pessoas que t\u00eam fibromialgia. J\u00e1 temos uma lei federal publicada este ano que reconhece a condi\u00e7\u00e3o como defici\u00eancia, e agora vamos poder implementar esse levantamento em Natal. O diagn\u00f3stico n\u00e3o \u00e9 simples, mas com o censo poderemos criar pol\u00edticas p\u00fablicas efetivas\u201d, destacou o vereador T\u00e9rcio Tinoco.<\/p>\n<p>Tamb\u00e9m em segunda discuss\u00e3o, foi aprovado o Projeto de Lei n\u00ba 317\/2024, do vereador Aldo Clemente (PSDB), que institui no Calend\u00e1rio Oficial de Eventos do Munic\u00edpio o \u201cDia de Conscientiza\u00e7\u00e3o da Neuromielite \u00d3ptica \u2013 NMO\u201d.<\/p>\n<p>\u201cA Neuromielite \u00d3ptica \u00e9 uma doen\u00e7a rara e grave que atinge o sistema nervoso central. Nosso objetivo \u00e9 chamar a aten\u00e7\u00e3o do poder p\u00fablico para essas pessoas que precisam de um olhar diferenciado\u201d, afirmou Aldo Clemente.<\/p>\n","protected":false},"excerpt":{"rendered":"<p>Na sess\u00e3o ordin\u00e1ria desta quinta-feira (18), os vereadores da C\u00e2mara Municipal de Natal votaram seis vetos do Executivo \u2013 sendo tr\u00eas integrais e tr\u00eas parciais \u2013 al\u00e9m de quatro projetos de lei em primeira e segunda discuss\u00e3o. Entre os destaques, foi aprovado em segunda discuss\u00e3o o Projeto de Lei n\u00ba 5\/2025, de autoria do vereador [&hellip;]<\/p>\n","protected":false},"author":3,"featured_media":17833,"comment_status":"open","ping_status":"open","sticky":false,"template":"","format":"standard","meta":{"cybocfi_hide_featured_image":"","_jetpack_memberships_contains_paid_content":false,"footnotes":""},"categories":[12,3],"tags":[],"class_list":["post-17832","post","type-post","status-publish","format-standard","has-post-thumbnail","hentry","category-cidadania","category-politica"],"yoast_head":"<!-- This site is optimized with the Yoast SEO plugin v25.6 - https:\/\/yoast.com\/wordpress\/plugins\/seo\/ -->\n<title>C\u00e2mara aprova projetos sobre sa\u00fade e bem-estar em Natal - Blog do Bispo<\/title>\n<meta name=\"robots\" content=\"index, follow, max-snippet:-1, max-image-preview:large, max-video-preview:-1\" \/>\n<link rel=\"canonical\" href=\"https:\/\/blogdobispo.com.br\/?p=17832\" \/>\n<meta property=\"og:locale\" content=\"pt_BR\" \/>\n<meta property=\"og:type\" content=\"article\" \/>\n<meta property=\"og:title\" content=\"C\u00e2mara aprova projetos sobre sa\u00fade e bem-estar em Natal - Blog do Bispo\" \/>\n<meta property=\"og:description\" content=\"Na sess\u00e3o ordin\u00e1ria desta quinta-feira (18), os vereadores da C\u00e2mara Municipal de Natal votaram seis vetos do Executivo \u2013 sendo tr\u00eas integrais e tr\u00eas parciais \u2013 al\u00e9m de quatro projetos de lei em primeira e segunda discuss\u00e3o. Entre os destaques, foi aprovado em segunda discuss\u00e3o o Projeto de Lei n\u00ba 5\/2025, de autoria do vereador [&hellip;]\" \/>\n<meta property=\"og:url\" content=\"https:\/\/blogdobispo.com.br\/?p=17832\" \/>\n<meta property=\"og:site_name\" content=\"Blog do Bispo\" \/>\n<meta property=\"article:published_time\" content=\"2025-09-18T17:43:01+00:00\" \/>\n<meta property=\"og:image\" content=\"http:\/\/blogdobispo.com.br\/wp-content\/uploads\/2025\/09\/102f82c3dfcf7254a3b43eddd71059c7.jpeg\" \/>\n\t<meta property=\"og:image:width\" content=\"1600\" \/>\n\t<meta property=\"og:image:height\" content=\"1135\" \/>\n\t<meta property=\"og:image:type\" content=\"image\/jpeg\" \/>\n<meta name=\"author\" content=\"Robson Trigueiro\" \/>\n<meta name=\"twitter:card\" content=\"summary_large_image\" \/>\n<meta name=\"twitter:label1\" content=\"Escrito por\" \/>\n\t<meta name=\"twitter:data1\" content=\"Robson Trigueiro\" \/>\n\t<meta name=\"twitter:label2\" content=\"Est. tempo de leitura\" \/>\n\t<meta name=\"twitter:data2\" content=\"2 minutos\" \/>\n<script type=\"application\/ld+json\" class=\"yoast-schema-graph\">{\"@context\":\"https:\/\/schema.org\",\"@graph\":[{\"@type\":\"Article\",\"@id\":\"https:\/\/blogdobispo.com.br\/?p=17832#article\",\"isPartOf\":{\"@id\":\"https:\/\/blogdobispo.com.br\/?p=17832\"},\"author\":{\"name\":\"Robson Trigueiro\",\"@id\":\"https:\/\/blogdobispo.com.br\/#\/schema\/person\/05abe7adb94767ba46bf757b4243d3e0\"},\"headline\":\"C\u00e2mara aprova projetos sobre sa\u00fade e bem-estar em Natal\",\"datePublished\":\"2025-09-18T17:43:01+00:00\",\"mainEntityOfPage\":{\"@id\":\"https:\/\/blogdobispo.com.br\/?p=17832\"},\"wordCount\":247,\"commentCount\":0,\"publisher\":{\"@id\":\"https:\/\/blogdobispo.com.br\/#organization\"},\"image\":{\"@id\":\"https:\/\/blogdobispo.com.br\/?p=17832#primaryimage\"},\"thumbnailUrl\":\"https:\/\/i0.wp.com\/blogdobispo.com.br\/wp-content\/uploads\/2025\/09\/102f82c3dfcf7254a3b43eddd71059c7.jpeg?fit=1600%2C1135&ssl=1\",\"articleSection\":[\"Cidadania\",\"Pol\u00edtica\"],\"inLanguage\":\"pt-BR\",\"potentialAction\":[{\"@type\":\"CommentAction\",\"name\":\"Comment\",\"target\":[\"https:\/\/blogdobispo.com.br\/?p=17832#respond\"]}]},{\"@type\":\"WebPage\",\"@id\":\"https:\/\/blogdobispo.com.br\/?p=17832\",\"url\":\"https:\/\/blogdobispo.com.br\/?p=17832\",\"name\":\"C\u00e2mara aprova projetos sobre sa\u00fade e bem-estar em Natal - Blog do Bispo\",\"isPartOf\":{\"@id\":\"https:\/\/blogdobispo.com.br\/#website\"},\"primaryImageOfPage\":{\"@id\":\"https:\/\/blogdobispo.com.br\/?p=17832#primaryimage\"},\"image\":{\"@id\":\"https:\/\/blogdobispo.com.br\/?p=17832#primaryimage\"},\"thumbnailUrl\":\"https:\/\/i0.wp.com\/blogdobispo.com.br\/wp-content\/uploads\/2025\/09\/102f82c3dfcf7254a3b43eddd71059c7.jpeg?fit=1600%2C1135&ssl=1\",\"datePublished\":\"2025-09-18T17:43:01+00:00\",\"breadcrumb\":{\"@id\":\"https:\/\/blogdobispo.com.br\/?p=17832#breadcrumb\"},\"inLanguage\":\"pt-BR\",\"potentialAction\":[{\"@type\":\"ReadAction\",\"target\":[\"https:\/\/blogdobispo.com.br\/?p=17832\"]}]},{\"@type\":\"ImageObject\",\"inLanguage\":\"pt-BR\",\"@id\":\"https:\/\/blogdobispo.com.br\/?p=17832#primaryimage\",\"url\":\"https:\/\/i0.wp.com\/blogdobispo.com.br\/wp-content\/uploads\/2025\/09\/102f82c3dfcf7254a3b43eddd71059c7.jpeg?fit=1600%2C1135&ssl=1\",\"contentUrl\":\"https:\/\/i0.wp.com\/blogdobispo.com.br\/wp-content\/uploads\/2025\/09\/102f82c3dfcf7254a3b43eddd71059c7.jpeg?fit=1600%2C1135&ssl=1\",\"width\":1600,\"height\":1135},{\"@type\":\"BreadcrumbList\",\"@id\":\"https:\/\/blogdobispo.com.br\/?p=17832#breadcrumb\",\"itemListElement\":[{\"@type\":\"ListItem\",\"position\":1,\"name\":\"In\u00edcio\",\"item\":\"https:\/\/blogdobispo.com.br\/\"},{\"@type\":\"ListItem\",\"position\":2,\"name\":\"C\u00e2mara aprova projetos sobre sa\u00fade e bem-estar em Natal\"}]},{\"@type\":\"WebSite\",\"@id\":\"https:\/\/blogdobispo.com.br\/#website\",\"url\":\"https:\/\/blogdobispo.com.br\/\",\"name\":\"Blog do Bispo\",\"description\":\"Comprometido apenas com o leitor\",\"publisher\":{\"@id\":\"https:\/\/blogdobispo.com.br\/#organization\"},\"potentialAction\":[{\"@type\":\"SearchAction\",\"target\":{\"@type\":\"EntryPoint\",\"urlTemplate\":\"https:\/\/blogdobispo.com.br\/?s={search_term_string}\"},\"query-input\":{\"@type\":\"PropertyValueSpecification\",\"valueRequired\":true,\"valueName\":\"search_term_string\"}}],\"inLanguage\":\"pt-BR\"},{\"@type\":\"Organization\",\"@id\":\"https:\/\/blogdobispo.com.br\/#organization\",\"name\":\"Blog do Bispo\",\"url\":\"https:\/\/blogdobispo.com.br\/\",\"logo\":{\"@type\":\"ImageObject\",\"inLanguage\":\"pt-BR\",\"@id\":\"https:\/\/blogdobispo.com.br\/#\/schema\/logo\/image\/\",\"url\":\"http:\/\/blogdobispo.com.br\/wp-content\/uploads\/2023\/05\/cropped-headear.png\",\"contentUrl\":\"http:\/\/blogdobispo.com.br\/wp-content\/uploads\/2023\/05\/cropped-headear.png\",\"width\":1500,\"height\":399,\"caption\":\"Blog do Bispo\"},\"image\":{\"@id\":\"https:\/\/blogdobispo.com.br\/#\/schema\/logo\/image\/\"}},{\"@type\":\"Person\",\"@id\":\"https:\/\/blogdobispo.com.br\/#\/schema\/person\/05abe7adb94767ba46bf757b4243d3e0\",\"name\":\"Robson Trigueiro\",\"image\":{\"@type\":\"ImageObject\",\"inLanguage\":\"pt-BR\",\"@id\":\"https:\/\/blogdobispo.com.br\/#\/schema\/person\/image\/\",\"url\":\"https:\/\/secure.gravatar.com\/avatar\/b71c79ed1dcbb23d15e3cd8224dbfbd99da477df155b3e777061e3a006422418?s=96&d=mm&r=g\",\"contentUrl\":\"https:\/\/secure.gravatar.com\/avatar\/b71c79ed1dcbb23d15e3cd8224dbfbd99da477df155b3e777061e3a006422418?s=96&d=mm&r=g\",\"caption\":\"Robson Trigueiro\"},\"url\":\"https:\/\/blogdobispo.com.br\/?author=3\"}]}<\/script>\n<!-- \/ Yoast SEO plugin. -->","yoast_head_json":{"title":"C\u00e2mara aprova projetos sobre sa\u00fade e bem-estar em Natal - Blog do Bispo","robots":{"index":"index","follow":"follow","max-snippet":"max-snippet:-1","max-image-preview":"max-image-preview:large","max-video-preview":"max-video-preview:-1"},"canonical":"https:\/\/blogdobispo.com.br\/?p=17832","og_locale":"pt_BR","og_type":"article","og_title":"C\u00e2mara aprova projetos sobre sa\u00fade e bem-estar em Natal - Blog do Bispo","og_description":"Na sess\u00e3o ordin\u00e1ria desta quinta-feira (18), os vereadores da C\u00e2mara Municipal de Natal votaram seis vetos do Executivo \u2013 sendo tr\u00eas integrais e tr\u00eas parciais \u2013 al\u00e9m de quatro projetos de lei em primeira e segunda discuss\u00e3o. Entre os destaques, foi aprovado em segunda discuss\u00e3o o Projeto de Lei n\u00ba 5\/2025, de autoria do vereador [&hellip;]","og_url":"https:\/\/blogdobispo.com.br\/?p=17832","og_site_name":"Blog do Bispo","article_published_time":"2025-09-18T17:43:01+00:00","og_image":[{"width":1600,"height":1135,"url":"http:\/\/blogdobispo.com.br\/wp-content\/uploads\/2025\/09\/102f82c3dfcf7254a3b43eddd71059c7.jpeg","type":"image\/jpeg"}],"author":"Robson Trigueiro","twitter_card":"summary_large_image","twitter_misc":{"Escrito por":"Robson Trigueiro","Est. tempo de leitura":"2 minutos"},"schema":{"@context":"https:\/\/schema.org","@graph":[{"@type":"Article","@id":"https:\/\/blogdobispo.com.br\/?p=17832#article","isPartOf":{"@id":"https:\/\/blogdobispo.com.br\/?p=17832"},"author":{"name":"Robson Trigueiro","@id":"https:\/\/blogdobispo.com.br\/#\/schema\/person\/05abe7adb94767ba46bf757b4243d3e0"},"headline":"C\u00e2mara aprova projetos sobre sa\u00fade e bem-estar em Natal","datePublished":"2025-09-18T17:43:01+00:00","mainEntityOfPage":{"@id":"https:\/\/blogdobispo.com.br\/?p=17832"},"wordCount":247,"commentCount":0,"publisher":{"@id":"https:\/\/blogdobispo.com.br\/#organization"},"image":{"@id":"https:\/\/blogdobispo.com.br\/?p=17832#primaryimage"},"thumbnailUrl":"https:\/\/i0.wp.com\/blogdobispo.com.br\/wp-content\/uploads\/2025\/09\/102f82c3dfcf7254a3b43eddd71059c7.jpeg?fit=1600%2C1135&ssl=1","articleSection":["Cidadania","Pol\u00edtica"],"inLanguage":"pt-BR","potentialAction":[{"@type":"CommentAction","name":"Comment","target":["https:\/\/blogdobispo.com.br\/?p=17832#respond"]}]},{"@type":"WebPage","@id":"https:\/\/blogdobispo.com.br\/?p=17832","url":"https:\/\/blogdobispo.com.br\/?p=17832","name":"C\u00e2mara aprova projetos sobre sa\u00fade e bem-estar em Natal - Blog do Bispo","isPartOf":{"@id":"https:\/\/blogdobispo.com.br\/#website"},"primaryImageOfPage":{"@id":"https:\/\/blogdobispo.com.br\/?p=17832#primaryimage"},"image":{"@id":"https:\/\/blogdobispo.com.br\/?p=17832#primaryimage"},"thumbnailUrl":"https:\/\/i0.wp.com\/blogdobispo.com.br\/wp-content\/uploads\/2025\/09\/102f82c3dfcf7254a3b43eddd71059c7.jpeg?fit=1600%2C1135&ssl=1","datePublished":"2025-09-18T17:43:01+00:00","breadcrumb":{"@id":"https:\/\/blogdobispo.com.br\/?p=17832#breadcrumb"},"inLanguage":"pt-BR","potentialAction":[{"@type":"ReadAction","target":["https:\/\/blogdobispo.com.br\/?p=17832"]}]},{"@type":"ImageObject","inLanguage":"pt-BR","@id":"https:\/\/blogdobispo.com.br\/?p=17832#primaryimage","url":"https:\/\/i0.wp.com\/blogdobispo.com.br\/wp-content\/uploads\/2025\/09\/102f82c3dfcf7254a3b43eddd71059c7.jpeg?fit=1600%2C1135&ssl=1","contentUrl":"https:\/\/i0.wp.com\/blogdobispo.com.br\/wp-content\/uploads\/2025\/09\/102f82c3dfcf7254a3b43eddd71059c7.jpeg?fit=1600%2C1135&ssl=1","width":1600,"height":1135},{"@type":"BreadcrumbList","@id":"https:\/\/blogdobispo.com.br\/?p=17832#breadcrumb","itemListElement":[{"@type":"ListItem","position":1,"name":"In\u00edcio","item":"https:\/\/blogdobispo.com.br\/"},{"@type":"ListItem","position":2,"name":"C\u00e2mara aprova projetos sobre sa\u00fade e bem-estar em Natal"}]},{"@type":"WebSite","@id":"https:\/\/blogdobispo.com.br\/#website","url":"https:\/\/blogdobispo.com.br\/","name":"Blog do Bispo","description":"Comprometido apenas com o leitor","publisher":{"@id":"https:\/\/blogdobispo.com.br\/#organization"},"potentialAction":[{"@type":"SearchAction","target":{"@type":"EntryPoint","urlTemplate":"https:\/\/blogdobispo.com.br\/?s={search_term_string}"},"query-input":{"@type":"PropertyValueSpecification","valueRequired":true,"valueName":"search_term_string"}}],"inLanguage":"pt-BR"},{"@type":"Organization","@id":"https:\/\/blogdobispo.com.br\/#organization","name":"Blog do Bispo","url":"https:\/\/blogdobispo.com.br\/","logo":{"@type":"ImageObject","inLanguage":"pt-BR","@id":"https:\/\/blogdobispo.com.br\/#\/schema\/logo\/image\/","url":"http:\/\/blogdobispo.com.br\/wp-content\/uploads\/2023\/05\/cropped-headear.png","contentUrl":"http:\/\/blogdobispo.com.br\/wp-content\/uploads\/2023\/05\/cropped-headear.png","width":1500,"height":399,"caption":"Blog do Bispo"},"image":{"@id":"https:\/\/blogdobispo.com.br\/#\/schema\/logo\/image\/"}},{"@type":"Person","@id":"https:\/\/blogdobispo.com.br\/#\/schema\/person\/05abe7adb94767ba46bf757b4243d3e0","name":"Robson Trigueiro","image":{"@type":"ImageObject","inLanguage":"pt-BR","@id":"https:\/\/blogdobispo.com.br\/#\/schema\/person\/image\/","url":"https:\/\/secure.gravatar.com\/avatar\/b71c79ed1dcbb23d15e3cd8224dbfbd99da477df155b3e777061e3a006422418?s=96&d=mm&r=g","contentUrl":"https:\/\/secure.gravatar.com\/avatar\/b71c79ed1dcbb23d15e3cd8224dbfbd99da477df155b3e777061e3a006422418?s=96&d=mm&r=g","caption":"Robson Trigueiro"},"url":"https:\/\/blogdobispo.com.br\/?author=3"}]}},"featured_image_urls":{"full":["https:\/\/i0.wp.com\/blogdobispo.com.br\/wp-content\/uploads\/2025\/09\/102f82c3dfcf7254a3b43eddd71059c7.jpeg?fit=1600%2C1135&ssl=1",1600,1135,false],"thumbnail":["https:\/\/i0.wp.com\/blogdobispo.com.br\/wp-content\/uploads\/2025\/09\/102f82c3dfcf7254a3b43eddd71059c7.jpeg?resize=150%2C150&ssl=1",150,150,true],"medium":["https:\/\/i0.wp.com\/blogdobispo.com.br\/wp-content\/uploads\/2025\/09\/102f82c3dfcf7254a3b43eddd71059c7.jpeg?fit=300%2C213&ssl=1",300,213,true],"medium_large":["https:\/\/i0.wp.com\/blogdobispo.com.br\/wp-content\/uploads\/2025\/09\/102f82c3dfcf7254a3b43eddd71059c7.jpeg?fit=768%2C545&ssl=1",768,545,true],"large":["https:\/\/i0.wp.com\/blogdobispo.com.br\/wp-content\/uploads\/2025\/09\/102f82c3dfcf7254a3b43eddd71059c7.jpeg?fit=800%2C567&ssl=1",800,567,true],"1536x1536":["https:\/\/i0.wp.com\/blogdobispo.com.br\/wp-content\/uploads\/2025\/09\/102f82c3dfcf7254a3b43eddd71059c7.jpeg?fit=1536%2C1090&ssl=1",1536,1090,true],"2048x2048":["https:\/\/i0.wp.com\/blogdobispo.com.br\/wp-content\/uploads\/2025\/09\/102f82c3dfcf7254a3b43eddd71059c7.jpeg?fit=1600%2C1135&ssl=1",1600,1135,true]},"author_info":{"display_name":"Robson Trigueiro","author_link":"https:\/\/blogdobispo.com.br\/?author=3"},"category_info":"<a href=\"https:\/\/blogdobispo.com.br\/?cat=12\" rel=\"category\">Cidadania<\/a> <a href=\"https:\/\/blogdobispo.com.br\/?cat=3\" rel=\"category\">Pol\u00edtica<\/a>","tag_info":"Pol\u00edtica","comment_count":"0","jetpack_featured_media_url":"https:\/\/i0.wp.com\/blogdobispo.com.br\/wp-content\/uploads\/2025\/09\/102f82c3dfcf7254a3b43eddd71059c7.jpeg?fit=1600%2C1135&ssl=1","jetpack_sharing_enabled":true,"_links":{"self":[{"href":"https:\/\/blogdobispo.com.br\/index.php?rest_route=\/wp\/v2\/posts\/17832","targetHints":{"allow":["GET"]}}],"collection":[{"href":"https:\/\/blogdobispo.com.br\/index.php?rest_route=\/wp\/v2\/posts"}],"about":[{"href":"https:\/\/blogdobispo.com.br\/index.php?rest_route=\/wp\/v2\/types\/post"}],"author":[{"embeddable":true,"href":"https:\/\/blogdobispo.com.br\/index.php?rest_route=\/wp\/v2\/users\/3"}],"replies":[{"embeddable":true,"href":"https:\/\/blogdobispo.com.br\/index.php?rest_route=%2Fwp%2Fv2%2Fcomments&post=17832"}],"version-history":[{"count":1,"href":"https:\/\/blogdobispo.com.br\/index.php?rest_route=\/wp\/v2\/posts\/17832\/revisions"}],"predecessor-version":[{"id":17834,"href":"https:\/\/blogdobispo.com.br\/index.php?rest_route=\/wp\/v2\/posts\/17832\/revisions\/17834"}],"wp:featuredmedia":[{"embeddable":true,"href":"https:\/\/blogdobispo.com.br\/index.php?rest_route=\/wp\/v2\/media\/17833"}],"wp:attachment":[{"href":"https:\/\/blogdobispo.com.br\/index.php?rest_route=%2Fwp%2Fv2%2Fmedia&parent=17832"}],"wp:term":[{"taxonomy":"category","embeddable":true,"href":"https:\/\/blogdobispo.com.br\/index.php?rest_route=%2Fwp%2Fv2%2Fcategories&post=17832"},{"taxonomy":"post_tag","embeddable":true,"href":"https:\/\/blogdobispo.com.br\/index.php?rest_route=%2Fwp%2Fv2%2Ftags&post=17832"}],"curies":[{"name":"wp","href":"https:\/\/api.w.org\/{rel}","templated":true}]}}