{"id":17829,"date":"2025-09-18T17:41:10","date_gmt":"2025-09-18T17:41:10","guid":{"rendered":"https:\/\/blogdobispo.com.br\/?p=17829"},"modified":"2025-09-18T17:41:10","modified_gmt":"2025-09-18T17:41:10","slug":"apoio-a-trabalhadores-de-apps-e-incentivo-ao-ideb-passam-na-comissao-de-financas","status":"publish","type":"post","link":"https:\/\/blogdobispo.com.br\/?p=17829","title":{"rendered":"Apoio a trabalhadores de apps e incentivo ao Ideb passam na Comiss\u00e3o de Finan\u00e7as"},"content":{"rendered":"<p>A comiss\u00e3o de Finan\u00e7as, Or\u00e7amento, Controle e Fiscaliza\u00e7\u00e3o da C\u00e2mara de Natal se reuniu na tarde da \u00faltima quarta-feira (17), e apresentou parecer de 23 Projetos de Lei. Destes, dois foram arquivados e um foi retirado de pauta para verifica\u00e7\u00e3o de similaridade. Entre os projetos aprovados, o colegiado formou maioria pela aprova\u00e7\u00e3o do PL 045\/2025, de autoria da vereadora Samanda Alves (PT), o qual prev\u00ea a instala\u00e7\u00e3o de pontos de apoio para trabalhadores de transporte e de entrega por aplicativos.<\/p>\n<p>De acordo com a parlamentar, que tamb\u00e9m \u00e9 membro da Comiss\u00e3o de Finan\u00e7as, o projeto tem o objetivo de estabelecer locais para descanso, alimenta\u00e7\u00e3o e recarga de aparelhos celulares, por\u00e9m sem onerar os trabalhadores e os consumidores destes servi\u00e7os. \u201c\u00c9 uma demanda de uma nova classe de trabalhadores a qual, h\u00e1 at\u00e9 pouco tempo, n\u00e3o existia como profiss\u00e3o. Nossa proposi\u00e7\u00e3o define que as empresas criem esses pontos de apoio, que comportem, em m\u00e9dia, 25 pessoas, e com o \u00f4nus voltado para elas, que s\u00e3o multinacionais, e para garantir o m\u00ednimo de condi\u00e7\u00f5es para esses trabalhadores\u201d, ressaltou Samanda.<\/p>\n<p>Outro parecer favor\u00e1vel emitido pela Comiss\u00e3o de Finan\u00e7as foi ao PL 161\/2025, de autoria do vereador Daniell Rendall (Republicanos), o qual condecora as escolas municipais de Natal com maiores notas no \u00cdndice de Desenvolvimento da Educa\u00e7\u00e3o B\u00e1sica (Ideb). \u201cEssa condecora\u00e7\u00e3o \u00e9 uma ideia antiga nossa. N\u00f3s precisamos pegar as escolas que s\u00e3o refer\u00eancia no Ideb na nossa cidade, reconhecer o que vem sendo feito de positivo, e repassar os ritos pedag\u00f3gicos e administrativos para outras escolas\u201d, apontou o vereador, que tamb\u00e9m integra a Comiss\u00e3o de Finan\u00e7as.<\/p>\n<p>Ainda dentro da tem\u00e1tica da educa\u00e7\u00e3o, a Comiss\u00e3o aprovou o Projeto de Lei 152\/2024, de autoria do vereador Chagas Catarino (Uni\u00e3o Brasil), o qual institui o fornecimento de merenda escolar adaptada aos estudantes cel\u00edacos e hiperglic\u00eamicos das escolas municipais. Tamb\u00e9m foi aprovado o PL 140\/2025, de autoria do vereador L\u00e9o Souza (Republicanos), que versa sobre a instala\u00e7\u00e3o e manuten\u00e7\u00e3o de um sistema pr\u00f3prio de ilumina\u00e7\u00e3o nas paradas de \u00f4nibus coletivos da cidade de Natal.<\/p>\n<p>Al\u00e9m dos vereadores Samanda Alves e Daniell Randal, a Comiss\u00e3o de Finan\u00e7as contou com a presen\u00e7a do seu presidente, Robson Carvalho (Uni\u00e3o Brasil), do vice-presidente Preto Aquino (Podemos), e dos membros L\u00e9o Souza (Republicanos) e Subtenente Eliabe (PL).<\/p>\n","protected":false},"excerpt":{"rendered":"<p>A comiss\u00e3o de Finan\u00e7as, Or\u00e7amento, Controle e Fiscaliza\u00e7\u00e3o da C\u00e2mara de Natal se reuniu na tarde da \u00faltima quarta-feira (17), e apresentou parecer de 23 Projetos de Lei. Destes, dois foram arquivados e um foi retirado de pauta para verifica\u00e7\u00e3o de similaridade. Entre os projetos aprovados, o colegiado formou maioria pela aprova\u00e7\u00e3o do PL 045\/2025, [&hellip;]<\/p>\n","protected":false},"author":3,"featured_media":17830,"comment_status":"open","ping_status":"open","sticky":false,"template":"","format":"standard","meta":{"cybocfi_hide_featured_image":"","_jetpack_memberships_contains_paid_content":false,"footnotes":""},"categories":[12,11],"tags":[],"class_list":["post-17829","post","type-post","status-publish","format-standard","has-post-thumbnail","hentry","category-cidadania","category-religiao"],"yoast_head":"<!-- This site is optimized with the Yoast SEO plugin v25.6 - https:\/\/yoast.com\/wordpress\/plugins\/seo\/ -->\n<title>Apoio a trabalhadores de apps e incentivo ao Ideb passam na Comiss\u00e3o de Finan\u00e7as - Blog do Bispo<\/title>\n<meta name=\"robots\" content=\"index, follow, max-snippet:-1, max-image-preview:large, max-video-preview:-1\" \/>\n<link rel=\"canonical\" href=\"https:\/\/blogdobispo.com.br\/?p=17829\" \/>\n<meta property=\"og:locale\" content=\"pt_BR\" \/>\n<meta property=\"og:type\" content=\"article\" \/>\n<meta property=\"og:title\" content=\"Apoio a trabalhadores de apps e incentivo ao Ideb passam na Comiss\u00e3o de Finan\u00e7as - Blog do Bispo\" \/>\n<meta property=\"og:description\" content=\"A comiss\u00e3o de Finan\u00e7as, Or\u00e7amento, Controle e Fiscaliza\u00e7\u00e3o da C\u00e2mara de Natal se reuniu na tarde da \u00faltima quarta-feira (17), e apresentou parecer de 23 Projetos de Lei. Destes, dois foram arquivados e um foi retirado de pauta para verifica\u00e7\u00e3o de similaridade. Entre os projetos aprovados, o colegiado formou maioria pela aprova\u00e7\u00e3o do PL 045\/2025, [&hellip;]\" \/>\n<meta property=\"og:url\" content=\"https:\/\/blogdobispo.com.br\/?p=17829\" \/>\n<meta property=\"og:site_name\" content=\"Blog do Bispo\" \/>\n<meta property=\"article:published_time\" content=\"2025-09-18T17:41:10+00:00\" \/>\n<meta property=\"og:image\" content=\"http:\/\/blogdobispo.com.br\/wp-content\/uploads\/2025\/09\/1cb5499b5b0432c383b59c9df1718ca2.jpg\" \/>\n\t<meta property=\"og:image:width\" content=\"1600\" \/>\n\t<meta property=\"og:image:height\" content=\"1108\" \/>\n\t<meta property=\"og:image:type\" content=\"image\/jpeg\" \/>\n<meta name=\"author\" content=\"Robson Trigueiro\" \/>\n<meta name=\"twitter:card\" content=\"summary_large_image\" \/>\n<meta name=\"twitter:label1\" content=\"Escrito por\" \/>\n\t<meta name=\"twitter:data1\" content=\"Robson Trigueiro\" \/>\n\t<meta name=\"twitter:label2\" content=\"Est. tempo de leitura\" \/>\n\t<meta name=\"twitter:data2\" content=\"3 minutos\" \/>\n<script type=\"application\/ld+json\" class=\"yoast-schema-graph\">{\"@context\":\"https:\/\/schema.org\",\"@graph\":[{\"@type\":\"Article\",\"@id\":\"https:\/\/blogdobispo.com.br\/?p=17829#article\",\"isPartOf\":{\"@id\":\"https:\/\/blogdobispo.com.br\/?p=17829\"},\"author\":{\"name\":\"Robson Trigueiro\",\"@id\":\"https:\/\/blogdobispo.com.br\/#\/schema\/person\/05abe7adb94767ba46bf757b4243d3e0\"},\"headline\":\"Apoio a trabalhadores de apps e incentivo ao Ideb passam na Comiss\u00e3o de Finan\u00e7as\",\"datePublished\":\"2025-09-18T17:41:10+00:00\",\"mainEntityOfPage\":{\"@id\":\"https:\/\/blogdobispo.com.br\/?p=17829\"},\"wordCount\":433,\"commentCount\":0,\"publisher\":{\"@id\":\"https:\/\/blogdobispo.com.br\/#organization\"},\"image\":{\"@id\":\"https:\/\/blogdobispo.com.br\/?p=17829#primaryimage\"},\"thumbnailUrl\":\"https:\/\/i0.wp.com\/blogdobispo.com.br\/wp-content\/uploads\/2025\/09\/1cb5499b5b0432c383b59c9df1718ca2.jpg?fit=1600%2C1108&ssl=1\",\"articleSection\":[\"Cidadania\",\"Religi\u00e3o\"],\"inLanguage\":\"pt-BR\",\"potentialAction\":[{\"@type\":\"CommentAction\",\"name\":\"Comment\",\"target\":[\"https:\/\/blogdobispo.com.br\/?p=17829#respond\"]}]},{\"@type\":\"WebPage\",\"@id\":\"https:\/\/blogdobispo.com.br\/?p=17829\",\"url\":\"https:\/\/blogdobispo.com.br\/?p=17829\",\"name\":\"Apoio a trabalhadores de apps e incentivo ao Ideb passam na Comiss\u00e3o de Finan\u00e7as - Blog do Bispo\",\"isPartOf\":{\"@id\":\"https:\/\/blogdobispo.com.br\/#website\"},\"primaryImageOfPage\":{\"@id\":\"https:\/\/blogdobispo.com.br\/?p=17829#primaryimage\"},\"image\":{\"@id\":\"https:\/\/blogdobispo.com.br\/?p=17829#primaryimage\"},\"thumbnailUrl\":\"https:\/\/i0.wp.com\/blogdobispo.com.br\/wp-content\/uploads\/2025\/09\/1cb5499b5b0432c383b59c9df1718ca2.jpg?fit=1600%2C1108&ssl=1\",\"datePublished\":\"2025-09-18T17:41:10+00:00\",\"breadcrumb\":{\"@id\":\"https:\/\/blogdobispo.com.br\/?p=17829#breadcrumb\"},\"inLanguage\":\"pt-BR\",\"potentialAction\":[{\"@type\":\"ReadAction\",\"target\":[\"https:\/\/blogdobispo.com.br\/?p=17829\"]}]},{\"@type\":\"ImageObject\",\"inLanguage\":\"pt-BR\",\"@id\":\"https:\/\/blogdobispo.com.br\/?p=17829#primaryimage\",\"url\":\"https:\/\/i0.wp.com\/blogdobispo.com.br\/wp-content\/uploads\/2025\/09\/1cb5499b5b0432c383b59c9df1718ca2.jpg?fit=1600%2C1108&ssl=1\",\"contentUrl\":\"https:\/\/i0.wp.com\/blogdobispo.com.br\/wp-content\/uploads\/2025\/09\/1cb5499b5b0432c383b59c9df1718ca2.jpg?fit=1600%2C1108&ssl=1\",\"width\":1600,\"height\":1108},{\"@type\":\"BreadcrumbList\",\"@id\":\"https:\/\/blogdobispo.com.br\/?p=17829#breadcrumb\",\"itemListElement\":[{\"@type\":\"ListItem\",\"position\":1,\"name\":\"In\u00edcio\",\"item\":\"https:\/\/blogdobispo.com.br\/\"},{\"@type\":\"ListItem\",\"position\":2,\"name\":\"Apoio a trabalhadores de apps e incentivo ao Ideb passam na Comiss\u00e3o de Finan\u00e7as\"}]},{\"@type\":\"WebSite\",\"@id\":\"https:\/\/blogdobispo.com.br\/#website\",\"url\":\"https:\/\/blogdobispo.com.br\/\",\"name\":\"Blog do Bispo\",\"description\":\"Comprometido apenas com o leitor\",\"publisher\":{\"@id\":\"https:\/\/blogdobispo.com.br\/#organization\"},\"potentialAction\":[{\"@type\":\"SearchAction\",\"target\":{\"@type\":\"EntryPoint\",\"urlTemplate\":\"https:\/\/blogdobispo.com.br\/?s={search_term_string}\"},\"query-input\":{\"@type\":\"PropertyValueSpecification\",\"valueRequired\":true,\"valueName\":\"search_term_string\"}}],\"inLanguage\":\"pt-BR\"},{\"@type\":\"Organization\",\"@id\":\"https:\/\/blogdobispo.com.br\/#organization\",\"name\":\"Blog do Bispo\",\"url\":\"https:\/\/blogdobispo.com.br\/\",\"logo\":{\"@type\":\"ImageObject\",\"inLanguage\":\"pt-BR\",\"@id\":\"https:\/\/blogdobispo.com.br\/#\/schema\/logo\/image\/\",\"url\":\"http:\/\/blogdobispo.com.br\/wp-content\/uploads\/2023\/05\/cropped-headear.png\",\"contentUrl\":\"http:\/\/blogdobispo.com.br\/wp-content\/uploads\/2023\/05\/cropped-headear.png\",\"width\":1500,\"height\":399,\"caption\":\"Blog do Bispo\"},\"image\":{\"@id\":\"https:\/\/blogdobispo.com.br\/#\/schema\/logo\/image\/\"}},{\"@type\":\"Person\",\"@id\":\"https:\/\/blogdobispo.com.br\/#\/schema\/person\/05abe7adb94767ba46bf757b4243d3e0\",\"name\":\"Robson Trigueiro\",\"image\":{\"@type\":\"ImageObject\",\"inLanguage\":\"pt-BR\",\"@id\":\"https:\/\/blogdobispo.com.br\/#\/schema\/person\/image\/\",\"url\":\"https:\/\/secure.gravatar.com\/avatar\/b71c79ed1dcbb23d15e3cd8224dbfbd99da477df155b3e777061e3a006422418?s=96&d=mm&r=g\",\"contentUrl\":\"https:\/\/secure.gravatar.com\/avatar\/b71c79ed1dcbb23d15e3cd8224dbfbd99da477df155b3e777061e3a006422418?s=96&d=mm&r=g\",\"caption\":\"Robson Trigueiro\"},\"url\":\"https:\/\/blogdobispo.com.br\/?author=3\"}]}<\/script>\n<!-- \/ Yoast SEO plugin. -->","yoast_head_json":{"title":"Apoio a trabalhadores de apps e incentivo ao Ideb passam na Comiss\u00e3o de Finan\u00e7as - Blog do Bispo","robots":{"index":"index","follow":"follow","max-snippet":"max-snippet:-1","max-image-preview":"max-image-preview:large","max-video-preview":"max-video-preview:-1"},"canonical":"https:\/\/blogdobispo.com.br\/?p=17829","og_locale":"pt_BR","og_type":"article","og_title":"Apoio a trabalhadores de apps e incentivo ao Ideb passam na Comiss\u00e3o de Finan\u00e7as - Blog do Bispo","og_description":"A comiss\u00e3o de Finan\u00e7as, Or\u00e7amento, Controle e Fiscaliza\u00e7\u00e3o da C\u00e2mara de Natal se reuniu na tarde da \u00faltima quarta-feira (17), e apresentou parecer de 23 Projetos de Lei. Destes, dois foram arquivados e um foi retirado de pauta para verifica\u00e7\u00e3o de similaridade. Entre os projetos aprovados, o colegiado formou maioria pela aprova\u00e7\u00e3o do PL 045\/2025, [&hellip;]","og_url":"https:\/\/blogdobispo.com.br\/?p=17829","og_site_name":"Blog do Bispo","article_published_time":"2025-09-18T17:41:10+00:00","og_image":[{"width":1600,"height":1108,"url":"http:\/\/blogdobispo.com.br\/wp-content\/uploads\/2025\/09\/1cb5499b5b0432c383b59c9df1718ca2.jpg","type":"image\/jpeg"}],"author":"Robson Trigueiro","twitter_card":"summary_large_image","twitter_misc":{"Escrito por":"Robson Trigueiro","Est. tempo de leitura":"3 minutos"},"schema":{"@context":"https:\/\/schema.org","@graph":[{"@type":"Article","@id":"https:\/\/blogdobispo.com.br\/?p=17829#article","isPartOf":{"@id":"https:\/\/blogdobispo.com.br\/?p=17829"},"author":{"name":"Robson Trigueiro","@id":"https:\/\/blogdobispo.com.br\/#\/schema\/person\/05abe7adb94767ba46bf757b4243d3e0"},"headline":"Apoio a trabalhadores de apps e incentivo ao Ideb passam na Comiss\u00e3o de Finan\u00e7as","datePublished":"2025-09-18T17:41:10+00:00","mainEntityOfPage":{"@id":"https:\/\/blogdobispo.com.br\/?p=17829"},"wordCount":433,"commentCount":0,"publisher":{"@id":"https:\/\/blogdobispo.com.br\/#organization"},"image":{"@id":"https:\/\/blogdobispo.com.br\/?p=17829#primaryimage"},"thumbnailUrl":"https:\/\/i0.wp.com\/blogdobispo.com.br\/wp-content\/uploads\/2025\/09\/1cb5499b5b0432c383b59c9df1718ca2.jpg?fit=1600%2C1108&ssl=1","articleSection":["Cidadania","Religi\u00e3o"],"inLanguage":"pt-BR","potentialAction":[{"@type":"CommentAction","name":"Comment","target":["https:\/\/blogdobispo.com.br\/?p=17829#respond"]}]},{"@type":"WebPage","@id":"https:\/\/blogdobispo.com.br\/?p=17829","url":"https:\/\/blogdobispo.com.br\/?p=17829","name":"Apoio a trabalhadores de apps e incentivo ao Ideb passam na Comiss\u00e3o de Finan\u00e7as - Blog do Bispo","isPartOf":{"@id":"https:\/\/blogdobispo.com.br\/#website"},"primaryImageOfPage":{"@id":"https:\/\/blogdobispo.com.br\/?p=17829#primaryimage"},"image":{"@id":"https:\/\/blogdobispo.com.br\/?p=17829#primaryimage"},"thumbnailUrl":"https:\/\/i0.wp.com\/blogdobispo.com.br\/wp-content\/uploads\/2025\/09\/1cb5499b5b0432c383b59c9df1718ca2.jpg?fit=1600%2C1108&ssl=1","datePublished":"2025-09-18T17:41:10+00:00","breadcrumb":{"@id":"https:\/\/blogdobispo.com.br\/?p=17829#breadcrumb"},"inLanguage":"pt-BR","potentialAction":[{"@type":"ReadAction","target":["https:\/\/blogdobispo.com.br\/?p=17829"]}]},{"@type":"ImageObject","inLanguage":"pt-BR","@id":"https:\/\/blogdobispo.com.br\/?p=17829#primaryimage","url":"https:\/\/i0.wp.com\/blogdobispo.com.br\/wp-content\/uploads\/2025\/09\/1cb5499b5b0432c383b59c9df1718ca2.jpg?fit=1600%2C1108&ssl=1","contentUrl":"https:\/\/i0.wp.com\/blogdobispo.com.br\/wp-content\/uploads\/2025\/09\/1cb5499b5b0432c383b59c9df1718ca2.jpg?fit=1600%2C1108&ssl=1","width":1600,"height":1108},{"@type":"BreadcrumbList","@id":"https:\/\/blogdobispo.com.br\/?p=17829#breadcrumb","itemListElement":[{"@type":"ListItem","position":1,"name":"In\u00edcio","item":"https:\/\/blogdobispo.com.br\/"},{"@type":"ListItem","position":2,"name":"Apoio a trabalhadores de apps e incentivo ao Ideb passam na Comiss\u00e3o de Finan\u00e7as"}]},{"@type":"WebSite","@id":"https:\/\/blogdobispo.com.br\/#website","url":"https:\/\/blogdobispo.com.br\/","name":"Blog do Bispo","description":"Comprometido apenas com o leitor","publisher":{"@id":"https:\/\/blogdobispo.com.br\/#organization"},"potentialAction":[{"@type":"SearchAction","target":{"@type":"EntryPoint","urlTemplate":"https:\/\/blogdobispo.com.br\/?s={search_term_string}"},"query-input":{"@type":"PropertyValueSpecification","valueRequired":true,"valueName":"search_term_string"}}],"inLanguage":"pt-BR"},{"@type":"Organization","@id":"https:\/\/blogdobispo.com.br\/#organization","name":"Blog do Bispo","url":"https:\/\/blogdobispo.com.br\/","logo":{"@type":"ImageObject","inLanguage":"pt-BR","@id":"https:\/\/blogdobispo.com.br\/#\/schema\/logo\/image\/","url":"http:\/\/blogdobispo.com.br\/wp-content\/uploads\/2023\/05\/cropped-headear.png","contentUrl":"http:\/\/blogdobispo.com.br\/wp-content\/uploads\/2023\/05\/cropped-headear.png","width":1500,"height":399,"caption":"Blog do Bispo"},"image":{"@id":"https:\/\/blogdobispo.com.br\/#\/schema\/logo\/image\/"}},{"@type":"Person","@id":"https:\/\/blogdobispo.com.br\/#\/schema\/person\/05abe7adb94767ba46bf757b4243d3e0","name":"Robson Trigueiro","image":{"@type":"ImageObject","inLanguage":"pt-BR","@id":"https:\/\/blogdobispo.com.br\/#\/schema\/person\/image\/","url":"https:\/\/secure.gravatar.com\/avatar\/b71c79ed1dcbb23d15e3cd8224dbfbd99da477df155b3e777061e3a006422418?s=96&d=mm&r=g","contentUrl":"https:\/\/secure.gravatar.com\/avatar\/b71c79ed1dcbb23d15e3cd8224dbfbd99da477df155b3e777061e3a006422418?s=96&d=mm&r=g","caption":"Robson Trigueiro"},"url":"https:\/\/blogdobispo.com.br\/?author=3"}]}},"featured_image_urls":{"full":["https:\/\/i0.wp.com\/blogdobispo.com.br\/wp-content\/uploads\/2025\/09\/1cb5499b5b0432c383b59c9df1718ca2.jpg?fit=1600%2C1108&ssl=1",1600,1108,false],"thumbnail":["https:\/\/i0.wp.com\/blogdobispo.com.br\/wp-content\/uploads\/2025\/09\/1cb5499b5b0432c383b59c9df1718ca2.jpg?resize=150%2C150&ssl=1",150,150,true],"medium":["https:\/\/i0.wp.com\/blogdobispo.com.br\/wp-content\/uploads\/2025\/09\/1cb5499b5b0432c383b59c9df1718ca2.jpg?fit=300%2C208&ssl=1",300,208,true],"medium_large":["https:\/\/i0.wp.com\/blogdobispo.com.br\/wp-content\/uploads\/2025\/09\/1cb5499b5b0432c383b59c9df1718ca2.jpg?fit=768%2C532&ssl=1",768,532,true],"large":["https:\/\/i0.wp.com\/blogdobispo.com.br\/wp-content\/uploads\/2025\/09\/1cb5499b5b0432c383b59c9df1718ca2.jpg?fit=800%2C554&ssl=1",800,554,true],"1536x1536":["https:\/\/i0.wp.com\/blogdobispo.com.br\/wp-content\/uploads\/2025\/09\/1cb5499b5b0432c383b59c9df1718ca2.jpg?fit=1536%2C1064&ssl=1",1536,1064,true],"2048x2048":["https:\/\/i0.wp.com\/blogdobispo.com.br\/wp-content\/uploads\/2025\/09\/1cb5499b5b0432c383b59c9df1718ca2.jpg?fit=1600%2C1108&ssl=1",1600,1108,true]},"author_info":{"display_name":"Robson Trigueiro","author_link":"https:\/\/blogdobispo.com.br\/?author=3"},"category_info":"<a href=\"https:\/\/blogdobispo.com.br\/?cat=12\" rel=\"category\">Cidadania<\/a> <a href=\"https:\/\/blogdobispo.com.br\/?cat=11\" rel=\"category\">Religi\u00e3o<\/a>","tag_info":"Religi\u00e3o","comment_count":"0","jetpack_featured_media_url":"https:\/\/i0.wp.com\/blogdobispo.com.br\/wp-content\/uploads\/2025\/09\/1cb5499b5b0432c383b59c9df1718ca2.jpg?fit=1600%2C1108&ssl=1","jetpack_sharing_enabled":true,"_links":{"self":[{"href":"https:\/\/blogdobispo.com.br\/index.php?rest_route=\/wp\/v2\/posts\/17829","targetHints":{"allow":["GET"]}}],"collection":[{"href":"https:\/\/blogdobispo.com.br\/index.php?rest_route=\/wp\/v2\/posts"}],"about":[{"href":"https:\/\/blogdobispo.com.br\/index.php?rest_route=\/wp\/v2\/types\/post"}],"author":[{"embeddable":true,"href":"https:\/\/blogdobispo.com.br\/index.php?rest_route=\/wp\/v2\/users\/3"}],"replies":[{"embeddable":true,"href":"https:\/\/blogdobispo.com.br\/index.php?rest_route=%2Fwp%2Fv2%2Fcomments&post=17829"}],"version-history":[{"count":1,"href":"https:\/\/blogdobispo.com.br\/index.php?rest_route=\/wp\/v2\/posts\/17829\/revisions"}],"predecessor-version":[{"id":17831,"href":"https:\/\/blogdobispo.com.br\/index.php?rest_route=\/wp\/v2\/posts\/17829\/revisions\/17831"}],"wp:featuredmedia":[{"embeddable":true,"href":"https:\/\/blogdobispo.com.br\/index.php?rest_route=\/wp\/v2\/media\/17830"}],"wp:attachment":[{"href":"https:\/\/blogdobispo.com.br\/index.php?rest_route=%2Fwp%2Fv2%2Fmedia&parent=17829"}],"wp:term":[{"taxonomy":"category","embeddable":true,"href":"https:\/\/blogdobispo.com.br\/index.php?rest_route=%2Fwp%2Fv2%2Fcategories&post=17829"},{"taxonomy":"post_tag","embeddable":true,"href":"https:\/\/blogdobispo.com.br\/index.php?rest_route=%2Fwp%2Fv2%2Ftags&post=17829"}],"curies":[{"name":"wp","href":"https:\/\/api.w.org\/{rel}","templated":true}]}}