{"id":17825,"date":"2025-09-18T17:38:14","date_gmt":"2025-09-18T17:38:14","guid":{"rendered":"https:\/\/blogdobispo.com.br\/?p=17825"},"modified":"2025-09-18T17:38:14","modified_gmt":"2025-09-18T17:38:14","slug":"procon-natal-aponta-queda-nos-precos-dos-combustiveis-em-setembro","status":"publish","type":"post","link":"https:\/\/blogdobispo.com.br\/?p=17825","title":{"rendered":"Procon Natal aponta queda nos pre\u00e7os dos combust\u00edveis em setembro"},"content":{"rendered":"<p>O Instituto Municipal de Prote\u00e7\u00e3o e Defesa do Consumidor (Procon Natal) identificou redu\u00e7\u00e3o nos pre\u00e7os de todos os combust\u00edveis pesquisados na capital em setembro, em compara\u00e7\u00e3o com o m\u00eas anterior. A pesquisa, realizada no dia 16, envolveu 87 postos distribu\u00eddos pelas quatro regi\u00f5es da cidade.<\/p>\n<p>A gasolina comum apresentou a maior queda: redu\u00e7\u00e3o m\u00e9dia de 4,24%, o que representa R$ 0,27 a menos por litro, passando de R$ 6,30 para R$ 6,03. A gasolina aditivada tamb\u00e9m caiu, em m\u00e9dia, 3,68% (R$ 6,34 para R$ 6,11).<\/p>\n<p>No caso do diesel, a redu\u00e7\u00e3o foi menor: o tipo comum caiu R$ 0,15 (de R$ 6,16 para R$ 6,01) e o S-10, R$ 0,10 (de R$ 6,17 para R$ 6,07). O etanol teve queda de 3,39%, saindo de R$ 5,14 para R$ 4,97, enquanto o g\u00e1s veicular ficou R$ 0,11 mais barato, passando de R$ 5,21 para R$ 5,10.<\/p>\n<p>&nbsp;<\/p>\n<p>Diferen\u00e7as entre regi\u00f5es<\/p>\n<p>A pesquisa tamb\u00e9m mostrou varia\u00e7\u00f5es entre as regi\u00f5es da cidade. A Leste registrou o menor pre\u00e7o m\u00e9dio da gasolina comum (R$ 5,91), enquanto a Sul apresentou o maior (R$ 6,12). O etanol mais barato foi encontrado na Leste (R$ 4,85), e o diesel S-10 mais em conta, tamb\u00e9m na Leste, com R$ 5,95. J\u00e1 o g\u00e1s natural teve m\u00e9dia de R$ 5,01 na regi\u00e3o Leste, com pre\u00e7os variando entre R$ 4,95 e R$ 5,19.<\/p>\n<p>A regi\u00e3o Norte concentrou o maior n\u00famero de postos com redu\u00e7\u00e3o nos pre\u00e7os em rela\u00e7\u00e3o ao m\u00eas anterior, especialmente na gasolina comum: 78% deles registraram queda, contra 68% na regi\u00e3o Sul.<\/p>\n<p>&nbsp;<\/p>\n<p>Import\u00e2ncia da pesquisa<\/p>\n<p>O Procon Natal alerta que, apesar da redu\u00e7\u00e3o m\u00e9dia, ainda h\u00e1 grande varia\u00e7\u00e3o entre os postos. A diferen\u00e7a chegou a R$ 1,11 no etanol, R$ 0,87 na gasolina comum e R$ 0,99 no diesel S-10.<\/p>\n<p>O \u00f3rg\u00e3o continuar\u00e1 monitorando os pre\u00e7os mensalmente para garantir transpar\u00eancia e coibir pr\u00e1ticas abusivas. As planilhas completas com pre\u00e7os, varia\u00e7\u00f5es e estabelecimentos est\u00e3o dispon\u00edveis no site da Prefeitura de Natal.<\/p>\n<p>Consumidores que encontrarem irregularidades podem registrar den\u00fancia presencialmente na sede do Procon (Rua Ulisses Caldas, n\u00ba 181, Cidade Alta), pelo WhatsApp (84) 3232-6189 ou pelo e-mail procon.natal@natal.gov.br.<\/p>\n","protected":false},"excerpt":{"rendered":"<p>O Instituto Municipal de Prote\u00e7\u00e3o e Defesa do Consumidor (Procon Natal) identificou redu\u00e7\u00e3o nos pre\u00e7os de todos os combust\u00edveis pesquisados na capital em setembro, em compara\u00e7\u00e3o com o m\u00eas anterior. A pesquisa, realizada no dia 16, envolveu 87 postos distribu\u00eddos pelas quatro regi\u00f5es da cidade. A gasolina comum apresentou a maior queda: redu\u00e7\u00e3o m\u00e9dia de [&hellip;]<\/p>\n","protected":false},"author":3,"featured_media":17827,"comment_status":"open","ping_status":"open","sticky":false,"template":"","format":"standard","meta":{"cybocfi_hide_featured_image":"","_jetpack_memberships_contains_paid_content":false,"footnotes":""},"categories":[12,3],"tags":[],"class_list":["post-17825","post","type-post","status-publish","format-standard","has-post-thumbnail","hentry","category-cidadania","category-politica"],"yoast_head":"<!-- This site is optimized with the Yoast SEO plugin v25.6 - https:\/\/yoast.com\/wordpress\/plugins\/seo\/ -->\n<title>Procon Natal aponta queda nos pre\u00e7os dos combust\u00edveis em setembro - Blog do Bispo<\/title>\n<meta name=\"robots\" content=\"index, follow, max-snippet:-1, max-image-preview:large, max-video-preview:-1\" \/>\n<link rel=\"canonical\" href=\"https:\/\/blogdobispo.com.br\/?p=17825\" \/>\n<meta property=\"og:locale\" content=\"pt_BR\" \/>\n<meta property=\"og:type\" content=\"article\" \/>\n<meta property=\"og:title\" content=\"Procon Natal aponta queda nos pre\u00e7os dos combust\u00edveis em setembro - Blog do Bispo\" \/>\n<meta property=\"og:description\" content=\"O Instituto Municipal de Prote\u00e7\u00e3o e Defesa do Consumidor (Procon Natal) identificou redu\u00e7\u00e3o nos pre\u00e7os de todos os combust\u00edveis pesquisados na capital em setembro, em compara\u00e7\u00e3o com o m\u00eas anterior. A pesquisa, realizada no dia 16, envolveu 87 postos distribu\u00eddos pelas quatro regi\u00f5es da cidade. A gasolina comum apresentou a maior queda: redu\u00e7\u00e3o m\u00e9dia de [&hellip;]\" \/>\n<meta property=\"og:url\" content=\"https:\/\/blogdobispo.com.br\/?p=17825\" \/>\n<meta property=\"og:site_name\" content=\"Blog do Bispo\" \/>\n<meta property=\"article:published_time\" content=\"2025-09-18T17:38:14+00:00\" \/>\n<meta property=\"og:image\" content=\"http:\/\/blogdobispo.com.br\/wp-content\/uploads\/2025\/09\/preco-da-gasolina-vai-aumentar-em-2026.jpg\" \/>\n\t<meta property=\"og:image:width\" content=\"1280\" \/>\n\t<meta property=\"og:image:height\" content=\"720\" \/>\n\t<meta property=\"og:image:type\" content=\"image\/jpeg\" \/>\n<meta name=\"author\" content=\"Robson Trigueiro\" \/>\n<meta name=\"twitter:card\" content=\"summary_large_image\" \/>\n<meta name=\"twitter:label1\" content=\"Escrito por\" \/>\n\t<meta name=\"twitter:data1\" content=\"Robson Trigueiro\" \/>\n\t<meta name=\"twitter:label2\" content=\"Est. tempo de leitura\" \/>\n\t<meta name=\"twitter:data2\" content=\"3 minutos\" \/>\n<script type=\"application\/ld+json\" class=\"yoast-schema-graph\">{\"@context\":\"https:\/\/schema.org\",\"@graph\":[{\"@type\":\"Article\",\"@id\":\"https:\/\/blogdobispo.com.br\/?p=17825#article\",\"isPartOf\":{\"@id\":\"https:\/\/blogdobispo.com.br\/?p=17825\"},\"author\":{\"name\":\"Robson Trigueiro\",\"@id\":\"https:\/\/blogdobispo.com.br\/#\/schema\/person\/05abe7adb94767ba46bf757b4243d3e0\"},\"headline\":\"Procon Natal aponta queda nos pre\u00e7os dos combust\u00edveis em setembro\",\"datePublished\":\"2025-09-18T17:38:14+00:00\",\"mainEntityOfPage\":{\"@id\":\"https:\/\/blogdobispo.com.br\/?p=17825\"},\"wordCount\":378,\"commentCount\":0,\"publisher\":{\"@id\":\"https:\/\/blogdobispo.com.br\/#organization\"},\"image\":{\"@id\":\"https:\/\/blogdobispo.com.br\/?p=17825#primaryimage\"},\"thumbnailUrl\":\"https:\/\/i0.wp.com\/blogdobispo.com.br\/wp-content\/uploads\/2025\/09\/preco-da-gasolina-vai-aumentar-em-2026.jpg?fit=1280%2C720&ssl=1\",\"articleSection\":[\"Cidadania\",\"Pol\u00edtica\"],\"inLanguage\":\"pt-BR\",\"potentialAction\":[{\"@type\":\"CommentAction\",\"name\":\"Comment\",\"target\":[\"https:\/\/blogdobispo.com.br\/?p=17825#respond\"]}]},{\"@type\":\"WebPage\",\"@id\":\"https:\/\/blogdobispo.com.br\/?p=17825\",\"url\":\"https:\/\/blogdobispo.com.br\/?p=17825\",\"name\":\"Procon Natal aponta queda nos pre\u00e7os dos combust\u00edveis em setembro - Blog do Bispo\",\"isPartOf\":{\"@id\":\"https:\/\/blogdobispo.com.br\/#website\"},\"primaryImageOfPage\":{\"@id\":\"https:\/\/blogdobispo.com.br\/?p=17825#primaryimage\"},\"image\":{\"@id\":\"https:\/\/blogdobispo.com.br\/?p=17825#primaryimage\"},\"thumbnailUrl\":\"https:\/\/i0.wp.com\/blogdobispo.com.br\/wp-content\/uploads\/2025\/09\/preco-da-gasolina-vai-aumentar-em-2026.jpg?fit=1280%2C720&ssl=1\",\"datePublished\":\"2025-09-18T17:38:14+00:00\",\"breadcrumb\":{\"@id\":\"https:\/\/blogdobispo.com.br\/?p=17825#breadcrumb\"},\"inLanguage\":\"pt-BR\",\"potentialAction\":[{\"@type\":\"ReadAction\",\"target\":[\"https:\/\/blogdobispo.com.br\/?p=17825\"]}]},{\"@type\":\"ImageObject\",\"inLanguage\":\"pt-BR\",\"@id\":\"https:\/\/blogdobispo.com.br\/?p=17825#primaryimage\",\"url\":\"https:\/\/i0.wp.com\/blogdobispo.com.br\/wp-content\/uploads\/2025\/09\/preco-da-gasolina-vai-aumentar-em-2026.jpg?fit=1280%2C720&ssl=1\",\"contentUrl\":\"https:\/\/i0.wp.com\/blogdobispo.com.br\/wp-content\/uploads\/2025\/09\/preco-da-gasolina-vai-aumentar-em-2026.jpg?fit=1280%2C720&ssl=1\",\"width\":1280,\"height\":720},{\"@type\":\"BreadcrumbList\",\"@id\":\"https:\/\/blogdobispo.com.br\/?p=17825#breadcrumb\",\"itemListElement\":[{\"@type\":\"ListItem\",\"position\":1,\"name\":\"In\u00edcio\",\"item\":\"https:\/\/blogdobispo.com.br\/\"},{\"@type\":\"ListItem\",\"position\":2,\"name\":\"Procon Natal aponta queda nos pre\u00e7os dos combust\u00edveis em setembro\"}]},{\"@type\":\"WebSite\",\"@id\":\"https:\/\/blogdobispo.com.br\/#website\",\"url\":\"https:\/\/blogdobispo.com.br\/\",\"name\":\"Blog do Bispo\",\"description\":\"Comprometido apenas com o leitor\",\"publisher\":{\"@id\":\"https:\/\/blogdobispo.com.br\/#organization\"},\"potentialAction\":[{\"@type\":\"SearchAction\",\"target\":{\"@type\":\"EntryPoint\",\"urlTemplate\":\"https:\/\/blogdobispo.com.br\/?s={search_term_string}\"},\"query-input\":{\"@type\":\"PropertyValueSpecification\",\"valueRequired\":true,\"valueName\":\"search_term_string\"}}],\"inLanguage\":\"pt-BR\"},{\"@type\":\"Organization\",\"@id\":\"https:\/\/blogdobispo.com.br\/#organization\",\"name\":\"Blog do Bispo\",\"url\":\"https:\/\/blogdobispo.com.br\/\",\"logo\":{\"@type\":\"ImageObject\",\"inLanguage\":\"pt-BR\",\"@id\":\"https:\/\/blogdobispo.com.br\/#\/schema\/logo\/image\/\",\"url\":\"http:\/\/blogdobispo.com.br\/wp-content\/uploads\/2023\/05\/cropped-headear.png\",\"contentUrl\":\"http:\/\/blogdobispo.com.br\/wp-content\/uploads\/2023\/05\/cropped-headear.png\",\"width\":1500,\"height\":399,\"caption\":\"Blog do Bispo\"},\"image\":{\"@id\":\"https:\/\/blogdobispo.com.br\/#\/schema\/logo\/image\/\"}},{\"@type\":\"Person\",\"@id\":\"https:\/\/blogdobispo.com.br\/#\/schema\/person\/05abe7adb94767ba46bf757b4243d3e0\",\"name\":\"Robson Trigueiro\",\"image\":{\"@type\":\"ImageObject\",\"inLanguage\":\"pt-BR\",\"@id\":\"https:\/\/blogdobispo.com.br\/#\/schema\/person\/image\/\",\"url\":\"https:\/\/secure.gravatar.com\/avatar\/b71c79ed1dcbb23d15e3cd8224dbfbd99da477df155b3e777061e3a006422418?s=96&d=mm&r=g\",\"contentUrl\":\"https:\/\/secure.gravatar.com\/avatar\/b71c79ed1dcbb23d15e3cd8224dbfbd99da477df155b3e777061e3a006422418?s=96&d=mm&r=g\",\"caption\":\"Robson Trigueiro\"},\"url\":\"https:\/\/blogdobispo.com.br\/?author=3\"}]}<\/script>\n<!-- \/ Yoast SEO plugin. -->","yoast_head_json":{"title":"Procon Natal aponta queda nos pre\u00e7os dos combust\u00edveis em setembro - Blog do Bispo","robots":{"index":"index","follow":"follow","max-snippet":"max-snippet:-1","max-image-preview":"max-image-preview:large","max-video-preview":"max-video-preview:-1"},"canonical":"https:\/\/blogdobispo.com.br\/?p=17825","og_locale":"pt_BR","og_type":"article","og_title":"Procon Natal aponta queda nos pre\u00e7os dos combust\u00edveis em setembro - Blog do Bispo","og_description":"O Instituto Municipal de Prote\u00e7\u00e3o e Defesa do Consumidor (Procon Natal) identificou redu\u00e7\u00e3o nos pre\u00e7os de todos os combust\u00edveis pesquisados na capital em setembro, em compara\u00e7\u00e3o com o m\u00eas anterior. A pesquisa, realizada no dia 16, envolveu 87 postos distribu\u00eddos pelas quatro regi\u00f5es da cidade. A gasolina comum apresentou a maior queda: redu\u00e7\u00e3o m\u00e9dia de [&hellip;]","og_url":"https:\/\/blogdobispo.com.br\/?p=17825","og_site_name":"Blog do Bispo","article_published_time":"2025-09-18T17:38:14+00:00","og_image":[{"width":1280,"height":720,"url":"http:\/\/blogdobispo.com.br\/wp-content\/uploads\/2025\/09\/preco-da-gasolina-vai-aumentar-em-2026.jpg","type":"image\/jpeg"}],"author":"Robson Trigueiro","twitter_card":"summary_large_image","twitter_misc":{"Escrito por":"Robson Trigueiro","Est. tempo de leitura":"3 minutos"},"schema":{"@context":"https:\/\/schema.org","@graph":[{"@type":"Article","@id":"https:\/\/blogdobispo.com.br\/?p=17825#article","isPartOf":{"@id":"https:\/\/blogdobispo.com.br\/?p=17825"},"author":{"name":"Robson Trigueiro","@id":"https:\/\/blogdobispo.com.br\/#\/schema\/person\/05abe7adb94767ba46bf757b4243d3e0"},"headline":"Procon Natal aponta queda nos pre\u00e7os dos combust\u00edveis em setembro","datePublished":"2025-09-18T17:38:14+00:00","mainEntityOfPage":{"@id":"https:\/\/blogdobispo.com.br\/?p=17825"},"wordCount":378,"commentCount":0,"publisher":{"@id":"https:\/\/blogdobispo.com.br\/#organization"},"image":{"@id":"https:\/\/blogdobispo.com.br\/?p=17825#primaryimage"},"thumbnailUrl":"https:\/\/i0.wp.com\/blogdobispo.com.br\/wp-content\/uploads\/2025\/09\/preco-da-gasolina-vai-aumentar-em-2026.jpg?fit=1280%2C720&ssl=1","articleSection":["Cidadania","Pol\u00edtica"],"inLanguage":"pt-BR","potentialAction":[{"@type":"CommentAction","name":"Comment","target":["https:\/\/blogdobispo.com.br\/?p=17825#respond"]}]},{"@type":"WebPage","@id":"https:\/\/blogdobispo.com.br\/?p=17825","url":"https:\/\/blogdobispo.com.br\/?p=17825","name":"Procon Natal aponta queda nos pre\u00e7os dos combust\u00edveis em setembro - Blog do Bispo","isPartOf":{"@id":"https:\/\/blogdobispo.com.br\/#website"},"primaryImageOfPage":{"@id":"https:\/\/blogdobispo.com.br\/?p=17825#primaryimage"},"image":{"@id":"https:\/\/blogdobispo.com.br\/?p=17825#primaryimage"},"thumbnailUrl":"https:\/\/i0.wp.com\/blogdobispo.com.br\/wp-content\/uploads\/2025\/09\/preco-da-gasolina-vai-aumentar-em-2026.jpg?fit=1280%2C720&ssl=1","datePublished":"2025-09-18T17:38:14+00:00","breadcrumb":{"@id":"https:\/\/blogdobispo.com.br\/?p=17825#breadcrumb"},"inLanguage":"pt-BR","potentialAction":[{"@type":"ReadAction","target":["https:\/\/blogdobispo.com.br\/?p=17825"]}]},{"@type":"ImageObject","inLanguage":"pt-BR","@id":"https:\/\/blogdobispo.com.br\/?p=17825#primaryimage","url":"https:\/\/i0.wp.com\/blogdobispo.com.br\/wp-content\/uploads\/2025\/09\/preco-da-gasolina-vai-aumentar-em-2026.jpg?fit=1280%2C720&ssl=1","contentUrl":"https:\/\/i0.wp.com\/blogdobispo.com.br\/wp-content\/uploads\/2025\/09\/preco-da-gasolina-vai-aumentar-em-2026.jpg?fit=1280%2C720&ssl=1","width":1280,"height":720},{"@type":"BreadcrumbList","@id":"https:\/\/blogdobispo.com.br\/?p=17825#breadcrumb","itemListElement":[{"@type":"ListItem","position":1,"name":"In\u00edcio","item":"https:\/\/blogdobispo.com.br\/"},{"@type":"ListItem","position":2,"name":"Procon Natal aponta queda nos pre\u00e7os dos combust\u00edveis em setembro"}]},{"@type":"WebSite","@id":"https:\/\/blogdobispo.com.br\/#website","url":"https:\/\/blogdobispo.com.br\/","name":"Blog do Bispo","description":"Comprometido apenas com o leitor","publisher":{"@id":"https:\/\/blogdobispo.com.br\/#organization"},"potentialAction":[{"@type":"SearchAction","target":{"@type":"EntryPoint","urlTemplate":"https:\/\/blogdobispo.com.br\/?s={search_term_string}"},"query-input":{"@type":"PropertyValueSpecification","valueRequired":true,"valueName":"search_term_string"}}],"inLanguage":"pt-BR"},{"@type":"Organization","@id":"https:\/\/blogdobispo.com.br\/#organization","name":"Blog do Bispo","url":"https:\/\/blogdobispo.com.br\/","logo":{"@type":"ImageObject","inLanguage":"pt-BR","@id":"https:\/\/blogdobispo.com.br\/#\/schema\/logo\/image\/","url":"http:\/\/blogdobispo.com.br\/wp-content\/uploads\/2023\/05\/cropped-headear.png","contentUrl":"http:\/\/blogdobispo.com.br\/wp-content\/uploads\/2023\/05\/cropped-headear.png","width":1500,"height":399,"caption":"Blog do Bispo"},"image":{"@id":"https:\/\/blogdobispo.com.br\/#\/schema\/logo\/image\/"}},{"@type":"Person","@id":"https:\/\/blogdobispo.com.br\/#\/schema\/person\/05abe7adb94767ba46bf757b4243d3e0","name":"Robson Trigueiro","image":{"@type":"ImageObject","inLanguage":"pt-BR","@id":"https:\/\/blogdobispo.com.br\/#\/schema\/person\/image\/","url":"https:\/\/secure.gravatar.com\/avatar\/b71c79ed1dcbb23d15e3cd8224dbfbd99da477df155b3e777061e3a006422418?s=96&d=mm&r=g","contentUrl":"https:\/\/secure.gravatar.com\/avatar\/b71c79ed1dcbb23d15e3cd8224dbfbd99da477df155b3e777061e3a006422418?s=96&d=mm&r=g","caption":"Robson Trigueiro"},"url":"https:\/\/blogdobispo.com.br\/?author=3"}]}},"featured_image_urls":{"full":["https:\/\/i0.wp.com\/blogdobispo.com.br\/wp-content\/uploads\/2025\/09\/preco-da-gasolina-vai-aumentar-em-2026.jpg?fit=1280%2C720&ssl=1",1280,720,false],"thumbnail":["https:\/\/i0.wp.com\/blogdobispo.com.br\/wp-content\/uploads\/2025\/09\/preco-da-gasolina-vai-aumentar-em-2026.jpg?resize=150%2C150&ssl=1",150,150,true],"medium":["https:\/\/i0.wp.com\/blogdobispo.com.br\/wp-content\/uploads\/2025\/09\/preco-da-gasolina-vai-aumentar-em-2026.jpg?fit=300%2C169&ssl=1",300,169,true],"medium_large":["https:\/\/i0.wp.com\/blogdobispo.com.br\/wp-content\/uploads\/2025\/09\/preco-da-gasolina-vai-aumentar-em-2026.jpg?fit=768%2C432&ssl=1",768,432,true],"large":["https:\/\/i0.wp.com\/blogdobispo.com.br\/wp-content\/uploads\/2025\/09\/preco-da-gasolina-vai-aumentar-em-2026.jpg?fit=800%2C450&ssl=1",800,450,true],"1536x1536":["https:\/\/i0.wp.com\/blogdobispo.com.br\/wp-content\/uploads\/2025\/09\/preco-da-gasolina-vai-aumentar-em-2026.jpg?fit=1280%2C720&ssl=1",1280,720,true],"2048x2048":["https:\/\/i0.wp.com\/blogdobispo.com.br\/wp-content\/uploads\/2025\/09\/preco-da-gasolina-vai-aumentar-em-2026.jpg?fit=1280%2C720&ssl=1",1280,720,true]},"author_info":{"display_name":"Robson Trigueiro","author_link":"https:\/\/blogdobispo.com.br\/?author=3"},"category_info":"<a href=\"https:\/\/blogdobispo.com.br\/?cat=12\" rel=\"category\">Cidadania<\/a> <a href=\"https:\/\/blogdobispo.com.br\/?cat=3\" rel=\"category\">Pol\u00edtica<\/a>","tag_info":"Pol\u00edtica","comment_count":"0","jetpack_featured_media_url":"https:\/\/i0.wp.com\/blogdobispo.com.br\/wp-content\/uploads\/2025\/09\/preco-da-gasolina-vai-aumentar-em-2026.jpg?fit=1280%2C720&ssl=1","jetpack_sharing_enabled":true,"_links":{"self":[{"href":"https:\/\/blogdobispo.com.br\/index.php?rest_route=\/wp\/v2\/posts\/17825","targetHints":{"allow":["GET"]}}],"collection":[{"href":"https:\/\/blogdobispo.com.br\/index.php?rest_route=\/wp\/v2\/posts"}],"about":[{"href":"https:\/\/blogdobispo.com.br\/index.php?rest_route=\/wp\/v2\/types\/post"}],"author":[{"embeddable":true,"href":"https:\/\/blogdobispo.com.br\/index.php?rest_route=\/wp\/v2\/users\/3"}],"replies":[{"embeddable":true,"href":"https:\/\/blogdobispo.com.br\/index.php?rest_route=%2Fwp%2Fv2%2Fcomments&post=17825"}],"version-history":[{"count":1,"href":"https:\/\/blogdobispo.com.br\/index.php?rest_route=\/wp\/v2\/posts\/17825\/revisions"}],"predecessor-version":[{"id":17828,"href":"https:\/\/blogdobispo.com.br\/index.php?rest_route=\/wp\/v2\/posts\/17825\/revisions\/17828"}],"wp:featuredmedia":[{"embeddable":true,"href":"https:\/\/blogdobispo.com.br\/index.php?rest_route=\/wp\/v2\/media\/17827"}],"wp:attachment":[{"href":"https:\/\/blogdobispo.com.br\/index.php?rest_route=%2Fwp%2Fv2%2Fmedia&parent=17825"}],"wp:term":[{"taxonomy":"category","embeddable":true,"href":"https:\/\/blogdobispo.com.br\/index.php?rest_route=%2Fwp%2Fv2%2Fcategories&post=17825"},{"taxonomy":"post_tag","embeddable":true,"href":"https:\/\/blogdobispo.com.br\/index.php?rest_route=%2Fwp%2Fv2%2Ftags&post=17825"}],"curies":[{"name":"wp","href":"https:\/\/api.w.org\/{rel}","templated":true}]}}