{"id":17822,"date":"2025-09-18T17:34:35","date_gmt":"2025-09-18T17:34:35","guid":{"rendered":"https:\/\/blogdobispo.com.br\/?p=17822"},"modified":"2025-09-18T17:34:35","modified_gmt":"2025-09-18T17:34:35","slug":"prefeitura-de-natal-lanca-o-maior-programa-de-regularizacao-imobiliaria-da-historia-do-municipio","status":"publish","type":"post","link":"https:\/\/blogdobispo.com.br\/?p=17822","title":{"rendered":"Prefeitura de Natal lan\u00e7a o maior programa de regulariza\u00e7\u00e3o imobili\u00e1ria da hist\u00f3ria do munic\u00edpio"},"content":{"rendered":"<p>A Prefeitura do Natal deu in\u00edcio, nesta quinta-feira (18), ao maior programa de regulariza\u00e7\u00e3o imobili\u00e1ria j\u00e1 realizado na hist\u00f3ria da cidade. A iniciativa busca enfrentar um problema estrutural que afeta milhares de fam\u00edlias: a falta de registro legal dos im\u00f3veis. Com o novo programa, a Prefeitura pretende incentivar a regulariza\u00e7\u00e3o definitiva da propriedade, oferecendo uma s\u00e9rie de vantagens in\u00e9ditas para os contribuintes.<\/p>\n<p>Dentre as principais novidades do programa lan\u00e7ado em Natal, est\u00e1 a redu\u00e7\u00e3o tempor\u00e1ria e escalonada de at\u00e9 60% nos tributos que incidem sobre as transfer\u00eancias de im\u00f3veis, como o ITIV (Imposto sobre Transmiss\u00e3o Inter Vivos) e o laud\u00eamio. O desconto ser\u00e1 proporcional ao valor venal do im\u00f3vel, com tr\u00eas faixas de benef\u00edcio: im\u00f3veis de at\u00e9 R$ 350 mil ter\u00e3o 60% de desconto; os que valem entre R$ 350 mil e R$ 700 mil ter\u00e3o 50%; e os im\u00f3veis acima de R$ 700 mil ter\u00e3o redu\u00e7\u00e3o de 40%. A primeira faixa, com maior desconto, est\u00e1 alinhada ao valor de refer\u00eancia da faixa 3 do programa Minha Casa, Minha Vida.<\/p>\n<p>Pela primeira vez, a partir da articula\u00e7\u00e3o do munic\u00edpio com o TJRN e com os cart\u00f3rios de registro da capital, os descontos tamb\u00e9m se estender\u00e3o \u00e0s taxas cobradas pelas unidades cartoriais, o que torna o programa ainda mais inovador, atrativo e abrangente. Al\u00e9m disso, o contribuinte poder\u00e1 parcelar o valor dos tributos em at\u00e9 tr\u00eas vezes, diretamente com a Prefeitura, ou em at\u00e9 12 vezes no cart\u00e3o de cr\u00e9dito, nesse \u00faltimo caso, com quita\u00e7\u00e3o imediata da obriga\u00e7\u00e3o fiscal.<\/p>\n<p>O prefeito Paulinho Freire ressalta o objetivo principal do programa: \u201cEste \u00e9 um programa transformador, que vai mudar a vida de muita gente e deixar um legado concreto para Natal. E o melhor: com descontos reais e facilidades de pagamento como nunca se viu antes. Nossa gest\u00e3o segue firme no compromisso de cuidar das pessoas, das fam\u00edlias e do futuro da nossa cidade\u201d.<\/p>\n<p>Para o secret\u00e1rio municipal de Finan\u00e7as, Marcelo Oliveira, a proposta busca estimular a regulariza\u00e7\u00e3o de propriedades, dar mais seguran\u00e7a nas transa\u00e7\u00f5es e movimentar o setor imobili\u00e1rio, com impacto direto na economia da cidade e na arrecada\u00e7\u00e3o municipal.<\/p>\n<p>&nbsp;<\/p>\n<p>Prazo determinado<\/p>\n<p>O programa ter\u00e1 dura\u00e7\u00e3o limitada de 90 dias, contados a partir desta quinta (18). Ap\u00f3s esse prazo, os valores dos tributos e das taxas voltar\u00e3o aos patamares normais. A expectativa da Prefeitura \u00e9 de que milhares de im\u00f3veis sejam regularizados nesse per\u00edodo, contribuindo para dar mais tranquilidade \u00e0s fam\u00edlias, aumentar a seguran\u00e7a nas transa\u00e7\u00f5es imobili\u00e1rias e estimular a formaliza\u00e7\u00e3o no setor.<\/p>\n<p>O objetivo final \u00e9 eliminar os contratos informais que geram inseguran\u00e7a tanto para o comprador quanto para o vendedor, garantir seguran\u00e7a jur\u00eddica \u00e0s fam\u00edlias, valorizar os im\u00f3veis, movimentar o mercado imobili\u00e1rio e, ao mesmo tempo, ampliar a arrecada\u00e7\u00e3o municipal de forma respons\u00e1vel. Segundo a Associa\u00e7\u00e3o dos Not\u00e1rios e Registradores do Brasil (ANOREG), cerca de 4 em cada 10 im\u00f3veis urbanos no pa\u00eds n\u00e3o est\u00e3o devidamente regularizados, e mais de 5 milh\u00f5es de brasileiros vivem em im\u00f3veis que n\u00e3o possuem registro em cart\u00f3rio.<\/p>\n<p>Em Natal, a situa\u00e7\u00e3o n\u00e3o \u00e9 diferente. \u00c9 comum encontrar im\u00f3veis com contratos de gaveta, sem escritura p\u00fablica ou ainda registrados em nome de antigos propriet\u00e1rios. Muitos acreditam que constar no cadastro imobili\u00e1rio como contribuinte do IPTU garante o direito de propriedade, mas a ideia \u00e9 equivocada. Do ponto de vista legal, a propriedade de um im\u00f3vel s\u00f3 \u00e9 reconhecida quando o bem est\u00e1 devidamente registrado em cart\u00f3rio.<\/p>\n<p>&nbsp;<\/p>\n<p>Regulariza\u00e7\u00e3o simples<\/p>\n<p>O processo de regulariza\u00e7\u00e3o \u00e9 simples e r\u00e1pido. O contribuinte deve procurar o cart\u00f3rio de registro de im\u00f3veis respons\u00e1vel pela \u00e1rea do seu im\u00f3vel, verificando se j\u00e1 possui escritura ou se precisa providenci\u00e1-la. Ao iniciar o processo de registro, o pr\u00f3prio cart\u00f3rio abrir\u00e1 o pedido de ITIV no sistema Directa, da Secretaria Municipal de Finan\u00e7as.<\/p>\n<p>Todas as etapas do processo, desde a inclus\u00e3o, avalia\u00e7\u00e3o at\u00e9 a libera\u00e7\u00e3o para ci\u00eancia do valor a pagar, ocorrem no ambiente digital e seguro do Directa e ser\u00e3o comunicadas por e-mail ao contribuinte. Mas \u00e9 preciso aten\u00e7\u00e3o e cuidado com golpes e com intermedi\u00e1rios n\u00e3o oficiais: a Sefin n\u00e3o envia e-mails com boletos de pagamento. O boleto deve ser obtito pelo Directa ap\u00f3s a ci\u00eancia com o c\u00f3digo de acesso enviado na abertura do processo.<\/p>\n<p>Em caso de d\u00favidas sobre o programa e as opera\u00e7\u00f5es de regulariza\u00e7\u00e3o dos im\u00f3veis, os interessados podem entrar em contato com a Secretaria Municipal de Finan\u00e7as (SEFIN) pelo WhatsApp: (84) 98786-1990.<\/p>\n","protected":false},"excerpt":{"rendered":"<p>A Prefeitura do Natal deu in\u00edcio, nesta quinta-feira (18), ao maior programa de regulariza\u00e7\u00e3o imobili\u00e1ria j\u00e1 realizado na hist\u00f3ria da cidade. A iniciativa busca enfrentar um problema estrutural que afeta milhares de fam\u00edlias: a falta de registro legal dos im\u00f3veis. Com o novo programa, a Prefeitura pretende incentivar a regulariza\u00e7\u00e3o definitiva da propriedade, oferecendo uma [&hellip;]<\/p>\n","protected":false},"author":3,"featured_media":17823,"comment_status":"open","ping_status":"open","sticky":false,"template":"","format":"standard","meta":{"cybocfi_hide_featured_image":"","_jetpack_memberships_contains_paid_content":false,"footnotes":""},"categories":[12,3],"tags":[],"class_list":["post-17822","post","type-post","status-publish","format-standard","has-post-thumbnail","hentry","category-cidadania","category-politica"],"yoast_head":"<!-- This site is optimized with the Yoast SEO plugin v25.6 - https:\/\/yoast.com\/wordpress\/plugins\/seo\/ -->\n<title>Prefeitura de Natal lan\u00e7a o maior programa de regulariza\u00e7\u00e3o imobili\u00e1ria da hist\u00f3ria do munic\u00edpio - Blog do Bispo<\/title>\n<meta name=\"robots\" content=\"index, follow, max-snippet:-1, max-image-preview:large, max-video-preview:-1\" \/>\n<link rel=\"canonical\" href=\"https:\/\/blogdobispo.com.br\/?p=17822\" \/>\n<meta property=\"og:locale\" content=\"pt_BR\" \/>\n<meta property=\"og:type\" content=\"article\" \/>\n<meta property=\"og:title\" content=\"Prefeitura de Natal lan\u00e7a o maior programa de regulariza\u00e7\u00e3o imobili\u00e1ria da hist\u00f3ria do munic\u00edpio - Blog do Bispo\" \/>\n<meta property=\"og:description\" content=\"A Prefeitura do Natal deu in\u00edcio, nesta quinta-feira (18), ao maior programa de regulariza\u00e7\u00e3o imobili\u00e1ria j\u00e1 realizado na hist\u00f3ria da cidade. A iniciativa busca enfrentar um problema estrutural que afeta milhares de fam\u00edlias: a falta de registro legal dos im\u00f3veis. Com o novo programa, a Prefeitura pretende incentivar a regulariza\u00e7\u00e3o definitiva da propriedade, oferecendo uma [&hellip;]\" \/>\n<meta property=\"og:url\" content=\"https:\/\/blogdobispo.com.br\/?p=17822\" \/>\n<meta property=\"og:site_name\" content=\"Blog do Bispo\" \/>\n<meta property=\"article:published_time\" content=\"2025-09-18T17:34:35+00:00\" \/>\n<meta property=\"og:image\" content=\"http:\/\/blogdobispo.com.br\/wp-content\/uploads\/2025\/09\/43363_Original-scaled.jpeg\" \/>\n\t<meta property=\"og:image:width\" content=\"2560\" \/>\n\t<meta property=\"og:image:height\" content=\"1920\" \/>\n\t<meta property=\"og:image:type\" content=\"image\/jpeg\" \/>\n<meta name=\"author\" content=\"Robson Trigueiro\" \/>\n<meta name=\"twitter:card\" content=\"summary_large_image\" \/>\n<meta name=\"twitter:label1\" content=\"Escrito por\" \/>\n\t<meta name=\"twitter:data1\" content=\"Robson Trigueiro\" \/>\n\t<meta name=\"twitter:label2\" content=\"Est. tempo de leitura\" \/>\n\t<meta name=\"twitter:data2\" content=\"5 minutos\" \/>\n<script type=\"application\/ld+json\" class=\"yoast-schema-graph\">{\"@context\":\"https:\/\/schema.org\",\"@graph\":[{\"@type\":\"Article\",\"@id\":\"https:\/\/blogdobispo.com.br\/?p=17822#article\",\"isPartOf\":{\"@id\":\"https:\/\/blogdobispo.com.br\/?p=17822\"},\"author\":{\"name\":\"Robson Trigueiro\",\"@id\":\"https:\/\/blogdobispo.com.br\/#\/schema\/person\/05abe7adb94767ba46bf757b4243d3e0\"},\"headline\":\"Prefeitura de Natal lan\u00e7a o maior programa de regulariza\u00e7\u00e3o imobili\u00e1ria da hist\u00f3ria do munic\u00edpio\",\"datePublished\":\"2025-09-18T17:34:35+00:00\",\"mainEntityOfPage\":{\"@id\":\"https:\/\/blogdobispo.com.br\/?p=17822\"},\"wordCount\":829,\"commentCount\":0,\"publisher\":{\"@id\":\"https:\/\/blogdobispo.com.br\/#organization\"},\"image\":{\"@id\":\"https:\/\/blogdobispo.com.br\/?p=17822#primaryimage\"},\"thumbnailUrl\":\"https:\/\/i0.wp.com\/blogdobispo.com.br\/wp-content\/uploads\/2025\/09\/43363_Original-scaled.jpeg?fit=2560%2C1920&ssl=1\",\"articleSection\":[\"Cidadania\",\"Pol\u00edtica\"],\"inLanguage\":\"pt-BR\",\"potentialAction\":[{\"@type\":\"CommentAction\",\"name\":\"Comment\",\"target\":[\"https:\/\/blogdobispo.com.br\/?p=17822#respond\"]}]},{\"@type\":\"WebPage\",\"@id\":\"https:\/\/blogdobispo.com.br\/?p=17822\",\"url\":\"https:\/\/blogdobispo.com.br\/?p=17822\",\"name\":\"Prefeitura de Natal lan\u00e7a o maior programa de regulariza\u00e7\u00e3o imobili\u00e1ria da hist\u00f3ria do munic\u00edpio - Blog do Bispo\",\"isPartOf\":{\"@id\":\"https:\/\/blogdobispo.com.br\/#website\"},\"primaryImageOfPage\":{\"@id\":\"https:\/\/blogdobispo.com.br\/?p=17822#primaryimage\"},\"image\":{\"@id\":\"https:\/\/blogdobispo.com.br\/?p=17822#primaryimage\"},\"thumbnailUrl\":\"https:\/\/i0.wp.com\/blogdobispo.com.br\/wp-content\/uploads\/2025\/09\/43363_Original-scaled.jpeg?fit=2560%2C1920&ssl=1\",\"datePublished\":\"2025-09-18T17:34:35+00:00\",\"breadcrumb\":{\"@id\":\"https:\/\/blogdobispo.com.br\/?p=17822#breadcrumb\"},\"inLanguage\":\"pt-BR\",\"potentialAction\":[{\"@type\":\"ReadAction\",\"target\":[\"https:\/\/blogdobispo.com.br\/?p=17822\"]}]},{\"@type\":\"ImageObject\",\"inLanguage\":\"pt-BR\",\"@id\":\"https:\/\/blogdobispo.com.br\/?p=17822#primaryimage\",\"url\":\"https:\/\/i0.wp.com\/blogdobispo.com.br\/wp-content\/uploads\/2025\/09\/43363_Original-scaled.jpeg?fit=2560%2C1920&ssl=1\",\"contentUrl\":\"https:\/\/i0.wp.com\/blogdobispo.com.br\/wp-content\/uploads\/2025\/09\/43363_Original-scaled.jpeg?fit=2560%2C1920&ssl=1\",\"width\":2560,\"height\":1920},{\"@type\":\"BreadcrumbList\",\"@id\":\"https:\/\/blogdobispo.com.br\/?p=17822#breadcrumb\",\"itemListElement\":[{\"@type\":\"ListItem\",\"position\":1,\"name\":\"In\u00edcio\",\"item\":\"https:\/\/blogdobispo.com.br\/\"},{\"@type\":\"ListItem\",\"position\":2,\"name\":\"Prefeitura de Natal lan\u00e7a o maior programa de regulariza\u00e7\u00e3o imobili\u00e1ria da hist\u00f3ria do munic\u00edpio\"}]},{\"@type\":\"WebSite\",\"@id\":\"https:\/\/blogdobispo.com.br\/#website\",\"url\":\"https:\/\/blogdobispo.com.br\/\",\"name\":\"Blog do Bispo\",\"description\":\"Comprometido apenas com o leitor\",\"publisher\":{\"@id\":\"https:\/\/blogdobispo.com.br\/#organization\"},\"potentialAction\":[{\"@type\":\"SearchAction\",\"target\":{\"@type\":\"EntryPoint\",\"urlTemplate\":\"https:\/\/blogdobispo.com.br\/?s={search_term_string}\"},\"query-input\":{\"@type\":\"PropertyValueSpecification\",\"valueRequired\":true,\"valueName\":\"search_term_string\"}}],\"inLanguage\":\"pt-BR\"},{\"@type\":\"Organization\",\"@id\":\"https:\/\/blogdobispo.com.br\/#organization\",\"name\":\"Blog do Bispo\",\"url\":\"https:\/\/blogdobispo.com.br\/\",\"logo\":{\"@type\":\"ImageObject\",\"inLanguage\":\"pt-BR\",\"@id\":\"https:\/\/blogdobispo.com.br\/#\/schema\/logo\/image\/\",\"url\":\"http:\/\/blogdobispo.com.br\/wp-content\/uploads\/2023\/05\/cropped-headear.png\",\"contentUrl\":\"http:\/\/blogdobispo.com.br\/wp-content\/uploads\/2023\/05\/cropped-headear.png\",\"width\":1500,\"height\":399,\"caption\":\"Blog do Bispo\"},\"image\":{\"@id\":\"https:\/\/blogdobispo.com.br\/#\/schema\/logo\/image\/\"}},{\"@type\":\"Person\",\"@id\":\"https:\/\/blogdobispo.com.br\/#\/schema\/person\/05abe7adb94767ba46bf757b4243d3e0\",\"name\":\"Robson Trigueiro\",\"image\":{\"@type\":\"ImageObject\",\"inLanguage\":\"pt-BR\",\"@id\":\"https:\/\/blogdobispo.com.br\/#\/schema\/person\/image\/\",\"url\":\"https:\/\/secure.gravatar.com\/avatar\/b71c79ed1dcbb23d15e3cd8224dbfbd99da477df155b3e777061e3a006422418?s=96&d=mm&r=g\",\"contentUrl\":\"https:\/\/secure.gravatar.com\/avatar\/b71c79ed1dcbb23d15e3cd8224dbfbd99da477df155b3e777061e3a006422418?s=96&d=mm&r=g\",\"caption\":\"Robson Trigueiro\"},\"url\":\"https:\/\/blogdobispo.com.br\/?author=3\"}]}<\/script>\n<!-- \/ Yoast SEO plugin. -->","yoast_head_json":{"title":"Prefeitura de Natal lan\u00e7a o maior programa de regulariza\u00e7\u00e3o imobili\u00e1ria da hist\u00f3ria do munic\u00edpio - Blog do Bispo","robots":{"index":"index","follow":"follow","max-snippet":"max-snippet:-1","max-image-preview":"max-image-preview:large","max-video-preview":"max-video-preview:-1"},"canonical":"https:\/\/blogdobispo.com.br\/?p=17822","og_locale":"pt_BR","og_type":"article","og_title":"Prefeitura de Natal lan\u00e7a o maior programa de regulariza\u00e7\u00e3o imobili\u00e1ria da hist\u00f3ria do munic\u00edpio - Blog do Bispo","og_description":"A Prefeitura do Natal deu in\u00edcio, nesta quinta-feira (18), ao maior programa de regulariza\u00e7\u00e3o imobili\u00e1ria j\u00e1 realizado na hist\u00f3ria da cidade. A iniciativa busca enfrentar um problema estrutural que afeta milhares de fam\u00edlias: a falta de registro legal dos im\u00f3veis. Com o novo programa, a Prefeitura pretende incentivar a regulariza\u00e7\u00e3o definitiva da propriedade, oferecendo uma [&hellip;]","og_url":"https:\/\/blogdobispo.com.br\/?p=17822","og_site_name":"Blog do Bispo","article_published_time":"2025-09-18T17:34:35+00:00","og_image":[{"width":2560,"height":1920,"url":"http:\/\/blogdobispo.com.br\/wp-content\/uploads\/2025\/09\/43363_Original-scaled.jpeg","type":"image\/jpeg"}],"author":"Robson Trigueiro","twitter_card":"summary_large_image","twitter_misc":{"Escrito por":"Robson Trigueiro","Est. tempo de leitura":"5 minutos"},"schema":{"@context":"https:\/\/schema.org","@graph":[{"@type":"Article","@id":"https:\/\/blogdobispo.com.br\/?p=17822#article","isPartOf":{"@id":"https:\/\/blogdobispo.com.br\/?p=17822"},"author":{"name":"Robson Trigueiro","@id":"https:\/\/blogdobispo.com.br\/#\/schema\/person\/05abe7adb94767ba46bf757b4243d3e0"},"headline":"Prefeitura de Natal lan\u00e7a o maior programa de regulariza\u00e7\u00e3o imobili\u00e1ria da hist\u00f3ria do munic\u00edpio","datePublished":"2025-09-18T17:34:35+00:00","mainEntityOfPage":{"@id":"https:\/\/blogdobispo.com.br\/?p=17822"},"wordCount":829,"commentCount":0,"publisher":{"@id":"https:\/\/blogdobispo.com.br\/#organization"},"image":{"@id":"https:\/\/blogdobispo.com.br\/?p=17822#primaryimage"},"thumbnailUrl":"https:\/\/i0.wp.com\/blogdobispo.com.br\/wp-content\/uploads\/2025\/09\/43363_Original-scaled.jpeg?fit=2560%2C1920&ssl=1","articleSection":["Cidadania","Pol\u00edtica"],"inLanguage":"pt-BR","potentialAction":[{"@type":"CommentAction","name":"Comment","target":["https:\/\/blogdobispo.com.br\/?p=17822#respond"]}]},{"@type":"WebPage","@id":"https:\/\/blogdobispo.com.br\/?p=17822","url":"https:\/\/blogdobispo.com.br\/?p=17822","name":"Prefeitura de Natal lan\u00e7a o maior programa de regulariza\u00e7\u00e3o imobili\u00e1ria da hist\u00f3ria do munic\u00edpio - Blog do Bispo","isPartOf":{"@id":"https:\/\/blogdobispo.com.br\/#website"},"primaryImageOfPage":{"@id":"https:\/\/blogdobispo.com.br\/?p=17822#primaryimage"},"image":{"@id":"https:\/\/blogdobispo.com.br\/?p=17822#primaryimage"},"thumbnailUrl":"https:\/\/i0.wp.com\/blogdobispo.com.br\/wp-content\/uploads\/2025\/09\/43363_Original-scaled.jpeg?fit=2560%2C1920&ssl=1","datePublished":"2025-09-18T17:34:35+00:00","breadcrumb":{"@id":"https:\/\/blogdobispo.com.br\/?p=17822#breadcrumb"},"inLanguage":"pt-BR","potentialAction":[{"@type":"ReadAction","target":["https:\/\/blogdobispo.com.br\/?p=17822"]}]},{"@type":"ImageObject","inLanguage":"pt-BR","@id":"https:\/\/blogdobispo.com.br\/?p=17822#primaryimage","url":"https:\/\/i0.wp.com\/blogdobispo.com.br\/wp-content\/uploads\/2025\/09\/43363_Original-scaled.jpeg?fit=2560%2C1920&ssl=1","contentUrl":"https:\/\/i0.wp.com\/blogdobispo.com.br\/wp-content\/uploads\/2025\/09\/43363_Original-scaled.jpeg?fit=2560%2C1920&ssl=1","width":2560,"height":1920},{"@type":"BreadcrumbList","@id":"https:\/\/blogdobispo.com.br\/?p=17822#breadcrumb","itemListElement":[{"@type":"ListItem","position":1,"name":"In\u00edcio","item":"https:\/\/blogdobispo.com.br\/"},{"@type":"ListItem","position":2,"name":"Prefeitura de Natal lan\u00e7a o maior programa de regulariza\u00e7\u00e3o imobili\u00e1ria da hist\u00f3ria do munic\u00edpio"}]},{"@type":"WebSite","@id":"https:\/\/blogdobispo.com.br\/#website","url":"https:\/\/blogdobispo.com.br\/","name":"Blog do Bispo","description":"Comprometido apenas com o leitor","publisher":{"@id":"https:\/\/blogdobispo.com.br\/#organization"},"potentialAction":[{"@type":"SearchAction","target":{"@type":"EntryPoint","urlTemplate":"https:\/\/blogdobispo.com.br\/?s={search_term_string}"},"query-input":{"@type":"PropertyValueSpecification","valueRequired":true,"valueName":"search_term_string"}}],"inLanguage":"pt-BR"},{"@type":"Organization","@id":"https:\/\/blogdobispo.com.br\/#organization","name":"Blog do Bispo","url":"https:\/\/blogdobispo.com.br\/","logo":{"@type":"ImageObject","inLanguage":"pt-BR","@id":"https:\/\/blogdobispo.com.br\/#\/schema\/logo\/image\/","url":"http:\/\/blogdobispo.com.br\/wp-content\/uploads\/2023\/05\/cropped-headear.png","contentUrl":"http:\/\/blogdobispo.com.br\/wp-content\/uploads\/2023\/05\/cropped-headear.png","width":1500,"height":399,"caption":"Blog do Bispo"},"image":{"@id":"https:\/\/blogdobispo.com.br\/#\/schema\/logo\/image\/"}},{"@type":"Person","@id":"https:\/\/blogdobispo.com.br\/#\/schema\/person\/05abe7adb94767ba46bf757b4243d3e0","name":"Robson Trigueiro","image":{"@type":"ImageObject","inLanguage":"pt-BR","@id":"https:\/\/blogdobispo.com.br\/#\/schema\/person\/image\/","url":"https:\/\/secure.gravatar.com\/avatar\/b71c79ed1dcbb23d15e3cd8224dbfbd99da477df155b3e777061e3a006422418?s=96&d=mm&r=g","contentUrl":"https:\/\/secure.gravatar.com\/avatar\/b71c79ed1dcbb23d15e3cd8224dbfbd99da477df155b3e777061e3a006422418?s=96&d=mm&r=g","caption":"Robson Trigueiro"},"url":"https:\/\/blogdobispo.com.br\/?author=3"}]}},"featured_image_urls":{"full":["https:\/\/i0.wp.com\/blogdobispo.com.br\/wp-content\/uploads\/2025\/09\/43363_Original-scaled.jpeg?fit=2560%2C1920&ssl=1",2560,1920,false],"thumbnail":["https:\/\/i0.wp.com\/blogdobispo.com.br\/wp-content\/uploads\/2025\/09\/43363_Original-scaled.jpeg?resize=150%2C150&ssl=1",150,150,true],"medium":["https:\/\/i0.wp.com\/blogdobispo.com.br\/wp-content\/uploads\/2025\/09\/43363_Original-scaled.jpeg?fit=300%2C225&ssl=1",300,225,true],"medium_large":["https:\/\/i0.wp.com\/blogdobispo.com.br\/wp-content\/uploads\/2025\/09\/43363_Original-scaled.jpeg?fit=768%2C576&ssl=1",768,576,true],"large":["https:\/\/i0.wp.com\/blogdobispo.com.br\/wp-content\/uploads\/2025\/09\/43363_Original-scaled.jpeg?fit=800%2C600&ssl=1",800,600,true],"1536x1536":["https:\/\/i0.wp.com\/blogdobispo.com.br\/wp-content\/uploads\/2025\/09\/43363_Original-scaled.jpeg?fit=1536%2C1152&ssl=1",1536,1152,true],"2048x2048":["https:\/\/i0.wp.com\/blogdobispo.com.br\/wp-content\/uploads\/2025\/09\/43363_Original-scaled.jpeg?fit=2048%2C1536&ssl=1",2048,1536,true]},"author_info":{"display_name":"Robson Trigueiro","author_link":"https:\/\/blogdobispo.com.br\/?author=3"},"category_info":"<a href=\"https:\/\/blogdobispo.com.br\/?cat=12\" rel=\"category\">Cidadania<\/a> <a href=\"https:\/\/blogdobispo.com.br\/?cat=3\" rel=\"category\">Pol\u00edtica<\/a>","tag_info":"Pol\u00edtica","comment_count":"0","jetpack_featured_media_url":"https:\/\/i0.wp.com\/blogdobispo.com.br\/wp-content\/uploads\/2025\/09\/43363_Original-scaled.jpeg?fit=2560%2C1920&ssl=1","jetpack_sharing_enabled":true,"_links":{"self":[{"href":"https:\/\/blogdobispo.com.br\/index.php?rest_route=\/wp\/v2\/posts\/17822","targetHints":{"allow":["GET"]}}],"collection":[{"href":"https:\/\/blogdobispo.com.br\/index.php?rest_route=\/wp\/v2\/posts"}],"about":[{"href":"https:\/\/blogdobispo.com.br\/index.php?rest_route=\/wp\/v2\/types\/post"}],"author":[{"embeddable":true,"href":"https:\/\/blogdobispo.com.br\/index.php?rest_route=\/wp\/v2\/users\/3"}],"replies":[{"embeddable":true,"href":"https:\/\/blogdobispo.com.br\/index.php?rest_route=%2Fwp%2Fv2%2Fcomments&post=17822"}],"version-history":[{"count":1,"href":"https:\/\/blogdobispo.com.br\/index.php?rest_route=\/wp\/v2\/posts\/17822\/revisions"}],"predecessor-version":[{"id":17824,"href":"https:\/\/blogdobispo.com.br\/index.php?rest_route=\/wp\/v2\/posts\/17822\/revisions\/17824"}],"wp:featuredmedia":[{"embeddable":true,"href":"https:\/\/blogdobispo.com.br\/index.php?rest_route=\/wp\/v2\/media\/17823"}],"wp:attachment":[{"href":"https:\/\/blogdobispo.com.br\/index.php?rest_route=%2Fwp%2Fv2%2Fmedia&parent=17822"}],"wp:term":[{"taxonomy":"category","embeddable":true,"href":"https:\/\/blogdobispo.com.br\/index.php?rest_route=%2Fwp%2Fv2%2Fcategories&post=17822"},{"taxonomy":"post_tag","embeddable":true,"href":"https:\/\/blogdobispo.com.br\/index.php?rest_route=%2Fwp%2Fv2%2Ftags&post=17822"}],"curies":[{"name":"wp","href":"https:\/\/api.w.org\/{rel}","templated":true}]}}