{"id":17818,"date":"2025-09-18T17:31:14","date_gmt":"2025-09-18T17:31:14","guid":{"rendered":"https:\/\/blogdobispo.com.br\/?p=17818"},"modified":"2025-09-18T17:31:14","modified_gmt":"2025-09-18T17:31:14","slug":"deputado-vivaldo-costa-propoe-criacao-do-programa-seca-verde-para-fortalecer-convivencia-com-a-estiagem-no-serido","status":"publish","type":"post","link":"https:\/\/blogdobispo.com.br\/?p=17818","title":{"rendered":"Deputado Vivaldo Costa prop\u00f5e cria\u00e7\u00e3o do Programa Seca Verde para fortalecer conviv\u00eancia com a estiagem no Serid\u00f3"},"content":{"rendered":"<p>O deputado estadual Vivaldo Costa (PV) apresentou, nesta segunda-feira (15), na Assembleia Legislativa do Rio Grande do Norte (ALRN) requerimento solicitando \u00e0 governadora F\u00e1tima Bezerra e ao secret\u00e1rio estadual do Meio Ambiente e dos Recursos H\u00eddricos, Paulo Varella, a cria\u00e7\u00e3o do Programa Seca Verde. A iniciativa prop\u00f5e uma estrat\u00e9gia de conviv\u00eancia com a seca na Regi\u00e3o Serid\u00f3 Potiguar.<\/p>\n<p>A proposta surge diante da realidade hist\u00f3rica da regi\u00e3o, marcada por longos per\u00edodos de estiagem que afetam o abastecimento de \u00e1gua, comprometem a produ\u00e7\u00e3o agropecu\u00e1ria, amea\u00e7am a seguran\u00e7a alimentar e provocam o \u00eaxodo rural. Segundo o parlamentar, as mudan\u00e7as clim\u00e1ticas tendem a agravar ainda mais esse cen\u00e1rio, exigindo pol\u00edticas p\u00fablicas permanentes e estruturantes.<\/p>\n<p>O Programa Seca Verde prev\u00ea um conjunto de a\u00e7\u00f5es integradas, como: implanta\u00e7\u00e3o e manuten\u00e7\u00e3o de po\u00e7os, adutoras e sistemas simplificados de abastecimento; incentivo \u00e0 capta\u00e7\u00e3o de \u00e1gua de chuva e constru\u00e7\u00e3o de cisternas; recupera\u00e7\u00e3o e prote\u00e7\u00e3o de nascentes e barragens; assist\u00eancia t\u00e9cnica para manejo de solo e produ\u00e7\u00e3o agr\u00edcola resistente \u00e0 estiagem; integra\u00e7\u00e3o com programas federais e parcerias com munic\u00edpios e sociedade civil.<\/p>\n<p>\u201cInvestir em infraestrutura h\u00eddrica e em tecnologias de conviv\u00eancia com o semi\u00e1rido \u00e9 uma medida estrat\u00e9gica para garantir dignidade \u00e0s fam\u00edlias rurais, reduzir a depend\u00eancia de carros-pipa, fortalecer a economia local e assegurar a perman\u00eancia do homem no campo\u201d, afirmou o parlamentar em sua justificativa<\/p>\n","protected":false},"excerpt":{"rendered":"<p>O deputado estadual Vivaldo Costa (PV) apresentou, nesta segunda-feira (15), na Assembleia Legislativa do Rio Grande do Norte (ALRN) requerimento solicitando \u00e0 governadora F\u00e1tima Bezerra e ao secret\u00e1rio estadual do Meio Ambiente e dos Recursos H\u00eddricos, Paulo Varella, a cria\u00e7\u00e3o do Programa Seca Verde. A iniciativa prop\u00f5e uma estrat\u00e9gia de conviv\u00eancia com a seca na [&hellip;]<\/p>\n","protected":false},"author":3,"featured_media":17819,"comment_status":"open","ping_status":"open","sticky":false,"template":"","format":"standard","meta":{"cybocfi_hide_featured_image":"","_jetpack_memberships_contains_paid_content":false,"footnotes":""},"categories":[12,3],"tags":[],"class_list":["post-17818","post","type-post","status-publish","format-standard","has-post-thumbnail","hentry","category-cidadania","category-politica"],"yoast_head":"<!-- This site is optimized with the Yoast SEO plugin v25.6 - https:\/\/yoast.com\/wordpress\/plugins\/seo\/ -->\n<title>Deputado Vivaldo Costa prop\u00f5e cria\u00e7\u00e3o do Programa Seca Verde para fortalecer conviv\u00eancia com a estiagem no Serid\u00f3 - Blog do Bispo<\/title>\n<meta name=\"robots\" content=\"index, follow, max-snippet:-1, max-image-preview:large, max-video-preview:-1\" \/>\n<link rel=\"canonical\" href=\"https:\/\/blogdobispo.com.br\/?p=17818\" \/>\n<meta property=\"og:locale\" content=\"pt_BR\" \/>\n<meta property=\"og:type\" content=\"article\" \/>\n<meta property=\"og:title\" content=\"Deputado Vivaldo Costa prop\u00f5e cria\u00e7\u00e3o do Programa Seca Verde para fortalecer conviv\u00eancia com a estiagem no Serid\u00f3 - Blog do Bispo\" \/>\n<meta property=\"og:description\" content=\"O deputado estadual Vivaldo Costa (PV) apresentou, nesta segunda-feira (15), na Assembleia Legislativa do Rio Grande do Norte (ALRN) requerimento solicitando \u00e0 governadora F\u00e1tima Bezerra e ao secret\u00e1rio estadual do Meio Ambiente e dos Recursos H\u00eddricos, Paulo Varella, a cria\u00e7\u00e3o do Programa Seca Verde. A iniciativa prop\u00f5e uma estrat\u00e9gia de conviv\u00eancia com a seca na [&hellip;]\" \/>\n<meta property=\"og:url\" content=\"https:\/\/blogdobispo.com.br\/?p=17818\" \/>\n<meta property=\"og:site_name\" content=\"Blog do Bispo\" \/>\n<meta property=\"article:published_time\" content=\"2025-09-18T17:31:14+00:00\" \/>\n<meta property=\"og:image\" content=\"http:\/\/blogdobispo.com.br\/wp-content\/uploads\/2025\/09\/img-20250918-wa1315.jpg\" \/>\n\t<meta property=\"og:image:width\" content=\"1280\" \/>\n\t<meta property=\"og:image:height\" content=\"853\" \/>\n\t<meta property=\"og:image:type\" content=\"image\/jpeg\" \/>\n<meta name=\"author\" content=\"Robson Trigueiro\" \/>\n<meta name=\"twitter:card\" content=\"summary_large_image\" \/>\n<meta name=\"twitter:label1\" content=\"Escrito por\" \/>\n\t<meta name=\"twitter:data1\" content=\"Robson Trigueiro\" \/>\n\t<meta name=\"twitter:label2\" content=\"Est. tempo de leitura\" \/>\n\t<meta name=\"twitter:data2\" content=\"2 minutos\" \/>\n<script type=\"application\/ld+json\" class=\"yoast-schema-graph\">{\"@context\":\"https:\/\/schema.org\",\"@graph\":[{\"@type\":\"Article\",\"@id\":\"https:\/\/blogdobispo.com.br\/?p=17818#article\",\"isPartOf\":{\"@id\":\"https:\/\/blogdobispo.com.br\/?p=17818\"},\"author\":{\"name\":\"Robson Trigueiro\",\"@id\":\"https:\/\/blogdobispo.com.br\/#\/schema\/person\/05abe7adb94767ba46bf757b4243d3e0\"},\"headline\":\"Deputado Vivaldo Costa prop\u00f5e cria\u00e7\u00e3o do Programa Seca Verde para fortalecer conviv\u00eancia com a estiagem no Serid\u00f3\",\"datePublished\":\"2025-09-18T17:31:14+00:00\",\"mainEntityOfPage\":{\"@id\":\"https:\/\/blogdobispo.com.br\/?p=17818\"},\"wordCount\":275,\"commentCount\":0,\"publisher\":{\"@id\":\"https:\/\/blogdobispo.com.br\/#organization\"},\"image\":{\"@id\":\"https:\/\/blogdobispo.com.br\/?p=17818#primaryimage\"},\"thumbnailUrl\":\"https:\/\/i0.wp.com\/blogdobispo.com.br\/wp-content\/uploads\/2025\/09\/img-20250918-wa1315.jpg?fit=1280%2C853&ssl=1\",\"articleSection\":[\"Cidadania\",\"Pol\u00edtica\"],\"inLanguage\":\"pt-BR\",\"potentialAction\":[{\"@type\":\"CommentAction\",\"name\":\"Comment\",\"target\":[\"https:\/\/blogdobispo.com.br\/?p=17818#respond\"]}]},{\"@type\":\"WebPage\",\"@id\":\"https:\/\/blogdobispo.com.br\/?p=17818\",\"url\":\"https:\/\/blogdobispo.com.br\/?p=17818\",\"name\":\"Deputado Vivaldo Costa prop\u00f5e cria\u00e7\u00e3o do Programa Seca Verde para fortalecer conviv\u00eancia com a estiagem no Serid\u00f3 - Blog do Bispo\",\"isPartOf\":{\"@id\":\"https:\/\/blogdobispo.com.br\/#website\"},\"primaryImageOfPage\":{\"@id\":\"https:\/\/blogdobispo.com.br\/?p=17818#primaryimage\"},\"image\":{\"@id\":\"https:\/\/blogdobispo.com.br\/?p=17818#primaryimage\"},\"thumbnailUrl\":\"https:\/\/i0.wp.com\/blogdobispo.com.br\/wp-content\/uploads\/2025\/09\/img-20250918-wa1315.jpg?fit=1280%2C853&ssl=1\",\"datePublished\":\"2025-09-18T17:31:14+00:00\",\"breadcrumb\":{\"@id\":\"https:\/\/blogdobispo.com.br\/?p=17818#breadcrumb\"},\"inLanguage\":\"pt-BR\",\"potentialAction\":[{\"@type\":\"ReadAction\",\"target\":[\"https:\/\/blogdobispo.com.br\/?p=17818\"]}]},{\"@type\":\"ImageObject\",\"inLanguage\":\"pt-BR\",\"@id\":\"https:\/\/blogdobispo.com.br\/?p=17818#primaryimage\",\"url\":\"https:\/\/i0.wp.com\/blogdobispo.com.br\/wp-content\/uploads\/2025\/09\/img-20250918-wa1315.jpg?fit=1280%2C853&ssl=1\",\"contentUrl\":\"https:\/\/i0.wp.com\/blogdobispo.com.br\/wp-content\/uploads\/2025\/09\/img-20250918-wa1315.jpg?fit=1280%2C853&ssl=1\",\"width\":1280,\"height\":853},{\"@type\":\"BreadcrumbList\",\"@id\":\"https:\/\/blogdobispo.com.br\/?p=17818#breadcrumb\",\"itemListElement\":[{\"@type\":\"ListItem\",\"position\":1,\"name\":\"In\u00edcio\",\"item\":\"https:\/\/blogdobispo.com.br\/\"},{\"@type\":\"ListItem\",\"position\":2,\"name\":\"Deputado Vivaldo Costa prop\u00f5e cria\u00e7\u00e3o do Programa Seca Verde para fortalecer conviv\u00eancia com a estiagem no Serid\u00f3\"}]},{\"@type\":\"WebSite\",\"@id\":\"https:\/\/blogdobispo.com.br\/#website\",\"url\":\"https:\/\/blogdobispo.com.br\/\",\"name\":\"Blog do Bispo\",\"description\":\"Comprometido apenas com o leitor\",\"publisher\":{\"@id\":\"https:\/\/blogdobispo.com.br\/#organization\"},\"potentialAction\":[{\"@type\":\"SearchAction\",\"target\":{\"@type\":\"EntryPoint\",\"urlTemplate\":\"https:\/\/blogdobispo.com.br\/?s={search_term_string}\"},\"query-input\":{\"@type\":\"PropertyValueSpecification\",\"valueRequired\":true,\"valueName\":\"search_term_string\"}}],\"inLanguage\":\"pt-BR\"},{\"@type\":\"Organization\",\"@id\":\"https:\/\/blogdobispo.com.br\/#organization\",\"name\":\"Blog do Bispo\",\"url\":\"https:\/\/blogdobispo.com.br\/\",\"logo\":{\"@type\":\"ImageObject\",\"inLanguage\":\"pt-BR\",\"@id\":\"https:\/\/blogdobispo.com.br\/#\/schema\/logo\/image\/\",\"url\":\"http:\/\/blogdobispo.com.br\/wp-content\/uploads\/2023\/05\/cropped-headear.png\",\"contentUrl\":\"http:\/\/blogdobispo.com.br\/wp-content\/uploads\/2023\/05\/cropped-headear.png\",\"width\":1500,\"height\":399,\"caption\":\"Blog do Bispo\"},\"image\":{\"@id\":\"https:\/\/blogdobispo.com.br\/#\/schema\/logo\/image\/\"}},{\"@type\":\"Person\",\"@id\":\"https:\/\/blogdobispo.com.br\/#\/schema\/person\/05abe7adb94767ba46bf757b4243d3e0\",\"name\":\"Robson Trigueiro\",\"image\":{\"@type\":\"ImageObject\",\"inLanguage\":\"pt-BR\",\"@id\":\"https:\/\/blogdobispo.com.br\/#\/schema\/person\/image\/\",\"url\":\"https:\/\/secure.gravatar.com\/avatar\/b71c79ed1dcbb23d15e3cd8224dbfbd99da477df155b3e777061e3a006422418?s=96&d=mm&r=g\",\"contentUrl\":\"https:\/\/secure.gravatar.com\/avatar\/b71c79ed1dcbb23d15e3cd8224dbfbd99da477df155b3e777061e3a006422418?s=96&d=mm&r=g\",\"caption\":\"Robson Trigueiro\"},\"url\":\"https:\/\/blogdobispo.com.br\/?author=3\"}]}<\/script>\n<!-- \/ Yoast SEO plugin. -->","yoast_head_json":{"title":"Deputado Vivaldo Costa prop\u00f5e cria\u00e7\u00e3o do Programa Seca Verde para fortalecer conviv\u00eancia com a estiagem no Serid\u00f3 - Blog do Bispo","robots":{"index":"index","follow":"follow","max-snippet":"max-snippet:-1","max-image-preview":"max-image-preview:large","max-video-preview":"max-video-preview:-1"},"canonical":"https:\/\/blogdobispo.com.br\/?p=17818","og_locale":"pt_BR","og_type":"article","og_title":"Deputado Vivaldo Costa prop\u00f5e cria\u00e7\u00e3o do Programa Seca Verde para fortalecer conviv\u00eancia com a estiagem no Serid\u00f3 - Blog do Bispo","og_description":"O deputado estadual Vivaldo Costa (PV) apresentou, nesta segunda-feira (15), na Assembleia Legislativa do Rio Grande do Norte (ALRN) requerimento solicitando \u00e0 governadora F\u00e1tima Bezerra e ao secret\u00e1rio estadual do Meio Ambiente e dos Recursos H\u00eddricos, Paulo Varella, a cria\u00e7\u00e3o do Programa Seca Verde. A iniciativa prop\u00f5e uma estrat\u00e9gia de conviv\u00eancia com a seca na [&hellip;]","og_url":"https:\/\/blogdobispo.com.br\/?p=17818","og_site_name":"Blog do Bispo","article_published_time":"2025-09-18T17:31:14+00:00","og_image":[{"width":1280,"height":853,"url":"http:\/\/blogdobispo.com.br\/wp-content\/uploads\/2025\/09\/img-20250918-wa1315.jpg","type":"image\/jpeg"}],"author":"Robson Trigueiro","twitter_card":"summary_large_image","twitter_misc":{"Escrito por":"Robson Trigueiro","Est. tempo de leitura":"2 minutos"},"schema":{"@context":"https:\/\/schema.org","@graph":[{"@type":"Article","@id":"https:\/\/blogdobispo.com.br\/?p=17818#article","isPartOf":{"@id":"https:\/\/blogdobispo.com.br\/?p=17818"},"author":{"name":"Robson Trigueiro","@id":"https:\/\/blogdobispo.com.br\/#\/schema\/person\/05abe7adb94767ba46bf757b4243d3e0"},"headline":"Deputado Vivaldo Costa prop\u00f5e cria\u00e7\u00e3o do Programa Seca Verde para fortalecer conviv\u00eancia com a estiagem no Serid\u00f3","datePublished":"2025-09-18T17:31:14+00:00","mainEntityOfPage":{"@id":"https:\/\/blogdobispo.com.br\/?p=17818"},"wordCount":275,"commentCount":0,"publisher":{"@id":"https:\/\/blogdobispo.com.br\/#organization"},"image":{"@id":"https:\/\/blogdobispo.com.br\/?p=17818#primaryimage"},"thumbnailUrl":"https:\/\/i0.wp.com\/blogdobispo.com.br\/wp-content\/uploads\/2025\/09\/img-20250918-wa1315.jpg?fit=1280%2C853&ssl=1","articleSection":["Cidadania","Pol\u00edtica"],"inLanguage":"pt-BR","potentialAction":[{"@type":"CommentAction","name":"Comment","target":["https:\/\/blogdobispo.com.br\/?p=17818#respond"]}]},{"@type":"WebPage","@id":"https:\/\/blogdobispo.com.br\/?p=17818","url":"https:\/\/blogdobispo.com.br\/?p=17818","name":"Deputado Vivaldo Costa prop\u00f5e cria\u00e7\u00e3o do Programa Seca Verde para fortalecer conviv\u00eancia com a estiagem no Serid\u00f3 - Blog do Bispo","isPartOf":{"@id":"https:\/\/blogdobispo.com.br\/#website"},"primaryImageOfPage":{"@id":"https:\/\/blogdobispo.com.br\/?p=17818#primaryimage"},"image":{"@id":"https:\/\/blogdobispo.com.br\/?p=17818#primaryimage"},"thumbnailUrl":"https:\/\/i0.wp.com\/blogdobispo.com.br\/wp-content\/uploads\/2025\/09\/img-20250918-wa1315.jpg?fit=1280%2C853&ssl=1","datePublished":"2025-09-18T17:31:14+00:00","breadcrumb":{"@id":"https:\/\/blogdobispo.com.br\/?p=17818#breadcrumb"},"inLanguage":"pt-BR","potentialAction":[{"@type":"ReadAction","target":["https:\/\/blogdobispo.com.br\/?p=17818"]}]},{"@type":"ImageObject","inLanguage":"pt-BR","@id":"https:\/\/blogdobispo.com.br\/?p=17818#primaryimage","url":"https:\/\/i0.wp.com\/blogdobispo.com.br\/wp-content\/uploads\/2025\/09\/img-20250918-wa1315.jpg?fit=1280%2C853&ssl=1","contentUrl":"https:\/\/i0.wp.com\/blogdobispo.com.br\/wp-content\/uploads\/2025\/09\/img-20250918-wa1315.jpg?fit=1280%2C853&ssl=1","width":1280,"height":853},{"@type":"BreadcrumbList","@id":"https:\/\/blogdobispo.com.br\/?p=17818#breadcrumb","itemListElement":[{"@type":"ListItem","position":1,"name":"In\u00edcio","item":"https:\/\/blogdobispo.com.br\/"},{"@type":"ListItem","position":2,"name":"Deputado Vivaldo Costa prop\u00f5e cria\u00e7\u00e3o do Programa Seca Verde para fortalecer conviv\u00eancia com a estiagem no Serid\u00f3"}]},{"@type":"WebSite","@id":"https:\/\/blogdobispo.com.br\/#website","url":"https:\/\/blogdobispo.com.br\/","name":"Blog do Bispo","description":"Comprometido apenas com o leitor","publisher":{"@id":"https:\/\/blogdobispo.com.br\/#organization"},"potentialAction":[{"@type":"SearchAction","target":{"@type":"EntryPoint","urlTemplate":"https:\/\/blogdobispo.com.br\/?s={search_term_string}"},"query-input":{"@type":"PropertyValueSpecification","valueRequired":true,"valueName":"search_term_string"}}],"inLanguage":"pt-BR"},{"@type":"Organization","@id":"https:\/\/blogdobispo.com.br\/#organization","name":"Blog do Bispo","url":"https:\/\/blogdobispo.com.br\/","logo":{"@type":"ImageObject","inLanguage":"pt-BR","@id":"https:\/\/blogdobispo.com.br\/#\/schema\/logo\/image\/","url":"http:\/\/blogdobispo.com.br\/wp-content\/uploads\/2023\/05\/cropped-headear.png","contentUrl":"http:\/\/blogdobispo.com.br\/wp-content\/uploads\/2023\/05\/cropped-headear.png","width":1500,"height":399,"caption":"Blog do Bispo"},"image":{"@id":"https:\/\/blogdobispo.com.br\/#\/schema\/logo\/image\/"}},{"@type":"Person","@id":"https:\/\/blogdobispo.com.br\/#\/schema\/person\/05abe7adb94767ba46bf757b4243d3e0","name":"Robson Trigueiro","image":{"@type":"ImageObject","inLanguage":"pt-BR","@id":"https:\/\/blogdobispo.com.br\/#\/schema\/person\/image\/","url":"https:\/\/secure.gravatar.com\/avatar\/b71c79ed1dcbb23d15e3cd8224dbfbd99da477df155b3e777061e3a006422418?s=96&d=mm&r=g","contentUrl":"https:\/\/secure.gravatar.com\/avatar\/b71c79ed1dcbb23d15e3cd8224dbfbd99da477df155b3e777061e3a006422418?s=96&d=mm&r=g","caption":"Robson Trigueiro"},"url":"https:\/\/blogdobispo.com.br\/?author=3"}]}},"featured_image_urls":{"full":["https:\/\/i0.wp.com\/blogdobispo.com.br\/wp-content\/uploads\/2025\/09\/img-20250918-wa1315.jpg?fit=1280%2C853&ssl=1",1280,853,false],"thumbnail":["https:\/\/i0.wp.com\/blogdobispo.com.br\/wp-content\/uploads\/2025\/09\/img-20250918-wa1315.jpg?resize=150%2C150&ssl=1",150,150,true],"medium":["https:\/\/i0.wp.com\/blogdobispo.com.br\/wp-content\/uploads\/2025\/09\/img-20250918-wa1315.jpg?fit=300%2C200&ssl=1",300,200,true],"medium_large":["https:\/\/i0.wp.com\/blogdobispo.com.br\/wp-content\/uploads\/2025\/09\/img-20250918-wa1315.jpg?fit=768%2C512&ssl=1",768,512,true],"large":["https:\/\/i0.wp.com\/blogdobispo.com.br\/wp-content\/uploads\/2025\/09\/img-20250918-wa1315.jpg?fit=800%2C533&ssl=1",800,533,true],"1536x1536":["https:\/\/i0.wp.com\/blogdobispo.com.br\/wp-content\/uploads\/2025\/09\/img-20250918-wa1315.jpg?fit=1280%2C853&ssl=1",1280,853,true],"2048x2048":["https:\/\/i0.wp.com\/blogdobispo.com.br\/wp-content\/uploads\/2025\/09\/img-20250918-wa1315.jpg?fit=1280%2C853&ssl=1",1280,853,true]},"author_info":{"display_name":"Robson Trigueiro","author_link":"https:\/\/blogdobispo.com.br\/?author=3"},"category_info":"<a href=\"https:\/\/blogdobispo.com.br\/?cat=12\" rel=\"category\">Cidadania<\/a> <a href=\"https:\/\/blogdobispo.com.br\/?cat=3\" rel=\"category\">Pol\u00edtica<\/a>","tag_info":"Pol\u00edtica","comment_count":"0","jetpack_featured_media_url":"https:\/\/i0.wp.com\/blogdobispo.com.br\/wp-content\/uploads\/2025\/09\/img-20250918-wa1315.jpg?fit=1280%2C853&ssl=1","jetpack_sharing_enabled":true,"_links":{"self":[{"href":"https:\/\/blogdobispo.com.br\/index.php?rest_route=\/wp\/v2\/posts\/17818","targetHints":{"allow":["GET"]}}],"collection":[{"href":"https:\/\/blogdobispo.com.br\/index.php?rest_route=\/wp\/v2\/posts"}],"about":[{"href":"https:\/\/blogdobispo.com.br\/index.php?rest_route=\/wp\/v2\/types\/post"}],"author":[{"embeddable":true,"href":"https:\/\/blogdobispo.com.br\/index.php?rest_route=\/wp\/v2\/users\/3"}],"replies":[{"embeddable":true,"href":"https:\/\/blogdobispo.com.br\/index.php?rest_route=%2Fwp%2Fv2%2Fcomments&post=17818"}],"version-history":[{"count":1,"href":"https:\/\/blogdobispo.com.br\/index.php?rest_route=\/wp\/v2\/posts\/17818\/revisions"}],"predecessor-version":[{"id":17820,"href":"https:\/\/blogdobispo.com.br\/index.php?rest_route=\/wp\/v2\/posts\/17818\/revisions\/17820"}],"wp:featuredmedia":[{"embeddable":true,"href":"https:\/\/blogdobispo.com.br\/index.php?rest_route=\/wp\/v2\/media\/17819"}],"wp:attachment":[{"href":"https:\/\/blogdobispo.com.br\/index.php?rest_route=%2Fwp%2Fv2%2Fmedia&parent=17818"}],"wp:term":[{"taxonomy":"category","embeddable":true,"href":"https:\/\/blogdobispo.com.br\/index.php?rest_route=%2Fwp%2Fv2%2Fcategories&post=17818"},{"taxonomy":"post_tag","embeddable":true,"href":"https:\/\/blogdobispo.com.br\/index.php?rest_route=%2Fwp%2Fv2%2Ftags&post=17818"}],"curies":[{"name":"wp","href":"https:\/\/api.w.org\/{rel}","templated":true}]}}