{"id":1780,"date":"2023-09-16T01:24:35","date_gmt":"2023-09-16T01:24:35","guid":{"rendered":"https:\/\/blogdobispo.com.br\/?p=1780"},"modified":"2023-09-16T01:24:35","modified_gmt":"2023-09-16T01:24:35","slug":"audiencia-publica-na-camara-de-natal-debate-a-importancia-da-mobilizacao-para-a-doacao-de-orgaos","status":"publish","type":"post","link":"https:\/\/blogdobispo.com.br\/?p=1780","title":{"rendered":"Audi\u00eancia P\u00fablica na C\u00e2mara de Natal debate a import\u00e2ncia da mobiliza\u00e7\u00e3o para a doa\u00e7\u00e3o de \u00f3rg\u00e3os"},"content":{"rendered":"\n<p>A C\u00e2mara Municipal de Natal debateu, na manh\u00e3 desta sexta-feira (15), em audi\u00eancia p\u00fablica, a import\u00e2ncia da mobiliza\u00e7\u00e3o para a doa\u00e7\u00e3o de \u00f3rg\u00e3os. A proposta foi uma iniciativa do presidente da Casa, vereador Eriko J\u00e1come (MDB) e contou com a presen\u00e7a de representantes da \u00e1rea da sa\u00fade, da Central de Transplantes do RN e pacientes transplantados ou que ainda aguardam na fila por um transplante. Na oportunidade tamb\u00e9m foi lan\u00e7ada a Campanha Institucional Doe \u00d3rg\u00e3os: \u201cSua escolha feita hoje \u00e9 vida para sempre\u201d.<\/p>\n\n\n\n<p>\u201cO poder legislativo da nossa cidade est\u00e1 de parab\u00e9ns. Estamos abra\u00e7ando uma excelente causa que hoje chega para somar ainda mais. A doa\u00e7\u00e3o de \u00f3rg\u00e3os n\u00e3o \u00e9 s\u00f3 uma quest\u00e3o de bondade, \u00e9 uma iniciativa que salva vidas. E isso deve ser de fato dialogado com a popula\u00e7\u00e3o atrav\u00e9s dos meios de comunica\u00e7\u00f5es, nas ruas de Natal e em palestras como a que trouxemos hoje aqui na C\u00e2mara. Doa\u00e7\u00e3o de \u00f3rg\u00e3os \u00e9 algo que precisamos dialogar diariamente para que as pessoas possam, sim, entender e ajudar e, automaticamente, salvar vidas\u201d, falou o presidente.<\/p>\n\n\n\n<p>Durante a audi\u00eancia, ocorreram relatos emocionantes como o da enfermeira Annie Azevedo, que h\u00e1 12 anos doou um rim para o seu tio. \u201cA hist\u00f3ria \u00e9 muito interessante, porque foi uma coisa casual. Apesar dele ser meu tio, mas ele entrou na m\u00e1quina sem me avisarem. Eu n\u00e3o sabia. Nessa \u00e9poca, h\u00e1 12 anos, n\u00e3o tinha WhatsApp. E a\u00ed um dia fui a um restaurante aqui em Natal e me encontrei com ele. E quando cheguei l\u00e1 vi que ele estava com um cateter na jugular e por ter conhecimento, eu sou enfermeira, imaginei que ele estivesse na m\u00e1quina de hemodi\u00e1lise. E olhei para ele e disse, voc\u00ea est\u00e1 na m\u00e1quina? E ele disse, estou h\u00e1 dois meses. Disse a ele que na segunda-feira iria fazer meus exames e se fosse compat\u00edvel com ele, meu rim seria doado. Foi muito emocionante porque ele mesmo tamb\u00e9m n\u00e3o esperava, se emocionou muito\u201d, relatou.<\/p>\n\n\n\n<p>Para a Coordenadora da Central de Transplantes do RN, Rog\u00e9ria Nunes, faz parte do papel da institui\u00e7\u00e3o essa busca ativa por doadores dentro do estado. \u201cS\u00e3o pessoas em diagn\u00f3stico de morte, que podem preencher crit\u00e9rios para a doa\u00e7\u00e3o. E depois que o diagn\u00f3stico de morte \u00e9 feito, a comunica\u00e7\u00e3o central deve ser realizada e a\u00ed, sim, a gente aborda a fam\u00edlia em rela\u00e7\u00e3o \u00e0 doa\u00e7\u00e3o. N\u00e3o basta querer ser um doador, voc\u00ea precisa poder ser um doador. Porque existem caracter\u00edsticas que fazem voc\u00ea poder ser um doador de cora\u00e7\u00e3o ou um doador de rins. Cada \u00f3rg\u00e3o tem sua particularidade. E a Central Estadual \u00e9 quem avalia esses pacientes. Faz os exames necess\u00e1rios para ocorrer uma doa\u00e7\u00e3o segura, j\u00e1 pensando em quem vai receber esse \u00f3rg\u00e3o com boa qualidade, um \u00f3rg\u00e3o que esteja funcionando plenamente. E essa capta\u00e7\u00e3o, esses exames, o transporte desses \u00f3rg\u00e3os dentro do estado e dentro do territ\u00f3rio nacional \u00e9 feito pela Central Estadual de Transplantes com o Sistema Nacional de Transplantes, Minist\u00e9rio da Sa\u00fade\u201d, explicou a coordenadora.<\/p>\n\n\n\n<p>\u201cO m\u00eas de setembro \u00e9 um m\u00eas muito importante, alusivo a diversas campanhas. Estamos no Setembro Amarelo, de preven\u00e7\u00e3o ao suic\u00eddio; setembro Dourado, de preven\u00e7\u00e3o ao c\u00e2ncer infanto-juvenil; mas tamb\u00e9m no Setembro Verde, onde \u00e9 comemorado no dia 27 de setembro o dia do doador de \u00f3rg\u00e3os. E a C\u00e2mara Municipal tem nessa atividade que se iniciou hoje com palestras para falar da import\u00e2ncia do doador de \u00f3rg\u00e3os\u201d, falou a vereadora Camila Ara\u00fajo (Uni\u00e3o Brasil).<\/p>\n\n\n\n<p>Os vereadores Eribaldo Medeiros (REDE), Milklei Leite (PV) e Herberth Sena (PSDB) tamb\u00e9m participaram do evento. Completando a programa\u00e7\u00e3o, A C\u00e2mara Municipal de Natal tamb\u00e9m participa na manh\u00e3 deste s\u00e1bado, a partir das 8 horas, de uma caminhada na Avenida Alexandrino de Alencar.<\/p>\n\n\n\n<figure class=\"wp-block-image size-large\"><img data-recalc-dims=\"1\" fetchpriority=\"high\" decoding=\"async\" width=\"800\" height=\"446\" src=\"https:\/\/i0.wp.com\/blogdobispo.com.br\/wp-content\/uploads\/2023\/09\/img_2924-1024x571.jpg?resize=800%2C446&#038;ssl=1\" class=\"wp-image-1779\" srcset=\"https:\/\/i0.wp.com\/blogdobispo.com.br\/wp-content\/uploads\/2023\/09\/img_2924.jpg?resize=1024%2C571&amp;ssl=1 1024w, https:\/\/i0.wp.com\/blogdobispo.com.br\/wp-content\/uploads\/2023\/09\/img_2924.jpg?resize=300%2C167&amp;ssl=1 300w, https:\/\/i0.wp.com\/blogdobispo.com.br\/wp-content\/uploads\/2023\/09\/img_2924.jpg?resize=768%2C428&amp;ssl=1 768w, https:\/\/i0.wp.com\/blogdobispo.com.br\/wp-content\/uploads\/2023\/09\/img_2924.jpg?resize=1536%2C856&amp;ssl=1 1536w, https:\/\/i0.wp.com\/blogdobispo.com.br\/wp-content\/uploads\/2023\/09\/img_2924.jpg?w=1600&amp;ssl=1 1600w\" sizes=\"(max-width: 800px) 100vw, 800px\" \/><\/figure>\n","protected":false},"excerpt":{"rendered":"<p>A C\u00e2mara Municipal de Natal debateu, na manh\u00e3 desta sexta-feira (15), em audi\u00eancia p\u00fablica, a import\u00e2ncia da mobiliza\u00e7\u00e3o para a doa\u00e7\u00e3o de \u00f3rg\u00e3os. A proposta foi uma iniciativa do presidente da Casa, vereador Eriko J\u00e1come (MDB) e contou com a presen\u00e7a de representantes da \u00e1rea da sa\u00fade, da Central de Transplantes do RN e pacientes [&hellip;]<\/p>\n","protected":false},"author":1,"featured_media":0,"comment_status":"open","ping_status":"open","sticky":false,"template":"","format":"standard","meta":{"cybocfi_hide_featured_image":"","_jetpack_memberships_contains_paid_content":false,"footnotes":""},"categories":[1],"tags":[],"class_list":["post-1780","post","type-post","status-publish","format-standard","hentry","category-diversos"],"yoast_head":"<!-- This site is optimized with the Yoast SEO plugin v25.6 - https:\/\/yoast.com\/wordpress\/plugins\/seo\/ -->\n<title>Audi\u00eancia P\u00fablica na C\u00e2mara de Natal debate a import\u00e2ncia da mobiliza\u00e7\u00e3o para a doa\u00e7\u00e3o de \u00f3rg\u00e3os - Blog do Bispo<\/title>\n<meta name=\"robots\" content=\"index, follow, max-snippet:-1, max-image-preview:large, max-video-preview:-1\" \/>\n<link rel=\"canonical\" href=\"https:\/\/blogdobispo.com.br\/?p=1780\" \/>\n<meta property=\"og:locale\" content=\"pt_BR\" \/>\n<meta property=\"og:type\" content=\"article\" \/>\n<meta property=\"og:title\" content=\"Audi\u00eancia P\u00fablica na C\u00e2mara de Natal debate a import\u00e2ncia da mobiliza\u00e7\u00e3o para a doa\u00e7\u00e3o de \u00f3rg\u00e3os - Blog do Bispo\" \/>\n<meta property=\"og:description\" content=\"A C\u00e2mara Municipal de Natal debateu, na manh\u00e3 desta sexta-feira (15), em audi\u00eancia p\u00fablica, a import\u00e2ncia da mobiliza\u00e7\u00e3o para a doa\u00e7\u00e3o de \u00f3rg\u00e3os. A proposta foi uma iniciativa do presidente da Casa, vereador Eriko J\u00e1come (MDB) e contou com a presen\u00e7a de representantes da \u00e1rea da sa\u00fade, da Central de Transplantes do RN e pacientes [&hellip;]\" \/>\n<meta property=\"og:url\" content=\"https:\/\/blogdobispo.com.br\/?p=1780\" \/>\n<meta property=\"og:site_name\" content=\"Blog do Bispo\" \/>\n<meta property=\"article:published_time\" content=\"2023-09-16T01:24:35+00:00\" \/>\n<meta property=\"og:image\" content=\"https:\/\/blogdobispo.com.br\/wp-content\/uploads\/2023\/09\/img_2924-1024x571.jpg\" \/>\n<meta name=\"author\" content=\"Jefferson Sterfeno\" \/>\n<meta name=\"twitter:card\" content=\"summary_large_image\" \/>\n<meta name=\"twitter:label1\" content=\"Escrito por\" \/>\n\t<meta name=\"twitter:data1\" content=\"Jefferson Sterfeno\" \/>\n\t<meta name=\"twitter:label2\" content=\"Est. tempo de leitura\" \/>\n\t<meta name=\"twitter:data2\" content=\"3 minutos\" \/>\n<script type=\"application\/ld+json\" class=\"yoast-schema-graph\">{\"@context\":\"https:\/\/schema.org\",\"@graph\":[{\"@type\":\"Article\",\"@id\":\"https:\/\/blogdobispo.com.br\/?p=1780#article\",\"isPartOf\":{\"@id\":\"https:\/\/blogdobispo.com.br\/?p=1780\"},\"author\":{\"name\":\"Jefferson Sterfeno\",\"@id\":\"https:\/\/blogdobispo.com.br\/#\/schema\/person\/e2209cc0e6cea5c5233d033e997b373f\"},\"headline\":\"Audi\u00eancia P\u00fablica na C\u00e2mara de Natal debate a import\u00e2ncia da mobiliza\u00e7\u00e3o para a doa\u00e7\u00e3o de \u00f3rg\u00e3os\",\"datePublished\":\"2023-09-16T01:24:35+00:00\",\"mainEntityOfPage\":{\"@id\":\"https:\/\/blogdobispo.com.br\/?p=1780\"},\"wordCount\":700,\"commentCount\":0,\"publisher\":{\"@id\":\"https:\/\/blogdobispo.com.br\/#organization\"},\"image\":{\"@id\":\"https:\/\/blogdobispo.com.br\/?p=1780#primaryimage\"},\"thumbnailUrl\":\"https:\/\/blogdobispo.com.br\/wp-content\/uploads\/2023\/09\/img_2924-1024x571.jpg\",\"articleSection\":[\"diversos\"],\"inLanguage\":\"pt-BR\",\"potentialAction\":[{\"@type\":\"CommentAction\",\"name\":\"Comment\",\"target\":[\"https:\/\/blogdobispo.com.br\/?p=1780#respond\"]}]},{\"@type\":\"WebPage\",\"@id\":\"https:\/\/blogdobispo.com.br\/?p=1780\",\"url\":\"https:\/\/blogdobispo.com.br\/?p=1780\",\"name\":\"Audi\u00eancia P\u00fablica na C\u00e2mara de Natal debate a import\u00e2ncia da mobiliza\u00e7\u00e3o para a doa\u00e7\u00e3o de \u00f3rg\u00e3os - Blog do Bispo\",\"isPartOf\":{\"@id\":\"https:\/\/blogdobispo.com.br\/#website\"},\"primaryImageOfPage\":{\"@id\":\"https:\/\/blogdobispo.com.br\/?p=1780#primaryimage\"},\"image\":{\"@id\":\"https:\/\/blogdobispo.com.br\/?p=1780#primaryimage\"},\"thumbnailUrl\":\"https:\/\/blogdobispo.com.br\/wp-content\/uploads\/2023\/09\/img_2924-1024x571.jpg\",\"datePublished\":\"2023-09-16T01:24:35+00:00\",\"breadcrumb\":{\"@id\":\"https:\/\/blogdobispo.com.br\/?p=1780#breadcrumb\"},\"inLanguage\":\"pt-BR\",\"potentialAction\":[{\"@type\":\"ReadAction\",\"target\":[\"https:\/\/blogdobispo.com.br\/?p=1780\"]}]},{\"@type\":\"ImageObject\",\"inLanguage\":\"pt-BR\",\"@id\":\"https:\/\/blogdobispo.com.br\/?p=1780#primaryimage\",\"url\":\"https:\/\/blogdobispo.com.br\/wp-content\/uploads\/2023\/09\/img_2924-1024x571.jpg\",\"contentUrl\":\"https:\/\/blogdobispo.com.br\/wp-content\/uploads\/2023\/09\/img_2924-1024x571.jpg\"},{\"@type\":\"BreadcrumbList\",\"@id\":\"https:\/\/blogdobispo.com.br\/?p=1780#breadcrumb\",\"itemListElement\":[{\"@type\":\"ListItem\",\"position\":1,\"name\":\"In\u00edcio\",\"item\":\"https:\/\/blogdobispo.com.br\/\"},{\"@type\":\"ListItem\",\"position\":2,\"name\":\"Audi\u00eancia P\u00fablica na C\u00e2mara de Natal debate a import\u00e2ncia da mobiliza\u00e7\u00e3o para a doa\u00e7\u00e3o de \u00f3rg\u00e3os\"}]},{\"@type\":\"WebSite\",\"@id\":\"https:\/\/blogdobispo.com.br\/#website\",\"url\":\"https:\/\/blogdobispo.com.br\/\",\"name\":\"Blog do Bispo\",\"description\":\"Comprometido apenas com o leitor\",\"publisher\":{\"@id\":\"https:\/\/blogdobispo.com.br\/#organization\"},\"potentialAction\":[{\"@type\":\"SearchAction\",\"target\":{\"@type\":\"EntryPoint\",\"urlTemplate\":\"https:\/\/blogdobispo.com.br\/?s={search_term_string}\"},\"query-input\":{\"@type\":\"PropertyValueSpecification\",\"valueRequired\":true,\"valueName\":\"search_term_string\"}}],\"inLanguage\":\"pt-BR\"},{\"@type\":\"Organization\",\"@id\":\"https:\/\/blogdobispo.com.br\/#organization\",\"name\":\"Blog do Bispo\",\"url\":\"https:\/\/blogdobispo.com.br\/\",\"logo\":{\"@type\":\"ImageObject\",\"inLanguage\":\"pt-BR\",\"@id\":\"https:\/\/blogdobispo.com.br\/#\/schema\/logo\/image\/\",\"url\":\"http:\/\/blogdobispo.com.br\/wp-content\/uploads\/2023\/05\/cropped-headear.png\",\"contentUrl\":\"http:\/\/blogdobispo.com.br\/wp-content\/uploads\/2023\/05\/cropped-headear.png\",\"width\":1500,\"height\":399,\"caption\":\"Blog do Bispo\"},\"image\":{\"@id\":\"https:\/\/blogdobispo.com.br\/#\/schema\/logo\/image\/\"}},{\"@type\":\"Person\",\"@id\":\"https:\/\/blogdobispo.com.br\/#\/schema\/person\/e2209cc0e6cea5c5233d033e997b373f\",\"name\":\"Jefferson Sterfeno\",\"image\":{\"@type\":\"ImageObject\",\"inLanguage\":\"pt-BR\",\"@id\":\"https:\/\/blogdobispo.com.br\/#\/schema\/person\/image\/\",\"url\":\"https:\/\/secure.gravatar.com\/avatar\/0534e84764641168a677026b6d57a3f51dc7ac4db0b4f6186d9cb330d4ee1160?s=96&d=mm&r=g\",\"contentUrl\":\"https:\/\/secure.gravatar.com\/avatar\/0534e84764641168a677026b6d57a3f51dc7ac4db0b4f6186d9cb330d4ee1160?s=96&d=mm&r=g\",\"caption\":\"Jefferson Sterfeno\"},\"sameAs\":[\"http:\/\/blogdobispo.com.br\"],\"url\":\"https:\/\/blogdobispo.com.br\/?author=1\"}]}<\/script>\n<!-- \/ Yoast SEO plugin. -->","yoast_head_json":{"title":"Audi\u00eancia P\u00fablica na C\u00e2mara de Natal debate a import\u00e2ncia da mobiliza\u00e7\u00e3o para a doa\u00e7\u00e3o de \u00f3rg\u00e3os - Blog do Bispo","robots":{"index":"index","follow":"follow","max-snippet":"max-snippet:-1","max-image-preview":"max-image-preview:large","max-video-preview":"max-video-preview:-1"},"canonical":"https:\/\/blogdobispo.com.br\/?p=1780","og_locale":"pt_BR","og_type":"article","og_title":"Audi\u00eancia P\u00fablica na C\u00e2mara de Natal debate a import\u00e2ncia da mobiliza\u00e7\u00e3o para a doa\u00e7\u00e3o de \u00f3rg\u00e3os - Blog do Bispo","og_description":"A C\u00e2mara Municipal de Natal debateu, na manh\u00e3 desta sexta-feira (15), em audi\u00eancia p\u00fablica, a import\u00e2ncia da mobiliza\u00e7\u00e3o para a doa\u00e7\u00e3o de \u00f3rg\u00e3os. A proposta foi uma iniciativa do presidente da Casa, vereador Eriko J\u00e1come (MDB) e contou com a presen\u00e7a de representantes da \u00e1rea da sa\u00fade, da Central de Transplantes do RN e pacientes [&hellip;]","og_url":"https:\/\/blogdobispo.com.br\/?p=1780","og_site_name":"Blog do Bispo","article_published_time":"2023-09-16T01:24:35+00:00","og_image":[{"url":"https:\/\/blogdobispo.com.br\/wp-content\/uploads\/2023\/09\/img_2924-1024x571.jpg","type":"","width":"","height":""}],"author":"Jefferson Sterfeno","twitter_card":"summary_large_image","twitter_misc":{"Escrito por":"Jefferson Sterfeno","Est. tempo de leitura":"3 minutos"},"schema":{"@context":"https:\/\/schema.org","@graph":[{"@type":"Article","@id":"https:\/\/blogdobispo.com.br\/?p=1780#article","isPartOf":{"@id":"https:\/\/blogdobispo.com.br\/?p=1780"},"author":{"name":"Jefferson Sterfeno","@id":"https:\/\/blogdobispo.com.br\/#\/schema\/person\/e2209cc0e6cea5c5233d033e997b373f"},"headline":"Audi\u00eancia P\u00fablica na C\u00e2mara de Natal debate a import\u00e2ncia da mobiliza\u00e7\u00e3o para a doa\u00e7\u00e3o de \u00f3rg\u00e3os","datePublished":"2023-09-16T01:24:35+00:00","mainEntityOfPage":{"@id":"https:\/\/blogdobispo.com.br\/?p=1780"},"wordCount":700,"commentCount":0,"publisher":{"@id":"https:\/\/blogdobispo.com.br\/#organization"},"image":{"@id":"https:\/\/blogdobispo.com.br\/?p=1780#primaryimage"},"thumbnailUrl":"https:\/\/blogdobispo.com.br\/wp-content\/uploads\/2023\/09\/img_2924-1024x571.jpg","articleSection":["diversos"],"inLanguage":"pt-BR","potentialAction":[{"@type":"CommentAction","name":"Comment","target":["https:\/\/blogdobispo.com.br\/?p=1780#respond"]}]},{"@type":"WebPage","@id":"https:\/\/blogdobispo.com.br\/?p=1780","url":"https:\/\/blogdobispo.com.br\/?p=1780","name":"Audi\u00eancia P\u00fablica na C\u00e2mara de Natal debate a import\u00e2ncia da mobiliza\u00e7\u00e3o para a doa\u00e7\u00e3o de \u00f3rg\u00e3os - Blog do Bispo","isPartOf":{"@id":"https:\/\/blogdobispo.com.br\/#website"},"primaryImageOfPage":{"@id":"https:\/\/blogdobispo.com.br\/?p=1780#primaryimage"},"image":{"@id":"https:\/\/blogdobispo.com.br\/?p=1780#primaryimage"},"thumbnailUrl":"https:\/\/blogdobispo.com.br\/wp-content\/uploads\/2023\/09\/img_2924-1024x571.jpg","datePublished":"2023-09-16T01:24:35+00:00","breadcrumb":{"@id":"https:\/\/blogdobispo.com.br\/?p=1780#breadcrumb"},"inLanguage":"pt-BR","potentialAction":[{"@type":"ReadAction","target":["https:\/\/blogdobispo.com.br\/?p=1780"]}]},{"@type":"ImageObject","inLanguage":"pt-BR","@id":"https:\/\/blogdobispo.com.br\/?p=1780#primaryimage","url":"https:\/\/blogdobispo.com.br\/wp-content\/uploads\/2023\/09\/img_2924-1024x571.jpg","contentUrl":"https:\/\/blogdobispo.com.br\/wp-content\/uploads\/2023\/09\/img_2924-1024x571.jpg"},{"@type":"BreadcrumbList","@id":"https:\/\/blogdobispo.com.br\/?p=1780#breadcrumb","itemListElement":[{"@type":"ListItem","position":1,"name":"In\u00edcio","item":"https:\/\/blogdobispo.com.br\/"},{"@type":"ListItem","position":2,"name":"Audi\u00eancia P\u00fablica na C\u00e2mara de Natal debate a import\u00e2ncia da mobiliza\u00e7\u00e3o para a doa\u00e7\u00e3o de \u00f3rg\u00e3os"}]},{"@type":"WebSite","@id":"https:\/\/blogdobispo.com.br\/#website","url":"https:\/\/blogdobispo.com.br\/","name":"Blog do Bispo","description":"Comprometido apenas com o leitor","publisher":{"@id":"https:\/\/blogdobispo.com.br\/#organization"},"potentialAction":[{"@type":"SearchAction","target":{"@type":"EntryPoint","urlTemplate":"https:\/\/blogdobispo.com.br\/?s={search_term_string}"},"query-input":{"@type":"PropertyValueSpecification","valueRequired":true,"valueName":"search_term_string"}}],"inLanguage":"pt-BR"},{"@type":"Organization","@id":"https:\/\/blogdobispo.com.br\/#organization","name":"Blog do Bispo","url":"https:\/\/blogdobispo.com.br\/","logo":{"@type":"ImageObject","inLanguage":"pt-BR","@id":"https:\/\/blogdobispo.com.br\/#\/schema\/logo\/image\/","url":"http:\/\/blogdobispo.com.br\/wp-content\/uploads\/2023\/05\/cropped-headear.png","contentUrl":"http:\/\/blogdobispo.com.br\/wp-content\/uploads\/2023\/05\/cropped-headear.png","width":1500,"height":399,"caption":"Blog do Bispo"},"image":{"@id":"https:\/\/blogdobispo.com.br\/#\/schema\/logo\/image\/"}},{"@type":"Person","@id":"https:\/\/blogdobispo.com.br\/#\/schema\/person\/e2209cc0e6cea5c5233d033e997b373f","name":"Jefferson Sterfeno","image":{"@type":"ImageObject","inLanguage":"pt-BR","@id":"https:\/\/blogdobispo.com.br\/#\/schema\/person\/image\/","url":"https:\/\/secure.gravatar.com\/avatar\/0534e84764641168a677026b6d57a3f51dc7ac4db0b4f6186d9cb330d4ee1160?s=96&d=mm&r=g","contentUrl":"https:\/\/secure.gravatar.com\/avatar\/0534e84764641168a677026b6d57a3f51dc7ac4db0b4f6186d9cb330d4ee1160?s=96&d=mm&r=g","caption":"Jefferson Sterfeno"},"sameAs":["http:\/\/blogdobispo.com.br"],"url":"https:\/\/blogdobispo.com.br\/?author=1"}]}},"featured_image_urls":{"full":"","thumbnail":"","medium":"","medium_large":"","large":"","1536x1536":"","2048x2048":""},"author_info":{"display_name":"Jefferson Sterfeno","author_link":"https:\/\/blogdobispo.com.br\/?author=1"},"category_info":"<a href=\"https:\/\/blogdobispo.com.br\/?cat=1\" rel=\"category\">diversos<\/a>","tag_info":"diversos","comment_count":"0","jetpack_featured_media_url":"","jetpack_sharing_enabled":true,"_links":{"self":[{"href":"https:\/\/blogdobispo.com.br\/index.php?rest_route=\/wp\/v2\/posts\/1780","targetHints":{"allow":["GET"]}}],"collection":[{"href":"https:\/\/blogdobispo.com.br\/index.php?rest_route=\/wp\/v2\/posts"}],"about":[{"href":"https:\/\/blogdobispo.com.br\/index.php?rest_route=\/wp\/v2\/types\/post"}],"author":[{"embeddable":true,"href":"https:\/\/blogdobispo.com.br\/index.php?rest_route=\/wp\/v2\/users\/1"}],"replies":[{"embeddable":true,"href":"https:\/\/blogdobispo.com.br\/index.php?rest_route=%2Fwp%2Fv2%2Fcomments&post=1780"}],"version-history":[{"count":0,"href":"https:\/\/blogdobispo.com.br\/index.php?rest_route=\/wp\/v2\/posts\/1780\/revisions"}],"wp:attachment":[{"href":"https:\/\/blogdobispo.com.br\/index.php?rest_route=%2Fwp%2Fv2%2Fmedia&parent=1780"}],"wp:term":[{"taxonomy":"category","embeddable":true,"href":"https:\/\/blogdobispo.com.br\/index.php?rest_route=%2Fwp%2Fv2%2Fcategories&post=1780"},{"taxonomy":"post_tag","embeddable":true,"href":"https:\/\/blogdobispo.com.br\/index.php?rest_route=%2Fwp%2Fv2%2Ftags&post=1780"}],"curies":[{"name":"wp","href":"https:\/\/api.w.org\/{rel}","templated":true}]}}