{"id":1778,"date":"2023-09-16T01:22:12","date_gmt":"2023-09-16T01:22:12","guid":{"rendered":"https:\/\/blogdobispo.com.br\/?p=1778"},"modified":"2023-09-16T01:22:12","modified_gmt":"2023-09-16T01:22:12","slug":"prefeitura-do-natal-autoriza-obras-do-programa-asfalto-novo","status":"publish","type":"post","link":"https:\/\/blogdobispo.com.br\/?p=1778","title":{"rendered":"Prefeitura do Natal autoriza obras do programa Asfalto Novo"},"content":{"rendered":"\n\n\n<figure class=\"wp-block-image size-large\"><img data-recalc-dims=\"1\" fetchpriority=\"high\" decoding=\"async\" width=\"800\" height=\"534\" src=\"https:\/\/i0.wp.com\/blogdobispo.com.br\/wp-content\/uploads\/2023\/09\/ordem-de-servico-do-prog-asfalto-novo-foto-alex-regis-1024x683.jpg?resize=800%2C534&#038;ssl=1\" class=\"wp-image-1777\" srcset=\"https:\/\/i0.wp.com\/blogdobispo.com.br\/wp-content\/uploads\/2023\/09\/ordem-de-servico-do-prog-asfalto-novo-foto-alex-regis.jpg?resize=1024%2C683&amp;ssl=1 1024w, https:\/\/i0.wp.com\/blogdobispo.com.br\/wp-content\/uploads\/2023\/09\/ordem-de-servico-do-prog-asfalto-novo-foto-alex-regis.jpg?resize=300%2C200&amp;ssl=1 300w, https:\/\/i0.wp.com\/blogdobispo.com.br\/wp-content\/uploads\/2023\/09\/ordem-de-servico-do-prog-asfalto-novo-foto-alex-regis.jpg?resize=768%2C512&amp;ssl=1 768w, https:\/\/i0.wp.com\/blogdobispo.com.br\/wp-content\/uploads\/2023\/09\/ordem-de-servico-do-prog-asfalto-novo-foto-alex-regis.jpg?resize=1536%2C1024&amp;ssl=1 1536w, https:\/\/i0.wp.com\/blogdobispo.com.br\/wp-content\/uploads\/2023\/09\/ordem-de-servico-do-prog-asfalto-novo-foto-alex-regis.jpg?w=1599&amp;ssl=1 1599w\" sizes=\"(max-width: 800px) 100vw, 800px\" \/><\/figure>\n\n\n\n<p>O prefeito de Natal, \u00c1lvaro Dias, assinou nesta sexta-feira (15), no&nbsp;Pal\u00e1cio Felipe Camar\u00e3o, a ordem de servi\u00e7o para o recapeamento&nbsp;asf\u00e1ltico de avenidas e ruas nas zonas Sul e Leste da capital, al\u00e9m de&nbsp;servi\u00e7os de melhorias e acessibilidade em cal\u00e7adas do entorno dessas&nbsp;vias. A obra integra o programa Asfalto Novo, com investimentos de&nbsp;quase R$ 9 milh\u00f5es. &nbsp;<\/p>\n\n\n\n<p>Ser\u00e3o contempladas as avenidas Coronel Estevam, conhecida como AV.9&nbsp;(Trecho entre Rua Pres. Le\u00e3o Veloso \u00e0 Av Alexandrino de Alencar); Av. 2 &#8211;&nbsp;Presidente Bandeira (Trecho entre a Av Jaguarari \u00e0 Av 9); Avenida&nbsp;Amintas Barros (Trecho entre Rua dos Toror\u00f3s \u00e0 Av Xavier da Silveira) e&nbsp;as ruas &nbsp;Coronel Joaquim Manoel (Trecho entre Av Afonso Pena com a&nbsp;Av. Nilo Pe\u00e7anha) e Rua General Gustavo Cordeiro de Faria (Trecho entre&nbsp;Av. Nilo Pe\u00e7anha \u00e0 Av. Mal Floriano Peixoto). Os servi\u00e7os ser\u00e3o&nbsp;executados pela empresa Novatec. &nbsp;<\/p>\n\n\n\n<p>O prefeito destacou as &nbsp;importantes obras que sua administra\u00e7\u00e3o vem&nbsp;realizando na capital e investimentos da administra\u00e7\u00e3o para melhorar a&nbsp;vida dos natalenses. &#8220;\u00c9 um momento muito importante. Todos&nbsp;reconhecem o desenvolvimento de nossa gest\u00e3o. Nunca antes se viu&nbsp;tanto investimento como estamos fazendo. Estamos realizando obras&nbsp;nos quatro cantos da cidade&#8221;, enfatizou.&nbsp;<\/p>\n\n\n\n<p>&#8220;S\u00e3o investimentos que melhoram a infraestrutura da cidade, apenas&nbsp;nesse trecho est\u00e3o sendo investidos R$ 9 milh\u00f5es, recursos que dar\u00e3o&nbsp;uma nova vida para essas avenidas e ruas. Com mais seguran\u00e7a,&nbsp;modernidade e conforto para todos. E com cal\u00e7adas prontas para&nbsp;receber cadeirantes e pessoas cegas\u201d, disse o prefeito \u00c1lvaro Dias.&nbsp;<\/p>\n\n\n\n<p>De acordo com a Secretaria Municipal de Infraestrutura (Seinfra), a&nbsp;previs\u00e3o de servi\u00e7os \u00e9 de 150 dias. As obras est\u00e3o dentro do programa&nbsp;Asfalto Novo, desenvolvido pela administra\u00e7\u00e3o municipal e que trabalha&nbsp;com melhorias nas quatro regi\u00f5es da cidade.&nbsp;<\/p>\n\n\n\n<p>\u201cNo pr\u00f3ximo m\u00eas, temos a previs\u00e3o de lan\u00e7ar edital para novas vias nas&nbsp;quatro zonas de Natal, com destaque para a\u00e7\u00f5es na Cidade Sat\u00e9lite e na&nbsp;avenida dos Xavantes, uma das principais liga\u00e7\u00f5es do bairro com o&nbsp;restante da cidade\u201d, finaliza o secret\u00e1rio Carlson Gomes.&nbsp;<\/p>\n\n\n\n<hr class=\"wp-block-separator has-alpha-channel-opacity\"\/>\n\n\n\n<p>At\u00e9 o momento, os servi\u00e7os de pavimenta\u00e7\u00e3o asf\u00e1ltica foram&nbsp;desenvolvidos em diversas ruas e avenidas dos bairros das Quintas,&nbsp;Redinha, Bom Pastor, Lagoa Azul, Nossa Senhora da Apresenta\u00e7\u00e3o,&nbsp;conjunto Santa Catarina e em outras \u00e1reas, totalizando investimentos na&nbsp;ordem de R$ 40 milh\u00f5es.&nbsp;<\/p>\n\n\n\n<p>Neste m\u00eas de setembro, o prefeito \u00c1lvaro Dias &nbsp;j\u00e1 assinou a autoriza\u00e7\u00e3o&nbsp;para a pavimenta\u00e7\u00e3o de ruas nos bairros do Tirol, Barro Vermelho,&nbsp;Capim Macio, Lagoa Nova, Nazar\u00e9 e Alecrim, em um bloco de&nbsp;investimentos na ordem de mais de R$ 5,7 milh\u00f5es, parceria entre as&nbsp;Secretarias Municipais de Infraestrutura (Seinfra) e de Mobilidade&nbsp;Urbana (STTU).&nbsp;<\/p>\n\n\n\n<p>Ainda dentro do pacote de obras do Programa Asfalto Novo que prev\u00ea um investimento superior a R$ 70 milh\u00f5es,  ser\u00e3o recuperadas as ruas Jos\u00e9 Barreira Lima Verde (Tirol), Ant\u00f4nio Albuquerque (Tirol), Segundo Wanderley (Barro Vermelho), Humberto Monte (Capim Macio), C\u00f4nego Luiz Wanderley (Lagoa Nova), Est\u00e1cio de S\u00e1 (Lagoa Nova), Ant\u00f4nio de Almeida (Nossa Senhora de Nazar\u00e9), Presidente Gon\u00e7alves (Alecrim), Presidente Jos\u00e9 Bento (Alecrim), Presidente Quaresma (Alecrim) e Leonel Leite (Alecrim). Al\u00e9m do recapeamento, as vias receber\u00e3o ainda melhorias na acessibilidade e ter\u00e3o uma nova sinaliza\u00e7\u00e3o vi\u00e1ria implantada. <br><\/p>\n","protected":false},"excerpt":{"rendered":"<p>O prefeito de Natal, \u00c1lvaro Dias, assinou nesta sexta-feira (15), no&nbsp;Pal\u00e1cio Felipe Camar\u00e3o, a ordem de servi\u00e7o para o recapeamento&nbsp;asf\u00e1ltico de avenidas e ruas nas zonas Sul e Leste da capital, al\u00e9m de&nbsp;servi\u00e7os de melhorias e acessibilidade em cal\u00e7adas do entorno dessas&nbsp;vias. A obra integra o programa Asfalto Novo, com investimentos de&nbsp;quase R$ 9 milh\u00f5es. [&hellip;]<\/p>\n","protected":false},"author":1,"featured_media":0,"comment_status":"open","ping_status":"open","sticky":false,"template":"","format":"standard","meta":{"cybocfi_hide_featured_image":"","_jetpack_memberships_contains_paid_content":false,"footnotes":""},"categories":[1],"tags":[],"class_list":["post-1778","post","type-post","status-publish","format-standard","hentry","category-diversos"],"yoast_head":"<!-- This site is optimized with the Yoast SEO plugin v25.6 - https:\/\/yoast.com\/wordpress\/plugins\/seo\/ -->\n<title>Prefeitura do Natal autoriza obras do programa Asfalto Novo - Blog do Bispo<\/title>\n<meta name=\"robots\" content=\"index, follow, max-snippet:-1, max-image-preview:large, max-video-preview:-1\" \/>\n<link rel=\"canonical\" href=\"https:\/\/blogdobispo.com.br\/?p=1778\" \/>\n<meta property=\"og:locale\" content=\"pt_BR\" \/>\n<meta property=\"og:type\" content=\"article\" \/>\n<meta property=\"og:title\" content=\"Prefeitura do Natal autoriza obras do programa Asfalto Novo - Blog do Bispo\" \/>\n<meta property=\"og:description\" content=\"O prefeito de Natal, \u00c1lvaro Dias, assinou nesta sexta-feira (15), no&nbsp;Pal\u00e1cio Felipe Camar\u00e3o, a ordem de servi\u00e7o para o recapeamento&nbsp;asf\u00e1ltico de avenidas e ruas nas zonas Sul e Leste da capital, al\u00e9m de&nbsp;servi\u00e7os de melhorias e acessibilidade em cal\u00e7adas do entorno dessas&nbsp;vias. A obra integra o programa Asfalto Novo, com investimentos de&nbsp;quase R$ 9 milh\u00f5es. [&hellip;]\" \/>\n<meta property=\"og:url\" content=\"https:\/\/blogdobispo.com.br\/?p=1778\" \/>\n<meta property=\"og:site_name\" content=\"Blog do Bispo\" \/>\n<meta property=\"article:published_time\" content=\"2023-09-16T01:22:12+00:00\" \/>\n<meta property=\"og:image\" content=\"https:\/\/blogdobispo.com.br\/wp-content\/uploads\/2023\/09\/ordem-de-servico-do-prog-asfalto-novo-foto-alex-regis-1024x683.jpg\" \/>\n<meta name=\"author\" content=\"Jefferson Sterfeno\" \/>\n<meta name=\"twitter:card\" content=\"summary_large_image\" \/>\n<meta name=\"twitter:label1\" content=\"Escrito por\" \/>\n\t<meta name=\"twitter:data1\" content=\"Jefferson Sterfeno\" \/>\n\t<meta name=\"twitter:label2\" content=\"Est. tempo de leitura\" \/>\n\t<meta name=\"twitter:data2\" content=\"3 minutos\" \/>\n<script type=\"application\/ld+json\" class=\"yoast-schema-graph\">{\"@context\":\"https:\/\/schema.org\",\"@graph\":[{\"@type\":\"Article\",\"@id\":\"https:\/\/blogdobispo.com.br\/?p=1778#article\",\"isPartOf\":{\"@id\":\"https:\/\/blogdobispo.com.br\/?p=1778\"},\"author\":{\"name\":\"Jefferson Sterfeno\",\"@id\":\"https:\/\/blogdobispo.com.br\/#\/schema\/person\/e2209cc0e6cea5c5233d033e997b373f\"},\"headline\":\"Prefeitura do Natal autoriza obras do programa Asfalto Novo\",\"datePublished\":\"2023-09-16T01:22:12+00:00\",\"mainEntityOfPage\":{\"@id\":\"https:\/\/blogdobispo.com.br\/?p=1778\"},\"wordCount\":619,\"commentCount\":0,\"publisher\":{\"@id\":\"https:\/\/blogdobispo.com.br\/#organization\"},\"image\":{\"@id\":\"https:\/\/blogdobispo.com.br\/?p=1778#primaryimage\"},\"thumbnailUrl\":\"https:\/\/blogdobispo.com.br\/wp-content\/uploads\/2023\/09\/ordem-de-servico-do-prog-asfalto-novo-foto-alex-regis-1024x683.jpg\",\"articleSection\":[\"diversos\"],\"inLanguage\":\"pt-BR\",\"potentialAction\":[{\"@type\":\"CommentAction\",\"name\":\"Comment\",\"target\":[\"https:\/\/blogdobispo.com.br\/?p=1778#respond\"]}]},{\"@type\":\"WebPage\",\"@id\":\"https:\/\/blogdobispo.com.br\/?p=1778\",\"url\":\"https:\/\/blogdobispo.com.br\/?p=1778\",\"name\":\"Prefeitura do Natal autoriza obras do programa Asfalto Novo - Blog do Bispo\",\"isPartOf\":{\"@id\":\"https:\/\/blogdobispo.com.br\/#website\"},\"primaryImageOfPage\":{\"@id\":\"https:\/\/blogdobispo.com.br\/?p=1778#primaryimage\"},\"image\":{\"@id\":\"https:\/\/blogdobispo.com.br\/?p=1778#primaryimage\"},\"thumbnailUrl\":\"https:\/\/blogdobispo.com.br\/wp-content\/uploads\/2023\/09\/ordem-de-servico-do-prog-asfalto-novo-foto-alex-regis-1024x683.jpg\",\"datePublished\":\"2023-09-16T01:22:12+00:00\",\"breadcrumb\":{\"@id\":\"https:\/\/blogdobispo.com.br\/?p=1778#breadcrumb\"},\"inLanguage\":\"pt-BR\",\"potentialAction\":[{\"@type\":\"ReadAction\",\"target\":[\"https:\/\/blogdobispo.com.br\/?p=1778\"]}]},{\"@type\":\"ImageObject\",\"inLanguage\":\"pt-BR\",\"@id\":\"https:\/\/blogdobispo.com.br\/?p=1778#primaryimage\",\"url\":\"https:\/\/blogdobispo.com.br\/wp-content\/uploads\/2023\/09\/ordem-de-servico-do-prog-asfalto-novo-foto-alex-regis-1024x683.jpg\",\"contentUrl\":\"https:\/\/blogdobispo.com.br\/wp-content\/uploads\/2023\/09\/ordem-de-servico-do-prog-asfalto-novo-foto-alex-regis-1024x683.jpg\"},{\"@type\":\"BreadcrumbList\",\"@id\":\"https:\/\/blogdobispo.com.br\/?p=1778#breadcrumb\",\"itemListElement\":[{\"@type\":\"ListItem\",\"position\":1,\"name\":\"In\u00edcio\",\"item\":\"https:\/\/blogdobispo.com.br\/\"},{\"@type\":\"ListItem\",\"position\":2,\"name\":\"Prefeitura do Natal autoriza obras do programa Asfalto Novo\"}]},{\"@type\":\"WebSite\",\"@id\":\"https:\/\/blogdobispo.com.br\/#website\",\"url\":\"https:\/\/blogdobispo.com.br\/\",\"name\":\"Blog do Bispo\",\"description\":\"Comprometido apenas com o leitor\",\"publisher\":{\"@id\":\"https:\/\/blogdobispo.com.br\/#organization\"},\"potentialAction\":[{\"@type\":\"SearchAction\",\"target\":{\"@type\":\"EntryPoint\",\"urlTemplate\":\"https:\/\/blogdobispo.com.br\/?s={search_term_string}\"},\"query-input\":{\"@type\":\"PropertyValueSpecification\",\"valueRequired\":true,\"valueName\":\"search_term_string\"}}],\"inLanguage\":\"pt-BR\"},{\"@type\":\"Organization\",\"@id\":\"https:\/\/blogdobispo.com.br\/#organization\",\"name\":\"Blog do Bispo\",\"url\":\"https:\/\/blogdobispo.com.br\/\",\"logo\":{\"@type\":\"ImageObject\",\"inLanguage\":\"pt-BR\",\"@id\":\"https:\/\/blogdobispo.com.br\/#\/schema\/logo\/image\/\",\"url\":\"http:\/\/blogdobispo.com.br\/wp-content\/uploads\/2023\/05\/cropped-headear.png\",\"contentUrl\":\"http:\/\/blogdobispo.com.br\/wp-content\/uploads\/2023\/05\/cropped-headear.png\",\"width\":1500,\"height\":399,\"caption\":\"Blog do Bispo\"},\"image\":{\"@id\":\"https:\/\/blogdobispo.com.br\/#\/schema\/logo\/image\/\"}},{\"@type\":\"Person\",\"@id\":\"https:\/\/blogdobispo.com.br\/#\/schema\/person\/e2209cc0e6cea5c5233d033e997b373f\",\"name\":\"Jefferson Sterfeno\",\"image\":{\"@type\":\"ImageObject\",\"inLanguage\":\"pt-BR\",\"@id\":\"https:\/\/blogdobispo.com.br\/#\/schema\/person\/image\/\",\"url\":\"https:\/\/secure.gravatar.com\/avatar\/0534e84764641168a677026b6d57a3f51dc7ac4db0b4f6186d9cb330d4ee1160?s=96&d=mm&r=g\",\"contentUrl\":\"https:\/\/secure.gravatar.com\/avatar\/0534e84764641168a677026b6d57a3f51dc7ac4db0b4f6186d9cb330d4ee1160?s=96&d=mm&r=g\",\"caption\":\"Jefferson Sterfeno\"},\"sameAs\":[\"http:\/\/blogdobispo.com.br\"],\"url\":\"https:\/\/blogdobispo.com.br\/?author=1\"}]}<\/script>\n<!-- \/ Yoast SEO plugin. -->","yoast_head_json":{"title":"Prefeitura do Natal autoriza obras do programa Asfalto Novo - Blog do Bispo","robots":{"index":"index","follow":"follow","max-snippet":"max-snippet:-1","max-image-preview":"max-image-preview:large","max-video-preview":"max-video-preview:-1"},"canonical":"https:\/\/blogdobispo.com.br\/?p=1778","og_locale":"pt_BR","og_type":"article","og_title":"Prefeitura do Natal autoriza obras do programa Asfalto Novo - Blog do Bispo","og_description":"O prefeito de Natal, \u00c1lvaro Dias, assinou nesta sexta-feira (15), no&nbsp;Pal\u00e1cio Felipe Camar\u00e3o, a ordem de servi\u00e7o para o recapeamento&nbsp;asf\u00e1ltico de avenidas e ruas nas zonas Sul e Leste da capital, al\u00e9m de&nbsp;servi\u00e7os de melhorias e acessibilidade em cal\u00e7adas do entorno dessas&nbsp;vias. A obra integra o programa Asfalto Novo, com investimentos de&nbsp;quase R$ 9 milh\u00f5es. [&hellip;]","og_url":"https:\/\/blogdobispo.com.br\/?p=1778","og_site_name":"Blog do Bispo","article_published_time":"2023-09-16T01:22:12+00:00","og_image":[{"url":"https:\/\/blogdobispo.com.br\/wp-content\/uploads\/2023\/09\/ordem-de-servico-do-prog-asfalto-novo-foto-alex-regis-1024x683.jpg","type":"","width":"","height":""}],"author":"Jefferson Sterfeno","twitter_card":"summary_large_image","twitter_misc":{"Escrito por":"Jefferson Sterfeno","Est. tempo de leitura":"3 minutos"},"schema":{"@context":"https:\/\/schema.org","@graph":[{"@type":"Article","@id":"https:\/\/blogdobispo.com.br\/?p=1778#article","isPartOf":{"@id":"https:\/\/blogdobispo.com.br\/?p=1778"},"author":{"name":"Jefferson Sterfeno","@id":"https:\/\/blogdobispo.com.br\/#\/schema\/person\/e2209cc0e6cea5c5233d033e997b373f"},"headline":"Prefeitura do Natal autoriza obras do programa Asfalto Novo","datePublished":"2023-09-16T01:22:12+00:00","mainEntityOfPage":{"@id":"https:\/\/blogdobispo.com.br\/?p=1778"},"wordCount":619,"commentCount":0,"publisher":{"@id":"https:\/\/blogdobispo.com.br\/#organization"},"image":{"@id":"https:\/\/blogdobispo.com.br\/?p=1778#primaryimage"},"thumbnailUrl":"https:\/\/blogdobispo.com.br\/wp-content\/uploads\/2023\/09\/ordem-de-servico-do-prog-asfalto-novo-foto-alex-regis-1024x683.jpg","articleSection":["diversos"],"inLanguage":"pt-BR","potentialAction":[{"@type":"CommentAction","name":"Comment","target":["https:\/\/blogdobispo.com.br\/?p=1778#respond"]}]},{"@type":"WebPage","@id":"https:\/\/blogdobispo.com.br\/?p=1778","url":"https:\/\/blogdobispo.com.br\/?p=1778","name":"Prefeitura do Natal autoriza obras do programa Asfalto Novo - Blog do Bispo","isPartOf":{"@id":"https:\/\/blogdobispo.com.br\/#website"},"primaryImageOfPage":{"@id":"https:\/\/blogdobispo.com.br\/?p=1778#primaryimage"},"image":{"@id":"https:\/\/blogdobispo.com.br\/?p=1778#primaryimage"},"thumbnailUrl":"https:\/\/blogdobispo.com.br\/wp-content\/uploads\/2023\/09\/ordem-de-servico-do-prog-asfalto-novo-foto-alex-regis-1024x683.jpg","datePublished":"2023-09-16T01:22:12+00:00","breadcrumb":{"@id":"https:\/\/blogdobispo.com.br\/?p=1778#breadcrumb"},"inLanguage":"pt-BR","potentialAction":[{"@type":"ReadAction","target":["https:\/\/blogdobispo.com.br\/?p=1778"]}]},{"@type":"ImageObject","inLanguage":"pt-BR","@id":"https:\/\/blogdobispo.com.br\/?p=1778#primaryimage","url":"https:\/\/blogdobispo.com.br\/wp-content\/uploads\/2023\/09\/ordem-de-servico-do-prog-asfalto-novo-foto-alex-regis-1024x683.jpg","contentUrl":"https:\/\/blogdobispo.com.br\/wp-content\/uploads\/2023\/09\/ordem-de-servico-do-prog-asfalto-novo-foto-alex-regis-1024x683.jpg"},{"@type":"BreadcrumbList","@id":"https:\/\/blogdobispo.com.br\/?p=1778#breadcrumb","itemListElement":[{"@type":"ListItem","position":1,"name":"In\u00edcio","item":"https:\/\/blogdobispo.com.br\/"},{"@type":"ListItem","position":2,"name":"Prefeitura do Natal autoriza obras do programa Asfalto Novo"}]},{"@type":"WebSite","@id":"https:\/\/blogdobispo.com.br\/#website","url":"https:\/\/blogdobispo.com.br\/","name":"Blog do Bispo","description":"Comprometido apenas com o leitor","publisher":{"@id":"https:\/\/blogdobispo.com.br\/#organization"},"potentialAction":[{"@type":"SearchAction","target":{"@type":"EntryPoint","urlTemplate":"https:\/\/blogdobispo.com.br\/?s={search_term_string}"},"query-input":{"@type":"PropertyValueSpecification","valueRequired":true,"valueName":"search_term_string"}}],"inLanguage":"pt-BR"},{"@type":"Organization","@id":"https:\/\/blogdobispo.com.br\/#organization","name":"Blog do Bispo","url":"https:\/\/blogdobispo.com.br\/","logo":{"@type":"ImageObject","inLanguage":"pt-BR","@id":"https:\/\/blogdobispo.com.br\/#\/schema\/logo\/image\/","url":"http:\/\/blogdobispo.com.br\/wp-content\/uploads\/2023\/05\/cropped-headear.png","contentUrl":"http:\/\/blogdobispo.com.br\/wp-content\/uploads\/2023\/05\/cropped-headear.png","width":1500,"height":399,"caption":"Blog do Bispo"},"image":{"@id":"https:\/\/blogdobispo.com.br\/#\/schema\/logo\/image\/"}},{"@type":"Person","@id":"https:\/\/blogdobispo.com.br\/#\/schema\/person\/e2209cc0e6cea5c5233d033e997b373f","name":"Jefferson Sterfeno","image":{"@type":"ImageObject","inLanguage":"pt-BR","@id":"https:\/\/blogdobispo.com.br\/#\/schema\/person\/image\/","url":"https:\/\/secure.gravatar.com\/avatar\/0534e84764641168a677026b6d57a3f51dc7ac4db0b4f6186d9cb330d4ee1160?s=96&d=mm&r=g","contentUrl":"https:\/\/secure.gravatar.com\/avatar\/0534e84764641168a677026b6d57a3f51dc7ac4db0b4f6186d9cb330d4ee1160?s=96&d=mm&r=g","caption":"Jefferson Sterfeno"},"sameAs":["http:\/\/blogdobispo.com.br"],"url":"https:\/\/blogdobispo.com.br\/?author=1"}]}},"featured_image_urls":{"full":"","thumbnail":"","medium":"","medium_large":"","large":"","1536x1536":"","2048x2048":""},"author_info":{"display_name":"Jefferson Sterfeno","author_link":"https:\/\/blogdobispo.com.br\/?author=1"},"category_info":"<a href=\"https:\/\/blogdobispo.com.br\/?cat=1\" rel=\"category\">diversos<\/a>","tag_info":"diversos","comment_count":"0","jetpack_featured_media_url":"","jetpack_sharing_enabled":true,"_links":{"self":[{"href":"https:\/\/blogdobispo.com.br\/index.php?rest_route=\/wp\/v2\/posts\/1778","targetHints":{"allow":["GET"]}}],"collection":[{"href":"https:\/\/blogdobispo.com.br\/index.php?rest_route=\/wp\/v2\/posts"}],"about":[{"href":"https:\/\/blogdobispo.com.br\/index.php?rest_route=\/wp\/v2\/types\/post"}],"author":[{"embeddable":true,"href":"https:\/\/blogdobispo.com.br\/index.php?rest_route=\/wp\/v2\/users\/1"}],"replies":[{"embeddable":true,"href":"https:\/\/blogdobispo.com.br\/index.php?rest_route=%2Fwp%2Fv2%2Fcomments&post=1778"}],"version-history":[{"count":0,"href":"https:\/\/blogdobispo.com.br\/index.php?rest_route=\/wp\/v2\/posts\/1778\/revisions"}],"wp:attachment":[{"href":"https:\/\/blogdobispo.com.br\/index.php?rest_route=%2Fwp%2Fv2%2Fmedia&parent=1778"}],"wp:term":[{"taxonomy":"category","embeddable":true,"href":"https:\/\/blogdobispo.com.br\/index.php?rest_route=%2Fwp%2Fv2%2Fcategories&post=1778"},{"taxonomy":"post_tag","embeddable":true,"href":"https:\/\/blogdobispo.com.br\/index.php?rest_route=%2Fwp%2Fv2%2Ftags&post=1778"}],"curies":[{"name":"wp","href":"https:\/\/api.w.org\/{rel}","templated":true}]}}