{"id":1774,"date":"2023-09-14T04:20:26","date_gmt":"2023-09-14T04:20:26","guid":{"rendered":"https:\/\/blogdobispo.com.br\/?p=1774"},"modified":"2023-09-14T04:20:26","modified_gmt":"2023-09-14T04:20:26","slug":"camara-aprova-texto-base-de-um-dos-projetos-da-minirreforma-eleitoral-entenda-o-texto","status":"publish","type":"post","link":"https:\/\/blogdobispo.com.br\/?p=1774","title":{"rendered":"C\u00e2mara aprova texto-base de um dos projetos da minirreforma eleitoral; entenda o texto"},"content":{"rendered":"\n<p>A C\u00e2mara dos Deputados aprovou nesta quarta-feira (13) o texto-base de um dos projetos da minirreforma eleitoral. O texto flexibiliza regras sobre presta\u00e7\u00e3o de contas e aplica\u00e7\u00e3o de multas a partidos e candidatos. Al\u00e9m disso, obriga oferta de transporte p\u00fablico gratuito no dia das elei\u00e7\u00f5es.<\/p>\n\n\n\n<p>Segundo o presidente da C\u00e2mara, Arthur Lira (PP-AL), os deputados devem analisar os destaques, que s\u00e3o sugest\u00f5es pontuais de altera\u00e7\u00e3o no texto principal, na manh\u00e3 desta quinta-feira (14).&nbsp;<\/p>\n\n\n\n<p>Em seguida, segundo Lira, os deputados devem analisar um segundo texto da minirreforma, que trata sobre regras de inelegibilidade.&nbsp;<\/p>\n\n\n\n<p>O Congresso tem articulado para votar altera\u00e7\u00f5es nas regras eleitorais at\u00e9 o come\u00e7o de outubro. Isso porque, para serem v\u00e1lidas j\u00e1 nas elei\u00e7\u00f5es de 2024, essas propostas precisam ser aprovadas pela C\u00e2mara e Senado, al\u00e9m de sancionadas pelo presidente Luiz In\u00e1cio Lula da Silva (PT) antes de 6 de outubro \u2013 ou seja, um ano antes do pleito.<\/p>\n\n\n\n<p>A \u00faltima vers\u00e3o apresentada pelo relator, Rubens Jr. (PT-MA), tamb\u00e9m permite que o dinheiro do fundo partid\u00e1rio seja usado para comprar ou alugar ve\u00edculo automotor, embarca\u00e7\u00e3o e aeronave, combust\u00edvel e manuten\u00e7\u00e3o, &#8220;desde que comprovadamente a servi\u00e7o do partido&#8221;. <\/p>\n\n\n\n<p>O texto impede ainda a suspens\u00e3o de repasse ou desconto dos valores de fundos eleitoral ou partid\u00e1rio como forma de puni\u00e7\u00e3o aos partidos no segundo semestre do ano em que houver elei\u00e7\u00f5es. Esse ponto impediria, por exemplo, decis\u00e3o de novembro do ano passado do ministro Alexandre de Moraes de bloqueio e suspens\u00e3o dos repasses do fundo do PL por litig\u00e2ncia de m\u00e1-f\u00e9, pelo partido ter pedido anula\u00e7\u00e3o dos votos da elei\u00e7\u00e3o sem indicar prova de fraude.<\/p>\n\n\n\n<figure class=\"wp-block-image size-large\"><img data-recalc-dims=\"1\" fetchpriority=\"high\" decoding=\"async\" width=\"600\" height=\"400\" src=\"https:\/\/i0.wp.com\/blogdobispo.com.br\/wp-content\/uploads\/2023\/09\/img_2886.jpg?resize=600%2C400&#038;ssl=1\" class=\"wp-image-1773\" srcset=\"https:\/\/i0.wp.com\/blogdobispo.com.br\/wp-content\/uploads\/2023\/09\/img_2886.jpg?w=600&amp;ssl=1 600w, https:\/\/i0.wp.com\/blogdobispo.com.br\/wp-content\/uploads\/2023\/09\/img_2886.jpg?resize=300%2C200&amp;ssl=1 300w\" sizes=\"(max-width: 600px) 100vw, 600px\" \/><\/figure>\n\n\n\n<p><\/p>\n\n\n\n<h2 class=\"wp-block-heading\">transporte p\u00fablico <\/h2>\n\n\n\n<p>A proposta prev\u00ea que, nos dias de elei\u00e7\u00f5es, estados e munic\u00edpios dever\u00e3o oferecer \u2013 de forma indireta ou direta \u2013 servi\u00e7o p\u00fablico de transporte coletivo de passageiros gratuito.&nbsp;<\/p>\n\n\n\n<p>O volume do servi\u00e7o habitualmente disponibilizado n\u00e3o poder\u00e1 sofrer redu\u00e7\u00e3o. A diminui\u00e7\u00e3o da oferta poder\u00e1 configurar il\u00edcito c\u00edvel-eleitoral, abuso de poder econ\u00f4mico, pol\u00edtico e de autoridade.&nbsp;<\/p>\n\n\n\n<p>Al\u00e9m disso, o texto estabelece que o governo local poder\u00e1, em acordo com a Justi\u00e7a Eleitoral, criar linhas especiais para regi\u00f5es mais distantes dos locais de vota\u00e7\u00e3o; usar ve\u00edculos p\u00fablicos dispon\u00edveis ou requisitar ve\u00edculos adaptados para o transporte coletivo<\/p>\n\n\n\n<h2 class=\"wp-block-heading\">Inegibilidade<\/h2>\n\n\n\n<p>A proposta prev\u00ea mudar a contagem do prazo de inelegibilidade de pol\u00edticos que perdem o mandato.&nbsp;<\/p>\n\n\n\n<p>Por exemplo: um pol\u00edtico que hoje \u00e9 cassado na C\u00e2mara fica ineleg\u00edvel pelo resto do mandato e por mais oito anos seguidos.&nbsp;<\/p>\n\n\n\n<p>Pela minirreforma, esse per\u00edodo de inelegibilidade seria de apenas oito anos a partir da perda de mandato. Ou seja, \u00e9 um per\u00edodo menor.&nbsp;<\/p>\n\n\n\n<p>H\u00e1 ainda altera\u00e7\u00e3o semelhante para situa\u00e7\u00f5es em que pol\u00edticos forem condenados por crimes comuns &#8212; como por exemplo lavagem de dinheiro e tr\u00e1fico de drogas.&nbsp;<\/p>\n\n\n\n<p>Hoje, eles ficam ineleg\u00edveis durante o cumprimento da pena e por mais oito anos seguintes. Com o novo texto, ficariam ineleg\u00edveis nos oito anos ap\u00f3s a condena\u00e7\u00e3o. <\/p>\n\n\n\n<p>Calend\u00e1rio eleitoral<\/p>\n\n\n\n<p>A proposta da minirreforma tamb\u00e9m muda datas do calend\u00e1rio eleitoral&nbsp;<\/p>\n\n\n\n<ul class=\"wp-block-list\">\n<li><strong>registro de candidatura:<\/strong>&nbsp;partidos dever\u00e3o apresentar os pedidos de candidatura at\u00e9 as 19h de 31 de julho do ano eleitoral \u2013 atualmente vai at\u00e9 as 19h de 15 de agosto<\/li>\n\n\n\n<li><strong>prazo de julgamento dos registros de candidatura:<\/strong>&nbsp;at\u00e9 cinco dias antes da elei\u00e7\u00e3o \u2013 atualmente, a Justi\u00e7a Eleitoral tem que julgar os registros em at\u00e9 20 dias antes do pleito<\/li>\n\n\n\n<li><strong>conven\u00e7\u00f5es eleitorais: <\/strong>a etapa de escolha de candidatos dever\u00e1 ocorrer entre 10 e 25 de julho do ano eleitoral \u2013 atualmente vai de 20 de julho a 5 de agosto do ano eleitoral<\/li>\n<\/ul>\n","protected":false},"excerpt":{"rendered":"<p>A C\u00e2mara dos Deputados aprovou nesta quarta-feira (13) o texto-base de um dos projetos da minirreforma eleitoral. O texto flexibiliza regras sobre presta\u00e7\u00e3o de contas e aplica\u00e7\u00e3o de multas a partidos e candidatos. Al\u00e9m disso, obriga oferta de transporte p\u00fablico gratuito no dia das elei\u00e7\u00f5es. Segundo o presidente da C\u00e2mara, Arthur Lira (PP-AL), os deputados [&hellip;]<\/p>\n","protected":false},"author":1,"featured_media":0,"comment_status":"open","ping_status":"open","sticky":false,"template":"","format":"standard","meta":{"cybocfi_hide_featured_image":"","_jetpack_memberships_contains_paid_content":false,"footnotes":""},"categories":[1],"tags":[],"class_list":["post-1774","post","type-post","status-publish","format-standard","hentry","category-diversos"],"yoast_head":"<!-- This site is optimized with the Yoast SEO plugin v25.6 - https:\/\/yoast.com\/wordpress\/plugins\/seo\/ -->\n<title>C\u00e2mara aprova texto-base de um dos projetos da minirreforma eleitoral; entenda o texto - Blog do Bispo<\/title>\n<meta name=\"robots\" content=\"index, follow, max-snippet:-1, max-image-preview:large, max-video-preview:-1\" \/>\n<link rel=\"canonical\" href=\"https:\/\/blogdobispo.com.br\/?p=1774\" \/>\n<meta property=\"og:locale\" content=\"pt_BR\" \/>\n<meta property=\"og:type\" content=\"article\" \/>\n<meta property=\"og:title\" content=\"C\u00e2mara aprova texto-base de um dos projetos da minirreforma eleitoral; entenda o texto - Blog do Bispo\" \/>\n<meta property=\"og:description\" content=\"A C\u00e2mara dos Deputados aprovou nesta quarta-feira (13) o texto-base de um dos projetos da minirreforma eleitoral. O texto flexibiliza regras sobre presta\u00e7\u00e3o de contas e aplica\u00e7\u00e3o de multas a partidos e candidatos. Al\u00e9m disso, obriga oferta de transporte p\u00fablico gratuito no dia das elei\u00e7\u00f5es. Segundo o presidente da C\u00e2mara, Arthur Lira (PP-AL), os deputados [&hellip;]\" \/>\n<meta property=\"og:url\" content=\"https:\/\/blogdobispo.com.br\/?p=1774\" \/>\n<meta property=\"og:site_name\" content=\"Blog do Bispo\" \/>\n<meta property=\"article:published_time\" content=\"2023-09-14T04:20:26+00:00\" \/>\n<meta property=\"og:image\" content=\"https:\/\/blogdobispo.com.br\/wp-content\/uploads\/2023\/09\/img_2886.jpg\" \/>\n<meta name=\"author\" content=\"Jefferson Sterfeno\" \/>\n<meta name=\"twitter:card\" content=\"summary_large_image\" \/>\n<meta name=\"twitter:label1\" content=\"Escrito por\" \/>\n\t<meta name=\"twitter:data1\" content=\"Jefferson Sterfeno\" \/>\n\t<meta name=\"twitter:label2\" content=\"Est. tempo de leitura\" \/>\n\t<meta name=\"twitter:data2\" content=\"3 minutos\" \/>\n<script type=\"application\/ld+json\" class=\"yoast-schema-graph\">{\"@context\":\"https:\/\/schema.org\",\"@graph\":[{\"@type\":\"Article\",\"@id\":\"https:\/\/blogdobispo.com.br\/?p=1774#article\",\"isPartOf\":{\"@id\":\"https:\/\/blogdobispo.com.br\/?p=1774\"},\"author\":{\"name\":\"Jefferson Sterfeno\",\"@id\":\"https:\/\/blogdobispo.com.br\/#\/schema\/person\/e2209cc0e6cea5c5233d033e997b373f\"},\"headline\":\"C\u00e2mara aprova texto-base de um dos projetos da minirreforma eleitoral; entenda o texto\",\"datePublished\":\"2023-09-14T04:20:26+00:00\",\"mainEntityOfPage\":{\"@id\":\"https:\/\/blogdobispo.com.br\/?p=1774\"},\"wordCount\":662,\"commentCount\":0,\"publisher\":{\"@id\":\"https:\/\/blogdobispo.com.br\/#organization\"},\"image\":{\"@id\":\"https:\/\/blogdobispo.com.br\/?p=1774#primaryimage\"},\"thumbnailUrl\":\"https:\/\/blogdobispo.com.br\/wp-content\/uploads\/2023\/09\/img_2886.jpg\",\"articleSection\":[\"diversos\"],\"inLanguage\":\"pt-BR\",\"potentialAction\":[{\"@type\":\"CommentAction\",\"name\":\"Comment\",\"target\":[\"https:\/\/blogdobispo.com.br\/?p=1774#respond\"]}]},{\"@type\":\"WebPage\",\"@id\":\"https:\/\/blogdobispo.com.br\/?p=1774\",\"url\":\"https:\/\/blogdobispo.com.br\/?p=1774\",\"name\":\"C\u00e2mara aprova texto-base de um dos projetos da minirreforma eleitoral; entenda o texto - Blog do Bispo\",\"isPartOf\":{\"@id\":\"https:\/\/blogdobispo.com.br\/#website\"},\"primaryImageOfPage\":{\"@id\":\"https:\/\/blogdobispo.com.br\/?p=1774#primaryimage\"},\"image\":{\"@id\":\"https:\/\/blogdobispo.com.br\/?p=1774#primaryimage\"},\"thumbnailUrl\":\"https:\/\/blogdobispo.com.br\/wp-content\/uploads\/2023\/09\/img_2886.jpg\",\"datePublished\":\"2023-09-14T04:20:26+00:00\",\"breadcrumb\":{\"@id\":\"https:\/\/blogdobispo.com.br\/?p=1774#breadcrumb\"},\"inLanguage\":\"pt-BR\",\"potentialAction\":[{\"@type\":\"ReadAction\",\"target\":[\"https:\/\/blogdobispo.com.br\/?p=1774\"]}]},{\"@type\":\"ImageObject\",\"inLanguage\":\"pt-BR\",\"@id\":\"https:\/\/blogdobispo.com.br\/?p=1774#primaryimage\",\"url\":\"https:\/\/blogdobispo.com.br\/wp-content\/uploads\/2023\/09\/img_2886.jpg\",\"contentUrl\":\"https:\/\/blogdobispo.com.br\/wp-content\/uploads\/2023\/09\/img_2886.jpg\"},{\"@type\":\"BreadcrumbList\",\"@id\":\"https:\/\/blogdobispo.com.br\/?p=1774#breadcrumb\",\"itemListElement\":[{\"@type\":\"ListItem\",\"position\":1,\"name\":\"In\u00edcio\",\"item\":\"https:\/\/blogdobispo.com.br\/\"},{\"@type\":\"ListItem\",\"position\":2,\"name\":\"C\u00e2mara aprova texto-base de um dos projetos da minirreforma eleitoral; entenda o texto\"}]},{\"@type\":\"WebSite\",\"@id\":\"https:\/\/blogdobispo.com.br\/#website\",\"url\":\"https:\/\/blogdobispo.com.br\/\",\"name\":\"Blog do Bispo\",\"description\":\"Comprometido apenas com o leitor\",\"publisher\":{\"@id\":\"https:\/\/blogdobispo.com.br\/#organization\"},\"potentialAction\":[{\"@type\":\"SearchAction\",\"target\":{\"@type\":\"EntryPoint\",\"urlTemplate\":\"https:\/\/blogdobispo.com.br\/?s={search_term_string}\"},\"query-input\":{\"@type\":\"PropertyValueSpecification\",\"valueRequired\":true,\"valueName\":\"search_term_string\"}}],\"inLanguage\":\"pt-BR\"},{\"@type\":\"Organization\",\"@id\":\"https:\/\/blogdobispo.com.br\/#organization\",\"name\":\"Blog do Bispo\",\"url\":\"https:\/\/blogdobispo.com.br\/\",\"logo\":{\"@type\":\"ImageObject\",\"inLanguage\":\"pt-BR\",\"@id\":\"https:\/\/blogdobispo.com.br\/#\/schema\/logo\/image\/\",\"url\":\"http:\/\/blogdobispo.com.br\/wp-content\/uploads\/2023\/05\/cropped-headear.png\",\"contentUrl\":\"http:\/\/blogdobispo.com.br\/wp-content\/uploads\/2023\/05\/cropped-headear.png\",\"width\":1500,\"height\":399,\"caption\":\"Blog do Bispo\"},\"image\":{\"@id\":\"https:\/\/blogdobispo.com.br\/#\/schema\/logo\/image\/\"}},{\"@type\":\"Person\",\"@id\":\"https:\/\/blogdobispo.com.br\/#\/schema\/person\/e2209cc0e6cea5c5233d033e997b373f\",\"name\":\"Jefferson Sterfeno\",\"image\":{\"@type\":\"ImageObject\",\"inLanguage\":\"pt-BR\",\"@id\":\"https:\/\/blogdobispo.com.br\/#\/schema\/person\/image\/\",\"url\":\"https:\/\/secure.gravatar.com\/avatar\/0534e84764641168a677026b6d57a3f51dc7ac4db0b4f6186d9cb330d4ee1160?s=96&d=mm&r=g\",\"contentUrl\":\"https:\/\/secure.gravatar.com\/avatar\/0534e84764641168a677026b6d57a3f51dc7ac4db0b4f6186d9cb330d4ee1160?s=96&d=mm&r=g\",\"caption\":\"Jefferson Sterfeno\"},\"sameAs\":[\"http:\/\/blogdobispo.com.br\"],\"url\":\"https:\/\/blogdobispo.com.br\/?author=1\"}]}<\/script>\n<!-- \/ Yoast SEO plugin. -->","yoast_head_json":{"title":"C\u00e2mara aprova texto-base de um dos projetos da minirreforma eleitoral; entenda o texto - Blog do Bispo","robots":{"index":"index","follow":"follow","max-snippet":"max-snippet:-1","max-image-preview":"max-image-preview:large","max-video-preview":"max-video-preview:-1"},"canonical":"https:\/\/blogdobispo.com.br\/?p=1774","og_locale":"pt_BR","og_type":"article","og_title":"C\u00e2mara aprova texto-base de um dos projetos da minirreforma eleitoral; entenda o texto - Blog do Bispo","og_description":"A C\u00e2mara dos Deputados aprovou nesta quarta-feira (13) o texto-base de um dos projetos da minirreforma eleitoral. O texto flexibiliza regras sobre presta\u00e7\u00e3o de contas e aplica\u00e7\u00e3o de multas a partidos e candidatos. Al\u00e9m disso, obriga oferta de transporte p\u00fablico gratuito no dia das elei\u00e7\u00f5es. Segundo o presidente da C\u00e2mara, Arthur Lira (PP-AL), os deputados [&hellip;]","og_url":"https:\/\/blogdobispo.com.br\/?p=1774","og_site_name":"Blog do Bispo","article_published_time":"2023-09-14T04:20:26+00:00","og_image":[{"url":"https:\/\/blogdobispo.com.br\/wp-content\/uploads\/2023\/09\/img_2886.jpg","type":"","width":"","height":""}],"author":"Jefferson Sterfeno","twitter_card":"summary_large_image","twitter_misc":{"Escrito por":"Jefferson Sterfeno","Est. tempo de leitura":"3 minutos"},"schema":{"@context":"https:\/\/schema.org","@graph":[{"@type":"Article","@id":"https:\/\/blogdobispo.com.br\/?p=1774#article","isPartOf":{"@id":"https:\/\/blogdobispo.com.br\/?p=1774"},"author":{"name":"Jefferson Sterfeno","@id":"https:\/\/blogdobispo.com.br\/#\/schema\/person\/e2209cc0e6cea5c5233d033e997b373f"},"headline":"C\u00e2mara aprova texto-base de um dos projetos da minirreforma eleitoral; entenda o texto","datePublished":"2023-09-14T04:20:26+00:00","mainEntityOfPage":{"@id":"https:\/\/blogdobispo.com.br\/?p=1774"},"wordCount":662,"commentCount":0,"publisher":{"@id":"https:\/\/blogdobispo.com.br\/#organization"},"image":{"@id":"https:\/\/blogdobispo.com.br\/?p=1774#primaryimage"},"thumbnailUrl":"https:\/\/blogdobispo.com.br\/wp-content\/uploads\/2023\/09\/img_2886.jpg","articleSection":["diversos"],"inLanguage":"pt-BR","potentialAction":[{"@type":"CommentAction","name":"Comment","target":["https:\/\/blogdobispo.com.br\/?p=1774#respond"]}]},{"@type":"WebPage","@id":"https:\/\/blogdobispo.com.br\/?p=1774","url":"https:\/\/blogdobispo.com.br\/?p=1774","name":"C\u00e2mara aprova texto-base de um dos projetos da minirreforma eleitoral; entenda o texto - Blog do Bispo","isPartOf":{"@id":"https:\/\/blogdobispo.com.br\/#website"},"primaryImageOfPage":{"@id":"https:\/\/blogdobispo.com.br\/?p=1774#primaryimage"},"image":{"@id":"https:\/\/blogdobispo.com.br\/?p=1774#primaryimage"},"thumbnailUrl":"https:\/\/blogdobispo.com.br\/wp-content\/uploads\/2023\/09\/img_2886.jpg","datePublished":"2023-09-14T04:20:26+00:00","breadcrumb":{"@id":"https:\/\/blogdobispo.com.br\/?p=1774#breadcrumb"},"inLanguage":"pt-BR","potentialAction":[{"@type":"ReadAction","target":["https:\/\/blogdobispo.com.br\/?p=1774"]}]},{"@type":"ImageObject","inLanguage":"pt-BR","@id":"https:\/\/blogdobispo.com.br\/?p=1774#primaryimage","url":"https:\/\/blogdobispo.com.br\/wp-content\/uploads\/2023\/09\/img_2886.jpg","contentUrl":"https:\/\/blogdobispo.com.br\/wp-content\/uploads\/2023\/09\/img_2886.jpg"},{"@type":"BreadcrumbList","@id":"https:\/\/blogdobispo.com.br\/?p=1774#breadcrumb","itemListElement":[{"@type":"ListItem","position":1,"name":"In\u00edcio","item":"https:\/\/blogdobispo.com.br\/"},{"@type":"ListItem","position":2,"name":"C\u00e2mara aprova texto-base de um dos projetos da minirreforma eleitoral; entenda o texto"}]},{"@type":"WebSite","@id":"https:\/\/blogdobispo.com.br\/#website","url":"https:\/\/blogdobispo.com.br\/","name":"Blog do Bispo","description":"Comprometido apenas com o leitor","publisher":{"@id":"https:\/\/blogdobispo.com.br\/#organization"},"potentialAction":[{"@type":"SearchAction","target":{"@type":"EntryPoint","urlTemplate":"https:\/\/blogdobispo.com.br\/?s={search_term_string}"},"query-input":{"@type":"PropertyValueSpecification","valueRequired":true,"valueName":"search_term_string"}}],"inLanguage":"pt-BR"},{"@type":"Organization","@id":"https:\/\/blogdobispo.com.br\/#organization","name":"Blog do Bispo","url":"https:\/\/blogdobispo.com.br\/","logo":{"@type":"ImageObject","inLanguage":"pt-BR","@id":"https:\/\/blogdobispo.com.br\/#\/schema\/logo\/image\/","url":"http:\/\/blogdobispo.com.br\/wp-content\/uploads\/2023\/05\/cropped-headear.png","contentUrl":"http:\/\/blogdobispo.com.br\/wp-content\/uploads\/2023\/05\/cropped-headear.png","width":1500,"height":399,"caption":"Blog do Bispo"},"image":{"@id":"https:\/\/blogdobispo.com.br\/#\/schema\/logo\/image\/"}},{"@type":"Person","@id":"https:\/\/blogdobispo.com.br\/#\/schema\/person\/e2209cc0e6cea5c5233d033e997b373f","name":"Jefferson Sterfeno","image":{"@type":"ImageObject","inLanguage":"pt-BR","@id":"https:\/\/blogdobispo.com.br\/#\/schema\/person\/image\/","url":"https:\/\/secure.gravatar.com\/avatar\/0534e84764641168a677026b6d57a3f51dc7ac4db0b4f6186d9cb330d4ee1160?s=96&d=mm&r=g","contentUrl":"https:\/\/secure.gravatar.com\/avatar\/0534e84764641168a677026b6d57a3f51dc7ac4db0b4f6186d9cb330d4ee1160?s=96&d=mm&r=g","caption":"Jefferson Sterfeno"},"sameAs":["http:\/\/blogdobispo.com.br"],"url":"https:\/\/blogdobispo.com.br\/?author=1"}]}},"featured_image_urls":{"full":"","thumbnail":"","medium":"","medium_large":"","large":"","1536x1536":"","2048x2048":""},"author_info":{"display_name":"Jefferson Sterfeno","author_link":"https:\/\/blogdobispo.com.br\/?author=1"},"category_info":"<a href=\"https:\/\/blogdobispo.com.br\/?cat=1\" rel=\"category\">diversos<\/a>","tag_info":"diversos","comment_count":"0","jetpack_featured_media_url":"","jetpack_sharing_enabled":true,"_links":{"self":[{"href":"https:\/\/blogdobispo.com.br\/index.php?rest_route=\/wp\/v2\/posts\/1774","targetHints":{"allow":["GET"]}}],"collection":[{"href":"https:\/\/blogdobispo.com.br\/index.php?rest_route=\/wp\/v2\/posts"}],"about":[{"href":"https:\/\/blogdobispo.com.br\/index.php?rest_route=\/wp\/v2\/types\/post"}],"author":[{"embeddable":true,"href":"https:\/\/blogdobispo.com.br\/index.php?rest_route=\/wp\/v2\/users\/1"}],"replies":[{"embeddable":true,"href":"https:\/\/blogdobispo.com.br\/index.php?rest_route=%2Fwp%2Fv2%2Fcomments&post=1774"}],"version-history":[{"count":0,"href":"https:\/\/blogdobispo.com.br\/index.php?rest_route=\/wp\/v2\/posts\/1774\/revisions"}],"wp:attachment":[{"href":"https:\/\/blogdobispo.com.br\/index.php?rest_route=%2Fwp%2Fv2%2Fmedia&parent=1774"}],"wp:term":[{"taxonomy":"category","embeddable":true,"href":"https:\/\/blogdobispo.com.br\/index.php?rest_route=%2Fwp%2Fv2%2Fcategories&post=1774"},{"taxonomy":"post_tag","embeddable":true,"href":"https:\/\/blogdobispo.com.br\/index.php?rest_route=%2Fwp%2Fv2%2Ftags&post=1774"}],"curies":[{"name":"wp","href":"https:\/\/api.w.org\/{rel}","templated":true}]}}