{"id":17732,"date":"2025-09-13T16:00:26","date_gmt":"2025-09-13T16:00:26","guid":{"rendered":"https:\/\/blogdobispo.com.br\/?p=17732"},"modified":"2025-09-13T16:00:26","modified_gmt":"2025-09-13T16:00:26","slug":"prefeitura-entrega-a-maior-quadra-coberta-de-natal-no-conjunto-satelite","status":"publish","type":"post","link":"https:\/\/blogdobispo.com.br\/?p=17732","title":{"rendered":"Prefeitura entrega a maior quadra coberta de Natal no Conjunto Sat\u00e9lite"},"content":{"rendered":"<p>A Prefeitura de Natal entregou mais um importante equipamento p\u00fablico nesta sexta-feira (12). A quadra Jo\u00e3o Maria de Mac\u00eado recebeu a maior reforma de sua hist\u00f3ria para ampliar as op\u00e7\u00f5es de lazer, esporte e conviv\u00eancia aos moradores do bairro Pitimbu, na Zona Sul da cidade.<\/p>\n<p>A &#8220;Quadra do Sat\u00e9lite&#8221;, localizada na Rua Serra do Bujari, \u00e9 palco de campeonatos de bairro h\u00e1 pelo menos 40 anos e s\u00f3 nesta gest\u00e3o recebeu cobertura termoac\u00fastica, arquibancada, ilumina\u00e7\u00e3o de LED, pintura com marca\u00e7\u00f5es para diversas modalidades e equipamentos para pr\u00e1tica de basquete, futebol de sal\u00e3o e v\u00f4lei.<\/p>\n<p>O prefeito de Natal, Paulinho Freire, ressaltou a entrega de mais um equipamento de lazer, esporte e cultura. &#8220;Essa \u00e9 uma gest\u00e3o de continuidade e de parcerias. Uma obra iniciada na administra\u00e7\u00e3o do ex-prefeito \u00c1lvaro Dias e conclu\u00edda por n\u00f3s. Que a comunidade possa fazer bom uso, como pr\u00e1tica esportiva ou a\u00e7\u00f5es culturais, e tamb\u00e9m possa cuidar desta obra&#8221;.<\/p>\n<p>&#8220;Esse espa\u00e7o esportivo foi totalmente reestruturado. \u00c9 mais uma prova do trabalho de incentivo ao esporte amador, sem se limitar ao futebol. Hoje Natal sedia um dos maiores campeonatos de Gin\u00e1stica do Brasil. Natal tem se tornado a capital dos esportes&#8221;, destacou o secret\u00e1rio de Lazer e Esporte, Hermes C\u00e2mara.<\/p>\n<p>O titular da SEL tamb\u00e9m lembrou a inaugura\u00e7\u00e3o do primeiro Centro Esportivo Comunit\u00e1rio do Brasil, no Planalto. O projeto \u00e9 pioneiro no pa\u00eds e integra as a\u00e7\u00f5es do Novo Programa de Acelera\u00e7\u00e3o do Crescimento (PAC).<\/p>\n<p>O espa\u00e7o foi planejado pelos t\u00e9cnicos da Prefeitura do Natal, com participa\u00e7\u00e3o da SEL e da Secretaria de Planejamento, e executado com recursos municipais e federais. Iniciada em 2024, a obra foi conclu\u00edda este ano e oferece \u00e0 comunidade quadras poliesportivas, campo de futebol society, meia quadra de basquete, \u00e1reas de lazer e atividades voltadas para todas as idades.<\/p>\n<p>Morador do Conjunto Sat\u00e9lite h\u00e1 42 anos e desde ent\u00e3o usu\u00e1rio da quadra, o policial aposentado Wellington Marques, 70, vibrou com a &#8220;maior reforma j\u00e1 vista na quadra&#8221;. Wellington \u00e9 um dos jogadores do Grupo Serrano h\u00e1 40 anos e do &#8220;recente&#8221; Grupo de Amigos Peladeiros do Sat\u00e9lite, h\u00e1 21 anos, que re\u00fane moradores para &#8220;peladas&#8221; todas as sextas. &#8220;Ficou maravilhoso. Jogo h\u00e1 40 anos aqui e s\u00f3 aos 70 terei o prazer de jogar em uma quadra coberta&#8221;, disse.<\/p>\n<p>A obra integra o conjunto de investimentos da Prefeitura em infraestrutura esportiva, promovendo lazer, inclus\u00e3o social e qualidade de vida para a popula\u00e7\u00e3o.<\/p>\n<p>A obra recebeu emenda parlamentar de R$ 430 mil do ex-deputado federal F\u00e1bio Faria. A Prefeitura de Natal concedeu contrapartida de R$ 50 mil e realizou a execu\u00e7\u00e3o do projeto.<\/p>\n<p>Tamb\u00e9m compareceram \u00e0 inaugura\u00e7\u00e3o a vice-prefeita Joanna Guerra; as secret\u00e1rias municipais de Cultura, Iracy Azevedo; de Habita\u00e7\u00e3o, Iris; de Infraestrutura, Shirley Cavalcante; e de Comunica\u00e7\u00e3o, Criz Vidal; o secret\u00e1rio de Concess\u00f5es, Parcerias, Empreendedorismo e Inova\u00e7\u00e3o, Arthur Dutra; o secret\u00e1rio de Servi\u00e7os Urbanos, Felipe Alves; o ex-prefeito \u00c1lvaro Dias; o deputado federal General Gir\u00e3o; e os vereadores Preto Aquino, Kleber Fernandes, Leo Souza e Robson Carvalho.<\/p>\n","protected":false},"excerpt":{"rendered":"<p>A Prefeitura de Natal entregou mais um importante equipamento p\u00fablico nesta sexta-feira (12). A quadra Jo\u00e3o Maria de Mac\u00eado recebeu a maior reforma de sua hist\u00f3ria para ampliar as op\u00e7\u00f5es de lazer, esporte e conviv\u00eancia aos moradores do bairro Pitimbu, na Zona Sul da cidade. A &#8220;Quadra do Sat\u00e9lite&#8221;, localizada na Rua Serra do Bujari, [&hellip;]<\/p>\n","protected":false},"author":3,"featured_media":17733,"comment_status":"open","ping_status":"open","sticky":false,"template":"","format":"standard","meta":{"cybocfi_hide_featured_image":"","_jetpack_memberships_contains_paid_content":false,"footnotes":""},"categories":[12,3],"tags":[],"class_list":["post-17732","post","type-post","status-publish","format-standard","has-post-thumbnail","hentry","category-cidadania","category-politica"],"yoast_head":"<!-- This site is optimized with the Yoast SEO plugin v25.6 - https:\/\/yoast.com\/wordpress\/plugins\/seo\/ -->\n<title>Prefeitura entrega a maior quadra coberta de Natal no Conjunto Sat\u00e9lite - Blog do Bispo<\/title>\n<meta name=\"robots\" content=\"index, follow, max-snippet:-1, max-image-preview:large, max-video-preview:-1\" \/>\n<link rel=\"canonical\" href=\"https:\/\/blogdobispo.com.br\/?p=17732\" \/>\n<meta property=\"og:locale\" content=\"pt_BR\" \/>\n<meta property=\"og:type\" content=\"article\" \/>\n<meta property=\"og:title\" content=\"Prefeitura entrega a maior quadra coberta de Natal no Conjunto Sat\u00e9lite - Blog do Bispo\" \/>\n<meta property=\"og:description\" content=\"A Prefeitura de Natal entregou mais um importante equipamento p\u00fablico nesta sexta-feira (12). A quadra Jo\u00e3o Maria de Mac\u00eado recebeu a maior reforma de sua hist\u00f3ria para ampliar as op\u00e7\u00f5es de lazer, esporte e conviv\u00eancia aos moradores do bairro Pitimbu, na Zona Sul da cidade. A &#8220;Quadra do Sat\u00e9lite&#8221;, localizada na Rua Serra do Bujari, [&hellip;]\" \/>\n<meta property=\"og:url\" content=\"https:\/\/blogdobispo.com.br\/?p=17732\" \/>\n<meta property=\"og:site_name\" content=\"Blog do Bispo\" \/>\n<meta property=\"article:published_time\" content=\"2025-09-13T16:00:26+00:00\" \/>\n<meta property=\"og:image\" content=\"http:\/\/blogdobispo.com.br\/wp-content\/uploads\/2025\/09\/43323.jpeg\" \/>\n\t<meta property=\"og:image:width\" content=\"570\" \/>\n\t<meta property=\"og:image:height\" content=\"380\" \/>\n\t<meta property=\"og:image:type\" content=\"image\/jpeg\" \/>\n<meta name=\"author\" content=\"Robson Trigueiro\" \/>\n<meta name=\"twitter:card\" content=\"summary_large_image\" \/>\n<meta name=\"twitter:label1\" content=\"Escrito por\" \/>\n\t<meta name=\"twitter:data1\" content=\"Robson Trigueiro\" \/>\n\t<meta name=\"twitter:label2\" content=\"Est. tempo de leitura\" \/>\n\t<meta name=\"twitter:data2\" content=\"3 minutos\" \/>\n<script type=\"application\/ld+json\" class=\"yoast-schema-graph\">{\"@context\":\"https:\/\/schema.org\",\"@graph\":[{\"@type\":\"Article\",\"@id\":\"https:\/\/blogdobispo.com.br\/?p=17732#article\",\"isPartOf\":{\"@id\":\"https:\/\/blogdobispo.com.br\/?p=17732\"},\"author\":{\"name\":\"Robson Trigueiro\",\"@id\":\"https:\/\/blogdobispo.com.br\/#\/schema\/person\/05abe7adb94767ba46bf757b4243d3e0\"},\"headline\":\"Prefeitura entrega a maior quadra coberta de Natal no Conjunto Sat\u00e9lite\",\"datePublished\":\"2025-09-13T16:00:26+00:00\",\"mainEntityOfPage\":{\"@id\":\"https:\/\/blogdobispo.com.br\/?p=17732\"},\"wordCount\":544,\"commentCount\":0,\"publisher\":{\"@id\":\"https:\/\/blogdobispo.com.br\/#organization\"},\"image\":{\"@id\":\"https:\/\/blogdobispo.com.br\/?p=17732#primaryimage\"},\"thumbnailUrl\":\"https:\/\/i0.wp.com\/blogdobispo.com.br\/wp-content\/uploads\/2025\/09\/43323.jpeg?fit=570%2C380&ssl=1\",\"articleSection\":[\"Cidadania\",\"Pol\u00edtica\"],\"inLanguage\":\"pt-BR\",\"potentialAction\":[{\"@type\":\"CommentAction\",\"name\":\"Comment\",\"target\":[\"https:\/\/blogdobispo.com.br\/?p=17732#respond\"]}]},{\"@type\":\"WebPage\",\"@id\":\"https:\/\/blogdobispo.com.br\/?p=17732\",\"url\":\"https:\/\/blogdobispo.com.br\/?p=17732\",\"name\":\"Prefeitura entrega a maior quadra coberta de Natal no Conjunto Sat\u00e9lite - Blog do Bispo\",\"isPartOf\":{\"@id\":\"https:\/\/blogdobispo.com.br\/#website\"},\"primaryImageOfPage\":{\"@id\":\"https:\/\/blogdobispo.com.br\/?p=17732#primaryimage\"},\"image\":{\"@id\":\"https:\/\/blogdobispo.com.br\/?p=17732#primaryimage\"},\"thumbnailUrl\":\"https:\/\/i0.wp.com\/blogdobispo.com.br\/wp-content\/uploads\/2025\/09\/43323.jpeg?fit=570%2C380&ssl=1\",\"datePublished\":\"2025-09-13T16:00:26+00:00\",\"breadcrumb\":{\"@id\":\"https:\/\/blogdobispo.com.br\/?p=17732#breadcrumb\"},\"inLanguage\":\"pt-BR\",\"potentialAction\":[{\"@type\":\"ReadAction\",\"target\":[\"https:\/\/blogdobispo.com.br\/?p=17732\"]}]},{\"@type\":\"ImageObject\",\"inLanguage\":\"pt-BR\",\"@id\":\"https:\/\/blogdobispo.com.br\/?p=17732#primaryimage\",\"url\":\"https:\/\/i0.wp.com\/blogdobispo.com.br\/wp-content\/uploads\/2025\/09\/43323.jpeg?fit=570%2C380&ssl=1\",\"contentUrl\":\"https:\/\/i0.wp.com\/blogdobispo.com.br\/wp-content\/uploads\/2025\/09\/43323.jpeg?fit=570%2C380&ssl=1\",\"width\":570,\"height\":380},{\"@type\":\"BreadcrumbList\",\"@id\":\"https:\/\/blogdobispo.com.br\/?p=17732#breadcrumb\",\"itemListElement\":[{\"@type\":\"ListItem\",\"position\":1,\"name\":\"In\u00edcio\",\"item\":\"https:\/\/blogdobispo.com.br\/\"},{\"@type\":\"ListItem\",\"position\":2,\"name\":\"Prefeitura entrega a maior quadra coberta de Natal no Conjunto Sat\u00e9lite\"}]},{\"@type\":\"WebSite\",\"@id\":\"https:\/\/blogdobispo.com.br\/#website\",\"url\":\"https:\/\/blogdobispo.com.br\/\",\"name\":\"Blog do Bispo\",\"description\":\"Comprometido apenas com o leitor\",\"publisher\":{\"@id\":\"https:\/\/blogdobispo.com.br\/#organization\"},\"potentialAction\":[{\"@type\":\"SearchAction\",\"target\":{\"@type\":\"EntryPoint\",\"urlTemplate\":\"https:\/\/blogdobispo.com.br\/?s={search_term_string}\"},\"query-input\":{\"@type\":\"PropertyValueSpecification\",\"valueRequired\":true,\"valueName\":\"search_term_string\"}}],\"inLanguage\":\"pt-BR\"},{\"@type\":\"Organization\",\"@id\":\"https:\/\/blogdobispo.com.br\/#organization\",\"name\":\"Blog do Bispo\",\"url\":\"https:\/\/blogdobispo.com.br\/\",\"logo\":{\"@type\":\"ImageObject\",\"inLanguage\":\"pt-BR\",\"@id\":\"https:\/\/blogdobispo.com.br\/#\/schema\/logo\/image\/\",\"url\":\"http:\/\/blogdobispo.com.br\/wp-content\/uploads\/2023\/05\/cropped-headear.png\",\"contentUrl\":\"http:\/\/blogdobispo.com.br\/wp-content\/uploads\/2023\/05\/cropped-headear.png\",\"width\":1500,\"height\":399,\"caption\":\"Blog do Bispo\"},\"image\":{\"@id\":\"https:\/\/blogdobispo.com.br\/#\/schema\/logo\/image\/\"}},{\"@type\":\"Person\",\"@id\":\"https:\/\/blogdobispo.com.br\/#\/schema\/person\/05abe7adb94767ba46bf757b4243d3e0\",\"name\":\"Robson Trigueiro\",\"image\":{\"@type\":\"ImageObject\",\"inLanguage\":\"pt-BR\",\"@id\":\"https:\/\/blogdobispo.com.br\/#\/schema\/person\/image\/\",\"url\":\"https:\/\/secure.gravatar.com\/avatar\/b71c79ed1dcbb23d15e3cd8224dbfbd99da477df155b3e777061e3a006422418?s=96&d=mm&r=g\",\"contentUrl\":\"https:\/\/secure.gravatar.com\/avatar\/b71c79ed1dcbb23d15e3cd8224dbfbd99da477df155b3e777061e3a006422418?s=96&d=mm&r=g\",\"caption\":\"Robson Trigueiro\"},\"url\":\"https:\/\/blogdobispo.com.br\/?author=3\"}]}<\/script>\n<!-- \/ Yoast SEO plugin. -->","yoast_head_json":{"title":"Prefeitura entrega a maior quadra coberta de Natal no Conjunto Sat\u00e9lite - Blog do Bispo","robots":{"index":"index","follow":"follow","max-snippet":"max-snippet:-1","max-image-preview":"max-image-preview:large","max-video-preview":"max-video-preview:-1"},"canonical":"https:\/\/blogdobispo.com.br\/?p=17732","og_locale":"pt_BR","og_type":"article","og_title":"Prefeitura entrega a maior quadra coberta de Natal no Conjunto Sat\u00e9lite - Blog do Bispo","og_description":"A Prefeitura de Natal entregou mais um importante equipamento p\u00fablico nesta sexta-feira (12). A quadra Jo\u00e3o Maria de Mac\u00eado recebeu a maior reforma de sua hist\u00f3ria para ampliar as op\u00e7\u00f5es de lazer, esporte e conviv\u00eancia aos moradores do bairro Pitimbu, na Zona Sul da cidade. A &#8220;Quadra do Sat\u00e9lite&#8221;, localizada na Rua Serra do Bujari, [&hellip;]","og_url":"https:\/\/blogdobispo.com.br\/?p=17732","og_site_name":"Blog do Bispo","article_published_time":"2025-09-13T16:00:26+00:00","og_image":[{"width":570,"height":380,"url":"http:\/\/blogdobispo.com.br\/wp-content\/uploads\/2025\/09\/43323.jpeg","type":"image\/jpeg"}],"author":"Robson Trigueiro","twitter_card":"summary_large_image","twitter_misc":{"Escrito por":"Robson Trigueiro","Est. tempo de leitura":"3 minutos"},"schema":{"@context":"https:\/\/schema.org","@graph":[{"@type":"Article","@id":"https:\/\/blogdobispo.com.br\/?p=17732#article","isPartOf":{"@id":"https:\/\/blogdobispo.com.br\/?p=17732"},"author":{"name":"Robson Trigueiro","@id":"https:\/\/blogdobispo.com.br\/#\/schema\/person\/05abe7adb94767ba46bf757b4243d3e0"},"headline":"Prefeitura entrega a maior quadra coberta de Natal no Conjunto Sat\u00e9lite","datePublished":"2025-09-13T16:00:26+00:00","mainEntityOfPage":{"@id":"https:\/\/blogdobispo.com.br\/?p=17732"},"wordCount":544,"commentCount":0,"publisher":{"@id":"https:\/\/blogdobispo.com.br\/#organization"},"image":{"@id":"https:\/\/blogdobispo.com.br\/?p=17732#primaryimage"},"thumbnailUrl":"https:\/\/i0.wp.com\/blogdobispo.com.br\/wp-content\/uploads\/2025\/09\/43323.jpeg?fit=570%2C380&ssl=1","articleSection":["Cidadania","Pol\u00edtica"],"inLanguage":"pt-BR","potentialAction":[{"@type":"CommentAction","name":"Comment","target":["https:\/\/blogdobispo.com.br\/?p=17732#respond"]}]},{"@type":"WebPage","@id":"https:\/\/blogdobispo.com.br\/?p=17732","url":"https:\/\/blogdobispo.com.br\/?p=17732","name":"Prefeitura entrega a maior quadra coberta de Natal no Conjunto Sat\u00e9lite - Blog do Bispo","isPartOf":{"@id":"https:\/\/blogdobispo.com.br\/#website"},"primaryImageOfPage":{"@id":"https:\/\/blogdobispo.com.br\/?p=17732#primaryimage"},"image":{"@id":"https:\/\/blogdobispo.com.br\/?p=17732#primaryimage"},"thumbnailUrl":"https:\/\/i0.wp.com\/blogdobispo.com.br\/wp-content\/uploads\/2025\/09\/43323.jpeg?fit=570%2C380&ssl=1","datePublished":"2025-09-13T16:00:26+00:00","breadcrumb":{"@id":"https:\/\/blogdobispo.com.br\/?p=17732#breadcrumb"},"inLanguage":"pt-BR","potentialAction":[{"@type":"ReadAction","target":["https:\/\/blogdobispo.com.br\/?p=17732"]}]},{"@type":"ImageObject","inLanguage":"pt-BR","@id":"https:\/\/blogdobispo.com.br\/?p=17732#primaryimage","url":"https:\/\/i0.wp.com\/blogdobispo.com.br\/wp-content\/uploads\/2025\/09\/43323.jpeg?fit=570%2C380&ssl=1","contentUrl":"https:\/\/i0.wp.com\/blogdobispo.com.br\/wp-content\/uploads\/2025\/09\/43323.jpeg?fit=570%2C380&ssl=1","width":570,"height":380},{"@type":"BreadcrumbList","@id":"https:\/\/blogdobispo.com.br\/?p=17732#breadcrumb","itemListElement":[{"@type":"ListItem","position":1,"name":"In\u00edcio","item":"https:\/\/blogdobispo.com.br\/"},{"@type":"ListItem","position":2,"name":"Prefeitura entrega a maior quadra coberta de Natal no Conjunto Sat\u00e9lite"}]},{"@type":"WebSite","@id":"https:\/\/blogdobispo.com.br\/#website","url":"https:\/\/blogdobispo.com.br\/","name":"Blog do Bispo","description":"Comprometido apenas com o leitor","publisher":{"@id":"https:\/\/blogdobispo.com.br\/#organization"},"potentialAction":[{"@type":"SearchAction","target":{"@type":"EntryPoint","urlTemplate":"https:\/\/blogdobispo.com.br\/?s={search_term_string}"},"query-input":{"@type":"PropertyValueSpecification","valueRequired":true,"valueName":"search_term_string"}}],"inLanguage":"pt-BR"},{"@type":"Organization","@id":"https:\/\/blogdobispo.com.br\/#organization","name":"Blog do Bispo","url":"https:\/\/blogdobispo.com.br\/","logo":{"@type":"ImageObject","inLanguage":"pt-BR","@id":"https:\/\/blogdobispo.com.br\/#\/schema\/logo\/image\/","url":"http:\/\/blogdobispo.com.br\/wp-content\/uploads\/2023\/05\/cropped-headear.png","contentUrl":"http:\/\/blogdobispo.com.br\/wp-content\/uploads\/2023\/05\/cropped-headear.png","width":1500,"height":399,"caption":"Blog do Bispo"},"image":{"@id":"https:\/\/blogdobispo.com.br\/#\/schema\/logo\/image\/"}},{"@type":"Person","@id":"https:\/\/blogdobispo.com.br\/#\/schema\/person\/05abe7adb94767ba46bf757b4243d3e0","name":"Robson Trigueiro","image":{"@type":"ImageObject","inLanguage":"pt-BR","@id":"https:\/\/blogdobispo.com.br\/#\/schema\/person\/image\/","url":"https:\/\/secure.gravatar.com\/avatar\/b71c79ed1dcbb23d15e3cd8224dbfbd99da477df155b3e777061e3a006422418?s=96&d=mm&r=g","contentUrl":"https:\/\/secure.gravatar.com\/avatar\/b71c79ed1dcbb23d15e3cd8224dbfbd99da477df155b3e777061e3a006422418?s=96&d=mm&r=g","caption":"Robson Trigueiro"},"url":"https:\/\/blogdobispo.com.br\/?author=3"}]}},"featured_image_urls":{"full":["https:\/\/i0.wp.com\/blogdobispo.com.br\/wp-content\/uploads\/2025\/09\/43323.jpeg?fit=570%2C380&ssl=1",570,380,false],"thumbnail":["https:\/\/i0.wp.com\/blogdobispo.com.br\/wp-content\/uploads\/2025\/09\/43323.jpeg?resize=150%2C150&ssl=1",150,150,true],"medium":["https:\/\/i0.wp.com\/blogdobispo.com.br\/wp-content\/uploads\/2025\/09\/43323.jpeg?fit=300%2C200&ssl=1",300,200,true],"medium_large":["https:\/\/i0.wp.com\/blogdobispo.com.br\/wp-content\/uploads\/2025\/09\/43323.jpeg?fit=570%2C380&ssl=1",570,380,true],"large":["https:\/\/i0.wp.com\/blogdobispo.com.br\/wp-content\/uploads\/2025\/09\/43323.jpeg?fit=570%2C380&ssl=1",570,380,true],"1536x1536":["https:\/\/i0.wp.com\/blogdobispo.com.br\/wp-content\/uploads\/2025\/09\/43323.jpeg?fit=570%2C380&ssl=1",570,380,true],"2048x2048":["https:\/\/i0.wp.com\/blogdobispo.com.br\/wp-content\/uploads\/2025\/09\/43323.jpeg?fit=570%2C380&ssl=1",570,380,true]},"author_info":{"display_name":"Robson Trigueiro","author_link":"https:\/\/blogdobispo.com.br\/?author=3"},"category_info":"<a href=\"https:\/\/blogdobispo.com.br\/?cat=12\" rel=\"category\">Cidadania<\/a> <a href=\"https:\/\/blogdobispo.com.br\/?cat=3\" rel=\"category\">Pol\u00edtica<\/a>","tag_info":"Pol\u00edtica","comment_count":"0","jetpack_featured_media_url":"https:\/\/i0.wp.com\/blogdobispo.com.br\/wp-content\/uploads\/2025\/09\/43323.jpeg?fit=570%2C380&ssl=1","jetpack_sharing_enabled":true,"_links":{"self":[{"href":"https:\/\/blogdobispo.com.br\/index.php?rest_route=\/wp\/v2\/posts\/17732","targetHints":{"allow":["GET"]}}],"collection":[{"href":"https:\/\/blogdobispo.com.br\/index.php?rest_route=\/wp\/v2\/posts"}],"about":[{"href":"https:\/\/blogdobispo.com.br\/index.php?rest_route=\/wp\/v2\/types\/post"}],"author":[{"embeddable":true,"href":"https:\/\/blogdobispo.com.br\/index.php?rest_route=\/wp\/v2\/users\/3"}],"replies":[{"embeddable":true,"href":"https:\/\/blogdobispo.com.br\/index.php?rest_route=%2Fwp%2Fv2%2Fcomments&post=17732"}],"version-history":[{"count":1,"href":"https:\/\/blogdobispo.com.br\/index.php?rest_route=\/wp\/v2\/posts\/17732\/revisions"}],"predecessor-version":[{"id":17734,"href":"https:\/\/blogdobispo.com.br\/index.php?rest_route=\/wp\/v2\/posts\/17732\/revisions\/17734"}],"wp:featuredmedia":[{"embeddable":true,"href":"https:\/\/blogdobispo.com.br\/index.php?rest_route=\/wp\/v2\/media\/17733"}],"wp:attachment":[{"href":"https:\/\/blogdobispo.com.br\/index.php?rest_route=%2Fwp%2Fv2%2Fmedia&parent=17732"}],"wp:term":[{"taxonomy":"category","embeddable":true,"href":"https:\/\/blogdobispo.com.br\/index.php?rest_route=%2Fwp%2Fv2%2Fcategories&post=17732"},{"taxonomy":"post_tag","embeddable":true,"href":"https:\/\/blogdobispo.com.br\/index.php?rest_route=%2Fwp%2Fv2%2Ftags&post=17732"}],"curies":[{"name":"wp","href":"https:\/\/api.w.org\/{rel}","templated":true}]}}