{"id":17729,"date":"2025-09-13T15:56:18","date_gmt":"2025-09-13T15:56:18","guid":{"rendered":"https:\/\/blogdobispo.com.br\/?p=17729"},"modified":"2025-09-13T15:56:18","modified_gmt":"2025-09-13T15:56:18","slug":"audiencia-publica-na-camara-debate-seguranca-digital-para-a-juventude","status":"publish","type":"post","link":"https:\/\/blogdobispo.com.br\/?p=17729","title":{"rendered":"Audi\u00eancia P\u00fablica na C\u00e2mara debate seguran\u00e7a digital para a juventude"},"content":{"rendered":"<p>A seguran\u00e7a digital para as crian\u00e7as e adolescentes da cidade de Natal foi debatida nesta sexta-feira (12), em uma audi\u00eancia p\u00fablica na C\u00e2mara Municipal de Natal. O tema foi proposto pelo vereador Daniel Santiago (PP), e contou com a participa\u00e7\u00e3o do Deputado Estadual Ubaldo Fernandes (PSDB), representantes do Minist\u00e9rio P\u00fablico do RN, da Secretaria de Educa\u00e7\u00e3o de Natal e da Federa\u00e7\u00e3o de Esportes Eletr\u00f4nicos do RN.<\/p>\n<p>De acordo com o vereador Daniel Santiago, a discuss\u00e3o sobre a seguran\u00e7a digital \u00e9 uma causa urgente e afeta diretamente o futuro das crian\u00e7as de Natal. \u201cNosso objetivo prim\u00e1rio \u00e9 colocar uma lupa sobre o problema mundial da inseguran\u00e7a digital nas redes sociais e nos jogos eletr\u00f4nicos, e apontar poss\u00edveis solu\u00e7\u00f5es\u201d, destacou o parlamentar. Nesse sentido, o fortalecimento da educa\u00e7\u00e3o digital nas escolas municipais e o envolvimento da fam\u00edlia despontam como elementos para reverter o atual cen\u00e1rio de ciberbullying e de crimes digitais contra crian\u00e7as e adolescentes.<\/p>\n<p>Ainda segundo o propositor da audi\u00eancia, o desenvolvimento da consci\u00eancia da seguran\u00e7a digital junto a crian\u00e7as e adolescentes pode encontrar um aliado dentro da pr\u00f3pria internet. \u201cA inten\u00e7\u00e3o \u00e9 incluir os esportes eletr\u00f4nicos digitais nos curr\u00edculos das escolas municipais. onde os alunos ir\u00e3o aprender sobre cidadania e seguran\u00e7a digital, al\u00e9m de como se proteger de poss\u00edveis abusos psicol\u00f3gicos e sexuais, e de desafios os quais, infelizmente, t\u00eam levado nossas crian\u00e7as e adolescentes a se mutilarem\u201d, completou Daniel Santiago.<\/p>\n<p>Segundo o promotor de justi\u00e7a da inf\u00e2ncia, Andr\u00e9 Mauro, representante do Minist\u00e9rio P\u00fablico do RN, os crimes cibern\u00e9ticos envolvendo crian\u00e7as e adolescentes s\u00e3o constantemente combatidos pelo \u00f3rg\u00e3o. \u201cAquilo que, muitas vezes, parece inocente, como um jogo on-line, \u00e9 uma porta de entrada para criminosos que, se passando por outros jovens ou pessoas boas, ganham a confian\u00e7a das crian\u00e7as e dos adolescentes e passam a aliciar, a chantagear e a extorquir esses jovens\u201d, destacou o promotor.<\/p>\n<p>Ainda de acordo com o representante do Minist\u00e9rio P\u00fablico, \u00e9 necess\u00e1rio o envolvimento da fam\u00edlia, da escola e da sociedade como um todo em torno da seguran\u00e7a digital para crian\u00e7as e adolescentes. \u201cO controle parental e a educa\u00e7\u00e3o digital s\u00e3o extremamente importantes para termos um ambiente virtual mais seguro para nossos jovens e crian\u00e7as. A educa\u00e7\u00e3o digital tem que estar n\u00e3o s\u00f3 com a fam\u00edlia, mas com a sociedade, e isso est\u00e1 sendo debatido aqui, na C\u00e2mara, que representa a popula\u00e7\u00e3o\u201d, apontou.<\/p>\n<p>Para a secret\u00e1ria adjunta da Secretaria de Educa\u00e7\u00e3o do Munic\u00edpio de Natal, Naire Capistrano, estudantes e profissionais da educa\u00e7\u00e3o j\u00e1 vivem em um mundo conectado e o desafio se concentra em como utilizar as tecnologias digitais de maneiras t\u00e9cnicas e pedag\u00f3gicas na aprendizagem. \u201cA Secretaria Municipal de Educa\u00e7\u00e3o tem implementado a\u00e7\u00f5es de capacita\u00e7\u00e3o para os profissionais, a forma\u00e7\u00e3o continuada tem contemplado tem\u00e1ticas como o uso de plataformas digitais para aprendizagem e avalia\u00e7\u00e3o, os estudantes das escolas t\u00eam tablets, aderimos ao programa federal de educa\u00e7\u00e3o conectada, que garante a internet na escola e equipamentos para a manuten\u00e7\u00e3o dessa internet, para que a escola se mantenha conectada\u201d. destacou.<\/p>\n<p>A Presidente da Federa\u00e7\u00e3o de Esportes Eletr\u00f4nicos do Rio Grande do Norte, T\u00e1bata Diniz, ressaltou a import\u00e2ncia da audi\u00eancia p\u00fablica para o debate sobre a seguran\u00e7a digital de crian\u00e7as e adolescentes. \u201cA Federa\u00e7\u00e3o vem trabalhando para educar e mostrar as oportunidade desta \u00e1rea, de trazer cidadania digital, de mostrar \u00e9tica e respeito por meio dos jogos eletr\u00f4nicos\u201d, afirmou.<\/p>\n<p>Ao final da audi\u00eancia, o vereador Daniel Santiago (PP) relembrou o car\u00e1ter inicial das discuss\u00f5es sobre o tema, e a disposi\u00e7\u00e3o de designar esfor\u00e7os para a manuten\u00e7\u00e3o das proposi\u00e7\u00f5es a partir de 2026.<\/p>\n","protected":false},"excerpt":{"rendered":"<p>A seguran\u00e7a digital para as crian\u00e7as e adolescentes da cidade de Natal foi debatida nesta sexta-feira (12), em uma audi\u00eancia p\u00fablica na C\u00e2mara Municipal de Natal. O tema foi proposto pelo vereador Daniel Santiago (PP), e contou com a participa\u00e7\u00e3o do Deputado Estadual Ubaldo Fernandes (PSDB), representantes do Minist\u00e9rio P\u00fablico do RN, da Secretaria de [&hellip;]<\/p>\n","protected":false},"author":3,"featured_media":17730,"comment_status":"open","ping_status":"open","sticky":false,"template":"","format":"standard","meta":{"cybocfi_hide_featured_image":"","_jetpack_memberships_contains_paid_content":false,"footnotes":""},"categories":[12,3],"tags":[],"class_list":["post-17729","post","type-post","status-publish","format-standard","has-post-thumbnail","hentry","category-cidadania","category-politica"],"yoast_head":"<!-- This site is optimized with the Yoast SEO plugin v25.6 - https:\/\/yoast.com\/wordpress\/plugins\/seo\/ -->\n<title>Audi\u00eancia P\u00fablica na C\u00e2mara debate seguran\u00e7a digital para a juventude - Blog do Bispo<\/title>\n<meta name=\"robots\" content=\"index, follow, max-snippet:-1, max-image-preview:large, max-video-preview:-1\" \/>\n<link rel=\"canonical\" href=\"https:\/\/blogdobispo.com.br\/?p=17729\" \/>\n<meta property=\"og:locale\" content=\"pt_BR\" \/>\n<meta property=\"og:type\" content=\"article\" \/>\n<meta property=\"og:title\" content=\"Audi\u00eancia P\u00fablica na C\u00e2mara debate seguran\u00e7a digital para a juventude - Blog do Bispo\" \/>\n<meta property=\"og:description\" content=\"A seguran\u00e7a digital para as crian\u00e7as e adolescentes da cidade de Natal foi debatida nesta sexta-feira (12), em uma audi\u00eancia p\u00fablica na C\u00e2mara Municipal de Natal. O tema foi proposto pelo vereador Daniel Santiago (PP), e contou com a participa\u00e7\u00e3o do Deputado Estadual Ubaldo Fernandes (PSDB), representantes do Minist\u00e9rio P\u00fablico do RN, da Secretaria de [&hellip;]\" \/>\n<meta property=\"og:url\" content=\"https:\/\/blogdobispo.com.br\/?p=17729\" \/>\n<meta property=\"og:site_name\" content=\"Blog do Bispo\" \/>\n<meta property=\"article:published_time\" content=\"2025-09-13T15:56:18+00:00\" \/>\n<meta property=\"og:image\" content=\"http:\/\/blogdobispo.com.br\/wp-content\/uploads\/2025\/09\/70337a16037ddab0268cb6c0b3cba707.jpg\" \/>\n\t<meta property=\"og:image:width\" content=\"1600\" \/>\n\t<meta property=\"og:image:height\" content=\"1037\" \/>\n\t<meta property=\"og:image:type\" content=\"image\/jpeg\" \/>\n<meta name=\"author\" content=\"Robson Trigueiro\" \/>\n<meta name=\"twitter:card\" content=\"summary_large_image\" \/>\n<meta name=\"twitter:label1\" content=\"Escrito por\" \/>\n\t<meta name=\"twitter:data1\" content=\"Robson Trigueiro\" \/>\n\t<meta name=\"twitter:label2\" content=\"Est. tempo de leitura\" \/>\n\t<meta name=\"twitter:data2\" content=\"4 minutos\" \/>\n<script type=\"application\/ld+json\" class=\"yoast-schema-graph\">{\"@context\":\"https:\/\/schema.org\",\"@graph\":[{\"@type\":\"Article\",\"@id\":\"https:\/\/blogdobispo.com.br\/?p=17729#article\",\"isPartOf\":{\"@id\":\"https:\/\/blogdobispo.com.br\/?p=17729\"},\"author\":{\"name\":\"Robson Trigueiro\",\"@id\":\"https:\/\/blogdobispo.com.br\/#\/schema\/person\/05abe7adb94767ba46bf757b4243d3e0\"},\"headline\":\"Audi\u00eancia P\u00fablica na C\u00e2mara debate seguran\u00e7a digital para a juventude\",\"datePublished\":\"2025-09-13T15:56:18+00:00\",\"mainEntityOfPage\":{\"@id\":\"https:\/\/blogdobispo.com.br\/?p=17729\"},\"wordCount\":686,\"commentCount\":0,\"publisher\":{\"@id\":\"https:\/\/blogdobispo.com.br\/#organization\"},\"image\":{\"@id\":\"https:\/\/blogdobispo.com.br\/?p=17729#primaryimage\"},\"thumbnailUrl\":\"https:\/\/i0.wp.com\/blogdobispo.com.br\/wp-content\/uploads\/2025\/09\/70337a16037ddab0268cb6c0b3cba707.jpg?fit=1600%2C1037&ssl=1\",\"articleSection\":[\"Cidadania\",\"Pol\u00edtica\"],\"inLanguage\":\"pt-BR\",\"potentialAction\":[{\"@type\":\"CommentAction\",\"name\":\"Comment\",\"target\":[\"https:\/\/blogdobispo.com.br\/?p=17729#respond\"]}]},{\"@type\":\"WebPage\",\"@id\":\"https:\/\/blogdobispo.com.br\/?p=17729\",\"url\":\"https:\/\/blogdobispo.com.br\/?p=17729\",\"name\":\"Audi\u00eancia P\u00fablica na C\u00e2mara debate seguran\u00e7a digital para a juventude - Blog do Bispo\",\"isPartOf\":{\"@id\":\"https:\/\/blogdobispo.com.br\/#website\"},\"primaryImageOfPage\":{\"@id\":\"https:\/\/blogdobispo.com.br\/?p=17729#primaryimage\"},\"image\":{\"@id\":\"https:\/\/blogdobispo.com.br\/?p=17729#primaryimage\"},\"thumbnailUrl\":\"https:\/\/i0.wp.com\/blogdobispo.com.br\/wp-content\/uploads\/2025\/09\/70337a16037ddab0268cb6c0b3cba707.jpg?fit=1600%2C1037&ssl=1\",\"datePublished\":\"2025-09-13T15:56:18+00:00\",\"breadcrumb\":{\"@id\":\"https:\/\/blogdobispo.com.br\/?p=17729#breadcrumb\"},\"inLanguage\":\"pt-BR\",\"potentialAction\":[{\"@type\":\"ReadAction\",\"target\":[\"https:\/\/blogdobispo.com.br\/?p=17729\"]}]},{\"@type\":\"ImageObject\",\"inLanguage\":\"pt-BR\",\"@id\":\"https:\/\/blogdobispo.com.br\/?p=17729#primaryimage\",\"url\":\"https:\/\/i0.wp.com\/blogdobispo.com.br\/wp-content\/uploads\/2025\/09\/70337a16037ddab0268cb6c0b3cba707.jpg?fit=1600%2C1037&ssl=1\",\"contentUrl\":\"https:\/\/i0.wp.com\/blogdobispo.com.br\/wp-content\/uploads\/2025\/09\/70337a16037ddab0268cb6c0b3cba707.jpg?fit=1600%2C1037&ssl=1\",\"width\":1600,\"height\":1037},{\"@type\":\"BreadcrumbList\",\"@id\":\"https:\/\/blogdobispo.com.br\/?p=17729#breadcrumb\",\"itemListElement\":[{\"@type\":\"ListItem\",\"position\":1,\"name\":\"In\u00edcio\",\"item\":\"https:\/\/blogdobispo.com.br\/\"},{\"@type\":\"ListItem\",\"position\":2,\"name\":\"Audi\u00eancia P\u00fablica na C\u00e2mara debate seguran\u00e7a digital para a juventude\"}]},{\"@type\":\"WebSite\",\"@id\":\"https:\/\/blogdobispo.com.br\/#website\",\"url\":\"https:\/\/blogdobispo.com.br\/\",\"name\":\"Blog do Bispo\",\"description\":\"Comprometido apenas com o leitor\",\"publisher\":{\"@id\":\"https:\/\/blogdobispo.com.br\/#organization\"},\"potentialAction\":[{\"@type\":\"SearchAction\",\"target\":{\"@type\":\"EntryPoint\",\"urlTemplate\":\"https:\/\/blogdobispo.com.br\/?s={search_term_string}\"},\"query-input\":{\"@type\":\"PropertyValueSpecification\",\"valueRequired\":true,\"valueName\":\"search_term_string\"}}],\"inLanguage\":\"pt-BR\"},{\"@type\":\"Organization\",\"@id\":\"https:\/\/blogdobispo.com.br\/#organization\",\"name\":\"Blog do Bispo\",\"url\":\"https:\/\/blogdobispo.com.br\/\",\"logo\":{\"@type\":\"ImageObject\",\"inLanguage\":\"pt-BR\",\"@id\":\"https:\/\/blogdobispo.com.br\/#\/schema\/logo\/image\/\",\"url\":\"http:\/\/blogdobispo.com.br\/wp-content\/uploads\/2023\/05\/cropped-headear.png\",\"contentUrl\":\"http:\/\/blogdobispo.com.br\/wp-content\/uploads\/2023\/05\/cropped-headear.png\",\"width\":1500,\"height\":399,\"caption\":\"Blog do Bispo\"},\"image\":{\"@id\":\"https:\/\/blogdobispo.com.br\/#\/schema\/logo\/image\/\"}},{\"@type\":\"Person\",\"@id\":\"https:\/\/blogdobispo.com.br\/#\/schema\/person\/05abe7adb94767ba46bf757b4243d3e0\",\"name\":\"Robson Trigueiro\",\"image\":{\"@type\":\"ImageObject\",\"inLanguage\":\"pt-BR\",\"@id\":\"https:\/\/blogdobispo.com.br\/#\/schema\/person\/image\/\",\"url\":\"https:\/\/secure.gravatar.com\/avatar\/b71c79ed1dcbb23d15e3cd8224dbfbd99da477df155b3e777061e3a006422418?s=96&d=mm&r=g\",\"contentUrl\":\"https:\/\/secure.gravatar.com\/avatar\/b71c79ed1dcbb23d15e3cd8224dbfbd99da477df155b3e777061e3a006422418?s=96&d=mm&r=g\",\"caption\":\"Robson Trigueiro\"},\"url\":\"https:\/\/blogdobispo.com.br\/?author=3\"}]}<\/script>\n<!-- \/ Yoast SEO plugin. -->","yoast_head_json":{"title":"Audi\u00eancia P\u00fablica na C\u00e2mara debate seguran\u00e7a digital para a juventude - Blog do Bispo","robots":{"index":"index","follow":"follow","max-snippet":"max-snippet:-1","max-image-preview":"max-image-preview:large","max-video-preview":"max-video-preview:-1"},"canonical":"https:\/\/blogdobispo.com.br\/?p=17729","og_locale":"pt_BR","og_type":"article","og_title":"Audi\u00eancia P\u00fablica na C\u00e2mara debate seguran\u00e7a digital para a juventude - Blog do Bispo","og_description":"A seguran\u00e7a digital para as crian\u00e7as e adolescentes da cidade de Natal foi debatida nesta sexta-feira (12), em uma audi\u00eancia p\u00fablica na C\u00e2mara Municipal de Natal. O tema foi proposto pelo vereador Daniel Santiago (PP), e contou com a participa\u00e7\u00e3o do Deputado Estadual Ubaldo Fernandes (PSDB), representantes do Minist\u00e9rio P\u00fablico do RN, da Secretaria de [&hellip;]","og_url":"https:\/\/blogdobispo.com.br\/?p=17729","og_site_name":"Blog do Bispo","article_published_time":"2025-09-13T15:56:18+00:00","og_image":[{"width":1600,"height":1037,"url":"http:\/\/blogdobispo.com.br\/wp-content\/uploads\/2025\/09\/70337a16037ddab0268cb6c0b3cba707.jpg","type":"image\/jpeg"}],"author":"Robson Trigueiro","twitter_card":"summary_large_image","twitter_misc":{"Escrito por":"Robson Trigueiro","Est. tempo de leitura":"4 minutos"},"schema":{"@context":"https:\/\/schema.org","@graph":[{"@type":"Article","@id":"https:\/\/blogdobispo.com.br\/?p=17729#article","isPartOf":{"@id":"https:\/\/blogdobispo.com.br\/?p=17729"},"author":{"name":"Robson Trigueiro","@id":"https:\/\/blogdobispo.com.br\/#\/schema\/person\/05abe7adb94767ba46bf757b4243d3e0"},"headline":"Audi\u00eancia P\u00fablica na C\u00e2mara debate seguran\u00e7a digital para a juventude","datePublished":"2025-09-13T15:56:18+00:00","mainEntityOfPage":{"@id":"https:\/\/blogdobispo.com.br\/?p=17729"},"wordCount":686,"commentCount":0,"publisher":{"@id":"https:\/\/blogdobispo.com.br\/#organization"},"image":{"@id":"https:\/\/blogdobispo.com.br\/?p=17729#primaryimage"},"thumbnailUrl":"https:\/\/i0.wp.com\/blogdobispo.com.br\/wp-content\/uploads\/2025\/09\/70337a16037ddab0268cb6c0b3cba707.jpg?fit=1600%2C1037&ssl=1","articleSection":["Cidadania","Pol\u00edtica"],"inLanguage":"pt-BR","potentialAction":[{"@type":"CommentAction","name":"Comment","target":["https:\/\/blogdobispo.com.br\/?p=17729#respond"]}]},{"@type":"WebPage","@id":"https:\/\/blogdobispo.com.br\/?p=17729","url":"https:\/\/blogdobispo.com.br\/?p=17729","name":"Audi\u00eancia P\u00fablica na C\u00e2mara debate seguran\u00e7a digital para a juventude - Blog do Bispo","isPartOf":{"@id":"https:\/\/blogdobispo.com.br\/#website"},"primaryImageOfPage":{"@id":"https:\/\/blogdobispo.com.br\/?p=17729#primaryimage"},"image":{"@id":"https:\/\/blogdobispo.com.br\/?p=17729#primaryimage"},"thumbnailUrl":"https:\/\/i0.wp.com\/blogdobispo.com.br\/wp-content\/uploads\/2025\/09\/70337a16037ddab0268cb6c0b3cba707.jpg?fit=1600%2C1037&ssl=1","datePublished":"2025-09-13T15:56:18+00:00","breadcrumb":{"@id":"https:\/\/blogdobispo.com.br\/?p=17729#breadcrumb"},"inLanguage":"pt-BR","potentialAction":[{"@type":"ReadAction","target":["https:\/\/blogdobispo.com.br\/?p=17729"]}]},{"@type":"ImageObject","inLanguage":"pt-BR","@id":"https:\/\/blogdobispo.com.br\/?p=17729#primaryimage","url":"https:\/\/i0.wp.com\/blogdobispo.com.br\/wp-content\/uploads\/2025\/09\/70337a16037ddab0268cb6c0b3cba707.jpg?fit=1600%2C1037&ssl=1","contentUrl":"https:\/\/i0.wp.com\/blogdobispo.com.br\/wp-content\/uploads\/2025\/09\/70337a16037ddab0268cb6c0b3cba707.jpg?fit=1600%2C1037&ssl=1","width":1600,"height":1037},{"@type":"BreadcrumbList","@id":"https:\/\/blogdobispo.com.br\/?p=17729#breadcrumb","itemListElement":[{"@type":"ListItem","position":1,"name":"In\u00edcio","item":"https:\/\/blogdobispo.com.br\/"},{"@type":"ListItem","position":2,"name":"Audi\u00eancia P\u00fablica na C\u00e2mara debate seguran\u00e7a digital para a juventude"}]},{"@type":"WebSite","@id":"https:\/\/blogdobispo.com.br\/#website","url":"https:\/\/blogdobispo.com.br\/","name":"Blog do Bispo","description":"Comprometido apenas com o leitor","publisher":{"@id":"https:\/\/blogdobispo.com.br\/#organization"},"potentialAction":[{"@type":"SearchAction","target":{"@type":"EntryPoint","urlTemplate":"https:\/\/blogdobispo.com.br\/?s={search_term_string}"},"query-input":{"@type":"PropertyValueSpecification","valueRequired":true,"valueName":"search_term_string"}}],"inLanguage":"pt-BR"},{"@type":"Organization","@id":"https:\/\/blogdobispo.com.br\/#organization","name":"Blog do Bispo","url":"https:\/\/blogdobispo.com.br\/","logo":{"@type":"ImageObject","inLanguage":"pt-BR","@id":"https:\/\/blogdobispo.com.br\/#\/schema\/logo\/image\/","url":"http:\/\/blogdobispo.com.br\/wp-content\/uploads\/2023\/05\/cropped-headear.png","contentUrl":"http:\/\/blogdobispo.com.br\/wp-content\/uploads\/2023\/05\/cropped-headear.png","width":1500,"height":399,"caption":"Blog do Bispo"},"image":{"@id":"https:\/\/blogdobispo.com.br\/#\/schema\/logo\/image\/"}},{"@type":"Person","@id":"https:\/\/blogdobispo.com.br\/#\/schema\/person\/05abe7adb94767ba46bf757b4243d3e0","name":"Robson Trigueiro","image":{"@type":"ImageObject","inLanguage":"pt-BR","@id":"https:\/\/blogdobispo.com.br\/#\/schema\/person\/image\/","url":"https:\/\/secure.gravatar.com\/avatar\/b71c79ed1dcbb23d15e3cd8224dbfbd99da477df155b3e777061e3a006422418?s=96&d=mm&r=g","contentUrl":"https:\/\/secure.gravatar.com\/avatar\/b71c79ed1dcbb23d15e3cd8224dbfbd99da477df155b3e777061e3a006422418?s=96&d=mm&r=g","caption":"Robson Trigueiro"},"url":"https:\/\/blogdobispo.com.br\/?author=3"}]}},"featured_image_urls":{"full":["https:\/\/i0.wp.com\/blogdobispo.com.br\/wp-content\/uploads\/2025\/09\/70337a16037ddab0268cb6c0b3cba707.jpg?fit=1600%2C1037&ssl=1",1600,1037,false],"thumbnail":["https:\/\/i0.wp.com\/blogdobispo.com.br\/wp-content\/uploads\/2025\/09\/70337a16037ddab0268cb6c0b3cba707.jpg?resize=150%2C150&ssl=1",150,150,true],"medium":["https:\/\/i0.wp.com\/blogdobispo.com.br\/wp-content\/uploads\/2025\/09\/70337a16037ddab0268cb6c0b3cba707.jpg?fit=300%2C194&ssl=1",300,194,true],"medium_large":["https:\/\/i0.wp.com\/blogdobispo.com.br\/wp-content\/uploads\/2025\/09\/70337a16037ddab0268cb6c0b3cba707.jpg?fit=768%2C498&ssl=1",768,498,true],"large":["https:\/\/i0.wp.com\/blogdobispo.com.br\/wp-content\/uploads\/2025\/09\/70337a16037ddab0268cb6c0b3cba707.jpg?fit=800%2C519&ssl=1",800,519,true],"1536x1536":["https:\/\/i0.wp.com\/blogdobispo.com.br\/wp-content\/uploads\/2025\/09\/70337a16037ddab0268cb6c0b3cba707.jpg?fit=1536%2C996&ssl=1",1536,996,true],"2048x2048":["https:\/\/i0.wp.com\/blogdobispo.com.br\/wp-content\/uploads\/2025\/09\/70337a16037ddab0268cb6c0b3cba707.jpg?fit=1600%2C1037&ssl=1",1600,1037,true]},"author_info":{"display_name":"Robson Trigueiro","author_link":"https:\/\/blogdobispo.com.br\/?author=3"},"category_info":"<a href=\"https:\/\/blogdobispo.com.br\/?cat=12\" rel=\"category\">Cidadania<\/a> <a href=\"https:\/\/blogdobispo.com.br\/?cat=3\" rel=\"category\">Pol\u00edtica<\/a>","tag_info":"Pol\u00edtica","comment_count":"0","jetpack_featured_media_url":"https:\/\/i0.wp.com\/blogdobispo.com.br\/wp-content\/uploads\/2025\/09\/70337a16037ddab0268cb6c0b3cba707.jpg?fit=1600%2C1037&ssl=1","jetpack_sharing_enabled":true,"_links":{"self":[{"href":"https:\/\/blogdobispo.com.br\/index.php?rest_route=\/wp\/v2\/posts\/17729","targetHints":{"allow":["GET"]}}],"collection":[{"href":"https:\/\/blogdobispo.com.br\/index.php?rest_route=\/wp\/v2\/posts"}],"about":[{"href":"https:\/\/blogdobispo.com.br\/index.php?rest_route=\/wp\/v2\/types\/post"}],"author":[{"embeddable":true,"href":"https:\/\/blogdobispo.com.br\/index.php?rest_route=\/wp\/v2\/users\/3"}],"replies":[{"embeddable":true,"href":"https:\/\/blogdobispo.com.br\/index.php?rest_route=%2Fwp%2Fv2%2Fcomments&post=17729"}],"version-history":[{"count":1,"href":"https:\/\/blogdobispo.com.br\/index.php?rest_route=\/wp\/v2\/posts\/17729\/revisions"}],"predecessor-version":[{"id":17731,"href":"https:\/\/blogdobispo.com.br\/index.php?rest_route=\/wp\/v2\/posts\/17729\/revisions\/17731"}],"wp:featuredmedia":[{"embeddable":true,"href":"https:\/\/blogdobispo.com.br\/index.php?rest_route=\/wp\/v2\/media\/17730"}],"wp:attachment":[{"href":"https:\/\/blogdobispo.com.br\/index.php?rest_route=%2Fwp%2Fv2%2Fmedia&parent=17729"}],"wp:term":[{"taxonomy":"category","embeddable":true,"href":"https:\/\/blogdobispo.com.br\/index.php?rest_route=%2Fwp%2Fv2%2Fcategories&post=17729"},{"taxonomy":"post_tag","embeddable":true,"href":"https:\/\/blogdobispo.com.br\/index.php?rest_route=%2Fwp%2Fv2%2Ftags&post=17729"}],"curies":[{"name":"wp","href":"https:\/\/api.w.org\/{rel}","templated":true}]}}