{"id":17720,"date":"2025-09-13T15:46:10","date_gmt":"2025-09-13T15:46:10","guid":{"rendered":"https:\/\/blogdobispo.com.br\/?p=17720"},"modified":"2025-09-13T16:04:46","modified_gmt":"2025-09-13T16:04:46","slug":"em-12-dias-gestao-da-justiz-na-escala-medica-das-unidades-de-saude-de-natal-ja-contabilizam-mais-de-16-mil-atendimentos","status":"publish","type":"post","link":"https:\/\/blogdobispo.com.br\/?p=17720","title":{"rendered":"Em 12 dias, gest\u00e3o da Justiz na escala m\u00e9dica das unidades de sa\u00fade de Natal j\u00e1 contabilizam mais de 16 mil atendimentos"},"content":{"rendered":"<header class=\"mb-4\">O melhor momento vivido na rede municipal de sa\u00fade de Natal a partir mudan\u00e7a na gest\u00e3o das escalas m\u00e9dicas est\u00e1 expresso pelos n\u00fameros. Em duas semanas, a Justiz Terceiriza\u00e7\u00e3o, que assumiu o servi\u00e7o no dia primeiro de setembro, j\u00e1 contabiliza mais de 16 mil atendimentos.<\/header>\n<header><\/header>\n<header><\/header>\n<header><\/header>\n<div class=\"entry-content mb-4\">\n<div>\n<p>Um alto volume com um baix\u00edssimo per\u00edodo de espera e, em muitos momentos, com fila zerada, mostram a excel\u00eancia dos servi\u00e7os prestados pela equipe da Justiz Terceiriza\u00e7\u00e3o.<\/p>\n<p>O novo momento das unidades de sa\u00fade tamb\u00e9m foi destacado pelo prefeito de Natal Paulinho Freire que, nessa quinta-feira, esteve na Unidade de Pronto Atendimento de Cidade da Esperan\u00e7a e ressaltou a qualidade do servi\u00e7o prestado pela equipe Justiz.<\/p>\n<\/div>\n<\/div>\n","protected":false},"excerpt":{"rendered":"<p>O melhor momento vivido na rede municipal de sa\u00fade de Natal a partir mudan\u00e7a na gest\u00e3o das escalas m\u00e9dicas est\u00e1 expresso pelos n\u00fameros. Em duas semanas, a Justiz Terceiriza\u00e7\u00e3o, que assumiu o servi\u00e7o no dia primeiro de setembro, j\u00e1 contabiliza mais de 16 mil atendimentos. Um alto volume com um baix\u00edssimo per\u00edodo de espera e, [&hellip;]<\/p>\n","protected":false},"author":3,"featured_media":17721,"comment_status":"open","ping_status":"open","sticky":false,"template":"","format":"standard","meta":{"cybocfi_hide_featured_image":"","_jetpack_memberships_contains_paid_content":false,"footnotes":""},"categories":[12,104],"tags":[],"class_list":["post-17720","post","type-post","status-publish","format-standard","has-post-thumbnail","hentry","category-cidadania","category-health"],"yoast_head":"<!-- This site is optimized with the Yoast SEO plugin v25.6 - https:\/\/yoast.com\/wordpress\/plugins\/seo\/ -->\n<title>Em 12 dias, gest\u00e3o da Justiz na escala m\u00e9dica das unidades de sa\u00fade de Natal j\u00e1 contabilizam mais de 16 mil atendimentos - Blog do Bispo<\/title>\n<meta name=\"robots\" content=\"index, follow, max-snippet:-1, max-image-preview:large, max-video-preview:-1\" \/>\n<link rel=\"canonical\" href=\"https:\/\/blogdobispo.com.br\/?p=17720\" \/>\n<meta property=\"og:locale\" content=\"pt_BR\" \/>\n<meta property=\"og:type\" content=\"article\" \/>\n<meta property=\"og:title\" content=\"Em 12 dias, gest\u00e3o da Justiz na escala m\u00e9dica das unidades de sa\u00fade de Natal j\u00e1 contabilizam mais de 16 mil atendimentos - Blog do Bispo\" \/>\n<meta property=\"og:description\" content=\"O melhor momento vivido na rede municipal de sa\u00fade de Natal a partir mudan\u00e7a na gest\u00e3o das escalas m\u00e9dicas est\u00e1 expresso pelos n\u00fameros. Em duas semanas, a Justiz Terceiriza\u00e7\u00e3o, que assumiu o servi\u00e7o no dia primeiro de setembro, j\u00e1 contabiliza mais de 16 mil atendimentos. Um alto volume com um baix\u00edssimo per\u00edodo de espera e, [&hellip;]\" \/>\n<meta property=\"og:url\" content=\"https:\/\/blogdobispo.com.br\/?p=17720\" \/>\n<meta property=\"og:site_name\" content=\"Blog do Bispo\" \/>\n<meta property=\"article:published_time\" content=\"2025-09-13T15:46:10+00:00\" \/>\n<meta property=\"article:modified_time\" content=\"2025-09-13T16:04:46+00:00\" \/>\n<meta property=\"og:image\" content=\"http:\/\/blogdobispo.com.br\/wp-content\/uploads\/2025\/09\/WhatsApp-Image-2025-09-13-at-09.30.00.jpeg\" \/>\n\t<meta property=\"og:image:width\" content=\"1600\" \/>\n\t<meta property=\"og:image:height\" content=\"1200\" \/>\n\t<meta property=\"og:image:type\" content=\"image\/jpeg\" \/>\n<meta name=\"author\" content=\"Robson Trigueiro\" \/>\n<meta name=\"twitter:card\" content=\"summary_large_image\" \/>\n<meta name=\"twitter:label1\" content=\"Escrito por\" \/>\n\t<meta name=\"twitter:data1\" content=\"Robson Trigueiro\" \/>\n\t<meta name=\"twitter:label2\" content=\"Est. tempo de leitura\" \/>\n\t<meta name=\"twitter:data2\" content=\"1 minuto\" \/>\n<script type=\"application\/ld+json\" class=\"yoast-schema-graph\">{\"@context\":\"https:\/\/schema.org\",\"@graph\":[{\"@type\":\"Article\",\"@id\":\"https:\/\/blogdobispo.com.br\/?p=17720#article\",\"isPartOf\":{\"@id\":\"https:\/\/blogdobispo.com.br\/?p=17720\"},\"author\":{\"name\":\"Robson Trigueiro\",\"@id\":\"https:\/\/blogdobispo.com.br\/#\/schema\/person\/05abe7adb94767ba46bf757b4243d3e0\"},\"headline\":\"Em 12 dias, gest\u00e3o da Justiz na escala m\u00e9dica das unidades de sa\u00fade de Natal j\u00e1 contabilizam mais de 16 mil atendimentos\",\"datePublished\":\"2025-09-13T15:46:10+00:00\",\"dateModified\":\"2025-09-13T16:04:46+00:00\",\"mainEntityOfPage\":{\"@id\":\"https:\/\/blogdobispo.com.br\/?p=17720\"},\"wordCount\":149,\"commentCount\":0,\"publisher\":{\"@id\":\"https:\/\/blogdobispo.com.br\/#organization\"},\"image\":{\"@id\":\"https:\/\/blogdobispo.com.br\/?p=17720#primaryimage\"},\"thumbnailUrl\":\"https:\/\/i0.wp.com\/blogdobispo.com.br\/wp-content\/uploads\/2025\/09\/WhatsApp-Image-2025-09-13-at-09.30.00.jpeg?fit=1600%2C1200&ssl=1\",\"articleSection\":[\"Cidadania\",\"Health\"],\"inLanguage\":\"pt-BR\",\"potentialAction\":[{\"@type\":\"CommentAction\",\"name\":\"Comment\",\"target\":[\"https:\/\/blogdobispo.com.br\/?p=17720#respond\"]}]},{\"@type\":\"WebPage\",\"@id\":\"https:\/\/blogdobispo.com.br\/?p=17720\",\"url\":\"https:\/\/blogdobispo.com.br\/?p=17720\",\"name\":\"Em 12 dias, gest\u00e3o da Justiz na escala m\u00e9dica das unidades de sa\u00fade de Natal j\u00e1 contabilizam mais de 16 mil atendimentos - Blog do Bispo\",\"isPartOf\":{\"@id\":\"https:\/\/blogdobispo.com.br\/#website\"},\"primaryImageOfPage\":{\"@id\":\"https:\/\/blogdobispo.com.br\/?p=17720#primaryimage\"},\"image\":{\"@id\":\"https:\/\/blogdobispo.com.br\/?p=17720#primaryimage\"},\"thumbnailUrl\":\"https:\/\/i0.wp.com\/blogdobispo.com.br\/wp-content\/uploads\/2025\/09\/WhatsApp-Image-2025-09-13-at-09.30.00.jpeg?fit=1600%2C1200&ssl=1\",\"datePublished\":\"2025-09-13T15:46:10+00:00\",\"dateModified\":\"2025-09-13T16:04:46+00:00\",\"breadcrumb\":{\"@id\":\"https:\/\/blogdobispo.com.br\/?p=17720#breadcrumb\"},\"inLanguage\":\"pt-BR\",\"potentialAction\":[{\"@type\":\"ReadAction\",\"target\":[\"https:\/\/blogdobispo.com.br\/?p=17720\"]}]},{\"@type\":\"ImageObject\",\"inLanguage\":\"pt-BR\",\"@id\":\"https:\/\/blogdobispo.com.br\/?p=17720#primaryimage\",\"url\":\"https:\/\/i0.wp.com\/blogdobispo.com.br\/wp-content\/uploads\/2025\/09\/WhatsApp-Image-2025-09-13-at-09.30.00.jpeg?fit=1600%2C1200&ssl=1\",\"contentUrl\":\"https:\/\/i0.wp.com\/blogdobispo.com.br\/wp-content\/uploads\/2025\/09\/WhatsApp-Image-2025-09-13-at-09.30.00.jpeg?fit=1600%2C1200&ssl=1\",\"width\":1600,\"height\":1200},{\"@type\":\"BreadcrumbList\",\"@id\":\"https:\/\/blogdobispo.com.br\/?p=17720#breadcrumb\",\"itemListElement\":[{\"@type\":\"ListItem\",\"position\":1,\"name\":\"In\u00edcio\",\"item\":\"https:\/\/blogdobispo.com.br\/\"},{\"@type\":\"ListItem\",\"position\":2,\"name\":\"Em 12 dias, gest\u00e3o da Justiz na escala m\u00e9dica das unidades de sa\u00fade de Natal j\u00e1 contabilizam mais de 16 mil atendimentos\"}]},{\"@type\":\"WebSite\",\"@id\":\"https:\/\/blogdobispo.com.br\/#website\",\"url\":\"https:\/\/blogdobispo.com.br\/\",\"name\":\"Blog do Bispo\",\"description\":\"Comprometido apenas com o leitor\",\"publisher\":{\"@id\":\"https:\/\/blogdobispo.com.br\/#organization\"},\"potentialAction\":[{\"@type\":\"SearchAction\",\"target\":{\"@type\":\"EntryPoint\",\"urlTemplate\":\"https:\/\/blogdobispo.com.br\/?s={search_term_string}\"},\"query-input\":{\"@type\":\"PropertyValueSpecification\",\"valueRequired\":true,\"valueName\":\"search_term_string\"}}],\"inLanguage\":\"pt-BR\"},{\"@type\":\"Organization\",\"@id\":\"https:\/\/blogdobispo.com.br\/#organization\",\"name\":\"Blog do Bispo\",\"url\":\"https:\/\/blogdobispo.com.br\/\",\"logo\":{\"@type\":\"ImageObject\",\"inLanguage\":\"pt-BR\",\"@id\":\"https:\/\/blogdobispo.com.br\/#\/schema\/logo\/image\/\",\"url\":\"http:\/\/blogdobispo.com.br\/wp-content\/uploads\/2023\/05\/cropped-headear.png\",\"contentUrl\":\"http:\/\/blogdobispo.com.br\/wp-content\/uploads\/2023\/05\/cropped-headear.png\",\"width\":1500,\"height\":399,\"caption\":\"Blog do Bispo\"},\"image\":{\"@id\":\"https:\/\/blogdobispo.com.br\/#\/schema\/logo\/image\/\"}},{\"@type\":\"Person\",\"@id\":\"https:\/\/blogdobispo.com.br\/#\/schema\/person\/05abe7adb94767ba46bf757b4243d3e0\",\"name\":\"Robson Trigueiro\",\"image\":{\"@type\":\"ImageObject\",\"inLanguage\":\"pt-BR\",\"@id\":\"https:\/\/blogdobispo.com.br\/#\/schema\/person\/image\/\",\"url\":\"https:\/\/secure.gravatar.com\/avatar\/b71c79ed1dcbb23d15e3cd8224dbfbd99da477df155b3e777061e3a006422418?s=96&d=mm&r=g\",\"contentUrl\":\"https:\/\/secure.gravatar.com\/avatar\/b71c79ed1dcbb23d15e3cd8224dbfbd99da477df155b3e777061e3a006422418?s=96&d=mm&r=g\",\"caption\":\"Robson Trigueiro\"},\"url\":\"https:\/\/blogdobispo.com.br\/?author=3\"}]}<\/script>\n<!-- \/ Yoast SEO plugin. -->","yoast_head_json":{"title":"Em 12 dias, gest\u00e3o da Justiz na escala m\u00e9dica das unidades de sa\u00fade de Natal j\u00e1 contabilizam mais de 16 mil atendimentos - Blog do Bispo","robots":{"index":"index","follow":"follow","max-snippet":"max-snippet:-1","max-image-preview":"max-image-preview:large","max-video-preview":"max-video-preview:-1"},"canonical":"https:\/\/blogdobispo.com.br\/?p=17720","og_locale":"pt_BR","og_type":"article","og_title":"Em 12 dias, gest\u00e3o da Justiz na escala m\u00e9dica das unidades de sa\u00fade de Natal j\u00e1 contabilizam mais de 16 mil atendimentos - Blog do Bispo","og_description":"O melhor momento vivido na rede municipal de sa\u00fade de Natal a partir mudan\u00e7a na gest\u00e3o das escalas m\u00e9dicas est\u00e1 expresso pelos n\u00fameros. Em duas semanas, a Justiz Terceiriza\u00e7\u00e3o, que assumiu o servi\u00e7o no dia primeiro de setembro, j\u00e1 contabiliza mais de 16 mil atendimentos. Um alto volume com um baix\u00edssimo per\u00edodo de espera e, [&hellip;]","og_url":"https:\/\/blogdobispo.com.br\/?p=17720","og_site_name":"Blog do Bispo","article_published_time":"2025-09-13T15:46:10+00:00","article_modified_time":"2025-09-13T16:04:46+00:00","og_image":[{"width":1600,"height":1200,"url":"http:\/\/blogdobispo.com.br\/wp-content\/uploads\/2025\/09\/WhatsApp-Image-2025-09-13-at-09.30.00.jpeg","type":"image\/jpeg"}],"author":"Robson Trigueiro","twitter_card":"summary_large_image","twitter_misc":{"Escrito por":"Robson Trigueiro","Est. tempo de leitura":"1 minuto"},"schema":{"@context":"https:\/\/schema.org","@graph":[{"@type":"Article","@id":"https:\/\/blogdobispo.com.br\/?p=17720#article","isPartOf":{"@id":"https:\/\/blogdobispo.com.br\/?p=17720"},"author":{"name":"Robson Trigueiro","@id":"https:\/\/blogdobispo.com.br\/#\/schema\/person\/05abe7adb94767ba46bf757b4243d3e0"},"headline":"Em 12 dias, gest\u00e3o da Justiz na escala m\u00e9dica das unidades de sa\u00fade de Natal j\u00e1 contabilizam mais de 16 mil atendimentos","datePublished":"2025-09-13T15:46:10+00:00","dateModified":"2025-09-13T16:04:46+00:00","mainEntityOfPage":{"@id":"https:\/\/blogdobispo.com.br\/?p=17720"},"wordCount":149,"commentCount":0,"publisher":{"@id":"https:\/\/blogdobispo.com.br\/#organization"},"image":{"@id":"https:\/\/blogdobispo.com.br\/?p=17720#primaryimage"},"thumbnailUrl":"https:\/\/i0.wp.com\/blogdobispo.com.br\/wp-content\/uploads\/2025\/09\/WhatsApp-Image-2025-09-13-at-09.30.00.jpeg?fit=1600%2C1200&ssl=1","articleSection":["Cidadania","Health"],"inLanguage":"pt-BR","potentialAction":[{"@type":"CommentAction","name":"Comment","target":["https:\/\/blogdobispo.com.br\/?p=17720#respond"]}]},{"@type":"WebPage","@id":"https:\/\/blogdobispo.com.br\/?p=17720","url":"https:\/\/blogdobispo.com.br\/?p=17720","name":"Em 12 dias, gest\u00e3o da Justiz na escala m\u00e9dica das unidades de sa\u00fade de Natal j\u00e1 contabilizam mais de 16 mil atendimentos - Blog do Bispo","isPartOf":{"@id":"https:\/\/blogdobispo.com.br\/#website"},"primaryImageOfPage":{"@id":"https:\/\/blogdobispo.com.br\/?p=17720#primaryimage"},"image":{"@id":"https:\/\/blogdobispo.com.br\/?p=17720#primaryimage"},"thumbnailUrl":"https:\/\/i0.wp.com\/blogdobispo.com.br\/wp-content\/uploads\/2025\/09\/WhatsApp-Image-2025-09-13-at-09.30.00.jpeg?fit=1600%2C1200&ssl=1","datePublished":"2025-09-13T15:46:10+00:00","dateModified":"2025-09-13T16:04:46+00:00","breadcrumb":{"@id":"https:\/\/blogdobispo.com.br\/?p=17720#breadcrumb"},"inLanguage":"pt-BR","potentialAction":[{"@type":"ReadAction","target":["https:\/\/blogdobispo.com.br\/?p=17720"]}]},{"@type":"ImageObject","inLanguage":"pt-BR","@id":"https:\/\/blogdobispo.com.br\/?p=17720#primaryimage","url":"https:\/\/i0.wp.com\/blogdobispo.com.br\/wp-content\/uploads\/2025\/09\/WhatsApp-Image-2025-09-13-at-09.30.00.jpeg?fit=1600%2C1200&ssl=1","contentUrl":"https:\/\/i0.wp.com\/blogdobispo.com.br\/wp-content\/uploads\/2025\/09\/WhatsApp-Image-2025-09-13-at-09.30.00.jpeg?fit=1600%2C1200&ssl=1","width":1600,"height":1200},{"@type":"BreadcrumbList","@id":"https:\/\/blogdobispo.com.br\/?p=17720#breadcrumb","itemListElement":[{"@type":"ListItem","position":1,"name":"In\u00edcio","item":"https:\/\/blogdobispo.com.br\/"},{"@type":"ListItem","position":2,"name":"Em 12 dias, gest\u00e3o da Justiz na escala m\u00e9dica das unidades de sa\u00fade de Natal j\u00e1 contabilizam mais de 16 mil atendimentos"}]},{"@type":"WebSite","@id":"https:\/\/blogdobispo.com.br\/#website","url":"https:\/\/blogdobispo.com.br\/","name":"Blog do Bispo","description":"Comprometido apenas com o leitor","publisher":{"@id":"https:\/\/blogdobispo.com.br\/#organization"},"potentialAction":[{"@type":"SearchAction","target":{"@type":"EntryPoint","urlTemplate":"https:\/\/blogdobispo.com.br\/?s={search_term_string}"},"query-input":{"@type":"PropertyValueSpecification","valueRequired":true,"valueName":"search_term_string"}}],"inLanguage":"pt-BR"},{"@type":"Organization","@id":"https:\/\/blogdobispo.com.br\/#organization","name":"Blog do Bispo","url":"https:\/\/blogdobispo.com.br\/","logo":{"@type":"ImageObject","inLanguage":"pt-BR","@id":"https:\/\/blogdobispo.com.br\/#\/schema\/logo\/image\/","url":"http:\/\/blogdobispo.com.br\/wp-content\/uploads\/2023\/05\/cropped-headear.png","contentUrl":"http:\/\/blogdobispo.com.br\/wp-content\/uploads\/2023\/05\/cropped-headear.png","width":1500,"height":399,"caption":"Blog do Bispo"},"image":{"@id":"https:\/\/blogdobispo.com.br\/#\/schema\/logo\/image\/"}},{"@type":"Person","@id":"https:\/\/blogdobispo.com.br\/#\/schema\/person\/05abe7adb94767ba46bf757b4243d3e0","name":"Robson Trigueiro","image":{"@type":"ImageObject","inLanguage":"pt-BR","@id":"https:\/\/blogdobispo.com.br\/#\/schema\/person\/image\/","url":"https:\/\/secure.gravatar.com\/avatar\/b71c79ed1dcbb23d15e3cd8224dbfbd99da477df155b3e777061e3a006422418?s=96&d=mm&r=g","contentUrl":"https:\/\/secure.gravatar.com\/avatar\/b71c79ed1dcbb23d15e3cd8224dbfbd99da477df155b3e777061e3a006422418?s=96&d=mm&r=g","caption":"Robson Trigueiro"},"url":"https:\/\/blogdobispo.com.br\/?author=3"}]}},"featured_image_urls":{"full":["https:\/\/i0.wp.com\/blogdobispo.com.br\/wp-content\/uploads\/2025\/09\/WhatsApp-Image-2025-09-13-at-09.30.00.jpeg?fit=1600%2C1200&ssl=1",1600,1200,false],"thumbnail":["https:\/\/i0.wp.com\/blogdobispo.com.br\/wp-content\/uploads\/2025\/09\/WhatsApp-Image-2025-09-13-at-09.30.00.jpeg?resize=150%2C150&ssl=1",150,150,true],"medium":["https:\/\/i0.wp.com\/blogdobispo.com.br\/wp-content\/uploads\/2025\/09\/WhatsApp-Image-2025-09-13-at-09.30.00.jpeg?fit=300%2C225&ssl=1",300,225,true],"medium_large":["https:\/\/i0.wp.com\/blogdobispo.com.br\/wp-content\/uploads\/2025\/09\/WhatsApp-Image-2025-09-13-at-09.30.00.jpeg?fit=768%2C576&ssl=1",768,576,true],"large":["https:\/\/i0.wp.com\/blogdobispo.com.br\/wp-content\/uploads\/2025\/09\/WhatsApp-Image-2025-09-13-at-09.30.00.jpeg?fit=800%2C600&ssl=1",800,600,true],"1536x1536":["https:\/\/i0.wp.com\/blogdobispo.com.br\/wp-content\/uploads\/2025\/09\/WhatsApp-Image-2025-09-13-at-09.30.00.jpeg?fit=1536%2C1152&ssl=1",1536,1152,true],"2048x2048":["https:\/\/i0.wp.com\/blogdobispo.com.br\/wp-content\/uploads\/2025\/09\/WhatsApp-Image-2025-09-13-at-09.30.00.jpeg?fit=1600%2C1200&ssl=1",1600,1200,true]},"author_info":{"display_name":"Robson Trigueiro","author_link":"https:\/\/blogdobispo.com.br\/?author=3"},"category_info":"<a href=\"https:\/\/blogdobispo.com.br\/?cat=12\" rel=\"category\">Cidadania<\/a> <a href=\"https:\/\/blogdobispo.com.br\/?cat=104\" rel=\"category\">Health<\/a>","tag_info":"Health","comment_count":"0","jetpack_featured_media_url":"https:\/\/i0.wp.com\/blogdobispo.com.br\/wp-content\/uploads\/2025\/09\/WhatsApp-Image-2025-09-13-at-09.30.00.jpeg?fit=1600%2C1200&ssl=1","jetpack_sharing_enabled":true,"_links":{"self":[{"href":"https:\/\/blogdobispo.com.br\/index.php?rest_route=\/wp\/v2\/posts\/17720","targetHints":{"allow":["GET"]}}],"collection":[{"href":"https:\/\/blogdobispo.com.br\/index.php?rest_route=\/wp\/v2\/posts"}],"about":[{"href":"https:\/\/blogdobispo.com.br\/index.php?rest_route=\/wp\/v2\/types\/post"}],"author":[{"embeddable":true,"href":"https:\/\/blogdobispo.com.br\/index.php?rest_route=\/wp\/v2\/users\/3"}],"replies":[{"embeddable":true,"href":"https:\/\/blogdobispo.com.br\/index.php?rest_route=%2Fwp%2Fv2%2Fcomments&post=17720"}],"version-history":[{"count":5,"href":"https:\/\/blogdobispo.com.br\/index.php?rest_route=\/wp\/v2\/posts\/17720\/revisions"}],"predecessor-version":[{"id":17739,"href":"https:\/\/blogdobispo.com.br\/index.php?rest_route=\/wp\/v2\/posts\/17720\/revisions\/17739"}],"wp:featuredmedia":[{"embeddable":true,"href":"https:\/\/blogdobispo.com.br\/index.php?rest_route=\/wp\/v2\/media\/17721"}],"wp:attachment":[{"href":"https:\/\/blogdobispo.com.br\/index.php?rest_route=%2Fwp%2Fv2%2Fmedia&parent=17720"}],"wp:term":[{"taxonomy":"category","embeddable":true,"href":"https:\/\/blogdobispo.com.br\/index.php?rest_route=%2Fwp%2Fv2%2Fcategories&post=17720"},{"taxonomy":"post_tag","embeddable":true,"href":"https:\/\/blogdobispo.com.br\/index.php?rest_route=%2Fwp%2Fv2%2Ftags&post=17720"}],"curies":[{"name":"wp","href":"https:\/\/api.w.org\/{rel}","templated":true}]}}