{"id":17663,"date":"2025-09-10T17:10:56","date_gmt":"2025-09-10T17:10:56","guid":{"rendered":"https:\/\/blogdobispo.com.br\/?p=17663"},"modified":"2025-09-10T17:10:56","modified_gmt":"2025-09-10T17:10:56","slug":"natal-inaugura-o-primeiro-centro-esportivo-comunitario-do-brasil","status":"publish","type":"post","link":"https:\/\/blogdobispo.com.br\/?p=17663","title":{"rendered":"Natal inaugura o primeiro Centro Esportivo Comunit\u00e1rio do Brasil"},"content":{"rendered":"<p>A Prefeitura do Natal, por meio da Secretaria Municipal de Esporte e Lazer (SEL), em parceria com o Minist\u00e9rio do Esporte e o Governo do Estado, inaugurou nesta ter\u00e7a-feira (9) o primeiro Centro Esportivo Comunit\u00e1rio do Brasil, localizado na Rua Francisco Matheus Mendes, no bairro Planalto. O projeto \u00e9 pioneiro no pa\u00eds e integra as a\u00e7\u00f5es do Novo Programa de Acelera\u00e7\u00e3o do Crescimento (PAC).<\/p>\n<p>O espa\u00e7o foi planejado pelos t\u00e9cnicos da Prefeitura do Natal, com participa\u00e7\u00e3o da SEL e da Secretaria Municipal de Planejamento (Sempla), e executado com recursos municipais e federais. Iniciada em 2024, a obra foi conclu\u00edda este ano e oferece \u00e0 comunidade quadras poliesportivas, campo de futebol society, meia quadra de basquete, \u00e1reas de lazer e atividades voltadas para todas as idades.<\/p>\n<p>A vice-prefeita de Natal, Joanna Guerra, ressaltou a relev\u00e2ncia do equipamento para o bairro e o impacto positivo que ter\u00e1 na vida da popula\u00e7\u00e3o. \u201cA import\u00e2ncia desse espa\u00e7o para o Planalto \u00e9 imensa. Al\u00e9m do centro esportivo, estamos construindo uma pra\u00e7a que em breve ser\u00e1 entregue, ampliando ainda mais as op\u00e7\u00f5es de lazer e conviv\u00eancia para a popula\u00e7\u00e3o. Tamb\u00e9m iremos asfaltar as tr\u00eas avenidas no entorno do Centro Esportivo. Esse \u00e9 um investimento que transforma o bairro e melhora a qualidade de vida das fam\u00edlias\u201d, afirmou Joanna.<\/p>\n<p>O secret\u00e1rio da SEL, Hermes C\u00e2mara, destacou o papel estrat\u00e9gico da obra para democratizar o acesso ao esporte na capital. \u201cA inaugura\u00e7\u00e3o desta obra \u00e9 a prova do compromisso da nossa gest\u00e3o em promover o esporte e gerar oportunidades para todos. Aqui, crian\u00e7as, jovens, adultos e idosos ter\u00e3o acesso a atividades esportivas de qualidade, em um espa\u00e7o moderno e comunit\u00e1rio. \u00c9 uma conquista para Natal e um marco para o pa\u00eds\u201d, afirmou.<\/p>\n<p>O ministro do Esporte, Andr\u00e9 Fufuca, refor\u00e7ou o protagonismo de Natal ao ser a primeira capital brasileira a inaugurar um Centro Esportivo Comunit\u00e1rio. \u201cNatal assume um papel de vanguarda ao inaugurar o primeiro Centro Esportivo Comunit\u00e1rio do Brasil. Esse \u00e9 um exemplo de como o esporte pode ser um motor de desenvolvimento, inclus\u00e3o e oportunidades para jovens e adultos que encontram nas pr\u00e1ticas esportivas n\u00e3o s\u00f3 lazer, mas tamb\u00e9m forma\u00e7\u00e3o e cidadania. Este \u00e9 um compromisso do governo federal em parceria com os munic\u00edpios\u201d, declarou.<\/p>\n","protected":false},"excerpt":{"rendered":"<p>A Prefeitura do Natal, por meio da Secretaria Municipal de Esporte e Lazer (SEL), em parceria com o Minist\u00e9rio do Esporte e o Governo do Estado, inaugurou nesta ter\u00e7a-feira (9) o primeiro Centro Esportivo Comunit\u00e1rio do Brasil, localizado na Rua Francisco Matheus Mendes, no bairro Planalto. O projeto \u00e9 pioneiro no pa\u00eds e integra as [&hellip;]<\/p>\n","protected":false},"author":3,"featured_media":17664,"comment_status":"open","ping_status":"open","sticky":false,"template":"","format":"standard","meta":{"cybocfi_hide_featured_image":"","_jetpack_memberships_contains_paid_content":false,"footnotes":""},"categories":[12],"tags":[],"class_list":["post-17663","post","type-post","status-publish","format-standard","has-post-thumbnail","hentry","category-cidadania"],"yoast_head":"<!-- This site is optimized with the Yoast SEO plugin v25.6 - https:\/\/yoast.com\/wordpress\/plugins\/seo\/ -->\n<title>Natal inaugura o primeiro Centro Esportivo Comunit\u00e1rio do Brasil - Blog do Bispo<\/title>\n<meta name=\"robots\" content=\"index, follow, max-snippet:-1, max-image-preview:large, max-video-preview:-1\" \/>\n<link rel=\"canonical\" href=\"https:\/\/blogdobispo.com.br\/?p=17663\" \/>\n<meta property=\"og:locale\" content=\"pt_BR\" \/>\n<meta property=\"og:type\" content=\"article\" \/>\n<meta property=\"og:title\" content=\"Natal inaugura o primeiro Centro Esportivo Comunit\u00e1rio do Brasil - Blog do Bispo\" \/>\n<meta property=\"og:description\" content=\"A Prefeitura do Natal, por meio da Secretaria Municipal de Esporte e Lazer (SEL), em parceria com o Minist\u00e9rio do Esporte e o Governo do Estado, inaugurou nesta ter\u00e7a-feira (9) o primeiro Centro Esportivo Comunit\u00e1rio do Brasil, localizado na Rua Francisco Matheus Mendes, no bairro Planalto. O projeto \u00e9 pioneiro no pa\u00eds e integra as [&hellip;]\" \/>\n<meta property=\"og:url\" content=\"https:\/\/blogdobispo.com.br\/?p=17663\" \/>\n<meta property=\"og:site_name\" content=\"Blog do Bispo\" \/>\n<meta property=\"article:published_time\" content=\"2025-09-10T17:10:56+00:00\" \/>\n<meta property=\"og:image\" content=\"http:\/\/blogdobispo.com.br\/wp-content\/uploads\/2025\/09\/ww-scaled.jpeg\" \/>\n\t<meta property=\"og:image:width\" content=\"2560\" \/>\n\t<meta property=\"og:image:height\" content=\"1920\" \/>\n\t<meta property=\"og:image:type\" content=\"image\/jpeg\" \/>\n<meta name=\"author\" content=\"Robson Trigueiro\" \/>\n<meta name=\"twitter:card\" content=\"summary_large_image\" \/>\n<meta name=\"twitter:label1\" content=\"Escrito por\" \/>\n\t<meta name=\"twitter:data1\" content=\"Robson Trigueiro\" \/>\n\t<meta name=\"twitter:label2\" content=\"Est. tempo de leitura\" \/>\n\t<meta name=\"twitter:data2\" content=\"3 minutos\" \/>\n<script type=\"application\/ld+json\" class=\"yoast-schema-graph\">{\"@context\":\"https:\/\/schema.org\",\"@graph\":[{\"@type\":\"Article\",\"@id\":\"https:\/\/blogdobispo.com.br\/?p=17663#article\",\"isPartOf\":{\"@id\":\"https:\/\/blogdobispo.com.br\/?p=17663\"},\"author\":{\"name\":\"Robson Trigueiro\",\"@id\":\"https:\/\/blogdobispo.com.br\/#\/schema\/person\/05abe7adb94767ba46bf757b4243d3e0\"},\"headline\":\"Natal inaugura o primeiro Centro Esportivo Comunit\u00e1rio do Brasil\",\"datePublished\":\"2025-09-10T17:10:56+00:00\",\"mainEntityOfPage\":{\"@id\":\"https:\/\/blogdobispo.com.br\/?p=17663\"},\"wordCount\":410,\"commentCount\":0,\"publisher\":{\"@id\":\"https:\/\/blogdobispo.com.br\/#organization\"},\"image\":{\"@id\":\"https:\/\/blogdobispo.com.br\/?p=17663#primaryimage\"},\"thumbnailUrl\":\"https:\/\/i0.wp.com\/blogdobispo.com.br\/wp-content\/uploads\/2025\/09\/ww-scaled.jpeg?fit=2560%2C1920&ssl=1\",\"articleSection\":[\"Cidadania\"],\"inLanguage\":\"pt-BR\",\"potentialAction\":[{\"@type\":\"CommentAction\",\"name\":\"Comment\",\"target\":[\"https:\/\/blogdobispo.com.br\/?p=17663#respond\"]}]},{\"@type\":\"WebPage\",\"@id\":\"https:\/\/blogdobispo.com.br\/?p=17663\",\"url\":\"https:\/\/blogdobispo.com.br\/?p=17663\",\"name\":\"Natal inaugura o primeiro Centro Esportivo Comunit\u00e1rio do Brasil - Blog do Bispo\",\"isPartOf\":{\"@id\":\"https:\/\/blogdobispo.com.br\/#website\"},\"primaryImageOfPage\":{\"@id\":\"https:\/\/blogdobispo.com.br\/?p=17663#primaryimage\"},\"image\":{\"@id\":\"https:\/\/blogdobispo.com.br\/?p=17663#primaryimage\"},\"thumbnailUrl\":\"https:\/\/i0.wp.com\/blogdobispo.com.br\/wp-content\/uploads\/2025\/09\/ww-scaled.jpeg?fit=2560%2C1920&ssl=1\",\"datePublished\":\"2025-09-10T17:10:56+00:00\",\"breadcrumb\":{\"@id\":\"https:\/\/blogdobispo.com.br\/?p=17663#breadcrumb\"},\"inLanguage\":\"pt-BR\",\"potentialAction\":[{\"@type\":\"ReadAction\",\"target\":[\"https:\/\/blogdobispo.com.br\/?p=17663\"]}]},{\"@type\":\"ImageObject\",\"inLanguage\":\"pt-BR\",\"@id\":\"https:\/\/blogdobispo.com.br\/?p=17663#primaryimage\",\"url\":\"https:\/\/i0.wp.com\/blogdobispo.com.br\/wp-content\/uploads\/2025\/09\/ww-scaled.jpeg?fit=2560%2C1920&ssl=1\",\"contentUrl\":\"https:\/\/i0.wp.com\/blogdobispo.com.br\/wp-content\/uploads\/2025\/09\/ww-scaled.jpeg?fit=2560%2C1920&ssl=1\",\"width\":2560,\"height\":1920},{\"@type\":\"BreadcrumbList\",\"@id\":\"https:\/\/blogdobispo.com.br\/?p=17663#breadcrumb\",\"itemListElement\":[{\"@type\":\"ListItem\",\"position\":1,\"name\":\"In\u00edcio\",\"item\":\"https:\/\/blogdobispo.com.br\/\"},{\"@type\":\"ListItem\",\"position\":2,\"name\":\"Natal inaugura o primeiro Centro Esportivo Comunit\u00e1rio do Brasil\"}]},{\"@type\":\"WebSite\",\"@id\":\"https:\/\/blogdobispo.com.br\/#website\",\"url\":\"https:\/\/blogdobispo.com.br\/\",\"name\":\"Blog do Bispo\",\"description\":\"Comprometido apenas com o leitor\",\"publisher\":{\"@id\":\"https:\/\/blogdobispo.com.br\/#organization\"},\"potentialAction\":[{\"@type\":\"SearchAction\",\"target\":{\"@type\":\"EntryPoint\",\"urlTemplate\":\"https:\/\/blogdobispo.com.br\/?s={search_term_string}\"},\"query-input\":{\"@type\":\"PropertyValueSpecification\",\"valueRequired\":true,\"valueName\":\"search_term_string\"}}],\"inLanguage\":\"pt-BR\"},{\"@type\":\"Organization\",\"@id\":\"https:\/\/blogdobispo.com.br\/#organization\",\"name\":\"Blog do Bispo\",\"url\":\"https:\/\/blogdobispo.com.br\/\",\"logo\":{\"@type\":\"ImageObject\",\"inLanguage\":\"pt-BR\",\"@id\":\"https:\/\/blogdobispo.com.br\/#\/schema\/logo\/image\/\",\"url\":\"http:\/\/blogdobispo.com.br\/wp-content\/uploads\/2023\/05\/cropped-headear.png\",\"contentUrl\":\"http:\/\/blogdobispo.com.br\/wp-content\/uploads\/2023\/05\/cropped-headear.png\",\"width\":1500,\"height\":399,\"caption\":\"Blog do Bispo\"},\"image\":{\"@id\":\"https:\/\/blogdobispo.com.br\/#\/schema\/logo\/image\/\"}},{\"@type\":\"Person\",\"@id\":\"https:\/\/blogdobispo.com.br\/#\/schema\/person\/05abe7adb94767ba46bf757b4243d3e0\",\"name\":\"Robson Trigueiro\",\"image\":{\"@type\":\"ImageObject\",\"inLanguage\":\"pt-BR\",\"@id\":\"https:\/\/blogdobispo.com.br\/#\/schema\/person\/image\/\",\"url\":\"https:\/\/secure.gravatar.com\/avatar\/b71c79ed1dcbb23d15e3cd8224dbfbd99da477df155b3e777061e3a006422418?s=96&d=mm&r=g\",\"contentUrl\":\"https:\/\/secure.gravatar.com\/avatar\/b71c79ed1dcbb23d15e3cd8224dbfbd99da477df155b3e777061e3a006422418?s=96&d=mm&r=g\",\"caption\":\"Robson Trigueiro\"},\"url\":\"https:\/\/blogdobispo.com.br\/?author=3\"}]}<\/script>\n<!-- \/ Yoast SEO plugin. -->","yoast_head_json":{"title":"Natal inaugura o primeiro Centro Esportivo Comunit\u00e1rio do Brasil - Blog do Bispo","robots":{"index":"index","follow":"follow","max-snippet":"max-snippet:-1","max-image-preview":"max-image-preview:large","max-video-preview":"max-video-preview:-1"},"canonical":"https:\/\/blogdobispo.com.br\/?p=17663","og_locale":"pt_BR","og_type":"article","og_title":"Natal inaugura o primeiro Centro Esportivo Comunit\u00e1rio do Brasil - Blog do Bispo","og_description":"A Prefeitura do Natal, por meio da Secretaria Municipal de Esporte e Lazer (SEL), em parceria com o Minist\u00e9rio do Esporte e o Governo do Estado, inaugurou nesta ter\u00e7a-feira (9) o primeiro Centro Esportivo Comunit\u00e1rio do Brasil, localizado na Rua Francisco Matheus Mendes, no bairro Planalto. O projeto \u00e9 pioneiro no pa\u00eds e integra as [&hellip;]","og_url":"https:\/\/blogdobispo.com.br\/?p=17663","og_site_name":"Blog do Bispo","article_published_time":"2025-09-10T17:10:56+00:00","og_image":[{"width":2560,"height":1920,"url":"http:\/\/blogdobispo.com.br\/wp-content\/uploads\/2025\/09\/ww-scaled.jpeg","type":"image\/jpeg"}],"author":"Robson Trigueiro","twitter_card":"summary_large_image","twitter_misc":{"Escrito por":"Robson Trigueiro","Est. tempo de leitura":"3 minutos"},"schema":{"@context":"https:\/\/schema.org","@graph":[{"@type":"Article","@id":"https:\/\/blogdobispo.com.br\/?p=17663#article","isPartOf":{"@id":"https:\/\/blogdobispo.com.br\/?p=17663"},"author":{"name":"Robson Trigueiro","@id":"https:\/\/blogdobispo.com.br\/#\/schema\/person\/05abe7adb94767ba46bf757b4243d3e0"},"headline":"Natal inaugura o primeiro Centro Esportivo Comunit\u00e1rio do Brasil","datePublished":"2025-09-10T17:10:56+00:00","mainEntityOfPage":{"@id":"https:\/\/blogdobispo.com.br\/?p=17663"},"wordCount":410,"commentCount":0,"publisher":{"@id":"https:\/\/blogdobispo.com.br\/#organization"},"image":{"@id":"https:\/\/blogdobispo.com.br\/?p=17663#primaryimage"},"thumbnailUrl":"https:\/\/i0.wp.com\/blogdobispo.com.br\/wp-content\/uploads\/2025\/09\/ww-scaled.jpeg?fit=2560%2C1920&ssl=1","articleSection":["Cidadania"],"inLanguage":"pt-BR","potentialAction":[{"@type":"CommentAction","name":"Comment","target":["https:\/\/blogdobispo.com.br\/?p=17663#respond"]}]},{"@type":"WebPage","@id":"https:\/\/blogdobispo.com.br\/?p=17663","url":"https:\/\/blogdobispo.com.br\/?p=17663","name":"Natal inaugura o primeiro Centro Esportivo Comunit\u00e1rio do Brasil - Blog do Bispo","isPartOf":{"@id":"https:\/\/blogdobispo.com.br\/#website"},"primaryImageOfPage":{"@id":"https:\/\/blogdobispo.com.br\/?p=17663#primaryimage"},"image":{"@id":"https:\/\/blogdobispo.com.br\/?p=17663#primaryimage"},"thumbnailUrl":"https:\/\/i0.wp.com\/blogdobispo.com.br\/wp-content\/uploads\/2025\/09\/ww-scaled.jpeg?fit=2560%2C1920&ssl=1","datePublished":"2025-09-10T17:10:56+00:00","breadcrumb":{"@id":"https:\/\/blogdobispo.com.br\/?p=17663#breadcrumb"},"inLanguage":"pt-BR","potentialAction":[{"@type":"ReadAction","target":["https:\/\/blogdobispo.com.br\/?p=17663"]}]},{"@type":"ImageObject","inLanguage":"pt-BR","@id":"https:\/\/blogdobispo.com.br\/?p=17663#primaryimage","url":"https:\/\/i0.wp.com\/blogdobispo.com.br\/wp-content\/uploads\/2025\/09\/ww-scaled.jpeg?fit=2560%2C1920&ssl=1","contentUrl":"https:\/\/i0.wp.com\/blogdobispo.com.br\/wp-content\/uploads\/2025\/09\/ww-scaled.jpeg?fit=2560%2C1920&ssl=1","width":2560,"height":1920},{"@type":"BreadcrumbList","@id":"https:\/\/blogdobispo.com.br\/?p=17663#breadcrumb","itemListElement":[{"@type":"ListItem","position":1,"name":"In\u00edcio","item":"https:\/\/blogdobispo.com.br\/"},{"@type":"ListItem","position":2,"name":"Natal inaugura o primeiro Centro Esportivo Comunit\u00e1rio do Brasil"}]},{"@type":"WebSite","@id":"https:\/\/blogdobispo.com.br\/#website","url":"https:\/\/blogdobispo.com.br\/","name":"Blog do Bispo","description":"Comprometido apenas com o leitor","publisher":{"@id":"https:\/\/blogdobispo.com.br\/#organization"},"potentialAction":[{"@type":"SearchAction","target":{"@type":"EntryPoint","urlTemplate":"https:\/\/blogdobispo.com.br\/?s={search_term_string}"},"query-input":{"@type":"PropertyValueSpecification","valueRequired":true,"valueName":"search_term_string"}}],"inLanguage":"pt-BR"},{"@type":"Organization","@id":"https:\/\/blogdobispo.com.br\/#organization","name":"Blog do Bispo","url":"https:\/\/blogdobispo.com.br\/","logo":{"@type":"ImageObject","inLanguage":"pt-BR","@id":"https:\/\/blogdobispo.com.br\/#\/schema\/logo\/image\/","url":"http:\/\/blogdobispo.com.br\/wp-content\/uploads\/2023\/05\/cropped-headear.png","contentUrl":"http:\/\/blogdobispo.com.br\/wp-content\/uploads\/2023\/05\/cropped-headear.png","width":1500,"height":399,"caption":"Blog do Bispo"},"image":{"@id":"https:\/\/blogdobispo.com.br\/#\/schema\/logo\/image\/"}},{"@type":"Person","@id":"https:\/\/blogdobispo.com.br\/#\/schema\/person\/05abe7adb94767ba46bf757b4243d3e0","name":"Robson Trigueiro","image":{"@type":"ImageObject","inLanguage":"pt-BR","@id":"https:\/\/blogdobispo.com.br\/#\/schema\/person\/image\/","url":"https:\/\/secure.gravatar.com\/avatar\/b71c79ed1dcbb23d15e3cd8224dbfbd99da477df155b3e777061e3a006422418?s=96&d=mm&r=g","contentUrl":"https:\/\/secure.gravatar.com\/avatar\/b71c79ed1dcbb23d15e3cd8224dbfbd99da477df155b3e777061e3a006422418?s=96&d=mm&r=g","caption":"Robson Trigueiro"},"url":"https:\/\/blogdobispo.com.br\/?author=3"}]}},"featured_image_urls":{"full":["https:\/\/i0.wp.com\/blogdobispo.com.br\/wp-content\/uploads\/2025\/09\/ww-scaled.jpeg?fit=2560%2C1920&ssl=1",2560,1920,false],"thumbnail":["https:\/\/i0.wp.com\/blogdobispo.com.br\/wp-content\/uploads\/2025\/09\/ww-scaled.jpeg?resize=150%2C150&ssl=1",150,150,true],"medium":["https:\/\/i0.wp.com\/blogdobispo.com.br\/wp-content\/uploads\/2025\/09\/ww-scaled.jpeg?fit=300%2C225&ssl=1",300,225,true],"medium_large":["https:\/\/i0.wp.com\/blogdobispo.com.br\/wp-content\/uploads\/2025\/09\/ww-scaled.jpeg?fit=768%2C576&ssl=1",768,576,true],"large":["https:\/\/i0.wp.com\/blogdobispo.com.br\/wp-content\/uploads\/2025\/09\/ww-scaled.jpeg?fit=800%2C600&ssl=1",800,600,true],"1536x1536":["https:\/\/i0.wp.com\/blogdobispo.com.br\/wp-content\/uploads\/2025\/09\/ww-scaled.jpeg?fit=1536%2C1152&ssl=1",1536,1152,true],"2048x2048":["https:\/\/i0.wp.com\/blogdobispo.com.br\/wp-content\/uploads\/2025\/09\/ww-scaled.jpeg?fit=2048%2C1536&ssl=1",2048,1536,true]},"author_info":{"display_name":"Robson Trigueiro","author_link":"https:\/\/blogdobispo.com.br\/?author=3"},"category_info":"<a href=\"https:\/\/blogdobispo.com.br\/?cat=12\" rel=\"category\">Cidadania<\/a>","tag_info":"Cidadania","comment_count":"0","jetpack_featured_media_url":"https:\/\/i0.wp.com\/blogdobispo.com.br\/wp-content\/uploads\/2025\/09\/ww-scaled.jpeg?fit=2560%2C1920&ssl=1","jetpack_sharing_enabled":true,"_links":{"self":[{"href":"https:\/\/blogdobispo.com.br\/index.php?rest_route=\/wp\/v2\/posts\/17663","targetHints":{"allow":["GET"]}}],"collection":[{"href":"https:\/\/blogdobispo.com.br\/index.php?rest_route=\/wp\/v2\/posts"}],"about":[{"href":"https:\/\/blogdobispo.com.br\/index.php?rest_route=\/wp\/v2\/types\/post"}],"author":[{"embeddable":true,"href":"https:\/\/blogdobispo.com.br\/index.php?rest_route=\/wp\/v2\/users\/3"}],"replies":[{"embeddable":true,"href":"https:\/\/blogdobispo.com.br\/index.php?rest_route=%2Fwp%2Fv2%2Fcomments&post=17663"}],"version-history":[{"count":1,"href":"https:\/\/blogdobispo.com.br\/index.php?rest_route=\/wp\/v2\/posts\/17663\/revisions"}],"predecessor-version":[{"id":17665,"href":"https:\/\/blogdobispo.com.br\/index.php?rest_route=\/wp\/v2\/posts\/17663\/revisions\/17665"}],"wp:featuredmedia":[{"embeddable":true,"href":"https:\/\/blogdobispo.com.br\/index.php?rest_route=\/wp\/v2\/media\/17664"}],"wp:attachment":[{"href":"https:\/\/blogdobispo.com.br\/index.php?rest_route=%2Fwp%2Fv2%2Fmedia&parent=17663"}],"wp:term":[{"taxonomy":"category","embeddable":true,"href":"https:\/\/blogdobispo.com.br\/index.php?rest_route=%2Fwp%2Fv2%2Fcategories&post=17663"},{"taxonomy":"post_tag","embeddable":true,"href":"https:\/\/blogdobispo.com.br\/index.php?rest_route=%2Fwp%2Fv2%2Ftags&post=17663"}],"curies":[{"name":"wp","href":"https:\/\/api.w.org\/{rel}","templated":true}]}}