{"id":17657,"date":"2025-09-10T17:04:10","date_gmt":"2025-09-10T17:04:10","guid":{"rendered":"https:\/\/blogdobispo.com.br\/?p=17657"},"modified":"2025-09-10T17:04:52","modified_gmt":"2025-09-10T17:04:52","slug":"fux-cita-etapas-da-acao-penal-do-golpe-e-faz-comparacao-com-o-mensalao","status":"publish","type":"post","link":"https:\/\/blogdobispo.com.br\/?p=17657","title":{"rendered":"Fux cita etapas da a\u00e7\u00e3o penal do golpe e faz compara\u00e7\u00e3o com o Mensal\u00e3o"},"content":{"rendered":"<header class=\"mb-4\">O ministro Luiz Fux, do STF (Supremo Tribunal Federal), durante voto que pode formar maioria na Corte para condenar Jair Bolsonaro (PL), citou, nesta quarta-feira (10), os\u00a0 prazos de todo o processo penal contra o ex-presidente e os outros sete r\u00e9us da a\u00e7\u00e3o e comparou o caso com o esc\u00e2ndalo conhecido como <strong class=\"group-[.isActiveSource]:text-xl group-[.isActiveSource]:font-bold\">Mensal\u00e3o<\/strong>.<\/header>\n<div class=\"entry-content mb-4\">\n<p class=\"my-5 break-words group-[.isActiveSource]:text-xl\">\u201cForam 161 dias entre o recebimento da den\u00fancia e o in\u00edcio do julgamento, cerca de cinco meses. Estou h\u00e1 14 anos no Supremo Tribunal Federal e julguei processos complexos, como o Mensal\u00e3o.\u00a0<strong class=\"group-[.isActiveSource]:text-xl group-[.isActiveSource]:font-bold\">O processo levou dois anos para receber a den\u00fancia e cinco anos para ser julgado<\/strong>\u201c, afirmou Fux.<\/p>\n<p class=\"my-5 break-words group-[.isActiveSource]:text-xl\">O ministro ainda confessou, direcionando a fala diretamente a Alexandre de Moraes, que foi dif\u00edcil elaborar seu voto. \u201c<strong class=\"group-[.isActiveSource]:text-xl group-[.isActiveSource]:font-bold\">At\u00e9 para mim, elaborar esse voto foi motivo de extrema dificuldade<\/strong>. N\u00e3o \u00e9 um processo simples. Mas neste caso salta aos olhos a quantidade de material probat\u00f3rio envolvido\u201d.<\/p>\n<p class=\"my-5 break-words group-[.isActiveSource]:text-xl\">O ministro sinalizou diverg\u00eancia com Moraes j\u00e1 na sess\u00e3o de ter\u00e7a-feira (9), no in\u00edcio do voto do relator. Agora,\u00a0ele votou pela nulidade do caso e afirmou que seria ideal se a a\u00e7\u00e3o fosse julgada pelo Plen\u00e1rio do STF.<\/p>\n<p class=\"my-5 break-words group-[.isActiveSource]:text-xl\">O julgamento da trama golpista na Primeira Turma do Supremo ocorre porque o processo (A\u00e7\u00e3o Penal 2668) est\u00e1 sob relatoria do ministro Alexandre de Moraes, que \u00e9 integrante do colegiado. Logo, o processo \u00e9 direcionado automaticamente \u00e0 turma do relator.<\/p>\n<p class=\"my-5 break-words group-[.isActiveSource]:text-xl\">At\u00e9 o momento, o ministro Fl\u00e1vio Dino e Alexandre de Moraes votaram pela condena\u00e7\u00e3o dos oito r\u00e9us. Depois de Fux, a ministra C\u00e1rmen L\u00facia e o ministro Cristiano Zanin, presidente do colegiado, declaram seus votos.<\/p>\n<p>O julgamento da trama golpista est\u00e1 previsto para ocorrer at\u00e9 sexta-feira (12).<\/p>\n<p><strong>CNN<\/strong><\/p>\n<\/div>\n","protected":false},"excerpt":{"rendered":"<p>O ministro Luiz Fux, do STF (Supremo Tribunal Federal), durante voto que pode formar maioria na Corte para condenar Jair Bolsonaro (PL), citou, nesta quarta-feira (10), os\u00a0 prazos de todo o processo penal contra o ex-presidente e os outros sete r\u00e9us da a\u00e7\u00e3o e comparou o caso com o esc\u00e2ndalo conhecido como Mensal\u00e3o. \u201cForam 161 [&hellip;]<\/p>\n","protected":false},"author":3,"featured_media":17659,"comment_status":"open","ping_status":"open","sticky":false,"template":"","format":"standard","meta":{"cybocfi_hide_featured_image":"","_jetpack_memberships_contains_paid_content":false,"footnotes":""},"categories":[3],"tags":[],"class_list":["post-17657","post","type-post","status-publish","format-standard","has-post-thumbnail","hentry","category-politica"],"yoast_head":"<!-- This site is optimized with the Yoast SEO plugin v25.6 - https:\/\/yoast.com\/wordpress\/plugins\/seo\/ -->\n<title>Fux cita etapas da a\u00e7\u00e3o penal do golpe e faz compara\u00e7\u00e3o com o Mensal\u00e3o - Blog do Bispo<\/title>\n<meta name=\"robots\" content=\"index, follow, max-snippet:-1, max-image-preview:large, max-video-preview:-1\" \/>\n<link rel=\"canonical\" href=\"https:\/\/blogdobispo.com.br\/?p=17657\" \/>\n<meta property=\"og:locale\" content=\"pt_BR\" \/>\n<meta property=\"og:type\" content=\"article\" \/>\n<meta property=\"og:title\" content=\"Fux cita etapas da a\u00e7\u00e3o penal do golpe e faz compara\u00e7\u00e3o com o Mensal\u00e3o - Blog do Bispo\" \/>\n<meta property=\"og:description\" content=\"O ministro Luiz Fux, do STF (Supremo Tribunal Federal), durante voto que pode formar maioria na Corte para condenar Jair Bolsonaro (PL), citou, nesta quarta-feira (10), os\u00a0 prazos de todo o processo penal contra o ex-presidente e os outros sete r\u00e9us da a\u00e7\u00e3o e comparou o caso com o esc\u00e2ndalo conhecido como Mensal\u00e3o. \u201cForam 161 [&hellip;]\" \/>\n<meta property=\"og:url\" content=\"https:\/\/blogdobispo.com.br\/?p=17657\" \/>\n<meta property=\"og:site_name\" content=\"Blog do Bispo\" \/>\n<meta property=\"article:published_time\" content=\"2025-09-10T17:04:10+00:00\" \/>\n<meta property=\"article:modified_time\" content=\"2025-09-10T17:04:52+00:00\" \/>\n<meta property=\"og:image\" content=\"http:\/\/blogdobispo.com.br\/wp-content\/uploads\/2025\/09\/WhatsApp-Image-2025-09-10-at-10.17.45.jpeg\" \/>\n\t<meta property=\"og:image:width\" content=\"937\" \/>\n\t<meta property=\"og:image:height\" content=\"519\" \/>\n\t<meta property=\"og:image:type\" content=\"image\/jpeg\" \/>\n<meta name=\"author\" content=\"Robson Trigueiro\" \/>\n<meta name=\"twitter:card\" content=\"summary_large_image\" \/>\n<meta name=\"twitter:label1\" content=\"Escrito por\" \/>\n\t<meta name=\"twitter:data1\" content=\"Robson Trigueiro\" \/>\n\t<meta name=\"twitter:label2\" content=\"Est. tempo de leitura\" \/>\n\t<meta name=\"twitter:data2\" content=\"2 minutos\" \/>\n<script type=\"application\/ld+json\" class=\"yoast-schema-graph\">{\"@context\":\"https:\/\/schema.org\",\"@graph\":[{\"@type\":\"Article\",\"@id\":\"https:\/\/blogdobispo.com.br\/?p=17657#article\",\"isPartOf\":{\"@id\":\"https:\/\/blogdobispo.com.br\/?p=17657\"},\"author\":{\"name\":\"Robson Trigueiro\",\"@id\":\"https:\/\/blogdobispo.com.br\/#\/schema\/person\/05abe7adb94767ba46bf757b4243d3e0\"},\"headline\":\"Fux cita etapas da a\u00e7\u00e3o penal do golpe e faz compara\u00e7\u00e3o com o Mensal\u00e3o\",\"datePublished\":\"2025-09-10T17:04:10+00:00\",\"dateModified\":\"2025-09-10T17:04:52+00:00\",\"mainEntityOfPage\":{\"@id\":\"https:\/\/blogdobispo.com.br\/?p=17657\"},\"wordCount\":305,\"commentCount\":0,\"publisher\":{\"@id\":\"https:\/\/blogdobispo.com.br\/#organization\"},\"image\":{\"@id\":\"https:\/\/blogdobispo.com.br\/?p=17657#primaryimage\"},\"thumbnailUrl\":\"https:\/\/i0.wp.com\/blogdobispo.com.br\/wp-content\/uploads\/2025\/09\/WhatsApp-Image-2025-09-10-at-10.17.45.jpeg?fit=937%2C519&ssl=1\",\"articleSection\":[\"Pol\u00edtica\"],\"inLanguage\":\"pt-BR\",\"potentialAction\":[{\"@type\":\"CommentAction\",\"name\":\"Comment\",\"target\":[\"https:\/\/blogdobispo.com.br\/?p=17657#respond\"]}]},{\"@type\":\"WebPage\",\"@id\":\"https:\/\/blogdobispo.com.br\/?p=17657\",\"url\":\"https:\/\/blogdobispo.com.br\/?p=17657\",\"name\":\"Fux cita etapas da a\u00e7\u00e3o penal do golpe e faz compara\u00e7\u00e3o com o Mensal\u00e3o - Blog do Bispo\",\"isPartOf\":{\"@id\":\"https:\/\/blogdobispo.com.br\/#website\"},\"primaryImageOfPage\":{\"@id\":\"https:\/\/blogdobispo.com.br\/?p=17657#primaryimage\"},\"image\":{\"@id\":\"https:\/\/blogdobispo.com.br\/?p=17657#primaryimage\"},\"thumbnailUrl\":\"https:\/\/i0.wp.com\/blogdobispo.com.br\/wp-content\/uploads\/2025\/09\/WhatsApp-Image-2025-09-10-at-10.17.45.jpeg?fit=937%2C519&ssl=1\",\"datePublished\":\"2025-09-10T17:04:10+00:00\",\"dateModified\":\"2025-09-10T17:04:52+00:00\",\"breadcrumb\":{\"@id\":\"https:\/\/blogdobispo.com.br\/?p=17657#breadcrumb\"},\"inLanguage\":\"pt-BR\",\"potentialAction\":[{\"@type\":\"ReadAction\",\"target\":[\"https:\/\/blogdobispo.com.br\/?p=17657\"]}]},{\"@type\":\"ImageObject\",\"inLanguage\":\"pt-BR\",\"@id\":\"https:\/\/blogdobispo.com.br\/?p=17657#primaryimage\",\"url\":\"https:\/\/i0.wp.com\/blogdobispo.com.br\/wp-content\/uploads\/2025\/09\/WhatsApp-Image-2025-09-10-at-10.17.45.jpeg?fit=937%2C519&ssl=1\",\"contentUrl\":\"https:\/\/i0.wp.com\/blogdobispo.com.br\/wp-content\/uploads\/2025\/09\/WhatsApp-Image-2025-09-10-at-10.17.45.jpeg?fit=937%2C519&ssl=1\",\"width\":937,\"height\":519},{\"@type\":\"BreadcrumbList\",\"@id\":\"https:\/\/blogdobispo.com.br\/?p=17657#breadcrumb\",\"itemListElement\":[{\"@type\":\"ListItem\",\"position\":1,\"name\":\"In\u00edcio\",\"item\":\"https:\/\/blogdobispo.com.br\/\"},{\"@type\":\"ListItem\",\"position\":2,\"name\":\"Fux cita etapas da a\u00e7\u00e3o penal do golpe e faz compara\u00e7\u00e3o com o Mensal\u00e3o\"}]},{\"@type\":\"WebSite\",\"@id\":\"https:\/\/blogdobispo.com.br\/#website\",\"url\":\"https:\/\/blogdobispo.com.br\/\",\"name\":\"Blog do Bispo\",\"description\":\"Comprometido apenas com o leitor\",\"publisher\":{\"@id\":\"https:\/\/blogdobispo.com.br\/#organization\"},\"potentialAction\":[{\"@type\":\"SearchAction\",\"target\":{\"@type\":\"EntryPoint\",\"urlTemplate\":\"https:\/\/blogdobispo.com.br\/?s={search_term_string}\"},\"query-input\":{\"@type\":\"PropertyValueSpecification\",\"valueRequired\":true,\"valueName\":\"search_term_string\"}}],\"inLanguage\":\"pt-BR\"},{\"@type\":\"Organization\",\"@id\":\"https:\/\/blogdobispo.com.br\/#organization\",\"name\":\"Blog do Bispo\",\"url\":\"https:\/\/blogdobispo.com.br\/\",\"logo\":{\"@type\":\"ImageObject\",\"inLanguage\":\"pt-BR\",\"@id\":\"https:\/\/blogdobispo.com.br\/#\/schema\/logo\/image\/\",\"url\":\"http:\/\/blogdobispo.com.br\/wp-content\/uploads\/2023\/05\/cropped-headear.png\",\"contentUrl\":\"http:\/\/blogdobispo.com.br\/wp-content\/uploads\/2023\/05\/cropped-headear.png\",\"width\":1500,\"height\":399,\"caption\":\"Blog do Bispo\"},\"image\":{\"@id\":\"https:\/\/blogdobispo.com.br\/#\/schema\/logo\/image\/\"}},{\"@type\":\"Person\",\"@id\":\"https:\/\/blogdobispo.com.br\/#\/schema\/person\/05abe7adb94767ba46bf757b4243d3e0\",\"name\":\"Robson Trigueiro\",\"image\":{\"@type\":\"ImageObject\",\"inLanguage\":\"pt-BR\",\"@id\":\"https:\/\/blogdobispo.com.br\/#\/schema\/person\/image\/\",\"url\":\"https:\/\/secure.gravatar.com\/avatar\/b71c79ed1dcbb23d15e3cd8224dbfbd99da477df155b3e777061e3a006422418?s=96&d=mm&r=g\",\"contentUrl\":\"https:\/\/secure.gravatar.com\/avatar\/b71c79ed1dcbb23d15e3cd8224dbfbd99da477df155b3e777061e3a006422418?s=96&d=mm&r=g\",\"caption\":\"Robson Trigueiro\"},\"url\":\"https:\/\/blogdobispo.com.br\/?author=3\"}]}<\/script>\n<!-- \/ Yoast SEO plugin. -->","yoast_head_json":{"title":"Fux cita etapas da a\u00e7\u00e3o penal do golpe e faz compara\u00e7\u00e3o com o Mensal\u00e3o - Blog do Bispo","robots":{"index":"index","follow":"follow","max-snippet":"max-snippet:-1","max-image-preview":"max-image-preview:large","max-video-preview":"max-video-preview:-1"},"canonical":"https:\/\/blogdobispo.com.br\/?p=17657","og_locale":"pt_BR","og_type":"article","og_title":"Fux cita etapas da a\u00e7\u00e3o penal do golpe e faz compara\u00e7\u00e3o com o Mensal\u00e3o - Blog do Bispo","og_description":"O ministro Luiz Fux, do STF (Supremo Tribunal Federal), durante voto que pode formar maioria na Corte para condenar Jair Bolsonaro (PL), citou, nesta quarta-feira (10), os\u00a0 prazos de todo o processo penal contra o ex-presidente e os outros sete r\u00e9us da a\u00e7\u00e3o e comparou o caso com o esc\u00e2ndalo conhecido como Mensal\u00e3o. \u201cForam 161 [&hellip;]","og_url":"https:\/\/blogdobispo.com.br\/?p=17657","og_site_name":"Blog do Bispo","article_published_time":"2025-09-10T17:04:10+00:00","article_modified_time":"2025-09-10T17:04:52+00:00","og_image":[{"width":937,"height":519,"url":"http:\/\/blogdobispo.com.br\/wp-content\/uploads\/2025\/09\/WhatsApp-Image-2025-09-10-at-10.17.45.jpeg","type":"image\/jpeg"}],"author":"Robson Trigueiro","twitter_card":"summary_large_image","twitter_misc":{"Escrito por":"Robson Trigueiro","Est. tempo de leitura":"2 minutos"},"schema":{"@context":"https:\/\/schema.org","@graph":[{"@type":"Article","@id":"https:\/\/blogdobispo.com.br\/?p=17657#article","isPartOf":{"@id":"https:\/\/blogdobispo.com.br\/?p=17657"},"author":{"name":"Robson Trigueiro","@id":"https:\/\/blogdobispo.com.br\/#\/schema\/person\/05abe7adb94767ba46bf757b4243d3e0"},"headline":"Fux cita etapas da a\u00e7\u00e3o penal do golpe e faz compara\u00e7\u00e3o com o Mensal\u00e3o","datePublished":"2025-09-10T17:04:10+00:00","dateModified":"2025-09-10T17:04:52+00:00","mainEntityOfPage":{"@id":"https:\/\/blogdobispo.com.br\/?p=17657"},"wordCount":305,"commentCount":0,"publisher":{"@id":"https:\/\/blogdobispo.com.br\/#organization"},"image":{"@id":"https:\/\/blogdobispo.com.br\/?p=17657#primaryimage"},"thumbnailUrl":"https:\/\/i0.wp.com\/blogdobispo.com.br\/wp-content\/uploads\/2025\/09\/WhatsApp-Image-2025-09-10-at-10.17.45.jpeg?fit=937%2C519&ssl=1","articleSection":["Pol\u00edtica"],"inLanguage":"pt-BR","potentialAction":[{"@type":"CommentAction","name":"Comment","target":["https:\/\/blogdobispo.com.br\/?p=17657#respond"]}]},{"@type":"WebPage","@id":"https:\/\/blogdobispo.com.br\/?p=17657","url":"https:\/\/blogdobispo.com.br\/?p=17657","name":"Fux cita etapas da a\u00e7\u00e3o penal do golpe e faz compara\u00e7\u00e3o com o Mensal\u00e3o - Blog do Bispo","isPartOf":{"@id":"https:\/\/blogdobispo.com.br\/#website"},"primaryImageOfPage":{"@id":"https:\/\/blogdobispo.com.br\/?p=17657#primaryimage"},"image":{"@id":"https:\/\/blogdobispo.com.br\/?p=17657#primaryimage"},"thumbnailUrl":"https:\/\/i0.wp.com\/blogdobispo.com.br\/wp-content\/uploads\/2025\/09\/WhatsApp-Image-2025-09-10-at-10.17.45.jpeg?fit=937%2C519&ssl=1","datePublished":"2025-09-10T17:04:10+00:00","dateModified":"2025-09-10T17:04:52+00:00","breadcrumb":{"@id":"https:\/\/blogdobispo.com.br\/?p=17657#breadcrumb"},"inLanguage":"pt-BR","potentialAction":[{"@type":"ReadAction","target":["https:\/\/blogdobispo.com.br\/?p=17657"]}]},{"@type":"ImageObject","inLanguage":"pt-BR","@id":"https:\/\/blogdobispo.com.br\/?p=17657#primaryimage","url":"https:\/\/i0.wp.com\/blogdobispo.com.br\/wp-content\/uploads\/2025\/09\/WhatsApp-Image-2025-09-10-at-10.17.45.jpeg?fit=937%2C519&ssl=1","contentUrl":"https:\/\/i0.wp.com\/blogdobispo.com.br\/wp-content\/uploads\/2025\/09\/WhatsApp-Image-2025-09-10-at-10.17.45.jpeg?fit=937%2C519&ssl=1","width":937,"height":519},{"@type":"BreadcrumbList","@id":"https:\/\/blogdobispo.com.br\/?p=17657#breadcrumb","itemListElement":[{"@type":"ListItem","position":1,"name":"In\u00edcio","item":"https:\/\/blogdobispo.com.br\/"},{"@type":"ListItem","position":2,"name":"Fux cita etapas da a\u00e7\u00e3o penal do golpe e faz compara\u00e7\u00e3o com o Mensal\u00e3o"}]},{"@type":"WebSite","@id":"https:\/\/blogdobispo.com.br\/#website","url":"https:\/\/blogdobispo.com.br\/","name":"Blog do Bispo","description":"Comprometido apenas com o leitor","publisher":{"@id":"https:\/\/blogdobispo.com.br\/#organization"},"potentialAction":[{"@type":"SearchAction","target":{"@type":"EntryPoint","urlTemplate":"https:\/\/blogdobispo.com.br\/?s={search_term_string}"},"query-input":{"@type":"PropertyValueSpecification","valueRequired":true,"valueName":"search_term_string"}}],"inLanguage":"pt-BR"},{"@type":"Organization","@id":"https:\/\/blogdobispo.com.br\/#organization","name":"Blog do Bispo","url":"https:\/\/blogdobispo.com.br\/","logo":{"@type":"ImageObject","inLanguage":"pt-BR","@id":"https:\/\/blogdobispo.com.br\/#\/schema\/logo\/image\/","url":"http:\/\/blogdobispo.com.br\/wp-content\/uploads\/2023\/05\/cropped-headear.png","contentUrl":"http:\/\/blogdobispo.com.br\/wp-content\/uploads\/2023\/05\/cropped-headear.png","width":1500,"height":399,"caption":"Blog do Bispo"},"image":{"@id":"https:\/\/blogdobispo.com.br\/#\/schema\/logo\/image\/"}},{"@type":"Person","@id":"https:\/\/blogdobispo.com.br\/#\/schema\/person\/05abe7adb94767ba46bf757b4243d3e0","name":"Robson Trigueiro","image":{"@type":"ImageObject","inLanguage":"pt-BR","@id":"https:\/\/blogdobispo.com.br\/#\/schema\/person\/image\/","url":"https:\/\/secure.gravatar.com\/avatar\/b71c79ed1dcbb23d15e3cd8224dbfbd99da477df155b3e777061e3a006422418?s=96&d=mm&r=g","contentUrl":"https:\/\/secure.gravatar.com\/avatar\/b71c79ed1dcbb23d15e3cd8224dbfbd99da477df155b3e777061e3a006422418?s=96&d=mm&r=g","caption":"Robson Trigueiro"},"url":"https:\/\/blogdobispo.com.br\/?author=3"}]}},"featured_image_urls":{"full":["https:\/\/i0.wp.com\/blogdobispo.com.br\/wp-content\/uploads\/2025\/09\/WhatsApp-Image-2025-09-10-at-10.17.45.jpeg?fit=937%2C519&ssl=1",937,519,false],"thumbnail":["https:\/\/i0.wp.com\/blogdobispo.com.br\/wp-content\/uploads\/2025\/09\/WhatsApp-Image-2025-09-10-at-10.17.45.jpeg?resize=150%2C150&ssl=1",150,150,true],"medium":["https:\/\/i0.wp.com\/blogdobispo.com.br\/wp-content\/uploads\/2025\/09\/WhatsApp-Image-2025-09-10-at-10.17.45.jpeg?fit=300%2C166&ssl=1",300,166,true],"medium_large":["https:\/\/i0.wp.com\/blogdobispo.com.br\/wp-content\/uploads\/2025\/09\/WhatsApp-Image-2025-09-10-at-10.17.45.jpeg?fit=768%2C425&ssl=1",768,425,true],"large":["https:\/\/i0.wp.com\/blogdobispo.com.br\/wp-content\/uploads\/2025\/09\/WhatsApp-Image-2025-09-10-at-10.17.45.jpeg?fit=800%2C443&ssl=1",800,443,true],"1536x1536":["https:\/\/i0.wp.com\/blogdobispo.com.br\/wp-content\/uploads\/2025\/09\/WhatsApp-Image-2025-09-10-at-10.17.45.jpeg?fit=937%2C519&ssl=1",937,519,true],"2048x2048":["https:\/\/i0.wp.com\/blogdobispo.com.br\/wp-content\/uploads\/2025\/09\/WhatsApp-Image-2025-09-10-at-10.17.45.jpeg?fit=937%2C519&ssl=1",937,519,true]},"author_info":{"display_name":"Robson Trigueiro","author_link":"https:\/\/blogdobispo.com.br\/?author=3"},"category_info":"<a href=\"https:\/\/blogdobispo.com.br\/?cat=3\" rel=\"category\">Pol\u00edtica<\/a>","tag_info":"Pol\u00edtica","comment_count":"0","jetpack_featured_media_url":"https:\/\/i0.wp.com\/blogdobispo.com.br\/wp-content\/uploads\/2025\/09\/WhatsApp-Image-2025-09-10-at-10.17.45.jpeg?fit=937%2C519&ssl=1","jetpack_sharing_enabled":true,"_links":{"self":[{"href":"https:\/\/blogdobispo.com.br\/index.php?rest_route=\/wp\/v2\/posts\/17657","targetHints":{"allow":["GET"]}}],"collection":[{"href":"https:\/\/blogdobispo.com.br\/index.php?rest_route=\/wp\/v2\/posts"}],"about":[{"href":"https:\/\/blogdobispo.com.br\/index.php?rest_route=\/wp\/v2\/types\/post"}],"author":[{"embeddable":true,"href":"https:\/\/blogdobispo.com.br\/index.php?rest_route=\/wp\/v2\/users\/3"}],"replies":[{"embeddable":true,"href":"https:\/\/blogdobispo.com.br\/index.php?rest_route=%2Fwp%2Fv2%2Fcomments&post=17657"}],"version-history":[{"count":1,"href":"https:\/\/blogdobispo.com.br\/index.php?rest_route=\/wp\/v2\/posts\/17657\/revisions"}],"predecessor-version":[{"id":17658,"href":"https:\/\/blogdobispo.com.br\/index.php?rest_route=\/wp\/v2\/posts\/17657\/revisions\/17658"}],"wp:featuredmedia":[{"embeddable":true,"href":"https:\/\/blogdobispo.com.br\/index.php?rest_route=\/wp\/v2\/media\/17659"}],"wp:attachment":[{"href":"https:\/\/blogdobispo.com.br\/index.php?rest_route=%2Fwp%2Fv2%2Fmedia&parent=17657"}],"wp:term":[{"taxonomy":"category","embeddable":true,"href":"https:\/\/blogdobispo.com.br\/index.php?rest_route=%2Fwp%2Fv2%2Fcategories&post=17657"},{"taxonomy":"post_tag","embeddable":true,"href":"https:\/\/blogdobispo.com.br\/index.php?rest_route=%2Fwp%2Fv2%2Ftags&post=17657"}],"curies":[{"name":"wp","href":"https:\/\/api.w.org\/{rel}","templated":true}]}}