{"id":17654,"date":"2025-09-10T17:02:27","date_gmt":"2025-09-10T17:02:27","guid":{"rendered":"https:\/\/blogdobispo.com.br\/?p=17654"},"modified":"2025-09-10T17:02:27","modified_gmt":"2025-09-10T17:02:27","slug":"seria-realmente-ideal-que-tudo-fosse-julgado-pelo-plenario-do-stf-diz-fux","status":"publish","type":"post","link":"https:\/\/blogdobispo.com.br\/?p=17654","title":{"rendered":"Seria realmente ideal que tudo fosse julgado pelo Plen\u00e1rio do STF, diz Fux"},"content":{"rendered":"<header class=\"mb-4\">O ministro Luiz Fux, do STF (Supremo Tribunal Federal), disse nesta quarta-feira (10), que o \u201cideal\u201d seria que toda a a\u00e7\u00e3o penal que investiga a tentativa de um golpe de Estado no pa\u00eds fosse julgada pelo plen\u00e1rio da Suprema Corte, que conta com 11 integrantes.<\/header>\n<div class=\"entry-content mb-4\">\n<p class=\"my-5 break-words group-[.isActiveSource]:text-xl\">Ao apresentar seu voto no julgamento que pode condenar o ex-presidente Jair Bolsonaro (PL) e outros sete r\u00e9us por envolvimento na elabora\u00e7\u00e3o do de um aplno golpista, Fux defendeu que a Primeira Turma do Supremo n\u00e3o tem compet\u00eancia para analisar o caso.<\/p>\n<p class=\"my-5 break-words group-[.isActiveSource]:text-xl\">\u201cH\u00e1 um dado curioso, a Constitui\u00e7\u00e3o Federal em raz\u00e3o do n\u00famero de ministros, somos onze ministros, ela n\u00e3o se refere \u00e0 turmas, ela se refere ao Plen\u00e1rio e seria realmente ideal que tudo fosse julgado pelo Plen\u00e1rio do Supremo Tribunal Federal com a racionalidade funcional que hoje n\u00f3s temos por for\u00e7a dos nossos instrumentos digitais e de tecnologia e de intelig\u00eancia artificial\u201d, afirmou.<\/p>\n<div id=\"mid3\" class=\"custom__ad__element flex min-h-64 bg-gray-200 justify-center items-center my-4 py-4 bg-[url('\/images\/ad-bg.png')] bg-repeat\" data-google-query-id=\"COjC1vGfzo8DFVlKuAQdBx0EiA\">\n<div>Fl\u00e1vio Dino acompanhou o relat\u00f3rio de Moraes, estabelecendo o placar de 2 a 0. Uma eventual condena\u00e7\u00e3o \u00e9 confirmada com a maioria de tr\u00eas votos. Al\u00e9m de Fux, ainda votam C\u00e1rmen L\u00facia e Cristiano Zanin (presidente da Turma), nesta ordem.<\/div>\n<div><\/div>\n<div><strong>CNN<\/strong><\/div>\n<\/div>\n<\/div>\n","protected":false},"excerpt":{"rendered":"<p>O ministro Luiz Fux, do STF (Supremo Tribunal Federal), disse nesta quarta-feira (10), que o \u201cideal\u201d seria que toda a a\u00e7\u00e3o penal que investiga a tentativa de um golpe de Estado no pa\u00eds fosse julgada pelo plen\u00e1rio da Suprema Corte, que conta com 11 integrantes. Ao apresentar seu voto no julgamento que pode condenar o [&hellip;]<\/p>\n","protected":false},"author":3,"featured_media":17655,"comment_status":"open","ping_status":"open","sticky":false,"template":"","format":"standard","meta":{"cybocfi_hide_featured_image":"","_jetpack_memberships_contains_paid_content":false,"footnotes":""},"categories":[3],"tags":[],"class_list":["post-17654","post","type-post","status-publish","format-standard","has-post-thumbnail","hentry","category-politica"],"yoast_head":"<!-- This site is optimized with the Yoast SEO plugin v25.6 - https:\/\/yoast.com\/wordpress\/plugins\/seo\/ -->\n<title>Seria realmente ideal que tudo fosse julgado pelo Plen\u00e1rio do STF, diz Fux - Blog do Bispo<\/title>\n<meta name=\"robots\" content=\"index, follow, max-snippet:-1, max-image-preview:large, max-video-preview:-1\" \/>\n<link rel=\"canonical\" href=\"https:\/\/blogdobispo.com.br\/?p=17654\" \/>\n<meta property=\"og:locale\" content=\"pt_BR\" \/>\n<meta property=\"og:type\" content=\"article\" \/>\n<meta property=\"og:title\" content=\"Seria realmente ideal que tudo fosse julgado pelo Plen\u00e1rio do STF, diz Fux - Blog do Bispo\" \/>\n<meta property=\"og:description\" content=\"O ministro Luiz Fux, do STF (Supremo Tribunal Federal), disse nesta quarta-feira (10), que o \u201cideal\u201d seria que toda a a\u00e7\u00e3o penal que investiga a tentativa de um golpe de Estado no pa\u00eds fosse julgada pelo plen\u00e1rio da Suprema Corte, que conta com 11 integrantes. Ao apresentar seu voto no julgamento que pode condenar o [&hellip;]\" \/>\n<meta property=\"og:url\" content=\"https:\/\/blogdobispo.com.br\/?p=17654\" \/>\n<meta property=\"og:site_name\" content=\"Blog do Bispo\" \/>\n<meta property=\"article:published_time\" content=\"2025-09-10T17:02:27+00:00\" \/>\n<meta property=\"og:image\" content=\"http:\/\/blogdobispo.com.br\/wp-content\/uploads\/2025\/09\/download.jpeg\" \/>\n\t<meta property=\"og:image:width\" content=\"275\" \/>\n\t<meta property=\"og:image:height\" content=\"172\" \/>\n\t<meta property=\"og:image:type\" content=\"image\/jpeg\" \/>\n<meta name=\"author\" content=\"Robson Trigueiro\" \/>\n<meta name=\"twitter:card\" content=\"summary_large_image\" \/>\n<meta name=\"twitter:label1\" content=\"Escrito por\" \/>\n\t<meta name=\"twitter:data1\" content=\"Robson Trigueiro\" \/>\n\t<meta name=\"twitter:label2\" content=\"Est. tempo de leitura\" \/>\n\t<meta name=\"twitter:data2\" content=\"2 minutos\" \/>\n<script type=\"application\/ld+json\" class=\"yoast-schema-graph\">{\"@context\":\"https:\/\/schema.org\",\"@graph\":[{\"@type\":\"Article\",\"@id\":\"https:\/\/blogdobispo.com.br\/?p=17654#article\",\"isPartOf\":{\"@id\":\"https:\/\/blogdobispo.com.br\/?p=17654\"},\"author\":{\"name\":\"Robson Trigueiro\",\"@id\":\"https:\/\/blogdobispo.com.br\/#\/schema\/person\/05abe7adb94767ba46bf757b4243d3e0\"},\"headline\":\"Seria realmente ideal que tudo fosse julgado pelo Plen\u00e1rio do STF, diz Fux\",\"datePublished\":\"2025-09-10T17:02:27+00:00\",\"mainEntityOfPage\":{\"@id\":\"https:\/\/blogdobispo.com.br\/?p=17654\"},\"wordCount\":222,\"commentCount\":0,\"publisher\":{\"@id\":\"https:\/\/blogdobispo.com.br\/#organization\"},\"image\":{\"@id\":\"https:\/\/blogdobispo.com.br\/?p=17654#primaryimage\"},\"thumbnailUrl\":\"https:\/\/i0.wp.com\/blogdobispo.com.br\/wp-content\/uploads\/2025\/09\/download.jpeg?fit=275%2C172&ssl=1\",\"articleSection\":[\"Pol\u00edtica\"],\"inLanguage\":\"pt-BR\",\"potentialAction\":[{\"@type\":\"CommentAction\",\"name\":\"Comment\",\"target\":[\"https:\/\/blogdobispo.com.br\/?p=17654#respond\"]}]},{\"@type\":\"WebPage\",\"@id\":\"https:\/\/blogdobispo.com.br\/?p=17654\",\"url\":\"https:\/\/blogdobispo.com.br\/?p=17654\",\"name\":\"Seria realmente ideal que tudo fosse julgado pelo Plen\u00e1rio do STF, diz Fux - Blog do Bispo\",\"isPartOf\":{\"@id\":\"https:\/\/blogdobispo.com.br\/#website\"},\"primaryImageOfPage\":{\"@id\":\"https:\/\/blogdobispo.com.br\/?p=17654#primaryimage\"},\"image\":{\"@id\":\"https:\/\/blogdobispo.com.br\/?p=17654#primaryimage\"},\"thumbnailUrl\":\"https:\/\/i0.wp.com\/blogdobispo.com.br\/wp-content\/uploads\/2025\/09\/download.jpeg?fit=275%2C172&ssl=1\",\"datePublished\":\"2025-09-10T17:02:27+00:00\",\"breadcrumb\":{\"@id\":\"https:\/\/blogdobispo.com.br\/?p=17654#breadcrumb\"},\"inLanguage\":\"pt-BR\",\"potentialAction\":[{\"@type\":\"ReadAction\",\"target\":[\"https:\/\/blogdobispo.com.br\/?p=17654\"]}]},{\"@type\":\"ImageObject\",\"inLanguage\":\"pt-BR\",\"@id\":\"https:\/\/blogdobispo.com.br\/?p=17654#primaryimage\",\"url\":\"https:\/\/i0.wp.com\/blogdobispo.com.br\/wp-content\/uploads\/2025\/09\/download.jpeg?fit=275%2C172&ssl=1\",\"contentUrl\":\"https:\/\/i0.wp.com\/blogdobispo.com.br\/wp-content\/uploads\/2025\/09\/download.jpeg?fit=275%2C172&ssl=1\",\"width\":275,\"height\":172},{\"@type\":\"BreadcrumbList\",\"@id\":\"https:\/\/blogdobispo.com.br\/?p=17654#breadcrumb\",\"itemListElement\":[{\"@type\":\"ListItem\",\"position\":1,\"name\":\"In\u00edcio\",\"item\":\"https:\/\/blogdobispo.com.br\/\"},{\"@type\":\"ListItem\",\"position\":2,\"name\":\"Seria realmente ideal que tudo fosse julgado pelo Plen\u00e1rio do STF, diz Fux\"}]},{\"@type\":\"WebSite\",\"@id\":\"https:\/\/blogdobispo.com.br\/#website\",\"url\":\"https:\/\/blogdobispo.com.br\/\",\"name\":\"Blog do Bispo\",\"description\":\"Comprometido apenas com o leitor\",\"publisher\":{\"@id\":\"https:\/\/blogdobispo.com.br\/#organization\"},\"potentialAction\":[{\"@type\":\"SearchAction\",\"target\":{\"@type\":\"EntryPoint\",\"urlTemplate\":\"https:\/\/blogdobispo.com.br\/?s={search_term_string}\"},\"query-input\":{\"@type\":\"PropertyValueSpecification\",\"valueRequired\":true,\"valueName\":\"search_term_string\"}}],\"inLanguage\":\"pt-BR\"},{\"@type\":\"Organization\",\"@id\":\"https:\/\/blogdobispo.com.br\/#organization\",\"name\":\"Blog do Bispo\",\"url\":\"https:\/\/blogdobispo.com.br\/\",\"logo\":{\"@type\":\"ImageObject\",\"inLanguage\":\"pt-BR\",\"@id\":\"https:\/\/blogdobispo.com.br\/#\/schema\/logo\/image\/\",\"url\":\"http:\/\/blogdobispo.com.br\/wp-content\/uploads\/2023\/05\/cropped-headear.png\",\"contentUrl\":\"http:\/\/blogdobispo.com.br\/wp-content\/uploads\/2023\/05\/cropped-headear.png\",\"width\":1500,\"height\":399,\"caption\":\"Blog do Bispo\"},\"image\":{\"@id\":\"https:\/\/blogdobispo.com.br\/#\/schema\/logo\/image\/\"}},{\"@type\":\"Person\",\"@id\":\"https:\/\/blogdobispo.com.br\/#\/schema\/person\/05abe7adb94767ba46bf757b4243d3e0\",\"name\":\"Robson Trigueiro\",\"image\":{\"@type\":\"ImageObject\",\"inLanguage\":\"pt-BR\",\"@id\":\"https:\/\/blogdobispo.com.br\/#\/schema\/person\/image\/\",\"url\":\"https:\/\/secure.gravatar.com\/avatar\/b71c79ed1dcbb23d15e3cd8224dbfbd99da477df155b3e777061e3a006422418?s=96&d=mm&r=g\",\"contentUrl\":\"https:\/\/secure.gravatar.com\/avatar\/b71c79ed1dcbb23d15e3cd8224dbfbd99da477df155b3e777061e3a006422418?s=96&d=mm&r=g\",\"caption\":\"Robson Trigueiro\"},\"url\":\"https:\/\/blogdobispo.com.br\/?author=3\"}]}<\/script>\n<!-- \/ Yoast SEO plugin. -->","yoast_head_json":{"title":"Seria realmente ideal que tudo fosse julgado pelo Plen\u00e1rio do STF, diz Fux - Blog do Bispo","robots":{"index":"index","follow":"follow","max-snippet":"max-snippet:-1","max-image-preview":"max-image-preview:large","max-video-preview":"max-video-preview:-1"},"canonical":"https:\/\/blogdobispo.com.br\/?p=17654","og_locale":"pt_BR","og_type":"article","og_title":"Seria realmente ideal que tudo fosse julgado pelo Plen\u00e1rio do STF, diz Fux - Blog do Bispo","og_description":"O ministro Luiz Fux, do STF (Supremo Tribunal Federal), disse nesta quarta-feira (10), que o \u201cideal\u201d seria que toda a a\u00e7\u00e3o penal que investiga a tentativa de um golpe de Estado no pa\u00eds fosse julgada pelo plen\u00e1rio da Suprema Corte, que conta com 11 integrantes. Ao apresentar seu voto no julgamento que pode condenar o [&hellip;]","og_url":"https:\/\/blogdobispo.com.br\/?p=17654","og_site_name":"Blog do Bispo","article_published_time":"2025-09-10T17:02:27+00:00","og_image":[{"width":275,"height":172,"url":"http:\/\/blogdobispo.com.br\/wp-content\/uploads\/2025\/09\/download.jpeg","type":"image\/jpeg"}],"author":"Robson Trigueiro","twitter_card":"summary_large_image","twitter_misc":{"Escrito por":"Robson Trigueiro","Est. tempo de leitura":"2 minutos"},"schema":{"@context":"https:\/\/schema.org","@graph":[{"@type":"Article","@id":"https:\/\/blogdobispo.com.br\/?p=17654#article","isPartOf":{"@id":"https:\/\/blogdobispo.com.br\/?p=17654"},"author":{"name":"Robson Trigueiro","@id":"https:\/\/blogdobispo.com.br\/#\/schema\/person\/05abe7adb94767ba46bf757b4243d3e0"},"headline":"Seria realmente ideal que tudo fosse julgado pelo Plen\u00e1rio do STF, diz Fux","datePublished":"2025-09-10T17:02:27+00:00","mainEntityOfPage":{"@id":"https:\/\/blogdobispo.com.br\/?p=17654"},"wordCount":222,"commentCount":0,"publisher":{"@id":"https:\/\/blogdobispo.com.br\/#organization"},"image":{"@id":"https:\/\/blogdobispo.com.br\/?p=17654#primaryimage"},"thumbnailUrl":"https:\/\/i0.wp.com\/blogdobispo.com.br\/wp-content\/uploads\/2025\/09\/download.jpeg?fit=275%2C172&ssl=1","articleSection":["Pol\u00edtica"],"inLanguage":"pt-BR","potentialAction":[{"@type":"CommentAction","name":"Comment","target":["https:\/\/blogdobispo.com.br\/?p=17654#respond"]}]},{"@type":"WebPage","@id":"https:\/\/blogdobispo.com.br\/?p=17654","url":"https:\/\/blogdobispo.com.br\/?p=17654","name":"Seria realmente ideal que tudo fosse julgado pelo Plen\u00e1rio do STF, diz Fux - Blog do Bispo","isPartOf":{"@id":"https:\/\/blogdobispo.com.br\/#website"},"primaryImageOfPage":{"@id":"https:\/\/blogdobispo.com.br\/?p=17654#primaryimage"},"image":{"@id":"https:\/\/blogdobispo.com.br\/?p=17654#primaryimage"},"thumbnailUrl":"https:\/\/i0.wp.com\/blogdobispo.com.br\/wp-content\/uploads\/2025\/09\/download.jpeg?fit=275%2C172&ssl=1","datePublished":"2025-09-10T17:02:27+00:00","breadcrumb":{"@id":"https:\/\/blogdobispo.com.br\/?p=17654#breadcrumb"},"inLanguage":"pt-BR","potentialAction":[{"@type":"ReadAction","target":["https:\/\/blogdobispo.com.br\/?p=17654"]}]},{"@type":"ImageObject","inLanguage":"pt-BR","@id":"https:\/\/blogdobispo.com.br\/?p=17654#primaryimage","url":"https:\/\/i0.wp.com\/blogdobispo.com.br\/wp-content\/uploads\/2025\/09\/download.jpeg?fit=275%2C172&ssl=1","contentUrl":"https:\/\/i0.wp.com\/blogdobispo.com.br\/wp-content\/uploads\/2025\/09\/download.jpeg?fit=275%2C172&ssl=1","width":275,"height":172},{"@type":"BreadcrumbList","@id":"https:\/\/blogdobispo.com.br\/?p=17654#breadcrumb","itemListElement":[{"@type":"ListItem","position":1,"name":"In\u00edcio","item":"https:\/\/blogdobispo.com.br\/"},{"@type":"ListItem","position":2,"name":"Seria realmente ideal que tudo fosse julgado pelo Plen\u00e1rio do STF, diz Fux"}]},{"@type":"WebSite","@id":"https:\/\/blogdobispo.com.br\/#website","url":"https:\/\/blogdobispo.com.br\/","name":"Blog do Bispo","description":"Comprometido apenas com o leitor","publisher":{"@id":"https:\/\/blogdobispo.com.br\/#organization"},"potentialAction":[{"@type":"SearchAction","target":{"@type":"EntryPoint","urlTemplate":"https:\/\/blogdobispo.com.br\/?s={search_term_string}"},"query-input":{"@type":"PropertyValueSpecification","valueRequired":true,"valueName":"search_term_string"}}],"inLanguage":"pt-BR"},{"@type":"Organization","@id":"https:\/\/blogdobispo.com.br\/#organization","name":"Blog do Bispo","url":"https:\/\/blogdobispo.com.br\/","logo":{"@type":"ImageObject","inLanguage":"pt-BR","@id":"https:\/\/blogdobispo.com.br\/#\/schema\/logo\/image\/","url":"http:\/\/blogdobispo.com.br\/wp-content\/uploads\/2023\/05\/cropped-headear.png","contentUrl":"http:\/\/blogdobispo.com.br\/wp-content\/uploads\/2023\/05\/cropped-headear.png","width":1500,"height":399,"caption":"Blog do Bispo"},"image":{"@id":"https:\/\/blogdobispo.com.br\/#\/schema\/logo\/image\/"}},{"@type":"Person","@id":"https:\/\/blogdobispo.com.br\/#\/schema\/person\/05abe7adb94767ba46bf757b4243d3e0","name":"Robson Trigueiro","image":{"@type":"ImageObject","inLanguage":"pt-BR","@id":"https:\/\/blogdobispo.com.br\/#\/schema\/person\/image\/","url":"https:\/\/secure.gravatar.com\/avatar\/b71c79ed1dcbb23d15e3cd8224dbfbd99da477df155b3e777061e3a006422418?s=96&d=mm&r=g","contentUrl":"https:\/\/secure.gravatar.com\/avatar\/b71c79ed1dcbb23d15e3cd8224dbfbd99da477df155b3e777061e3a006422418?s=96&d=mm&r=g","caption":"Robson Trigueiro"},"url":"https:\/\/blogdobispo.com.br\/?author=3"}]}},"featured_image_urls":{"full":["https:\/\/i0.wp.com\/blogdobispo.com.br\/wp-content\/uploads\/2025\/09\/download.jpeg?fit=275%2C172&ssl=1",275,172,false],"thumbnail":["https:\/\/i0.wp.com\/blogdobispo.com.br\/wp-content\/uploads\/2025\/09\/download.jpeg?resize=150%2C150&ssl=1",150,150,true],"medium":["https:\/\/i0.wp.com\/blogdobispo.com.br\/wp-content\/uploads\/2025\/09\/download.jpeg?fit=275%2C172&ssl=1",275,172,true],"medium_large":["https:\/\/i0.wp.com\/blogdobispo.com.br\/wp-content\/uploads\/2025\/09\/download.jpeg?fit=275%2C172&ssl=1",275,172,true],"large":["https:\/\/i0.wp.com\/blogdobispo.com.br\/wp-content\/uploads\/2025\/09\/download.jpeg?fit=275%2C172&ssl=1",275,172,true],"1536x1536":["https:\/\/i0.wp.com\/blogdobispo.com.br\/wp-content\/uploads\/2025\/09\/download.jpeg?fit=275%2C172&ssl=1",275,172,true],"2048x2048":["https:\/\/i0.wp.com\/blogdobispo.com.br\/wp-content\/uploads\/2025\/09\/download.jpeg?fit=275%2C172&ssl=1",275,172,true]},"author_info":{"display_name":"Robson Trigueiro","author_link":"https:\/\/blogdobispo.com.br\/?author=3"},"category_info":"<a href=\"https:\/\/blogdobispo.com.br\/?cat=3\" rel=\"category\">Pol\u00edtica<\/a>","tag_info":"Pol\u00edtica","comment_count":"0","jetpack_featured_media_url":"https:\/\/i0.wp.com\/blogdobispo.com.br\/wp-content\/uploads\/2025\/09\/download.jpeg?fit=275%2C172&ssl=1","jetpack_sharing_enabled":true,"_links":{"self":[{"href":"https:\/\/blogdobispo.com.br\/index.php?rest_route=\/wp\/v2\/posts\/17654","targetHints":{"allow":["GET"]}}],"collection":[{"href":"https:\/\/blogdobispo.com.br\/index.php?rest_route=\/wp\/v2\/posts"}],"about":[{"href":"https:\/\/blogdobispo.com.br\/index.php?rest_route=\/wp\/v2\/types\/post"}],"author":[{"embeddable":true,"href":"https:\/\/blogdobispo.com.br\/index.php?rest_route=\/wp\/v2\/users\/3"}],"replies":[{"embeddable":true,"href":"https:\/\/blogdobispo.com.br\/index.php?rest_route=%2Fwp%2Fv2%2Fcomments&post=17654"}],"version-history":[{"count":1,"href":"https:\/\/blogdobispo.com.br\/index.php?rest_route=\/wp\/v2\/posts\/17654\/revisions"}],"predecessor-version":[{"id":17656,"href":"https:\/\/blogdobispo.com.br\/index.php?rest_route=\/wp\/v2\/posts\/17654\/revisions\/17656"}],"wp:featuredmedia":[{"embeddable":true,"href":"https:\/\/blogdobispo.com.br\/index.php?rest_route=\/wp\/v2\/media\/17655"}],"wp:attachment":[{"href":"https:\/\/blogdobispo.com.br\/index.php?rest_route=%2Fwp%2Fv2%2Fmedia&parent=17654"}],"wp:term":[{"taxonomy":"category","embeddable":true,"href":"https:\/\/blogdobispo.com.br\/index.php?rest_route=%2Fwp%2Fv2%2Fcategories&post=17654"},{"taxonomy":"post_tag","embeddable":true,"href":"https:\/\/blogdobispo.com.br\/index.php?rest_route=%2Fwp%2Fv2%2Ftags&post=17654"}],"curies":[{"name":"wp","href":"https:\/\/api.w.org\/{rel}","templated":true}]}}