{"id":17651,"date":"2025-09-10T16:59:19","date_gmt":"2025-09-10T16:59:19","guid":{"rendered":"https:\/\/blogdobispo.com.br\/?p=17651"},"modified":"2025-09-10T16:59:19","modified_gmt":"2025-09-10T16:59:19","slug":"video-assista-luiz-fux-vota-agora-e-defende-anular-processo-por-incompetencia-absoluta-do-stf-para-julgar-o-caso","status":"publish","type":"post","link":"https:\/\/blogdobispo.com.br\/?p=17651","title":{"rendered":"[V\u00cdDEO] ASSISTA: Luiz Fux vota agora e defende anular processo por \u2018incompet\u00eancia absoluta do STF\u2019 para julgar o caso"},"content":{"rendered":"<header class=\"mb-4\">\u2018Ou o processo deve ir para o plen\u00e1rio ou tem de descer para a primeira inst\u00e2ncia\u2019. O ministro Luiz Fux tamb\u00e9m acolheu a preliminar sobre a incompet\u00eancia da Primeira Turma em julgar o caso.<\/header>\n<div class=\"entry-content mb-4\">\n<div class=\"css-19j92fr ebmt73l0\" dir=\"ltr\">\n<p class=\"postStyles css-wzuydr e17g058b0\" dir=\"ltr\">\u201cAo rebaixar a compet\u00eancia original do plen\u00e1rio para uma das turmas, estar\u00edamos silenciando as vozes de ministros que poderiam esterilizar a formar de pensar sobre os fatos a serem julgados nesta a\u00e7\u00e3o penal. A Constitui\u00e7\u00e3o Federal n\u00e3o se refere \u00e0s Turmas, ela se refere ao plen\u00e1rio e seria realmente ideal que tudo fosse julgado pelo plen\u00e1rio do STF com a racionalidade funcional\u201d, disse.<\/p>\n<\/div>\n<div class=\"css-19j92fr ebmt73l0\" dir=\"ltr\">\n<p class=\"postStyles css-wzuydr e17g058b0\" dir=\"ltr\">Ainda segundo Fux, como os demais casos envolvendo os fatos foram julgados em plen\u00e1rio, o restante do julgamento deveria continuar dessa forma.<\/p>\n<\/div>\n<div class=\"css-19j92fr ebmt73l0\" dir=\"ltr\">\n<p class=\"postStyles css-wzuydr e17g058b0\" dir=\"ltr\">\u201cOu o processo deve ir para o plen\u00e1rio ou tem de descer para a primeira inst\u00e2ncia\u201d, disse.<\/p>\n<p dir=\"ltr\"><strong>ASSISTA:<\/strong><\/p>\n<div class=\"embed-responsive embed-responsive-16by9\">\n<div class=\"entry-content-asset\"><iframe title=\"N\u00e3o cabe ao STF fazer ju\u00edzo pol\u00edtico, diz Fux em julgamento | LIVE CNN\" src=\"https:\/\/www.youtube.com\/embed\/aO3xw6Z-wi0?feature=oembed\" width=\"500\" height=\"281\" frameborder=\"0\" allowfullscreen=\"allowfullscreen\" data-mce-fragment=\"1\"><\/iframe><\/div>\n<\/div>\n<p dir=\"ltr\"><strong>CNN<\/strong><\/p>\n<\/div>\n<\/div>\n","protected":false},"excerpt":{"rendered":"<p>\u2018Ou o processo deve ir para o plen\u00e1rio ou tem de descer para a primeira inst\u00e2ncia\u2019. O ministro Luiz Fux tamb\u00e9m acolheu a preliminar sobre a incompet\u00eancia da Primeira Turma em julgar o caso. \u201cAo rebaixar a compet\u00eancia original do plen\u00e1rio para uma das turmas, estar\u00edamos silenciando as vozes de ministros que poderiam esterilizar a [&hellip;]<\/p>\n","protected":false},"author":3,"featured_media":17652,"comment_status":"open","ping_status":"open","sticky":false,"template":"","format":"standard","meta":{"cybocfi_hide_featured_image":"","_jetpack_memberships_contains_paid_content":false,"footnotes":""},"categories":[3],"tags":[],"class_list":["post-17651","post","type-post","status-publish","format-standard","has-post-thumbnail","hentry","category-politica"],"yoast_head":"<!-- This site is optimized with the Yoast SEO plugin v25.6 - https:\/\/yoast.com\/wordpress\/plugins\/seo\/ -->\n<title>[V\u00cdDEO] ASSISTA: Luiz Fux vota agora e defende anular processo por \u2018incompet\u00eancia absoluta do STF\u2019 para julgar o caso - Blog do Bispo<\/title>\n<meta name=\"robots\" content=\"index, follow, max-snippet:-1, max-image-preview:large, max-video-preview:-1\" \/>\n<link rel=\"canonical\" href=\"https:\/\/blogdobispo.com.br\/?p=17651\" \/>\n<meta property=\"og:locale\" content=\"pt_BR\" \/>\n<meta property=\"og:type\" content=\"article\" \/>\n<meta property=\"og:title\" content=\"[V\u00cdDEO] ASSISTA: Luiz Fux vota agora e defende anular processo por \u2018incompet\u00eancia absoluta do STF\u2019 para julgar o caso - Blog do Bispo\" \/>\n<meta property=\"og:description\" content=\"\u2018Ou o processo deve ir para o plen\u00e1rio ou tem de descer para a primeira inst\u00e2ncia\u2019. O ministro Luiz Fux tamb\u00e9m acolheu a preliminar sobre a incompet\u00eancia da Primeira Turma em julgar o caso. \u201cAo rebaixar a compet\u00eancia original do plen\u00e1rio para uma das turmas, estar\u00edamos silenciando as vozes de ministros que poderiam esterilizar a [&hellip;]\" \/>\n<meta property=\"og:url\" content=\"https:\/\/blogdobispo.com.br\/?p=17651\" \/>\n<meta property=\"og:site_name\" content=\"Blog do Bispo\" \/>\n<meta property=\"article:published_time\" content=\"2025-09-10T16:59:19+00:00\" \/>\n<meta property=\"og:image\" content=\"http:\/\/blogdobispo.com.br\/wp-content\/uploads\/2025\/09\/WhatsApp-Image-2025-09-10-at-09.56.18.jpeg\" \/>\n\t<meta property=\"og:image:width\" content=\"1054\" \/>\n\t<meta property=\"og:image:height\" content=\"572\" \/>\n\t<meta property=\"og:image:type\" content=\"image\/jpeg\" \/>\n<meta name=\"author\" content=\"Robson Trigueiro\" \/>\n<meta name=\"twitter:card\" content=\"summary_large_image\" \/>\n<meta name=\"twitter:label1\" content=\"Escrito por\" \/>\n\t<meta name=\"twitter:data1\" content=\"Robson Trigueiro\" \/>\n\t<meta name=\"twitter:label2\" content=\"Est. tempo de leitura\" \/>\n\t<meta name=\"twitter:data2\" content=\"1 minuto\" \/>\n<script type=\"application\/ld+json\" class=\"yoast-schema-graph\">{\"@context\":\"https:\/\/schema.org\",\"@graph\":[{\"@type\":\"Article\",\"@id\":\"https:\/\/blogdobispo.com.br\/?p=17651#article\",\"isPartOf\":{\"@id\":\"https:\/\/blogdobispo.com.br\/?p=17651\"},\"author\":{\"name\":\"Robson Trigueiro\",\"@id\":\"https:\/\/blogdobispo.com.br\/#\/schema\/person\/05abe7adb94767ba46bf757b4243d3e0\"},\"headline\":\"[V\u00cdDEO] ASSISTA: Luiz Fux vota agora e defende anular processo por \u2018incompet\u00eancia absoluta do STF\u2019 para julgar o caso\",\"datePublished\":\"2025-09-10T16:59:19+00:00\",\"mainEntityOfPage\":{\"@id\":\"https:\/\/blogdobispo.com.br\/?p=17651\"},\"wordCount\":174,\"commentCount\":0,\"publisher\":{\"@id\":\"https:\/\/blogdobispo.com.br\/#organization\"},\"image\":{\"@id\":\"https:\/\/blogdobispo.com.br\/?p=17651#primaryimage\"},\"thumbnailUrl\":\"https:\/\/i0.wp.com\/blogdobispo.com.br\/wp-content\/uploads\/2025\/09\/WhatsApp-Image-2025-09-10-at-09.56.18.jpeg?fit=1054%2C572&ssl=1\",\"articleSection\":[\"Pol\u00edtica\"],\"inLanguage\":\"pt-BR\",\"potentialAction\":[{\"@type\":\"CommentAction\",\"name\":\"Comment\",\"target\":[\"https:\/\/blogdobispo.com.br\/?p=17651#respond\"]}]},{\"@type\":\"WebPage\",\"@id\":\"https:\/\/blogdobispo.com.br\/?p=17651\",\"url\":\"https:\/\/blogdobispo.com.br\/?p=17651\",\"name\":\"[V\u00cdDEO] ASSISTA: Luiz Fux vota agora e defende anular processo por \u2018incompet\u00eancia absoluta do STF\u2019 para julgar o caso - Blog do Bispo\",\"isPartOf\":{\"@id\":\"https:\/\/blogdobispo.com.br\/#website\"},\"primaryImageOfPage\":{\"@id\":\"https:\/\/blogdobispo.com.br\/?p=17651#primaryimage\"},\"image\":{\"@id\":\"https:\/\/blogdobispo.com.br\/?p=17651#primaryimage\"},\"thumbnailUrl\":\"https:\/\/i0.wp.com\/blogdobispo.com.br\/wp-content\/uploads\/2025\/09\/WhatsApp-Image-2025-09-10-at-09.56.18.jpeg?fit=1054%2C572&ssl=1\",\"datePublished\":\"2025-09-10T16:59:19+00:00\",\"breadcrumb\":{\"@id\":\"https:\/\/blogdobispo.com.br\/?p=17651#breadcrumb\"},\"inLanguage\":\"pt-BR\",\"potentialAction\":[{\"@type\":\"ReadAction\",\"target\":[\"https:\/\/blogdobispo.com.br\/?p=17651\"]}]},{\"@type\":\"ImageObject\",\"inLanguage\":\"pt-BR\",\"@id\":\"https:\/\/blogdobispo.com.br\/?p=17651#primaryimage\",\"url\":\"https:\/\/i0.wp.com\/blogdobispo.com.br\/wp-content\/uploads\/2025\/09\/WhatsApp-Image-2025-09-10-at-09.56.18.jpeg?fit=1054%2C572&ssl=1\",\"contentUrl\":\"https:\/\/i0.wp.com\/blogdobispo.com.br\/wp-content\/uploads\/2025\/09\/WhatsApp-Image-2025-09-10-at-09.56.18.jpeg?fit=1054%2C572&ssl=1\",\"width\":1054,\"height\":572},{\"@type\":\"BreadcrumbList\",\"@id\":\"https:\/\/blogdobispo.com.br\/?p=17651#breadcrumb\",\"itemListElement\":[{\"@type\":\"ListItem\",\"position\":1,\"name\":\"In\u00edcio\",\"item\":\"https:\/\/blogdobispo.com.br\/\"},{\"@type\":\"ListItem\",\"position\":2,\"name\":\"[V\u00cdDEO] ASSISTA: Luiz Fux vota agora e defende anular processo por \u2018incompet\u00eancia absoluta do STF\u2019 para julgar o caso\"}]},{\"@type\":\"WebSite\",\"@id\":\"https:\/\/blogdobispo.com.br\/#website\",\"url\":\"https:\/\/blogdobispo.com.br\/\",\"name\":\"Blog do Bispo\",\"description\":\"Comprometido apenas com o leitor\",\"publisher\":{\"@id\":\"https:\/\/blogdobispo.com.br\/#organization\"},\"potentialAction\":[{\"@type\":\"SearchAction\",\"target\":{\"@type\":\"EntryPoint\",\"urlTemplate\":\"https:\/\/blogdobispo.com.br\/?s={search_term_string}\"},\"query-input\":{\"@type\":\"PropertyValueSpecification\",\"valueRequired\":true,\"valueName\":\"search_term_string\"}}],\"inLanguage\":\"pt-BR\"},{\"@type\":\"Organization\",\"@id\":\"https:\/\/blogdobispo.com.br\/#organization\",\"name\":\"Blog do Bispo\",\"url\":\"https:\/\/blogdobispo.com.br\/\",\"logo\":{\"@type\":\"ImageObject\",\"inLanguage\":\"pt-BR\",\"@id\":\"https:\/\/blogdobispo.com.br\/#\/schema\/logo\/image\/\",\"url\":\"http:\/\/blogdobispo.com.br\/wp-content\/uploads\/2023\/05\/cropped-headear.png\",\"contentUrl\":\"http:\/\/blogdobispo.com.br\/wp-content\/uploads\/2023\/05\/cropped-headear.png\",\"width\":1500,\"height\":399,\"caption\":\"Blog do Bispo\"},\"image\":{\"@id\":\"https:\/\/blogdobispo.com.br\/#\/schema\/logo\/image\/\"}},{\"@type\":\"Person\",\"@id\":\"https:\/\/blogdobispo.com.br\/#\/schema\/person\/05abe7adb94767ba46bf757b4243d3e0\",\"name\":\"Robson Trigueiro\",\"image\":{\"@type\":\"ImageObject\",\"inLanguage\":\"pt-BR\",\"@id\":\"https:\/\/blogdobispo.com.br\/#\/schema\/person\/image\/\",\"url\":\"https:\/\/secure.gravatar.com\/avatar\/b71c79ed1dcbb23d15e3cd8224dbfbd99da477df155b3e777061e3a006422418?s=96&d=mm&r=g\",\"contentUrl\":\"https:\/\/secure.gravatar.com\/avatar\/b71c79ed1dcbb23d15e3cd8224dbfbd99da477df155b3e777061e3a006422418?s=96&d=mm&r=g\",\"caption\":\"Robson Trigueiro\"},\"url\":\"https:\/\/blogdobispo.com.br\/?author=3\"}]}<\/script>\n<!-- \/ Yoast SEO plugin. -->","yoast_head_json":{"title":"[V\u00cdDEO] ASSISTA: Luiz Fux vota agora e defende anular processo por \u2018incompet\u00eancia absoluta do STF\u2019 para julgar o caso - Blog do Bispo","robots":{"index":"index","follow":"follow","max-snippet":"max-snippet:-1","max-image-preview":"max-image-preview:large","max-video-preview":"max-video-preview:-1"},"canonical":"https:\/\/blogdobispo.com.br\/?p=17651","og_locale":"pt_BR","og_type":"article","og_title":"[V\u00cdDEO] ASSISTA: Luiz Fux vota agora e defende anular processo por \u2018incompet\u00eancia absoluta do STF\u2019 para julgar o caso - Blog do Bispo","og_description":"\u2018Ou o processo deve ir para o plen\u00e1rio ou tem de descer para a primeira inst\u00e2ncia\u2019. O ministro Luiz Fux tamb\u00e9m acolheu a preliminar sobre a incompet\u00eancia da Primeira Turma em julgar o caso. \u201cAo rebaixar a compet\u00eancia original do plen\u00e1rio para uma das turmas, estar\u00edamos silenciando as vozes de ministros que poderiam esterilizar a [&hellip;]","og_url":"https:\/\/blogdobispo.com.br\/?p=17651","og_site_name":"Blog do Bispo","article_published_time":"2025-09-10T16:59:19+00:00","og_image":[{"width":1054,"height":572,"url":"http:\/\/blogdobispo.com.br\/wp-content\/uploads\/2025\/09\/WhatsApp-Image-2025-09-10-at-09.56.18.jpeg","type":"image\/jpeg"}],"author":"Robson Trigueiro","twitter_card":"summary_large_image","twitter_misc":{"Escrito por":"Robson Trigueiro","Est. tempo de leitura":"1 minuto"},"schema":{"@context":"https:\/\/schema.org","@graph":[{"@type":"Article","@id":"https:\/\/blogdobispo.com.br\/?p=17651#article","isPartOf":{"@id":"https:\/\/blogdobispo.com.br\/?p=17651"},"author":{"name":"Robson Trigueiro","@id":"https:\/\/blogdobispo.com.br\/#\/schema\/person\/05abe7adb94767ba46bf757b4243d3e0"},"headline":"[V\u00cdDEO] ASSISTA: Luiz Fux vota agora e defende anular processo por \u2018incompet\u00eancia absoluta do STF\u2019 para julgar o caso","datePublished":"2025-09-10T16:59:19+00:00","mainEntityOfPage":{"@id":"https:\/\/blogdobispo.com.br\/?p=17651"},"wordCount":174,"commentCount":0,"publisher":{"@id":"https:\/\/blogdobispo.com.br\/#organization"},"image":{"@id":"https:\/\/blogdobispo.com.br\/?p=17651#primaryimage"},"thumbnailUrl":"https:\/\/i0.wp.com\/blogdobispo.com.br\/wp-content\/uploads\/2025\/09\/WhatsApp-Image-2025-09-10-at-09.56.18.jpeg?fit=1054%2C572&ssl=1","articleSection":["Pol\u00edtica"],"inLanguage":"pt-BR","potentialAction":[{"@type":"CommentAction","name":"Comment","target":["https:\/\/blogdobispo.com.br\/?p=17651#respond"]}]},{"@type":"WebPage","@id":"https:\/\/blogdobispo.com.br\/?p=17651","url":"https:\/\/blogdobispo.com.br\/?p=17651","name":"[V\u00cdDEO] ASSISTA: Luiz Fux vota agora e defende anular processo por \u2018incompet\u00eancia absoluta do STF\u2019 para julgar o caso - Blog do Bispo","isPartOf":{"@id":"https:\/\/blogdobispo.com.br\/#website"},"primaryImageOfPage":{"@id":"https:\/\/blogdobispo.com.br\/?p=17651#primaryimage"},"image":{"@id":"https:\/\/blogdobispo.com.br\/?p=17651#primaryimage"},"thumbnailUrl":"https:\/\/i0.wp.com\/blogdobispo.com.br\/wp-content\/uploads\/2025\/09\/WhatsApp-Image-2025-09-10-at-09.56.18.jpeg?fit=1054%2C572&ssl=1","datePublished":"2025-09-10T16:59:19+00:00","breadcrumb":{"@id":"https:\/\/blogdobispo.com.br\/?p=17651#breadcrumb"},"inLanguage":"pt-BR","potentialAction":[{"@type":"ReadAction","target":["https:\/\/blogdobispo.com.br\/?p=17651"]}]},{"@type":"ImageObject","inLanguage":"pt-BR","@id":"https:\/\/blogdobispo.com.br\/?p=17651#primaryimage","url":"https:\/\/i0.wp.com\/blogdobispo.com.br\/wp-content\/uploads\/2025\/09\/WhatsApp-Image-2025-09-10-at-09.56.18.jpeg?fit=1054%2C572&ssl=1","contentUrl":"https:\/\/i0.wp.com\/blogdobispo.com.br\/wp-content\/uploads\/2025\/09\/WhatsApp-Image-2025-09-10-at-09.56.18.jpeg?fit=1054%2C572&ssl=1","width":1054,"height":572},{"@type":"BreadcrumbList","@id":"https:\/\/blogdobispo.com.br\/?p=17651#breadcrumb","itemListElement":[{"@type":"ListItem","position":1,"name":"In\u00edcio","item":"https:\/\/blogdobispo.com.br\/"},{"@type":"ListItem","position":2,"name":"[V\u00cdDEO] ASSISTA: Luiz Fux vota agora e defende anular processo por \u2018incompet\u00eancia absoluta do STF\u2019 para julgar o caso"}]},{"@type":"WebSite","@id":"https:\/\/blogdobispo.com.br\/#website","url":"https:\/\/blogdobispo.com.br\/","name":"Blog do Bispo","description":"Comprometido apenas com o leitor","publisher":{"@id":"https:\/\/blogdobispo.com.br\/#organization"},"potentialAction":[{"@type":"SearchAction","target":{"@type":"EntryPoint","urlTemplate":"https:\/\/blogdobispo.com.br\/?s={search_term_string}"},"query-input":{"@type":"PropertyValueSpecification","valueRequired":true,"valueName":"search_term_string"}}],"inLanguage":"pt-BR"},{"@type":"Organization","@id":"https:\/\/blogdobispo.com.br\/#organization","name":"Blog do Bispo","url":"https:\/\/blogdobispo.com.br\/","logo":{"@type":"ImageObject","inLanguage":"pt-BR","@id":"https:\/\/blogdobispo.com.br\/#\/schema\/logo\/image\/","url":"http:\/\/blogdobispo.com.br\/wp-content\/uploads\/2023\/05\/cropped-headear.png","contentUrl":"http:\/\/blogdobispo.com.br\/wp-content\/uploads\/2023\/05\/cropped-headear.png","width":1500,"height":399,"caption":"Blog do Bispo"},"image":{"@id":"https:\/\/blogdobispo.com.br\/#\/schema\/logo\/image\/"}},{"@type":"Person","@id":"https:\/\/blogdobispo.com.br\/#\/schema\/person\/05abe7adb94767ba46bf757b4243d3e0","name":"Robson Trigueiro","image":{"@type":"ImageObject","inLanguage":"pt-BR","@id":"https:\/\/blogdobispo.com.br\/#\/schema\/person\/image\/","url":"https:\/\/secure.gravatar.com\/avatar\/b71c79ed1dcbb23d15e3cd8224dbfbd99da477df155b3e777061e3a006422418?s=96&d=mm&r=g","contentUrl":"https:\/\/secure.gravatar.com\/avatar\/b71c79ed1dcbb23d15e3cd8224dbfbd99da477df155b3e777061e3a006422418?s=96&d=mm&r=g","caption":"Robson Trigueiro"},"url":"https:\/\/blogdobispo.com.br\/?author=3"}]}},"featured_image_urls":{"full":["https:\/\/i0.wp.com\/blogdobispo.com.br\/wp-content\/uploads\/2025\/09\/WhatsApp-Image-2025-09-10-at-09.56.18.jpeg?fit=1054%2C572&ssl=1",1054,572,false],"thumbnail":["https:\/\/i0.wp.com\/blogdobispo.com.br\/wp-content\/uploads\/2025\/09\/WhatsApp-Image-2025-09-10-at-09.56.18.jpeg?resize=150%2C150&ssl=1",150,150,true],"medium":["https:\/\/i0.wp.com\/blogdobispo.com.br\/wp-content\/uploads\/2025\/09\/WhatsApp-Image-2025-09-10-at-09.56.18.jpeg?fit=300%2C163&ssl=1",300,163,true],"medium_large":["https:\/\/i0.wp.com\/blogdobispo.com.br\/wp-content\/uploads\/2025\/09\/WhatsApp-Image-2025-09-10-at-09.56.18.jpeg?fit=768%2C417&ssl=1",768,417,true],"large":["https:\/\/i0.wp.com\/blogdobispo.com.br\/wp-content\/uploads\/2025\/09\/WhatsApp-Image-2025-09-10-at-09.56.18.jpeg?fit=800%2C434&ssl=1",800,434,true],"1536x1536":["https:\/\/i0.wp.com\/blogdobispo.com.br\/wp-content\/uploads\/2025\/09\/WhatsApp-Image-2025-09-10-at-09.56.18.jpeg?fit=1054%2C572&ssl=1",1054,572,true],"2048x2048":["https:\/\/i0.wp.com\/blogdobispo.com.br\/wp-content\/uploads\/2025\/09\/WhatsApp-Image-2025-09-10-at-09.56.18.jpeg?fit=1054%2C572&ssl=1",1054,572,true]},"author_info":{"display_name":"Robson Trigueiro","author_link":"https:\/\/blogdobispo.com.br\/?author=3"},"category_info":"<a href=\"https:\/\/blogdobispo.com.br\/?cat=3\" rel=\"category\">Pol\u00edtica<\/a>","tag_info":"Pol\u00edtica","comment_count":"0","jetpack_featured_media_url":"https:\/\/i0.wp.com\/blogdobispo.com.br\/wp-content\/uploads\/2025\/09\/WhatsApp-Image-2025-09-10-at-09.56.18.jpeg?fit=1054%2C572&ssl=1","jetpack_sharing_enabled":true,"_links":{"self":[{"href":"https:\/\/blogdobispo.com.br\/index.php?rest_route=\/wp\/v2\/posts\/17651","targetHints":{"allow":["GET"]}}],"collection":[{"href":"https:\/\/blogdobispo.com.br\/index.php?rest_route=\/wp\/v2\/posts"}],"about":[{"href":"https:\/\/blogdobispo.com.br\/index.php?rest_route=\/wp\/v2\/types\/post"}],"author":[{"embeddable":true,"href":"https:\/\/blogdobispo.com.br\/index.php?rest_route=\/wp\/v2\/users\/3"}],"replies":[{"embeddable":true,"href":"https:\/\/blogdobispo.com.br\/index.php?rest_route=%2Fwp%2Fv2%2Fcomments&post=17651"}],"version-history":[{"count":1,"href":"https:\/\/blogdobispo.com.br\/index.php?rest_route=\/wp\/v2\/posts\/17651\/revisions"}],"predecessor-version":[{"id":17653,"href":"https:\/\/blogdobispo.com.br\/index.php?rest_route=\/wp\/v2\/posts\/17651\/revisions\/17653"}],"wp:featuredmedia":[{"embeddable":true,"href":"https:\/\/blogdobispo.com.br\/index.php?rest_route=\/wp\/v2\/media\/17652"}],"wp:attachment":[{"href":"https:\/\/blogdobispo.com.br\/index.php?rest_route=%2Fwp%2Fv2%2Fmedia&parent=17651"}],"wp:term":[{"taxonomy":"category","embeddable":true,"href":"https:\/\/blogdobispo.com.br\/index.php?rest_route=%2Fwp%2Fv2%2Fcategories&post=17651"},{"taxonomy":"post_tag","embeddable":true,"href":"https:\/\/blogdobispo.com.br\/index.php?rest_route=%2Fwp%2Fv2%2Ftags&post=17651"}],"curies":[{"name":"wp","href":"https:\/\/api.w.org\/{rel}","templated":true}]}}