{"id":17644,"date":"2025-09-09T16:11:19","date_gmt":"2025-09-09T16:11:19","guid":{"rendered":"https:\/\/blogdobispo.com.br\/?p=17644"},"modified":"2025-09-09T16:11:19","modified_gmt":"2025-09-09T16:11:19","slug":"upa-cidade-da-esperanca-recebe-visita-da-comissao-de-saude-da-cmn","status":"publish","type":"post","link":"https:\/\/blogdobispo.com.br\/?p=17644","title":{"rendered":"UPA Cidade da Esperan\u00e7a recebe visita da Comiss\u00e3o de Sa\u00fade da CMN"},"content":{"rendered":"<p>Nesta segunda-feira (08), a Comiss\u00e3o de Sa\u00fade, Previd\u00eancia e Assist\u00eancia Social da C\u00e2mara Municipal de Natal deu continuidade a agenda de visitas fiscalizat\u00f3rias aos equipamentos de sa\u00fade da capital potiguar. Dessa vez, o encontro foi na UPA de Cidade da Esperan\u00e7a, zona Oeste. A vereadora Camila Ara\u00fajo (Uni\u00e3o Brasil) e os vereadores Luciano Nascimento (PSD) e Jo\u00e3o Batista Torres (DC) participaram da visita.<\/p>\n<p>&nbsp;<\/p>\n<p>A visita aconteceu uma semana depois do in\u00edcio do novo contrato para as escalas m\u00e9dicas das unidades de sa\u00fade do munic\u00edpio. Na ocasi\u00e3o, os parlamentares viram de perto o andamento dos atendimentos e avaliaram a primeira semana em vigor do contrato de terceiriza\u00e7\u00e3o implementado pela Prefeitura.<\/p>\n<p>&nbsp;<\/p>\n<p>&#8220;Desde 1\u00ba de setembro, a unidade recebeu novos profissionais m\u00e9dicos das empresas Justiz (cl\u00ednicos gerais) e Proseg (pediatras). O atendimento tem flu\u00eddo normalmente, e o movimento da unidade diminuiu. Aconteceram alguns problemas iniciais no primeiro dia com a desist\u00eancia de m\u00e9dicos, mas foram contornados internamente. O n\u00famero de m\u00e9dicos e plant\u00f5es aumentou: um plant\u00e3o noturno que encerrava \u00e0 meia-noite foi estendido para 12 horas, e foi adicionado um plant\u00e3o de seis horas para suporte. Atualmente, h\u00e1 10 m\u00e9dicos atendendo durante o dia e 8 \u00e0 noite, com todas as salas e setores cobertos&#8221;, avaliou a presidente da Comiss\u00e3o de Sa\u00fade, vereadora Camila Ara\u00fajo.<\/p>\n<p>&nbsp;<\/p>\n<p>&#8220;Vi que os atendimentos est\u00e3o sendo feitos com dignidade, com mais rapidez, principalmente pacientes que chegam com dor e que precisam tomar imediatamente uma medica\u00e7\u00e3o, o que \u00e9 muito positivo. Conversei com alguns pacientes na recep\u00e7\u00e3o que me disseram que em 30 minutos j\u00e1 passaram pelo m\u00e9dico, tomaram medica\u00e7\u00e3o e est\u00e3o aguardando baixar a press\u00e3o para voltar ao m\u00e9dico e ir para casa. Ou seja, foi algo que em 5 anos eu ainda n\u00e3o tinha escutado das popula\u00e7\u00e3o que usa o SUS&#8221;, completou.<\/p>\n<p>&nbsp;<\/p>\n<p>De acordo com o diretor da UPA Cidade da Esperan\u00e7a, Ricardo Pinto, a equipe m\u00e9dica foi reestruturada, recebendo profissionais cl\u00ednicos da empresa Justiz e pediatras da empresa Proseg. Ele relatou que o atendimento tem flu\u00eddo normalmente e o movimento da unidade diminuiu.<\/p>\n<p>&nbsp;<\/p>\n<p>&#8220;Houve um aumento na cobertura dos plant\u00f5es: o antigo plant\u00e3o &#8220;Cinderela&#8221;, que terminava \u00e0 meia-noite, foi expandido, e um plant\u00e3o adicional foi criado para suporte. A equipe m\u00e9dica foi refor\u00e7ada, garantindo a cobertura de todos os setores. Outra boa not\u00edcia \u00e9 que a press\u00e3o nesta UPA reduziu, possivelmente devido \u00e0 atua\u00e7\u00e3o das unidades b\u00e1sicas de sa\u00fade&#8221;.<\/p>\n","protected":false},"excerpt":{"rendered":"<p>Nesta segunda-feira (08), a Comiss\u00e3o de Sa\u00fade, Previd\u00eancia e Assist\u00eancia Social da C\u00e2mara Municipal de Natal deu continuidade a agenda de visitas fiscalizat\u00f3rias aos equipamentos de sa\u00fade da capital potiguar. Dessa vez, o encontro foi na UPA de Cidade da Esperan\u00e7a, zona Oeste. A vereadora Camila Ara\u00fajo (Uni\u00e3o Brasil) e os vereadores Luciano Nascimento (PSD) [&hellip;]<\/p>\n","protected":false},"author":3,"featured_media":17645,"comment_status":"open","ping_status":"open","sticky":false,"template":"","format":"standard","meta":{"cybocfi_hide_featured_image":"","_jetpack_memberships_contains_paid_content":false,"footnotes":""},"categories":[12,3],"tags":[],"class_list":["post-17644","post","type-post","status-publish","format-standard","has-post-thumbnail","hentry","category-cidadania","category-politica"],"yoast_head":"<!-- This site is optimized with the Yoast SEO plugin v25.6 - https:\/\/yoast.com\/wordpress\/plugins\/seo\/ -->\n<title>UPA Cidade da Esperan\u00e7a recebe visita da Comiss\u00e3o de Sa\u00fade da CMN - Blog do Bispo<\/title>\n<meta name=\"robots\" content=\"index, follow, max-snippet:-1, max-image-preview:large, max-video-preview:-1\" \/>\n<link rel=\"canonical\" href=\"https:\/\/blogdobispo.com.br\/?p=17644\" \/>\n<meta property=\"og:locale\" content=\"pt_BR\" \/>\n<meta property=\"og:type\" content=\"article\" \/>\n<meta property=\"og:title\" content=\"UPA Cidade da Esperan\u00e7a recebe visita da Comiss\u00e3o de Sa\u00fade da CMN - Blog do Bispo\" \/>\n<meta property=\"og:description\" content=\"Nesta segunda-feira (08), a Comiss\u00e3o de Sa\u00fade, Previd\u00eancia e Assist\u00eancia Social da C\u00e2mara Municipal de Natal deu continuidade a agenda de visitas fiscalizat\u00f3rias aos equipamentos de sa\u00fade da capital potiguar. Dessa vez, o encontro foi na UPA de Cidade da Esperan\u00e7a, zona Oeste. A vereadora Camila Ara\u00fajo (Uni\u00e3o Brasil) e os vereadores Luciano Nascimento (PSD) [&hellip;]\" \/>\n<meta property=\"og:url\" content=\"https:\/\/blogdobispo.com.br\/?p=17644\" \/>\n<meta property=\"og:site_name\" content=\"Blog do Bispo\" \/>\n<meta property=\"article:published_time\" content=\"2025-09-09T16:11:19+00:00\" \/>\n<meta property=\"og:image\" content=\"http:\/\/blogdobispo.com.br\/wp-content\/uploads\/2025\/09\/be155eb6f43666661bc8a066668edc28.jpg\" \/>\n\t<meta property=\"og:image:width\" content=\"1600\" \/>\n\t<meta property=\"og:image:height\" content=\"1016\" \/>\n\t<meta property=\"og:image:type\" content=\"image\/jpeg\" \/>\n<meta name=\"author\" content=\"Robson Trigueiro\" \/>\n<meta name=\"twitter:card\" content=\"summary_large_image\" \/>\n<meta name=\"twitter:label1\" content=\"Escrito por\" \/>\n\t<meta name=\"twitter:data1\" content=\"Robson Trigueiro\" \/>\n\t<meta name=\"twitter:label2\" content=\"Est. tempo de leitura\" \/>\n\t<meta name=\"twitter:data2\" content=\"3 minutos\" \/>\n<script type=\"application\/ld+json\" class=\"yoast-schema-graph\">{\"@context\":\"https:\/\/schema.org\",\"@graph\":[{\"@type\":\"Article\",\"@id\":\"https:\/\/blogdobispo.com.br\/?p=17644#article\",\"isPartOf\":{\"@id\":\"https:\/\/blogdobispo.com.br\/?p=17644\"},\"author\":{\"name\":\"Robson Trigueiro\",\"@id\":\"https:\/\/blogdobispo.com.br\/#\/schema\/person\/05abe7adb94767ba46bf757b4243d3e0\"},\"headline\":\"UPA Cidade da Esperan\u00e7a recebe visita da Comiss\u00e3o de Sa\u00fade da CMN\",\"datePublished\":\"2025-09-09T16:11:19+00:00\",\"mainEntityOfPage\":{\"@id\":\"https:\/\/blogdobispo.com.br\/?p=17644\"},\"wordCount\":455,\"commentCount\":0,\"publisher\":{\"@id\":\"https:\/\/blogdobispo.com.br\/#organization\"},\"image\":{\"@id\":\"https:\/\/blogdobispo.com.br\/?p=17644#primaryimage\"},\"thumbnailUrl\":\"https:\/\/i0.wp.com\/blogdobispo.com.br\/wp-content\/uploads\/2025\/09\/be155eb6f43666661bc8a066668edc28.jpg?fit=1600%2C1016&ssl=1\",\"articleSection\":[\"Cidadania\",\"Pol\u00edtica\"],\"inLanguage\":\"pt-BR\",\"potentialAction\":[{\"@type\":\"CommentAction\",\"name\":\"Comment\",\"target\":[\"https:\/\/blogdobispo.com.br\/?p=17644#respond\"]}]},{\"@type\":\"WebPage\",\"@id\":\"https:\/\/blogdobispo.com.br\/?p=17644\",\"url\":\"https:\/\/blogdobispo.com.br\/?p=17644\",\"name\":\"UPA Cidade da Esperan\u00e7a recebe visita da Comiss\u00e3o de Sa\u00fade da CMN - Blog do Bispo\",\"isPartOf\":{\"@id\":\"https:\/\/blogdobispo.com.br\/#website\"},\"primaryImageOfPage\":{\"@id\":\"https:\/\/blogdobispo.com.br\/?p=17644#primaryimage\"},\"image\":{\"@id\":\"https:\/\/blogdobispo.com.br\/?p=17644#primaryimage\"},\"thumbnailUrl\":\"https:\/\/i0.wp.com\/blogdobispo.com.br\/wp-content\/uploads\/2025\/09\/be155eb6f43666661bc8a066668edc28.jpg?fit=1600%2C1016&ssl=1\",\"datePublished\":\"2025-09-09T16:11:19+00:00\",\"breadcrumb\":{\"@id\":\"https:\/\/blogdobispo.com.br\/?p=17644#breadcrumb\"},\"inLanguage\":\"pt-BR\",\"potentialAction\":[{\"@type\":\"ReadAction\",\"target\":[\"https:\/\/blogdobispo.com.br\/?p=17644\"]}]},{\"@type\":\"ImageObject\",\"inLanguage\":\"pt-BR\",\"@id\":\"https:\/\/blogdobispo.com.br\/?p=17644#primaryimage\",\"url\":\"https:\/\/i0.wp.com\/blogdobispo.com.br\/wp-content\/uploads\/2025\/09\/be155eb6f43666661bc8a066668edc28.jpg?fit=1600%2C1016&ssl=1\",\"contentUrl\":\"https:\/\/i0.wp.com\/blogdobispo.com.br\/wp-content\/uploads\/2025\/09\/be155eb6f43666661bc8a066668edc28.jpg?fit=1600%2C1016&ssl=1\",\"width\":1600,\"height\":1016},{\"@type\":\"BreadcrumbList\",\"@id\":\"https:\/\/blogdobispo.com.br\/?p=17644#breadcrumb\",\"itemListElement\":[{\"@type\":\"ListItem\",\"position\":1,\"name\":\"In\u00edcio\",\"item\":\"https:\/\/blogdobispo.com.br\/\"},{\"@type\":\"ListItem\",\"position\":2,\"name\":\"UPA Cidade da Esperan\u00e7a recebe visita da Comiss\u00e3o de Sa\u00fade da CMN\"}]},{\"@type\":\"WebSite\",\"@id\":\"https:\/\/blogdobispo.com.br\/#website\",\"url\":\"https:\/\/blogdobispo.com.br\/\",\"name\":\"Blog do Bispo\",\"description\":\"Comprometido apenas com o leitor\",\"publisher\":{\"@id\":\"https:\/\/blogdobispo.com.br\/#organization\"},\"potentialAction\":[{\"@type\":\"SearchAction\",\"target\":{\"@type\":\"EntryPoint\",\"urlTemplate\":\"https:\/\/blogdobispo.com.br\/?s={search_term_string}\"},\"query-input\":{\"@type\":\"PropertyValueSpecification\",\"valueRequired\":true,\"valueName\":\"search_term_string\"}}],\"inLanguage\":\"pt-BR\"},{\"@type\":\"Organization\",\"@id\":\"https:\/\/blogdobispo.com.br\/#organization\",\"name\":\"Blog do Bispo\",\"url\":\"https:\/\/blogdobispo.com.br\/\",\"logo\":{\"@type\":\"ImageObject\",\"inLanguage\":\"pt-BR\",\"@id\":\"https:\/\/blogdobispo.com.br\/#\/schema\/logo\/image\/\",\"url\":\"http:\/\/blogdobispo.com.br\/wp-content\/uploads\/2023\/05\/cropped-headear.png\",\"contentUrl\":\"http:\/\/blogdobispo.com.br\/wp-content\/uploads\/2023\/05\/cropped-headear.png\",\"width\":1500,\"height\":399,\"caption\":\"Blog do Bispo\"},\"image\":{\"@id\":\"https:\/\/blogdobispo.com.br\/#\/schema\/logo\/image\/\"}},{\"@type\":\"Person\",\"@id\":\"https:\/\/blogdobispo.com.br\/#\/schema\/person\/05abe7adb94767ba46bf757b4243d3e0\",\"name\":\"Robson Trigueiro\",\"image\":{\"@type\":\"ImageObject\",\"inLanguage\":\"pt-BR\",\"@id\":\"https:\/\/blogdobispo.com.br\/#\/schema\/person\/image\/\",\"url\":\"https:\/\/secure.gravatar.com\/avatar\/b71c79ed1dcbb23d15e3cd8224dbfbd99da477df155b3e777061e3a006422418?s=96&d=mm&r=g\",\"contentUrl\":\"https:\/\/secure.gravatar.com\/avatar\/b71c79ed1dcbb23d15e3cd8224dbfbd99da477df155b3e777061e3a006422418?s=96&d=mm&r=g\",\"caption\":\"Robson Trigueiro\"},\"url\":\"https:\/\/blogdobispo.com.br\/?author=3\"}]}<\/script>\n<!-- \/ Yoast SEO plugin. -->","yoast_head_json":{"title":"UPA Cidade da Esperan\u00e7a recebe visita da Comiss\u00e3o de Sa\u00fade da CMN - Blog do Bispo","robots":{"index":"index","follow":"follow","max-snippet":"max-snippet:-1","max-image-preview":"max-image-preview:large","max-video-preview":"max-video-preview:-1"},"canonical":"https:\/\/blogdobispo.com.br\/?p=17644","og_locale":"pt_BR","og_type":"article","og_title":"UPA Cidade da Esperan\u00e7a recebe visita da Comiss\u00e3o de Sa\u00fade da CMN - Blog do Bispo","og_description":"Nesta segunda-feira (08), a Comiss\u00e3o de Sa\u00fade, Previd\u00eancia e Assist\u00eancia Social da C\u00e2mara Municipal de Natal deu continuidade a agenda de visitas fiscalizat\u00f3rias aos equipamentos de sa\u00fade da capital potiguar. Dessa vez, o encontro foi na UPA de Cidade da Esperan\u00e7a, zona Oeste. A vereadora Camila Ara\u00fajo (Uni\u00e3o Brasil) e os vereadores Luciano Nascimento (PSD) [&hellip;]","og_url":"https:\/\/blogdobispo.com.br\/?p=17644","og_site_name":"Blog do Bispo","article_published_time":"2025-09-09T16:11:19+00:00","og_image":[{"width":1600,"height":1016,"url":"http:\/\/blogdobispo.com.br\/wp-content\/uploads\/2025\/09\/be155eb6f43666661bc8a066668edc28.jpg","type":"image\/jpeg"}],"author":"Robson Trigueiro","twitter_card":"summary_large_image","twitter_misc":{"Escrito por":"Robson Trigueiro","Est. tempo de leitura":"3 minutos"},"schema":{"@context":"https:\/\/schema.org","@graph":[{"@type":"Article","@id":"https:\/\/blogdobispo.com.br\/?p=17644#article","isPartOf":{"@id":"https:\/\/blogdobispo.com.br\/?p=17644"},"author":{"name":"Robson Trigueiro","@id":"https:\/\/blogdobispo.com.br\/#\/schema\/person\/05abe7adb94767ba46bf757b4243d3e0"},"headline":"UPA Cidade da Esperan\u00e7a recebe visita da Comiss\u00e3o de Sa\u00fade da CMN","datePublished":"2025-09-09T16:11:19+00:00","mainEntityOfPage":{"@id":"https:\/\/blogdobispo.com.br\/?p=17644"},"wordCount":455,"commentCount":0,"publisher":{"@id":"https:\/\/blogdobispo.com.br\/#organization"},"image":{"@id":"https:\/\/blogdobispo.com.br\/?p=17644#primaryimage"},"thumbnailUrl":"https:\/\/i0.wp.com\/blogdobispo.com.br\/wp-content\/uploads\/2025\/09\/be155eb6f43666661bc8a066668edc28.jpg?fit=1600%2C1016&ssl=1","articleSection":["Cidadania","Pol\u00edtica"],"inLanguage":"pt-BR","potentialAction":[{"@type":"CommentAction","name":"Comment","target":["https:\/\/blogdobispo.com.br\/?p=17644#respond"]}]},{"@type":"WebPage","@id":"https:\/\/blogdobispo.com.br\/?p=17644","url":"https:\/\/blogdobispo.com.br\/?p=17644","name":"UPA Cidade da Esperan\u00e7a recebe visita da Comiss\u00e3o de Sa\u00fade da CMN - Blog do Bispo","isPartOf":{"@id":"https:\/\/blogdobispo.com.br\/#website"},"primaryImageOfPage":{"@id":"https:\/\/blogdobispo.com.br\/?p=17644#primaryimage"},"image":{"@id":"https:\/\/blogdobispo.com.br\/?p=17644#primaryimage"},"thumbnailUrl":"https:\/\/i0.wp.com\/blogdobispo.com.br\/wp-content\/uploads\/2025\/09\/be155eb6f43666661bc8a066668edc28.jpg?fit=1600%2C1016&ssl=1","datePublished":"2025-09-09T16:11:19+00:00","breadcrumb":{"@id":"https:\/\/blogdobispo.com.br\/?p=17644#breadcrumb"},"inLanguage":"pt-BR","potentialAction":[{"@type":"ReadAction","target":["https:\/\/blogdobispo.com.br\/?p=17644"]}]},{"@type":"ImageObject","inLanguage":"pt-BR","@id":"https:\/\/blogdobispo.com.br\/?p=17644#primaryimage","url":"https:\/\/i0.wp.com\/blogdobispo.com.br\/wp-content\/uploads\/2025\/09\/be155eb6f43666661bc8a066668edc28.jpg?fit=1600%2C1016&ssl=1","contentUrl":"https:\/\/i0.wp.com\/blogdobispo.com.br\/wp-content\/uploads\/2025\/09\/be155eb6f43666661bc8a066668edc28.jpg?fit=1600%2C1016&ssl=1","width":1600,"height":1016},{"@type":"BreadcrumbList","@id":"https:\/\/blogdobispo.com.br\/?p=17644#breadcrumb","itemListElement":[{"@type":"ListItem","position":1,"name":"In\u00edcio","item":"https:\/\/blogdobispo.com.br\/"},{"@type":"ListItem","position":2,"name":"UPA Cidade da Esperan\u00e7a recebe visita da Comiss\u00e3o de Sa\u00fade da CMN"}]},{"@type":"WebSite","@id":"https:\/\/blogdobispo.com.br\/#website","url":"https:\/\/blogdobispo.com.br\/","name":"Blog do Bispo","description":"Comprometido apenas com o leitor","publisher":{"@id":"https:\/\/blogdobispo.com.br\/#organization"},"potentialAction":[{"@type":"SearchAction","target":{"@type":"EntryPoint","urlTemplate":"https:\/\/blogdobispo.com.br\/?s={search_term_string}"},"query-input":{"@type":"PropertyValueSpecification","valueRequired":true,"valueName":"search_term_string"}}],"inLanguage":"pt-BR"},{"@type":"Organization","@id":"https:\/\/blogdobispo.com.br\/#organization","name":"Blog do Bispo","url":"https:\/\/blogdobispo.com.br\/","logo":{"@type":"ImageObject","inLanguage":"pt-BR","@id":"https:\/\/blogdobispo.com.br\/#\/schema\/logo\/image\/","url":"http:\/\/blogdobispo.com.br\/wp-content\/uploads\/2023\/05\/cropped-headear.png","contentUrl":"http:\/\/blogdobispo.com.br\/wp-content\/uploads\/2023\/05\/cropped-headear.png","width":1500,"height":399,"caption":"Blog do Bispo"},"image":{"@id":"https:\/\/blogdobispo.com.br\/#\/schema\/logo\/image\/"}},{"@type":"Person","@id":"https:\/\/blogdobispo.com.br\/#\/schema\/person\/05abe7adb94767ba46bf757b4243d3e0","name":"Robson Trigueiro","image":{"@type":"ImageObject","inLanguage":"pt-BR","@id":"https:\/\/blogdobispo.com.br\/#\/schema\/person\/image\/","url":"https:\/\/secure.gravatar.com\/avatar\/b71c79ed1dcbb23d15e3cd8224dbfbd99da477df155b3e777061e3a006422418?s=96&d=mm&r=g","contentUrl":"https:\/\/secure.gravatar.com\/avatar\/b71c79ed1dcbb23d15e3cd8224dbfbd99da477df155b3e777061e3a006422418?s=96&d=mm&r=g","caption":"Robson Trigueiro"},"url":"https:\/\/blogdobispo.com.br\/?author=3"}]}},"featured_image_urls":{"full":["https:\/\/i0.wp.com\/blogdobispo.com.br\/wp-content\/uploads\/2025\/09\/be155eb6f43666661bc8a066668edc28.jpg?fit=1600%2C1016&ssl=1",1600,1016,false],"thumbnail":["https:\/\/i0.wp.com\/blogdobispo.com.br\/wp-content\/uploads\/2025\/09\/be155eb6f43666661bc8a066668edc28.jpg?resize=150%2C150&ssl=1",150,150,true],"medium":["https:\/\/i0.wp.com\/blogdobispo.com.br\/wp-content\/uploads\/2025\/09\/be155eb6f43666661bc8a066668edc28.jpg?fit=300%2C191&ssl=1",300,191,true],"medium_large":["https:\/\/i0.wp.com\/blogdobispo.com.br\/wp-content\/uploads\/2025\/09\/be155eb6f43666661bc8a066668edc28.jpg?fit=768%2C488&ssl=1",768,488,true],"large":["https:\/\/i0.wp.com\/blogdobispo.com.br\/wp-content\/uploads\/2025\/09\/be155eb6f43666661bc8a066668edc28.jpg?fit=800%2C508&ssl=1",800,508,true],"1536x1536":["https:\/\/i0.wp.com\/blogdobispo.com.br\/wp-content\/uploads\/2025\/09\/be155eb6f43666661bc8a066668edc28.jpg?fit=1536%2C975&ssl=1",1536,975,true],"2048x2048":["https:\/\/i0.wp.com\/blogdobispo.com.br\/wp-content\/uploads\/2025\/09\/be155eb6f43666661bc8a066668edc28.jpg?fit=1600%2C1016&ssl=1",1600,1016,true]},"author_info":{"display_name":"Robson Trigueiro","author_link":"https:\/\/blogdobispo.com.br\/?author=3"},"category_info":"<a href=\"https:\/\/blogdobispo.com.br\/?cat=12\" rel=\"category\">Cidadania<\/a> <a href=\"https:\/\/blogdobispo.com.br\/?cat=3\" rel=\"category\">Pol\u00edtica<\/a>","tag_info":"Pol\u00edtica","comment_count":"0","jetpack_featured_media_url":"https:\/\/i0.wp.com\/blogdobispo.com.br\/wp-content\/uploads\/2025\/09\/be155eb6f43666661bc8a066668edc28.jpg?fit=1600%2C1016&ssl=1","jetpack_sharing_enabled":true,"_links":{"self":[{"href":"https:\/\/blogdobispo.com.br\/index.php?rest_route=\/wp\/v2\/posts\/17644","targetHints":{"allow":["GET"]}}],"collection":[{"href":"https:\/\/blogdobispo.com.br\/index.php?rest_route=\/wp\/v2\/posts"}],"about":[{"href":"https:\/\/blogdobispo.com.br\/index.php?rest_route=\/wp\/v2\/types\/post"}],"author":[{"embeddable":true,"href":"https:\/\/blogdobispo.com.br\/index.php?rest_route=\/wp\/v2\/users\/3"}],"replies":[{"embeddable":true,"href":"https:\/\/blogdobispo.com.br\/index.php?rest_route=%2Fwp%2Fv2%2Fcomments&post=17644"}],"version-history":[{"count":1,"href":"https:\/\/blogdobispo.com.br\/index.php?rest_route=\/wp\/v2\/posts\/17644\/revisions"}],"predecessor-version":[{"id":17646,"href":"https:\/\/blogdobispo.com.br\/index.php?rest_route=\/wp\/v2\/posts\/17644\/revisions\/17646"}],"wp:featuredmedia":[{"embeddable":true,"href":"https:\/\/blogdobispo.com.br\/index.php?rest_route=\/wp\/v2\/media\/17645"}],"wp:attachment":[{"href":"https:\/\/blogdobispo.com.br\/index.php?rest_route=%2Fwp%2Fv2%2Fmedia&parent=17644"}],"wp:term":[{"taxonomy":"category","embeddable":true,"href":"https:\/\/blogdobispo.com.br\/index.php?rest_route=%2Fwp%2Fv2%2Fcategories&post=17644"},{"taxonomy":"post_tag","embeddable":true,"href":"https:\/\/blogdobispo.com.br\/index.php?rest_route=%2Fwp%2Fv2%2Ftags&post=17644"}],"curies":[{"name":"wp","href":"https:\/\/api.w.org\/{rel}","templated":true}]}}