{"id":17641,"date":"2025-09-09T16:09:11","date_gmt":"2025-09-09T16:09:11","guid":{"rendered":"https:\/\/blogdobispo.com.br\/?p=17641"},"modified":"2025-09-09T16:09:11","modified_gmt":"2025-09-09T16:09:11","slug":"garibaldi-admite-que-walter-podera-disputar-o-governo","status":"publish","type":"post","link":"https:\/\/blogdobispo.com.br\/?p=17641","title":{"rendered":"Garibaldi admite que Walter poder\u00e1 disputar o Governo"},"content":{"rendered":"<p>O vice-governador Walter Alves (MDB), que assumir\u00e1 o Governo do Estado em abril de 2026, pode rever a decis\u00e3o de n\u00e3o ser candidato a governador na pr\u00f3xima elei\u00e7\u00e3o estadual. Coube ao pai dele, ex-ministro Garibaldi Filho, confirmar essa possibilidade.<\/p>\n<p>&nbsp;<\/p>\n<p>\u201cA decis\u00e3o de Walter est\u00e1 cada vez mais se consolidando (de n\u00e3o ser candidato a governador), no sentido de que se torne irrevers\u00edvel, mas at\u00e9 l\u00e1 poderemos ter algum fato novo\u201d, disse Garibaldi \u00e0 R\u00e1dio Mix, de Natal.<\/p>\n<p>&nbsp;<\/p>\n<p>O futuro governador tem dito que o projeto do MDB do RN \u00e9 n\u00e3o o lan\u00e7ar candidato e priorizar a elei\u00e7\u00e3o de deputados. Walter Alves assumir\u00e1 o Governo, com a ren\u00fancia da governadora F\u00e1tima Bezerra (PT) para se tornar apta \u00e0 disputa do Senado.<\/p>\n<p>&nbsp;<\/p>\n<p>Mas, segundo Garibaldi, h\u00e1 pedidos para que Walter reveja a decis\u00e3o.<\/p>\n<p>&nbsp;<\/p>\n<p>\u201cN\u00e3o tem recebido press\u00e3o n\u00e3o, mas apelos. Tem ouvido apelos, at\u00e9 mesmo do presidente Lula, quando aqui esteve em Jucurutu. Eu ouvi esse apelo que ele fez, no sentido de que Walter fosse candidato\u201d, relatou.<\/p>\n<p>&nbsp;<\/p>\n<p>MDB vai reavaliar alian\u00e7a com PT<\/p>\n<p>&nbsp;<\/p>\n<p>Na mesma entrevista, Garibaldi Filho, tamb\u00e9m ex-governador e ex-senador, disse que a tend\u00eancia \u00e9 de continuidade da alian\u00e7a do MDB com o PT no Rio Grande do Norte.<\/p>\n<p>&nbsp;<\/p>\n<p>\u201c\u00c9 quest\u00e3o de qualquer observador constatar que essa alian\u00e7a dever\u00e1 continuar. Quando eu digo dever\u00e1, \u00e9 porque vai haver um momento pol\u00edtico em que ela dever\u00e1 ser reafirmada. Mas eu acredito que sim (ser\u00e1 mantida)\u201d, declarou.<\/p>\n<p>&nbsp;<\/p>\n<p>Cedo<\/p>\n<p>&nbsp;<\/p>\n<p>Questionado sobre o pr\u00e9-candidato Cadu Xavier (PT) a governador, Garibaldi destacou que \u201cainda \u00e9 cedo para se ter uma avalia\u00e7\u00e3o mais consolidada\u201d.<\/p>\n<p>&nbsp;<\/p>\n<p>\u201cEle ter\u00e1 que ter a reafirma\u00e7\u00e3o dessa alian\u00e7a, desses apoios todos. N\u00e3o se pode esperar dele agora um crescimento que n\u00e3o seria natural\u201d, afirmou o presidente de honra do MDB.<\/p>\n","protected":false},"excerpt":{"rendered":"<p>O vice-governador Walter Alves (MDB), que assumir\u00e1 o Governo do Estado em abril de 2026, pode rever a decis\u00e3o de n\u00e3o ser candidato a governador na pr\u00f3xima elei\u00e7\u00e3o estadual. Coube ao pai dele, ex-ministro Garibaldi Filho, confirmar essa possibilidade. &nbsp; \u201cA decis\u00e3o de Walter est\u00e1 cada vez mais se consolidando (de n\u00e3o ser candidato a [&hellip;]<\/p>\n","protected":false},"author":3,"featured_media":17642,"comment_status":"open","ping_status":"open","sticky":false,"template":"","format":"standard","meta":{"cybocfi_hide_featured_image":"","_jetpack_memberships_contains_paid_content":false,"footnotes":""},"categories":[3],"tags":[],"class_list":["post-17641","post","type-post","status-publish","format-standard","has-post-thumbnail","hentry","category-politica"],"yoast_head":"<!-- This site is optimized with the Yoast SEO plugin v25.6 - https:\/\/yoast.com\/wordpress\/plugins\/seo\/ -->\n<title>Garibaldi admite que Walter poder\u00e1 disputar o Governo - Blog do Bispo<\/title>\n<meta name=\"robots\" content=\"index, follow, max-snippet:-1, max-image-preview:large, max-video-preview:-1\" \/>\n<link rel=\"canonical\" href=\"https:\/\/blogdobispo.com.br\/?p=17641\" \/>\n<meta property=\"og:locale\" content=\"pt_BR\" \/>\n<meta property=\"og:type\" content=\"article\" \/>\n<meta property=\"og:title\" content=\"Garibaldi admite que Walter poder\u00e1 disputar o Governo - Blog do Bispo\" \/>\n<meta property=\"og:description\" content=\"O vice-governador Walter Alves (MDB), que assumir\u00e1 o Governo do Estado em abril de 2026, pode rever a decis\u00e3o de n\u00e3o ser candidato a governador na pr\u00f3xima elei\u00e7\u00e3o estadual. Coube ao pai dele, ex-ministro Garibaldi Filho, confirmar essa possibilidade. &nbsp; \u201cA decis\u00e3o de Walter est\u00e1 cada vez mais se consolidando (de n\u00e3o ser candidato a [&hellip;]\" \/>\n<meta property=\"og:url\" content=\"https:\/\/blogdobispo.com.br\/?p=17641\" \/>\n<meta property=\"og:site_name\" content=\"Blog do Bispo\" \/>\n<meta property=\"article:published_time\" content=\"2025-09-09T16:09:11+00:00\" \/>\n<meta property=\"og:image\" content=\"http:\/\/blogdobispo.com.br\/wp-content\/uploads\/2025\/09\/garibaldi-filho-diz-que-walter-pode-rever-decisao-e-que-alianca-com-pt-sera-reavaliada.webp\" \/>\n\t<meta property=\"og:image:width\" content=\"800\" \/>\n\t<meta property=\"og:image:height\" content=\"450\" \/>\n\t<meta property=\"og:image:type\" content=\"image\/webp\" \/>\n<meta name=\"author\" content=\"Robson Trigueiro\" \/>\n<meta name=\"twitter:card\" content=\"summary_large_image\" \/>\n<meta name=\"twitter:label1\" content=\"Escrito por\" \/>\n\t<meta name=\"twitter:data1\" content=\"Robson Trigueiro\" \/>\n\t<meta name=\"twitter:label2\" content=\"Est. tempo de leitura\" \/>\n\t<meta name=\"twitter:data2\" content=\"2 minutos\" \/>\n<script type=\"application\/ld+json\" class=\"yoast-schema-graph\">{\"@context\":\"https:\/\/schema.org\",\"@graph\":[{\"@type\":\"Article\",\"@id\":\"https:\/\/blogdobispo.com.br\/?p=17641#article\",\"isPartOf\":{\"@id\":\"https:\/\/blogdobispo.com.br\/?p=17641\"},\"author\":{\"name\":\"Robson Trigueiro\",\"@id\":\"https:\/\/blogdobispo.com.br\/#\/schema\/person\/05abe7adb94767ba46bf757b4243d3e0\"},\"headline\":\"Garibaldi admite que Walter poder\u00e1 disputar o Governo\",\"datePublished\":\"2025-09-09T16:09:11+00:00\",\"mainEntityOfPage\":{\"@id\":\"https:\/\/blogdobispo.com.br\/?p=17641\"},\"wordCount\":330,\"commentCount\":0,\"publisher\":{\"@id\":\"https:\/\/blogdobispo.com.br\/#organization\"},\"image\":{\"@id\":\"https:\/\/blogdobispo.com.br\/?p=17641#primaryimage\"},\"thumbnailUrl\":\"https:\/\/i0.wp.com\/blogdobispo.com.br\/wp-content\/uploads\/2025\/09\/garibaldi-filho-diz-que-walter-pode-rever-decisao-e-que-alianca-com-pt-sera-reavaliada.webp?fit=800%2C450&ssl=1\",\"articleSection\":[\"Pol\u00edtica\"],\"inLanguage\":\"pt-BR\",\"potentialAction\":[{\"@type\":\"CommentAction\",\"name\":\"Comment\",\"target\":[\"https:\/\/blogdobispo.com.br\/?p=17641#respond\"]}]},{\"@type\":\"WebPage\",\"@id\":\"https:\/\/blogdobispo.com.br\/?p=17641\",\"url\":\"https:\/\/blogdobispo.com.br\/?p=17641\",\"name\":\"Garibaldi admite que Walter poder\u00e1 disputar o Governo - Blog do Bispo\",\"isPartOf\":{\"@id\":\"https:\/\/blogdobispo.com.br\/#website\"},\"primaryImageOfPage\":{\"@id\":\"https:\/\/blogdobispo.com.br\/?p=17641#primaryimage\"},\"image\":{\"@id\":\"https:\/\/blogdobispo.com.br\/?p=17641#primaryimage\"},\"thumbnailUrl\":\"https:\/\/i0.wp.com\/blogdobispo.com.br\/wp-content\/uploads\/2025\/09\/garibaldi-filho-diz-que-walter-pode-rever-decisao-e-que-alianca-com-pt-sera-reavaliada.webp?fit=800%2C450&ssl=1\",\"datePublished\":\"2025-09-09T16:09:11+00:00\",\"breadcrumb\":{\"@id\":\"https:\/\/blogdobispo.com.br\/?p=17641#breadcrumb\"},\"inLanguage\":\"pt-BR\",\"potentialAction\":[{\"@type\":\"ReadAction\",\"target\":[\"https:\/\/blogdobispo.com.br\/?p=17641\"]}]},{\"@type\":\"ImageObject\",\"inLanguage\":\"pt-BR\",\"@id\":\"https:\/\/blogdobispo.com.br\/?p=17641#primaryimage\",\"url\":\"https:\/\/i0.wp.com\/blogdobispo.com.br\/wp-content\/uploads\/2025\/09\/garibaldi-filho-diz-que-walter-pode-rever-decisao-e-que-alianca-com-pt-sera-reavaliada.webp?fit=800%2C450&ssl=1\",\"contentUrl\":\"https:\/\/i0.wp.com\/blogdobispo.com.br\/wp-content\/uploads\/2025\/09\/garibaldi-filho-diz-que-walter-pode-rever-decisao-e-que-alianca-com-pt-sera-reavaliada.webp?fit=800%2C450&ssl=1\",\"width\":800,\"height\":450},{\"@type\":\"BreadcrumbList\",\"@id\":\"https:\/\/blogdobispo.com.br\/?p=17641#breadcrumb\",\"itemListElement\":[{\"@type\":\"ListItem\",\"position\":1,\"name\":\"In\u00edcio\",\"item\":\"https:\/\/blogdobispo.com.br\/\"},{\"@type\":\"ListItem\",\"position\":2,\"name\":\"Garibaldi admite que Walter poder\u00e1 disputar o Governo\"}]},{\"@type\":\"WebSite\",\"@id\":\"https:\/\/blogdobispo.com.br\/#website\",\"url\":\"https:\/\/blogdobispo.com.br\/\",\"name\":\"Blog do Bispo\",\"description\":\"Comprometido apenas com o leitor\",\"publisher\":{\"@id\":\"https:\/\/blogdobispo.com.br\/#organization\"},\"potentialAction\":[{\"@type\":\"SearchAction\",\"target\":{\"@type\":\"EntryPoint\",\"urlTemplate\":\"https:\/\/blogdobispo.com.br\/?s={search_term_string}\"},\"query-input\":{\"@type\":\"PropertyValueSpecification\",\"valueRequired\":true,\"valueName\":\"search_term_string\"}}],\"inLanguage\":\"pt-BR\"},{\"@type\":\"Organization\",\"@id\":\"https:\/\/blogdobispo.com.br\/#organization\",\"name\":\"Blog do Bispo\",\"url\":\"https:\/\/blogdobispo.com.br\/\",\"logo\":{\"@type\":\"ImageObject\",\"inLanguage\":\"pt-BR\",\"@id\":\"https:\/\/blogdobispo.com.br\/#\/schema\/logo\/image\/\",\"url\":\"http:\/\/blogdobispo.com.br\/wp-content\/uploads\/2023\/05\/cropped-headear.png\",\"contentUrl\":\"http:\/\/blogdobispo.com.br\/wp-content\/uploads\/2023\/05\/cropped-headear.png\",\"width\":1500,\"height\":399,\"caption\":\"Blog do Bispo\"},\"image\":{\"@id\":\"https:\/\/blogdobispo.com.br\/#\/schema\/logo\/image\/\"}},{\"@type\":\"Person\",\"@id\":\"https:\/\/blogdobispo.com.br\/#\/schema\/person\/05abe7adb94767ba46bf757b4243d3e0\",\"name\":\"Robson Trigueiro\",\"image\":{\"@type\":\"ImageObject\",\"inLanguage\":\"pt-BR\",\"@id\":\"https:\/\/blogdobispo.com.br\/#\/schema\/person\/image\/\",\"url\":\"https:\/\/secure.gravatar.com\/avatar\/b71c79ed1dcbb23d15e3cd8224dbfbd99da477df155b3e777061e3a006422418?s=96&d=mm&r=g\",\"contentUrl\":\"https:\/\/secure.gravatar.com\/avatar\/b71c79ed1dcbb23d15e3cd8224dbfbd99da477df155b3e777061e3a006422418?s=96&d=mm&r=g\",\"caption\":\"Robson Trigueiro\"},\"url\":\"https:\/\/blogdobispo.com.br\/?author=3\"}]}<\/script>\n<!-- \/ Yoast SEO plugin. -->","yoast_head_json":{"title":"Garibaldi admite que Walter poder\u00e1 disputar o Governo - Blog do Bispo","robots":{"index":"index","follow":"follow","max-snippet":"max-snippet:-1","max-image-preview":"max-image-preview:large","max-video-preview":"max-video-preview:-1"},"canonical":"https:\/\/blogdobispo.com.br\/?p=17641","og_locale":"pt_BR","og_type":"article","og_title":"Garibaldi admite que Walter poder\u00e1 disputar o Governo - Blog do Bispo","og_description":"O vice-governador Walter Alves (MDB), que assumir\u00e1 o Governo do Estado em abril de 2026, pode rever a decis\u00e3o de n\u00e3o ser candidato a governador na pr\u00f3xima elei\u00e7\u00e3o estadual. Coube ao pai dele, ex-ministro Garibaldi Filho, confirmar essa possibilidade. &nbsp; \u201cA decis\u00e3o de Walter est\u00e1 cada vez mais se consolidando (de n\u00e3o ser candidato a [&hellip;]","og_url":"https:\/\/blogdobispo.com.br\/?p=17641","og_site_name":"Blog do Bispo","article_published_time":"2025-09-09T16:09:11+00:00","og_image":[{"width":800,"height":450,"url":"http:\/\/blogdobispo.com.br\/wp-content\/uploads\/2025\/09\/garibaldi-filho-diz-que-walter-pode-rever-decisao-e-que-alianca-com-pt-sera-reavaliada.webp","type":"image\/webp"}],"author":"Robson Trigueiro","twitter_card":"summary_large_image","twitter_misc":{"Escrito por":"Robson Trigueiro","Est. tempo de leitura":"2 minutos"},"schema":{"@context":"https:\/\/schema.org","@graph":[{"@type":"Article","@id":"https:\/\/blogdobispo.com.br\/?p=17641#article","isPartOf":{"@id":"https:\/\/blogdobispo.com.br\/?p=17641"},"author":{"name":"Robson Trigueiro","@id":"https:\/\/blogdobispo.com.br\/#\/schema\/person\/05abe7adb94767ba46bf757b4243d3e0"},"headline":"Garibaldi admite que Walter poder\u00e1 disputar o Governo","datePublished":"2025-09-09T16:09:11+00:00","mainEntityOfPage":{"@id":"https:\/\/blogdobispo.com.br\/?p=17641"},"wordCount":330,"commentCount":0,"publisher":{"@id":"https:\/\/blogdobispo.com.br\/#organization"},"image":{"@id":"https:\/\/blogdobispo.com.br\/?p=17641#primaryimage"},"thumbnailUrl":"https:\/\/i0.wp.com\/blogdobispo.com.br\/wp-content\/uploads\/2025\/09\/garibaldi-filho-diz-que-walter-pode-rever-decisao-e-que-alianca-com-pt-sera-reavaliada.webp?fit=800%2C450&ssl=1","articleSection":["Pol\u00edtica"],"inLanguage":"pt-BR","potentialAction":[{"@type":"CommentAction","name":"Comment","target":["https:\/\/blogdobispo.com.br\/?p=17641#respond"]}]},{"@type":"WebPage","@id":"https:\/\/blogdobispo.com.br\/?p=17641","url":"https:\/\/blogdobispo.com.br\/?p=17641","name":"Garibaldi admite que Walter poder\u00e1 disputar o Governo - Blog do Bispo","isPartOf":{"@id":"https:\/\/blogdobispo.com.br\/#website"},"primaryImageOfPage":{"@id":"https:\/\/blogdobispo.com.br\/?p=17641#primaryimage"},"image":{"@id":"https:\/\/blogdobispo.com.br\/?p=17641#primaryimage"},"thumbnailUrl":"https:\/\/i0.wp.com\/blogdobispo.com.br\/wp-content\/uploads\/2025\/09\/garibaldi-filho-diz-que-walter-pode-rever-decisao-e-que-alianca-com-pt-sera-reavaliada.webp?fit=800%2C450&ssl=1","datePublished":"2025-09-09T16:09:11+00:00","breadcrumb":{"@id":"https:\/\/blogdobispo.com.br\/?p=17641#breadcrumb"},"inLanguage":"pt-BR","potentialAction":[{"@type":"ReadAction","target":["https:\/\/blogdobispo.com.br\/?p=17641"]}]},{"@type":"ImageObject","inLanguage":"pt-BR","@id":"https:\/\/blogdobispo.com.br\/?p=17641#primaryimage","url":"https:\/\/i0.wp.com\/blogdobispo.com.br\/wp-content\/uploads\/2025\/09\/garibaldi-filho-diz-que-walter-pode-rever-decisao-e-que-alianca-com-pt-sera-reavaliada.webp?fit=800%2C450&ssl=1","contentUrl":"https:\/\/i0.wp.com\/blogdobispo.com.br\/wp-content\/uploads\/2025\/09\/garibaldi-filho-diz-que-walter-pode-rever-decisao-e-que-alianca-com-pt-sera-reavaliada.webp?fit=800%2C450&ssl=1","width":800,"height":450},{"@type":"BreadcrumbList","@id":"https:\/\/blogdobispo.com.br\/?p=17641#breadcrumb","itemListElement":[{"@type":"ListItem","position":1,"name":"In\u00edcio","item":"https:\/\/blogdobispo.com.br\/"},{"@type":"ListItem","position":2,"name":"Garibaldi admite que Walter poder\u00e1 disputar o Governo"}]},{"@type":"WebSite","@id":"https:\/\/blogdobispo.com.br\/#website","url":"https:\/\/blogdobispo.com.br\/","name":"Blog do Bispo","description":"Comprometido apenas com o leitor","publisher":{"@id":"https:\/\/blogdobispo.com.br\/#organization"},"potentialAction":[{"@type":"SearchAction","target":{"@type":"EntryPoint","urlTemplate":"https:\/\/blogdobispo.com.br\/?s={search_term_string}"},"query-input":{"@type":"PropertyValueSpecification","valueRequired":true,"valueName":"search_term_string"}}],"inLanguage":"pt-BR"},{"@type":"Organization","@id":"https:\/\/blogdobispo.com.br\/#organization","name":"Blog do Bispo","url":"https:\/\/blogdobispo.com.br\/","logo":{"@type":"ImageObject","inLanguage":"pt-BR","@id":"https:\/\/blogdobispo.com.br\/#\/schema\/logo\/image\/","url":"http:\/\/blogdobispo.com.br\/wp-content\/uploads\/2023\/05\/cropped-headear.png","contentUrl":"http:\/\/blogdobispo.com.br\/wp-content\/uploads\/2023\/05\/cropped-headear.png","width":1500,"height":399,"caption":"Blog do Bispo"},"image":{"@id":"https:\/\/blogdobispo.com.br\/#\/schema\/logo\/image\/"}},{"@type":"Person","@id":"https:\/\/blogdobispo.com.br\/#\/schema\/person\/05abe7adb94767ba46bf757b4243d3e0","name":"Robson Trigueiro","image":{"@type":"ImageObject","inLanguage":"pt-BR","@id":"https:\/\/blogdobispo.com.br\/#\/schema\/person\/image\/","url":"https:\/\/secure.gravatar.com\/avatar\/b71c79ed1dcbb23d15e3cd8224dbfbd99da477df155b3e777061e3a006422418?s=96&d=mm&r=g","contentUrl":"https:\/\/secure.gravatar.com\/avatar\/b71c79ed1dcbb23d15e3cd8224dbfbd99da477df155b3e777061e3a006422418?s=96&d=mm&r=g","caption":"Robson Trigueiro"},"url":"https:\/\/blogdobispo.com.br\/?author=3"}]}},"featured_image_urls":{"full":["https:\/\/i0.wp.com\/blogdobispo.com.br\/wp-content\/uploads\/2025\/09\/garibaldi-filho-diz-que-walter-pode-rever-decisao-e-que-alianca-com-pt-sera-reavaliada.webp?fit=800%2C450&ssl=1",800,450,false],"thumbnail":["https:\/\/i0.wp.com\/blogdobispo.com.br\/wp-content\/uploads\/2025\/09\/garibaldi-filho-diz-que-walter-pode-rever-decisao-e-que-alianca-com-pt-sera-reavaliada.webp?resize=150%2C150&ssl=1",150,150,true],"medium":["https:\/\/i0.wp.com\/blogdobispo.com.br\/wp-content\/uploads\/2025\/09\/garibaldi-filho-diz-que-walter-pode-rever-decisao-e-que-alianca-com-pt-sera-reavaliada.webp?fit=300%2C169&ssl=1",300,169,true],"medium_large":["https:\/\/i0.wp.com\/blogdobispo.com.br\/wp-content\/uploads\/2025\/09\/garibaldi-filho-diz-que-walter-pode-rever-decisao-e-que-alianca-com-pt-sera-reavaliada.webp?fit=768%2C432&ssl=1",768,432,true],"large":["https:\/\/i0.wp.com\/blogdobispo.com.br\/wp-content\/uploads\/2025\/09\/garibaldi-filho-diz-que-walter-pode-rever-decisao-e-que-alianca-com-pt-sera-reavaliada.webp?fit=800%2C450&ssl=1",800,450,true],"1536x1536":["https:\/\/i0.wp.com\/blogdobispo.com.br\/wp-content\/uploads\/2025\/09\/garibaldi-filho-diz-que-walter-pode-rever-decisao-e-que-alianca-com-pt-sera-reavaliada.webp?fit=800%2C450&ssl=1",800,450,true],"2048x2048":["https:\/\/i0.wp.com\/blogdobispo.com.br\/wp-content\/uploads\/2025\/09\/garibaldi-filho-diz-que-walter-pode-rever-decisao-e-que-alianca-com-pt-sera-reavaliada.webp?fit=800%2C450&ssl=1",800,450,true]},"author_info":{"display_name":"Robson Trigueiro","author_link":"https:\/\/blogdobispo.com.br\/?author=3"},"category_info":"<a href=\"https:\/\/blogdobispo.com.br\/?cat=3\" rel=\"category\">Pol\u00edtica<\/a>","tag_info":"Pol\u00edtica","comment_count":"0","jetpack_featured_media_url":"https:\/\/i0.wp.com\/blogdobispo.com.br\/wp-content\/uploads\/2025\/09\/garibaldi-filho-diz-que-walter-pode-rever-decisao-e-que-alianca-com-pt-sera-reavaliada.webp?fit=800%2C450&ssl=1","jetpack_sharing_enabled":true,"_links":{"self":[{"href":"https:\/\/blogdobispo.com.br\/index.php?rest_route=\/wp\/v2\/posts\/17641","targetHints":{"allow":["GET"]}}],"collection":[{"href":"https:\/\/blogdobispo.com.br\/index.php?rest_route=\/wp\/v2\/posts"}],"about":[{"href":"https:\/\/blogdobispo.com.br\/index.php?rest_route=\/wp\/v2\/types\/post"}],"author":[{"embeddable":true,"href":"https:\/\/blogdobispo.com.br\/index.php?rest_route=\/wp\/v2\/users\/3"}],"replies":[{"embeddable":true,"href":"https:\/\/blogdobispo.com.br\/index.php?rest_route=%2Fwp%2Fv2%2Fcomments&post=17641"}],"version-history":[{"count":1,"href":"https:\/\/blogdobispo.com.br\/index.php?rest_route=\/wp\/v2\/posts\/17641\/revisions"}],"predecessor-version":[{"id":17643,"href":"https:\/\/blogdobispo.com.br\/index.php?rest_route=\/wp\/v2\/posts\/17641\/revisions\/17643"}],"wp:featuredmedia":[{"embeddable":true,"href":"https:\/\/blogdobispo.com.br\/index.php?rest_route=\/wp\/v2\/media\/17642"}],"wp:attachment":[{"href":"https:\/\/blogdobispo.com.br\/index.php?rest_route=%2Fwp%2Fv2%2Fmedia&parent=17641"}],"wp:term":[{"taxonomy":"category","embeddable":true,"href":"https:\/\/blogdobispo.com.br\/index.php?rest_route=%2Fwp%2Fv2%2Fcategories&post=17641"},{"taxonomy":"post_tag","embeddable":true,"href":"https:\/\/blogdobispo.com.br\/index.php?rest_route=%2Fwp%2Fv2%2Ftags&post=17641"}],"curies":[{"name":"wp","href":"https:\/\/api.w.org\/{rel}","templated":true}]}}