{"id":1764,"date":"2023-09-13T14:30:09","date_gmt":"2023-09-13T14:30:09","guid":{"rendered":"https:\/\/blogdobispo.com.br\/?p=1764"},"modified":"2023-09-13T14:30:09","modified_gmt":"2023-09-13T14:30:09","slug":"bruno-giovanni-assinara-ficha-de-filiacao-ao-psdb-no-proximo-sabado","status":"publish","type":"post","link":"https:\/\/blogdobispo.com.br\/?p=1764","title":{"rendered":"Bruno Giovanni assinar\u00e1 ficha de filia\u00e7\u00e3o ao PSDB no pr\u00f3ximo s\u00e1bado"},"content":{"rendered":"\n<figure class=\"wp-block-image size-large\"><img data-recalc-dims=\"1\" fetchpriority=\"high\" decoding=\"async\" width=\"420\" height=\"480\" src=\"https:\/\/i0.wp.com\/blogdobispo.com.br\/wp-content\/uploads\/2023\/09\/img_2871.png?resize=420%2C480&#038;ssl=1\" class=\"wp-image-1763\" srcset=\"https:\/\/i0.wp.com\/blogdobispo.com.br\/wp-content\/uploads\/2023\/09\/img_2871.png?w=420&amp;ssl=1 420w, https:\/\/i0.wp.com\/blogdobispo.com.br\/wp-content\/uploads\/2023\/09\/img_2871.png?resize=263%2C300&amp;ssl=1 263w\" sizes=\"(max-width: 420px) 100vw, 420px\" \/><\/figure>\n\n\n\n<p>O comunicador Bruno Giovanni, conhecido como BG, tem ganhado destaque no jornalismo do Rio Grande do Norte nos \u00faltimos anos e hoje \u00e9 voz em defesa de v\u00e1rias causas sociais em ve\u00edculos que atua, como a 96 FM, redes sociais e seu famoso Blog aceitou o convite do Presidente da legenda no RN, Ezequiel Ferreira e vai se filiar ao PSDB.<\/p>\n\n\n\n<p>BG se reuniu com os vereadores tucanos, Aldo Clemente, Anderson Lopes, Hermes C\u00e2mara, Herbert Sena, que preside hoje a Comiss\u00e3o Provis\u00f3ria do PSDB de Natal e Klaus Ara\u00fajo que assumiu a coordena\u00e7\u00e3o pol\u00edtica e trabalha uma forte nominata com 30 nomes para concorrer a vereador. O nome de Bruno est\u00e1 a disposi\u00e7\u00e3o da sigla para disputar a Prefeitura da Capital.&nbsp;<\/p>\n\n\n\n<p>\u201cAceitei o convite do presidente estadual Ezequiel Ferreira, meu amigo, e dos vereadores que integram o PSDB em Natal. Nosso nome chega a pontuar bem para a Prefeitura de Natal em v\u00e1rias pesquisas de opini\u00e3o. Fui do PSDB e presidente da juventude do partido durante 5 anos, e simpatizo com o partido e suas ideologias em defesa da social-democracia. Al\u00e9m disso, estou em sintonia com ouvintes nas comunidades da capital, e estamos conhecendo os problemas da cidade, se aprofundando sobre a m\u00e1quina p\u00fablica. Sonho em ver uma Natal diferente\u201d, comentou BG.<\/p>\n\n\n\n<p>Ainda sobre o futuro da capital potiguar, Bruno Giovanni explica sua paix\u00e3o pela cidade. \u201cCresci em uma Natal pujante e sempre imaginando que Natal seria uma das principais capitais do Brasil. Nos \u00faltimos anos a gente viu Natal entrar num oito. N\u00e3o existe planejamento, a cidade parou no tempo e deixamos de ser n\u00e3o s\u00f3 uma das principais capitais do Brasil, mas do Nordeste\u201d, frisa. Bruno lamenta a falta de investimentos no setor do turismo, que para ele \u00e9 a \u201cnossa maior ind\u00fastria\u201d. Diante do problema, ele cobrou do poder p\u00fablico um \u201colhar especial\u201d para a atividade que emprega milhares de natalenses.<\/p>\n\n\n\n<p>Cumprindo calend\u00e1rio da Executiva Nacional do PSDB, em decis\u00e3o contida na resolu\u00e7\u00e3o 001\/2023, os Tucanos de Natal far\u00e3o a &#8220;Conven\u00e7\u00e3o da Capital&#8221;, neste s\u00e1bado (16), a partir das 9h30, na C\u00e2mara Municipal do Natal, no bairro Tirol. &nbsp;Na capital, o PSDB continua aumentando sua bancada. Al\u00e9m dos cinco novos integrantes, outros nomes v\u00e3o anunciar filia\u00e7\u00e3o para integrar a nominata de 30 nomes que concorrer\u00e1 as Elei\u00e7\u00f5es 2024.<\/p>\n\n\n\n<p><\/p>\n\n\n\n<p><\/p>\n","protected":false},"excerpt":{"rendered":"<p>O comunicador Bruno Giovanni, conhecido como BG, tem ganhado destaque no jornalismo do Rio Grande do Norte nos \u00faltimos anos e hoje \u00e9 voz em defesa de v\u00e1rias causas sociais em ve\u00edculos que atua, como a 96 FM, redes sociais e seu famoso Blog aceitou o convite do Presidente da legenda no RN, Ezequiel Ferreira [&hellip;]<\/p>\n","protected":false},"author":1,"featured_media":0,"comment_status":"open","ping_status":"open","sticky":false,"template":"","format":"standard","meta":{"cybocfi_hide_featured_image":"","_jetpack_memberships_contains_paid_content":false,"footnotes":""},"categories":[1],"tags":[],"class_list":["post-1764","post","type-post","status-publish","format-standard","hentry","category-diversos"],"yoast_head":"<!-- This site is optimized with the Yoast SEO plugin v25.6 - https:\/\/yoast.com\/wordpress\/plugins\/seo\/ -->\n<title>Bruno Giovanni assinar\u00e1 ficha de filia\u00e7\u00e3o ao PSDB no pr\u00f3ximo s\u00e1bado - Blog do Bispo<\/title>\n<meta name=\"robots\" content=\"index, follow, max-snippet:-1, max-image-preview:large, max-video-preview:-1\" \/>\n<link rel=\"canonical\" href=\"https:\/\/blogdobispo.com.br\/?p=1764\" \/>\n<meta property=\"og:locale\" content=\"pt_BR\" \/>\n<meta property=\"og:type\" content=\"article\" \/>\n<meta property=\"og:title\" content=\"Bruno Giovanni assinar\u00e1 ficha de filia\u00e7\u00e3o ao PSDB no pr\u00f3ximo s\u00e1bado - Blog do Bispo\" \/>\n<meta property=\"og:description\" content=\"O comunicador Bruno Giovanni, conhecido como BG, tem ganhado destaque no jornalismo do Rio Grande do Norte nos \u00faltimos anos e hoje \u00e9 voz em defesa de v\u00e1rias causas sociais em ve\u00edculos que atua, como a 96 FM, redes sociais e seu famoso Blog aceitou o convite do Presidente da legenda no RN, Ezequiel Ferreira [&hellip;]\" \/>\n<meta property=\"og:url\" content=\"https:\/\/blogdobispo.com.br\/?p=1764\" \/>\n<meta property=\"og:site_name\" content=\"Blog do Bispo\" \/>\n<meta property=\"article:published_time\" content=\"2023-09-13T14:30:09+00:00\" \/>\n<meta property=\"og:image\" content=\"https:\/\/blogdobispo.com.br\/wp-content\/uploads\/2023\/09\/img_2871.png\" \/>\n<meta name=\"author\" content=\"Jefferson Sterfeno\" \/>\n<meta name=\"twitter:card\" content=\"summary_large_image\" \/>\n<meta name=\"twitter:label1\" content=\"Escrito por\" \/>\n\t<meta name=\"twitter:data1\" content=\"Jefferson Sterfeno\" \/>\n\t<meta name=\"twitter:label2\" content=\"Est. tempo de leitura\" \/>\n\t<meta name=\"twitter:data2\" content=\"2 minutos\" \/>\n<script type=\"application\/ld+json\" class=\"yoast-schema-graph\">{\"@context\":\"https:\/\/schema.org\",\"@graph\":[{\"@type\":\"Article\",\"@id\":\"https:\/\/blogdobispo.com.br\/?p=1764#article\",\"isPartOf\":{\"@id\":\"https:\/\/blogdobispo.com.br\/?p=1764\"},\"author\":{\"name\":\"Jefferson Sterfeno\",\"@id\":\"https:\/\/blogdobispo.com.br\/#\/schema\/person\/e2209cc0e6cea5c5233d033e997b373f\"},\"headline\":\"Bruno Giovanni assinar\u00e1 ficha de filia\u00e7\u00e3o ao PSDB no pr\u00f3ximo s\u00e1bado\",\"datePublished\":\"2023-09-13T14:30:09+00:00\",\"mainEntityOfPage\":{\"@id\":\"https:\/\/blogdobispo.com.br\/?p=1764\"},\"wordCount\":418,\"commentCount\":0,\"publisher\":{\"@id\":\"https:\/\/blogdobispo.com.br\/#organization\"},\"image\":{\"@id\":\"https:\/\/blogdobispo.com.br\/?p=1764#primaryimage\"},\"thumbnailUrl\":\"https:\/\/blogdobispo.com.br\/wp-content\/uploads\/2023\/09\/img_2871.png\",\"articleSection\":[\"diversos\"],\"inLanguage\":\"pt-BR\",\"potentialAction\":[{\"@type\":\"CommentAction\",\"name\":\"Comment\",\"target\":[\"https:\/\/blogdobispo.com.br\/?p=1764#respond\"]}]},{\"@type\":\"WebPage\",\"@id\":\"https:\/\/blogdobispo.com.br\/?p=1764\",\"url\":\"https:\/\/blogdobispo.com.br\/?p=1764\",\"name\":\"Bruno Giovanni assinar\u00e1 ficha de filia\u00e7\u00e3o ao PSDB no pr\u00f3ximo s\u00e1bado - Blog do Bispo\",\"isPartOf\":{\"@id\":\"https:\/\/blogdobispo.com.br\/#website\"},\"primaryImageOfPage\":{\"@id\":\"https:\/\/blogdobispo.com.br\/?p=1764#primaryimage\"},\"image\":{\"@id\":\"https:\/\/blogdobispo.com.br\/?p=1764#primaryimage\"},\"thumbnailUrl\":\"https:\/\/blogdobispo.com.br\/wp-content\/uploads\/2023\/09\/img_2871.png\",\"datePublished\":\"2023-09-13T14:30:09+00:00\",\"breadcrumb\":{\"@id\":\"https:\/\/blogdobispo.com.br\/?p=1764#breadcrumb\"},\"inLanguage\":\"pt-BR\",\"potentialAction\":[{\"@type\":\"ReadAction\",\"target\":[\"https:\/\/blogdobispo.com.br\/?p=1764\"]}]},{\"@type\":\"ImageObject\",\"inLanguage\":\"pt-BR\",\"@id\":\"https:\/\/blogdobispo.com.br\/?p=1764#primaryimage\",\"url\":\"https:\/\/blogdobispo.com.br\/wp-content\/uploads\/2023\/09\/img_2871.png\",\"contentUrl\":\"https:\/\/blogdobispo.com.br\/wp-content\/uploads\/2023\/09\/img_2871.png\"},{\"@type\":\"BreadcrumbList\",\"@id\":\"https:\/\/blogdobispo.com.br\/?p=1764#breadcrumb\",\"itemListElement\":[{\"@type\":\"ListItem\",\"position\":1,\"name\":\"In\u00edcio\",\"item\":\"https:\/\/blogdobispo.com.br\/\"},{\"@type\":\"ListItem\",\"position\":2,\"name\":\"Bruno Giovanni assinar\u00e1 ficha de filia\u00e7\u00e3o ao PSDB no pr\u00f3ximo s\u00e1bado\"}]},{\"@type\":\"WebSite\",\"@id\":\"https:\/\/blogdobispo.com.br\/#website\",\"url\":\"https:\/\/blogdobispo.com.br\/\",\"name\":\"Blog do Bispo\",\"description\":\"Comprometido apenas com o leitor\",\"publisher\":{\"@id\":\"https:\/\/blogdobispo.com.br\/#organization\"},\"potentialAction\":[{\"@type\":\"SearchAction\",\"target\":{\"@type\":\"EntryPoint\",\"urlTemplate\":\"https:\/\/blogdobispo.com.br\/?s={search_term_string}\"},\"query-input\":{\"@type\":\"PropertyValueSpecification\",\"valueRequired\":true,\"valueName\":\"search_term_string\"}}],\"inLanguage\":\"pt-BR\"},{\"@type\":\"Organization\",\"@id\":\"https:\/\/blogdobispo.com.br\/#organization\",\"name\":\"Blog do Bispo\",\"url\":\"https:\/\/blogdobispo.com.br\/\",\"logo\":{\"@type\":\"ImageObject\",\"inLanguage\":\"pt-BR\",\"@id\":\"https:\/\/blogdobispo.com.br\/#\/schema\/logo\/image\/\",\"url\":\"http:\/\/blogdobispo.com.br\/wp-content\/uploads\/2023\/05\/cropped-headear.png\",\"contentUrl\":\"http:\/\/blogdobispo.com.br\/wp-content\/uploads\/2023\/05\/cropped-headear.png\",\"width\":1500,\"height\":399,\"caption\":\"Blog do Bispo\"},\"image\":{\"@id\":\"https:\/\/blogdobispo.com.br\/#\/schema\/logo\/image\/\"}},{\"@type\":\"Person\",\"@id\":\"https:\/\/blogdobispo.com.br\/#\/schema\/person\/e2209cc0e6cea5c5233d033e997b373f\",\"name\":\"Jefferson Sterfeno\",\"image\":{\"@type\":\"ImageObject\",\"inLanguage\":\"pt-BR\",\"@id\":\"https:\/\/blogdobispo.com.br\/#\/schema\/person\/image\/\",\"url\":\"https:\/\/secure.gravatar.com\/avatar\/0534e84764641168a677026b6d57a3f51dc7ac4db0b4f6186d9cb330d4ee1160?s=96&d=mm&r=g\",\"contentUrl\":\"https:\/\/secure.gravatar.com\/avatar\/0534e84764641168a677026b6d57a3f51dc7ac4db0b4f6186d9cb330d4ee1160?s=96&d=mm&r=g\",\"caption\":\"Jefferson Sterfeno\"},\"sameAs\":[\"http:\/\/blogdobispo.com.br\"],\"url\":\"https:\/\/blogdobispo.com.br\/?author=1\"}]}<\/script>\n<!-- \/ Yoast SEO plugin. -->","yoast_head_json":{"title":"Bruno Giovanni assinar\u00e1 ficha de filia\u00e7\u00e3o ao PSDB no pr\u00f3ximo s\u00e1bado - Blog do Bispo","robots":{"index":"index","follow":"follow","max-snippet":"max-snippet:-1","max-image-preview":"max-image-preview:large","max-video-preview":"max-video-preview:-1"},"canonical":"https:\/\/blogdobispo.com.br\/?p=1764","og_locale":"pt_BR","og_type":"article","og_title":"Bruno Giovanni assinar\u00e1 ficha de filia\u00e7\u00e3o ao PSDB no pr\u00f3ximo s\u00e1bado - Blog do Bispo","og_description":"O comunicador Bruno Giovanni, conhecido como BG, tem ganhado destaque no jornalismo do Rio Grande do Norte nos \u00faltimos anos e hoje \u00e9 voz em defesa de v\u00e1rias causas sociais em ve\u00edculos que atua, como a 96 FM, redes sociais e seu famoso Blog aceitou o convite do Presidente da legenda no RN, Ezequiel Ferreira [&hellip;]","og_url":"https:\/\/blogdobispo.com.br\/?p=1764","og_site_name":"Blog do Bispo","article_published_time":"2023-09-13T14:30:09+00:00","og_image":[{"url":"https:\/\/blogdobispo.com.br\/wp-content\/uploads\/2023\/09\/img_2871.png","type":"","width":"","height":""}],"author":"Jefferson Sterfeno","twitter_card":"summary_large_image","twitter_misc":{"Escrito por":"Jefferson Sterfeno","Est. tempo de leitura":"2 minutos"},"schema":{"@context":"https:\/\/schema.org","@graph":[{"@type":"Article","@id":"https:\/\/blogdobispo.com.br\/?p=1764#article","isPartOf":{"@id":"https:\/\/blogdobispo.com.br\/?p=1764"},"author":{"name":"Jefferson Sterfeno","@id":"https:\/\/blogdobispo.com.br\/#\/schema\/person\/e2209cc0e6cea5c5233d033e997b373f"},"headline":"Bruno Giovanni assinar\u00e1 ficha de filia\u00e7\u00e3o ao PSDB no pr\u00f3ximo s\u00e1bado","datePublished":"2023-09-13T14:30:09+00:00","mainEntityOfPage":{"@id":"https:\/\/blogdobispo.com.br\/?p=1764"},"wordCount":418,"commentCount":0,"publisher":{"@id":"https:\/\/blogdobispo.com.br\/#organization"},"image":{"@id":"https:\/\/blogdobispo.com.br\/?p=1764#primaryimage"},"thumbnailUrl":"https:\/\/blogdobispo.com.br\/wp-content\/uploads\/2023\/09\/img_2871.png","articleSection":["diversos"],"inLanguage":"pt-BR","potentialAction":[{"@type":"CommentAction","name":"Comment","target":["https:\/\/blogdobispo.com.br\/?p=1764#respond"]}]},{"@type":"WebPage","@id":"https:\/\/blogdobispo.com.br\/?p=1764","url":"https:\/\/blogdobispo.com.br\/?p=1764","name":"Bruno Giovanni assinar\u00e1 ficha de filia\u00e7\u00e3o ao PSDB no pr\u00f3ximo s\u00e1bado - Blog do Bispo","isPartOf":{"@id":"https:\/\/blogdobispo.com.br\/#website"},"primaryImageOfPage":{"@id":"https:\/\/blogdobispo.com.br\/?p=1764#primaryimage"},"image":{"@id":"https:\/\/blogdobispo.com.br\/?p=1764#primaryimage"},"thumbnailUrl":"https:\/\/blogdobispo.com.br\/wp-content\/uploads\/2023\/09\/img_2871.png","datePublished":"2023-09-13T14:30:09+00:00","breadcrumb":{"@id":"https:\/\/blogdobispo.com.br\/?p=1764#breadcrumb"},"inLanguage":"pt-BR","potentialAction":[{"@type":"ReadAction","target":["https:\/\/blogdobispo.com.br\/?p=1764"]}]},{"@type":"ImageObject","inLanguage":"pt-BR","@id":"https:\/\/blogdobispo.com.br\/?p=1764#primaryimage","url":"https:\/\/blogdobispo.com.br\/wp-content\/uploads\/2023\/09\/img_2871.png","contentUrl":"https:\/\/blogdobispo.com.br\/wp-content\/uploads\/2023\/09\/img_2871.png"},{"@type":"BreadcrumbList","@id":"https:\/\/blogdobispo.com.br\/?p=1764#breadcrumb","itemListElement":[{"@type":"ListItem","position":1,"name":"In\u00edcio","item":"https:\/\/blogdobispo.com.br\/"},{"@type":"ListItem","position":2,"name":"Bruno Giovanni assinar\u00e1 ficha de filia\u00e7\u00e3o ao PSDB no pr\u00f3ximo s\u00e1bado"}]},{"@type":"WebSite","@id":"https:\/\/blogdobispo.com.br\/#website","url":"https:\/\/blogdobispo.com.br\/","name":"Blog do Bispo","description":"Comprometido apenas com o leitor","publisher":{"@id":"https:\/\/blogdobispo.com.br\/#organization"},"potentialAction":[{"@type":"SearchAction","target":{"@type":"EntryPoint","urlTemplate":"https:\/\/blogdobispo.com.br\/?s={search_term_string}"},"query-input":{"@type":"PropertyValueSpecification","valueRequired":true,"valueName":"search_term_string"}}],"inLanguage":"pt-BR"},{"@type":"Organization","@id":"https:\/\/blogdobispo.com.br\/#organization","name":"Blog do Bispo","url":"https:\/\/blogdobispo.com.br\/","logo":{"@type":"ImageObject","inLanguage":"pt-BR","@id":"https:\/\/blogdobispo.com.br\/#\/schema\/logo\/image\/","url":"http:\/\/blogdobispo.com.br\/wp-content\/uploads\/2023\/05\/cropped-headear.png","contentUrl":"http:\/\/blogdobispo.com.br\/wp-content\/uploads\/2023\/05\/cropped-headear.png","width":1500,"height":399,"caption":"Blog do Bispo"},"image":{"@id":"https:\/\/blogdobispo.com.br\/#\/schema\/logo\/image\/"}},{"@type":"Person","@id":"https:\/\/blogdobispo.com.br\/#\/schema\/person\/e2209cc0e6cea5c5233d033e997b373f","name":"Jefferson Sterfeno","image":{"@type":"ImageObject","inLanguage":"pt-BR","@id":"https:\/\/blogdobispo.com.br\/#\/schema\/person\/image\/","url":"https:\/\/secure.gravatar.com\/avatar\/0534e84764641168a677026b6d57a3f51dc7ac4db0b4f6186d9cb330d4ee1160?s=96&d=mm&r=g","contentUrl":"https:\/\/secure.gravatar.com\/avatar\/0534e84764641168a677026b6d57a3f51dc7ac4db0b4f6186d9cb330d4ee1160?s=96&d=mm&r=g","caption":"Jefferson Sterfeno"},"sameAs":["http:\/\/blogdobispo.com.br"],"url":"https:\/\/blogdobispo.com.br\/?author=1"}]}},"featured_image_urls":{"full":"","thumbnail":"","medium":"","medium_large":"","large":"","1536x1536":"","2048x2048":""},"author_info":{"display_name":"Jefferson Sterfeno","author_link":"https:\/\/blogdobispo.com.br\/?author=1"},"category_info":"<a href=\"https:\/\/blogdobispo.com.br\/?cat=1\" rel=\"category\">diversos<\/a>","tag_info":"diversos","comment_count":"0","jetpack_featured_media_url":"","jetpack_sharing_enabled":true,"_links":{"self":[{"href":"https:\/\/blogdobispo.com.br\/index.php?rest_route=\/wp\/v2\/posts\/1764","targetHints":{"allow":["GET"]}}],"collection":[{"href":"https:\/\/blogdobispo.com.br\/index.php?rest_route=\/wp\/v2\/posts"}],"about":[{"href":"https:\/\/blogdobispo.com.br\/index.php?rest_route=\/wp\/v2\/types\/post"}],"author":[{"embeddable":true,"href":"https:\/\/blogdobispo.com.br\/index.php?rest_route=\/wp\/v2\/users\/1"}],"replies":[{"embeddable":true,"href":"https:\/\/blogdobispo.com.br\/index.php?rest_route=%2Fwp%2Fv2%2Fcomments&post=1764"}],"version-history":[{"count":0,"href":"https:\/\/blogdobispo.com.br\/index.php?rest_route=\/wp\/v2\/posts\/1764\/revisions"}],"wp:attachment":[{"href":"https:\/\/blogdobispo.com.br\/index.php?rest_route=%2Fwp%2Fv2%2Fmedia&parent=1764"}],"wp:term":[{"taxonomy":"category","embeddable":true,"href":"https:\/\/blogdobispo.com.br\/index.php?rest_route=%2Fwp%2Fv2%2Fcategories&post=1764"},{"taxonomy":"post_tag","embeddable":true,"href":"https:\/\/blogdobispo.com.br\/index.php?rest_route=%2Fwp%2Fv2%2Ftags&post=1764"}],"curies":[{"name":"wp","href":"https:\/\/api.w.org\/{rel}","templated":true}]}}