{"id":17638,"date":"2025-09-09T16:04:52","date_gmt":"2025-09-09T16:04:52","guid":{"rendered":"https:\/\/blogdobispo.com.br\/?p=17638"},"modified":"2025-09-09T16:04:52","modified_gmt":"2025-09-09T16:04:52","slug":"seca-no-serido-e-protesto-do-dia-7-marcam-horario-dos-deputados-2","status":"publish","type":"post","link":"https:\/\/blogdobispo.com.br\/?p=17638","title":{"rendered":"Seca no Serid\u00f3 e protesto do dia 7 marcam hor\u00e1rio dos deputados"},"content":{"rendered":"<p>Durante a sess\u00e3o ordin\u00e1ria da Assembleia Legislativa do Rio Grande do Norte, nesta quinta-feira (4), os deputados Vivaldo Costa (PV) e Coronel Azevedo (PL) usaram o tempo destinado aos deputados para abordar a seca no Serid\u00f3 e o protesto previsto para o dia 7 de setembro.<\/p>\n<p>&nbsp;<\/p>\n<p>O deputado Vivaldo Costa abriu seu pronunciamento destacando a situa\u00e7\u00e3o da seca que afeta a regi\u00e3o do Serid\u00f3, classificando-a como \u201cgrave e grav\u00edssima\u201d, com tend\u00eancia de piora nos pr\u00f3ximos meses. Ele elogiou a governadora F\u00e1tima Bezerra (PT) pelo empenho em estudar e apoiar o homem do campo, ressaltando que o governo est\u00e1 coletando dados para decretar o estado de emerg\u00eancia no Rio Grande do Norte. \u201cA governadora est\u00e1 ao lado do pecuarista, do criador, do homem do campo\u201d, afirmou.<\/p>\n<p>&nbsp;<\/p>\n<p>Vivaldo destacou n\u00fameros preocupantes, como o fato de que 69% dos reservat\u00f3rios do estado operarem com menos da metade da capacidade, citando como exemplo o Boqueir\u00e3o de Parelhas, que est\u00e1 com pouco mais de 10% de suas \u00e1guas. O deputado tamb\u00e9m ressaltou que o decreto de emerg\u00eancia est\u00e1 em fase final de an\u00e1lise pela Procuradoria-Geral do Estado (PGE) e ser\u00e1 assinado em breve pela governadora. \u201cQue todos possamos nos unir em favor do homem do campo porque a situa\u00e7\u00e3o \u00e9 muito grave, em especial no meu Serid\u00f3\u201d, concluiu.<\/p>\n<p>&nbsp;<\/p>\n<p>Na sequ\u00eancia, o deputado Coronel Azevedo aproveitou o momento para convidar a popula\u00e7\u00e3o de Natal para um ato que ser\u00e1 realizado no pr\u00f3ximo domingo (7), \u00e0s 15h, pr\u00f3ximo ao shopping Midway Mall.<\/p>\n<p>&nbsp;<\/p>\n<p>\u201cO convite \u00e9 para toda popula\u00e7\u00e3o que ir\u00e1 as ruas pela independ\u00eancia do Brasil e pela anistia. Queremos devolver a democracia ao povo brasileiro\u201d, declarou, criticando recentes medidas governamentais como o aumento do IOF e o porte de maconha, que, segundo ele, desrespeitam a vontade popular.<\/p>\n<p>&nbsp;<\/p>\n<p>\u201cA vontade da maioria tem que ser respeitada. Quando algu\u00e9m tira o poder do povo, tira a soberania do povo\u201d, afirmou o deputado, destacando a import\u00e2ncia do respeito \u00e0s leis nas democracias. Ele encerrou seu discurso citando Rui Barbosa: \u201cA p\u00e1tria n\u00e3o \u00e9 ningu\u00e9m, somos todos n\u00f3s\u201d.<\/p>\n","protected":false},"excerpt":{"rendered":"<p>Durante a sess\u00e3o ordin\u00e1ria da Assembleia Legislativa do Rio Grande do Norte, nesta quinta-feira (4), os deputados Vivaldo Costa (PV) e Coronel Azevedo (PL) usaram o tempo destinado aos deputados para abordar a seca no Serid\u00f3 e o protesto previsto para o dia 7 de setembro. &nbsp; O deputado Vivaldo Costa abriu seu pronunciamento destacando [&hellip;]<\/p>\n","protected":false},"author":3,"featured_media":17639,"comment_status":"open","ping_status":"open","sticky":false,"template":"","format":"standard","meta":{"cybocfi_hide_featured_image":"","_jetpack_memberships_contains_paid_content":false,"footnotes":""},"categories":[3],"tags":[],"class_list":["post-17638","post","type-post","status-publish","format-standard","has-post-thumbnail","hentry","category-politica"],"yoast_head":"<!-- This site is optimized with the Yoast SEO plugin v25.6 - https:\/\/yoast.com\/wordpress\/plugins\/seo\/ -->\n<title>Seca no Serid\u00f3 e protesto do dia 7 marcam hor\u00e1rio dos deputados - Blog do Bispo<\/title>\n<meta name=\"robots\" content=\"index, follow, max-snippet:-1, max-image-preview:large, max-video-preview:-1\" \/>\n<link rel=\"canonical\" href=\"https:\/\/blogdobispo.com.br\/?p=17638\" \/>\n<meta property=\"og:locale\" content=\"pt_BR\" \/>\n<meta property=\"og:type\" content=\"article\" \/>\n<meta property=\"og:title\" content=\"Seca no Serid\u00f3 e protesto do dia 7 marcam hor\u00e1rio dos deputados - Blog do Bispo\" \/>\n<meta property=\"og:description\" content=\"Durante a sess\u00e3o ordin\u00e1ria da Assembleia Legislativa do Rio Grande do Norte, nesta quinta-feira (4), os deputados Vivaldo Costa (PV) e Coronel Azevedo (PL) usaram o tempo destinado aos deputados para abordar a seca no Serid\u00f3 e o protesto previsto para o dia 7 de setembro. &nbsp; O deputado Vivaldo Costa abriu seu pronunciamento destacando [&hellip;]\" \/>\n<meta property=\"og:url\" content=\"https:\/\/blogdobispo.com.br\/?p=17638\" \/>\n<meta property=\"og:site_name\" content=\"Blog do Bispo\" \/>\n<meta property=\"article:published_time\" content=\"2025-09-09T16:04:52+00:00\" \/>\n<meta property=\"og:image\" content=\"http:\/\/blogdobispo.com.br\/wp-content\/uploads\/2025\/09\/TXMtoAwXVZBRmwBEFXGbJFzFqItV3pz9jKc69szM-1.jpg\" \/>\n\t<meta property=\"og:image:width\" content=\"1531\" \/>\n\t<meta property=\"og:image:height\" content=\"1021\" \/>\n\t<meta property=\"og:image:type\" content=\"image\/jpeg\" \/>\n<meta name=\"author\" content=\"Robson Trigueiro\" \/>\n<meta name=\"twitter:card\" content=\"summary_large_image\" \/>\n<meta name=\"twitter:label1\" content=\"Escrito por\" \/>\n\t<meta name=\"twitter:data1\" content=\"Robson Trigueiro\" \/>\n\t<meta name=\"twitter:label2\" content=\"Est. tempo de leitura\" \/>\n\t<meta name=\"twitter:data2\" content=\"3 minutos\" \/>\n<script type=\"application\/ld+json\" class=\"yoast-schema-graph\">{\"@context\":\"https:\/\/schema.org\",\"@graph\":[{\"@type\":\"Article\",\"@id\":\"https:\/\/blogdobispo.com.br\/?p=17638#article\",\"isPartOf\":{\"@id\":\"https:\/\/blogdobispo.com.br\/?p=17638\"},\"author\":{\"name\":\"Robson Trigueiro\",\"@id\":\"https:\/\/blogdobispo.com.br\/#\/schema\/person\/05abe7adb94767ba46bf757b4243d3e0\"},\"headline\":\"Seca no Serid\u00f3 e protesto do dia 7 marcam hor\u00e1rio dos deputados\",\"datePublished\":\"2025-09-09T16:04:52+00:00\",\"mainEntityOfPage\":{\"@id\":\"https:\/\/blogdobispo.com.br\/?p=17638\"},\"wordCount\":375,\"commentCount\":0,\"publisher\":{\"@id\":\"https:\/\/blogdobispo.com.br\/#organization\"},\"image\":{\"@id\":\"https:\/\/blogdobispo.com.br\/?p=17638#primaryimage\"},\"thumbnailUrl\":\"https:\/\/i0.wp.com\/blogdobispo.com.br\/wp-content\/uploads\/2025\/09\/TXMtoAwXVZBRmwBEFXGbJFzFqItV3pz9jKc69szM-1.jpg?fit=1531%2C1021&ssl=1\",\"articleSection\":[\"Pol\u00edtica\"],\"inLanguage\":\"pt-BR\",\"potentialAction\":[{\"@type\":\"CommentAction\",\"name\":\"Comment\",\"target\":[\"https:\/\/blogdobispo.com.br\/?p=17638#respond\"]}]},{\"@type\":\"WebPage\",\"@id\":\"https:\/\/blogdobispo.com.br\/?p=17638\",\"url\":\"https:\/\/blogdobispo.com.br\/?p=17638\",\"name\":\"Seca no Serid\u00f3 e protesto do dia 7 marcam hor\u00e1rio dos deputados - Blog do Bispo\",\"isPartOf\":{\"@id\":\"https:\/\/blogdobispo.com.br\/#website\"},\"primaryImageOfPage\":{\"@id\":\"https:\/\/blogdobispo.com.br\/?p=17638#primaryimage\"},\"image\":{\"@id\":\"https:\/\/blogdobispo.com.br\/?p=17638#primaryimage\"},\"thumbnailUrl\":\"https:\/\/i0.wp.com\/blogdobispo.com.br\/wp-content\/uploads\/2025\/09\/TXMtoAwXVZBRmwBEFXGbJFzFqItV3pz9jKc69szM-1.jpg?fit=1531%2C1021&ssl=1\",\"datePublished\":\"2025-09-09T16:04:52+00:00\",\"breadcrumb\":{\"@id\":\"https:\/\/blogdobispo.com.br\/?p=17638#breadcrumb\"},\"inLanguage\":\"pt-BR\",\"potentialAction\":[{\"@type\":\"ReadAction\",\"target\":[\"https:\/\/blogdobispo.com.br\/?p=17638\"]}]},{\"@type\":\"ImageObject\",\"inLanguage\":\"pt-BR\",\"@id\":\"https:\/\/blogdobispo.com.br\/?p=17638#primaryimage\",\"url\":\"https:\/\/i0.wp.com\/blogdobispo.com.br\/wp-content\/uploads\/2025\/09\/TXMtoAwXVZBRmwBEFXGbJFzFqItV3pz9jKc69szM-1.jpg?fit=1531%2C1021&ssl=1\",\"contentUrl\":\"https:\/\/i0.wp.com\/blogdobispo.com.br\/wp-content\/uploads\/2025\/09\/TXMtoAwXVZBRmwBEFXGbJFzFqItV3pz9jKc69szM-1.jpg?fit=1531%2C1021&ssl=1\",\"width\":1531,\"height\":1021},{\"@type\":\"BreadcrumbList\",\"@id\":\"https:\/\/blogdobispo.com.br\/?p=17638#breadcrumb\",\"itemListElement\":[{\"@type\":\"ListItem\",\"position\":1,\"name\":\"In\u00edcio\",\"item\":\"https:\/\/blogdobispo.com.br\/\"},{\"@type\":\"ListItem\",\"position\":2,\"name\":\"Seca no Serid\u00f3 e protesto do dia 7 marcam hor\u00e1rio dos deputados\"}]},{\"@type\":\"WebSite\",\"@id\":\"https:\/\/blogdobispo.com.br\/#website\",\"url\":\"https:\/\/blogdobispo.com.br\/\",\"name\":\"Blog do Bispo\",\"description\":\"Comprometido apenas com o leitor\",\"publisher\":{\"@id\":\"https:\/\/blogdobispo.com.br\/#organization\"},\"potentialAction\":[{\"@type\":\"SearchAction\",\"target\":{\"@type\":\"EntryPoint\",\"urlTemplate\":\"https:\/\/blogdobispo.com.br\/?s={search_term_string}\"},\"query-input\":{\"@type\":\"PropertyValueSpecification\",\"valueRequired\":true,\"valueName\":\"search_term_string\"}}],\"inLanguage\":\"pt-BR\"},{\"@type\":\"Organization\",\"@id\":\"https:\/\/blogdobispo.com.br\/#organization\",\"name\":\"Blog do Bispo\",\"url\":\"https:\/\/blogdobispo.com.br\/\",\"logo\":{\"@type\":\"ImageObject\",\"inLanguage\":\"pt-BR\",\"@id\":\"https:\/\/blogdobispo.com.br\/#\/schema\/logo\/image\/\",\"url\":\"http:\/\/blogdobispo.com.br\/wp-content\/uploads\/2023\/05\/cropped-headear.png\",\"contentUrl\":\"http:\/\/blogdobispo.com.br\/wp-content\/uploads\/2023\/05\/cropped-headear.png\",\"width\":1500,\"height\":399,\"caption\":\"Blog do Bispo\"},\"image\":{\"@id\":\"https:\/\/blogdobispo.com.br\/#\/schema\/logo\/image\/\"}},{\"@type\":\"Person\",\"@id\":\"https:\/\/blogdobispo.com.br\/#\/schema\/person\/05abe7adb94767ba46bf757b4243d3e0\",\"name\":\"Robson Trigueiro\",\"image\":{\"@type\":\"ImageObject\",\"inLanguage\":\"pt-BR\",\"@id\":\"https:\/\/blogdobispo.com.br\/#\/schema\/person\/image\/\",\"url\":\"https:\/\/secure.gravatar.com\/avatar\/b71c79ed1dcbb23d15e3cd8224dbfbd99da477df155b3e777061e3a006422418?s=96&d=mm&r=g\",\"contentUrl\":\"https:\/\/secure.gravatar.com\/avatar\/b71c79ed1dcbb23d15e3cd8224dbfbd99da477df155b3e777061e3a006422418?s=96&d=mm&r=g\",\"caption\":\"Robson Trigueiro\"},\"url\":\"https:\/\/blogdobispo.com.br\/?author=3\"}]}<\/script>\n<!-- \/ Yoast SEO plugin. -->","yoast_head_json":{"title":"Seca no Serid\u00f3 e protesto do dia 7 marcam hor\u00e1rio dos deputados - Blog do Bispo","robots":{"index":"index","follow":"follow","max-snippet":"max-snippet:-1","max-image-preview":"max-image-preview:large","max-video-preview":"max-video-preview:-1"},"canonical":"https:\/\/blogdobispo.com.br\/?p=17638","og_locale":"pt_BR","og_type":"article","og_title":"Seca no Serid\u00f3 e protesto do dia 7 marcam hor\u00e1rio dos deputados - Blog do Bispo","og_description":"Durante a sess\u00e3o ordin\u00e1ria da Assembleia Legislativa do Rio Grande do Norte, nesta quinta-feira (4), os deputados Vivaldo Costa (PV) e Coronel Azevedo (PL) usaram o tempo destinado aos deputados para abordar a seca no Serid\u00f3 e o protesto previsto para o dia 7 de setembro. &nbsp; O deputado Vivaldo Costa abriu seu pronunciamento destacando [&hellip;]","og_url":"https:\/\/blogdobispo.com.br\/?p=17638","og_site_name":"Blog do Bispo","article_published_time":"2025-09-09T16:04:52+00:00","og_image":[{"width":1531,"height":1021,"url":"http:\/\/blogdobispo.com.br\/wp-content\/uploads\/2025\/09\/TXMtoAwXVZBRmwBEFXGbJFzFqItV3pz9jKc69szM-1.jpg","type":"image\/jpeg"}],"author":"Robson Trigueiro","twitter_card":"summary_large_image","twitter_misc":{"Escrito por":"Robson Trigueiro","Est. tempo de leitura":"3 minutos"},"schema":{"@context":"https:\/\/schema.org","@graph":[{"@type":"Article","@id":"https:\/\/blogdobispo.com.br\/?p=17638#article","isPartOf":{"@id":"https:\/\/blogdobispo.com.br\/?p=17638"},"author":{"name":"Robson Trigueiro","@id":"https:\/\/blogdobispo.com.br\/#\/schema\/person\/05abe7adb94767ba46bf757b4243d3e0"},"headline":"Seca no Serid\u00f3 e protesto do dia 7 marcam hor\u00e1rio dos deputados","datePublished":"2025-09-09T16:04:52+00:00","mainEntityOfPage":{"@id":"https:\/\/blogdobispo.com.br\/?p=17638"},"wordCount":375,"commentCount":0,"publisher":{"@id":"https:\/\/blogdobispo.com.br\/#organization"},"image":{"@id":"https:\/\/blogdobispo.com.br\/?p=17638#primaryimage"},"thumbnailUrl":"https:\/\/i0.wp.com\/blogdobispo.com.br\/wp-content\/uploads\/2025\/09\/TXMtoAwXVZBRmwBEFXGbJFzFqItV3pz9jKc69szM-1.jpg?fit=1531%2C1021&ssl=1","articleSection":["Pol\u00edtica"],"inLanguage":"pt-BR","potentialAction":[{"@type":"CommentAction","name":"Comment","target":["https:\/\/blogdobispo.com.br\/?p=17638#respond"]}]},{"@type":"WebPage","@id":"https:\/\/blogdobispo.com.br\/?p=17638","url":"https:\/\/blogdobispo.com.br\/?p=17638","name":"Seca no Serid\u00f3 e protesto do dia 7 marcam hor\u00e1rio dos deputados - Blog do Bispo","isPartOf":{"@id":"https:\/\/blogdobispo.com.br\/#website"},"primaryImageOfPage":{"@id":"https:\/\/blogdobispo.com.br\/?p=17638#primaryimage"},"image":{"@id":"https:\/\/blogdobispo.com.br\/?p=17638#primaryimage"},"thumbnailUrl":"https:\/\/i0.wp.com\/blogdobispo.com.br\/wp-content\/uploads\/2025\/09\/TXMtoAwXVZBRmwBEFXGbJFzFqItV3pz9jKc69szM-1.jpg?fit=1531%2C1021&ssl=1","datePublished":"2025-09-09T16:04:52+00:00","breadcrumb":{"@id":"https:\/\/blogdobispo.com.br\/?p=17638#breadcrumb"},"inLanguage":"pt-BR","potentialAction":[{"@type":"ReadAction","target":["https:\/\/blogdobispo.com.br\/?p=17638"]}]},{"@type":"ImageObject","inLanguage":"pt-BR","@id":"https:\/\/blogdobispo.com.br\/?p=17638#primaryimage","url":"https:\/\/i0.wp.com\/blogdobispo.com.br\/wp-content\/uploads\/2025\/09\/TXMtoAwXVZBRmwBEFXGbJFzFqItV3pz9jKc69szM-1.jpg?fit=1531%2C1021&ssl=1","contentUrl":"https:\/\/i0.wp.com\/blogdobispo.com.br\/wp-content\/uploads\/2025\/09\/TXMtoAwXVZBRmwBEFXGbJFzFqItV3pz9jKc69szM-1.jpg?fit=1531%2C1021&ssl=1","width":1531,"height":1021},{"@type":"BreadcrumbList","@id":"https:\/\/blogdobispo.com.br\/?p=17638#breadcrumb","itemListElement":[{"@type":"ListItem","position":1,"name":"In\u00edcio","item":"https:\/\/blogdobispo.com.br\/"},{"@type":"ListItem","position":2,"name":"Seca no Serid\u00f3 e protesto do dia 7 marcam hor\u00e1rio dos deputados"}]},{"@type":"WebSite","@id":"https:\/\/blogdobispo.com.br\/#website","url":"https:\/\/blogdobispo.com.br\/","name":"Blog do Bispo","description":"Comprometido apenas com o leitor","publisher":{"@id":"https:\/\/blogdobispo.com.br\/#organization"},"potentialAction":[{"@type":"SearchAction","target":{"@type":"EntryPoint","urlTemplate":"https:\/\/blogdobispo.com.br\/?s={search_term_string}"},"query-input":{"@type":"PropertyValueSpecification","valueRequired":true,"valueName":"search_term_string"}}],"inLanguage":"pt-BR"},{"@type":"Organization","@id":"https:\/\/blogdobispo.com.br\/#organization","name":"Blog do Bispo","url":"https:\/\/blogdobispo.com.br\/","logo":{"@type":"ImageObject","inLanguage":"pt-BR","@id":"https:\/\/blogdobispo.com.br\/#\/schema\/logo\/image\/","url":"http:\/\/blogdobispo.com.br\/wp-content\/uploads\/2023\/05\/cropped-headear.png","contentUrl":"http:\/\/blogdobispo.com.br\/wp-content\/uploads\/2023\/05\/cropped-headear.png","width":1500,"height":399,"caption":"Blog do Bispo"},"image":{"@id":"https:\/\/blogdobispo.com.br\/#\/schema\/logo\/image\/"}},{"@type":"Person","@id":"https:\/\/blogdobispo.com.br\/#\/schema\/person\/05abe7adb94767ba46bf757b4243d3e0","name":"Robson Trigueiro","image":{"@type":"ImageObject","inLanguage":"pt-BR","@id":"https:\/\/blogdobispo.com.br\/#\/schema\/person\/image\/","url":"https:\/\/secure.gravatar.com\/avatar\/b71c79ed1dcbb23d15e3cd8224dbfbd99da477df155b3e777061e3a006422418?s=96&d=mm&r=g","contentUrl":"https:\/\/secure.gravatar.com\/avatar\/b71c79ed1dcbb23d15e3cd8224dbfbd99da477df155b3e777061e3a006422418?s=96&d=mm&r=g","caption":"Robson Trigueiro"},"url":"https:\/\/blogdobispo.com.br\/?author=3"}]}},"featured_image_urls":{"full":["https:\/\/i0.wp.com\/blogdobispo.com.br\/wp-content\/uploads\/2025\/09\/TXMtoAwXVZBRmwBEFXGbJFzFqItV3pz9jKc69szM-1.jpg?fit=1531%2C1021&ssl=1",1531,1021,false],"thumbnail":["https:\/\/i0.wp.com\/blogdobispo.com.br\/wp-content\/uploads\/2025\/09\/TXMtoAwXVZBRmwBEFXGbJFzFqItV3pz9jKc69szM-1.jpg?resize=150%2C150&ssl=1",150,150,true],"medium":["https:\/\/i0.wp.com\/blogdobispo.com.br\/wp-content\/uploads\/2025\/09\/TXMtoAwXVZBRmwBEFXGbJFzFqItV3pz9jKc69szM-1.jpg?fit=300%2C200&ssl=1",300,200,true],"medium_large":["https:\/\/i0.wp.com\/blogdobispo.com.br\/wp-content\/uploads\/2025\/09\/TXMtoAwXVZBRmwBEFXGbJFzFqItV3pz9jKc69szM-1.jpg?fit=768%2C512&ssl=1",768,512,true],"large":["https:\/\/i0.wp.com\/blogdobispo.com.br\/wp-content\/uploads\/2025\/09\/TXMtoAwXVZBRmwBEFXGbJFzFqItV3pz9jKc69szM-1.jpg?fit=800%2C534&ssl=1",800,534,true],"1536x1536":["https:\/\/i0.wp.com\/blogdobispo.com.br\/wp-content\/uploads\/2025\/09\/TXMtoAwXVZBRmwBEFXGbJFzFqItV3pz9jKc69szM-1.jpg?fit=1531%2C1021&ssl=1",1531,1021,true],"2048x2048":["https:\/\/i0.wp.com\/blogdobispo.com.br\/wp-content\/uploads\/2025\/09\/TXMtoAwXVZBRmwBEFXGbJFzFqItV3pz9jKc69szM-1.jpg?fit=1531%2C1021&ssl=1",1531,1021,true]},"author_info":{"display_name":"Robson Trigueiro","author_link":"https:\/\/blogdobispo.com.br\/?author=3"},"category_info":"<a href=\"https:\/\/blogdobispo.com.br\/?cat=3\" rel=\"category\">Pol\u00edtica<\/a>","tag_info":"Pol\u00edtica","comment_count":"0","jetpack_featured_media_url":"https:\/\/i0.wp.com\/blogdobispo.com.br\/wp-content\/uploads\/2025\/09\/TXMtoAwXVZBRmwBEFXGbJFzFqItV3pz9jKc69szM-1.jpg?fit=1531%2C1021&ssl=1","jetpack_sharing_enabled":true,"_links":{"self":[{"href":"https:\/\/blogdobispo.com.br\/index.php?rest_route=\/wp\/v2\/posts\/17638","targetHints":{"allow":["GET"]}}],"collection":[{"href":"https:\/\/blogdobispo.com.br\/index.php?rest_route=\/wp\/v2\/posts"}],"about":[{"href":"https:\/\/blogdobispo.com.br\/index.php?rest_route=\/wp\/v2\/types\/post"}],"author":[{"embeddable":true,"href":"https:\/\/blogdobispo.com.br\/index.php?rest_route=\/wp\/v2\/users\/3"}],"replies":[{"embeddable":true,"href":"https:\/\/blogdobispo.com.br\/index.php?rest_route=%2Fwp%2Fv2%2Fcomments&post=17638"}],"version-history":[{"count":1,"href":"https:\/\/blogdobispo.com.br\/index.php?rest_route=\/wp\/v2\/posts\/17638\/revisions"}],"predecessor-version":[{"id":17640,"href":"https:\/\/blogdobispo.com.br\/index.php?rest_route=\/wp\/v2\/posts\/17638\/revisions\/17640"}],"wp:featuredmedia":[{"embeddable":true,"href":"https:\/\/blogdobispo.com.br\/index.php?rest_route=\/wp\/v2\/media\/17639"}],"wp:attachment":[{"href":"https:\/\/blogdobispo.com.br\/index.php?rest_route=%2Fwp%2Fv2%2Fmedia&parent=17638"}],"wp:term":[{"taxonomy":"category","embeddable":true,"href":"https:\/\/blogdobispo.com.br\/index.php?rest_route=%2Fwp%2Fv2%2Fcategories&post=17638"},{"taxonomy":"post_tag","embeddable":true,"href":"https:\/\/blogdobispo.com.br\/index.php?rest_route=%2Fwp%2Fv2%2Ftags&post=17638"}],"curies":[{"name":"wp","href":"https:\/\/api.w.org\/{rel}","templated":true}]}}