{"id":17635,"date":"2025-09-09T16:02:59","date_gmt":"2025-09-09T16:02:59","guid":{"rendered":"https:\/\/blogdobispo.com.br\/?p=17635"},"modified":"2025-09-09T16:02:59","modified_gmt":"2025-09-09T16:02:59","slug":"associacao-de-agricultores-de-sao-jose-do-campestre-e-reconhecida-como-de-utilidade-publica-estadual-por-lei-de-autoria-de-ubaldo","status":"publish","type":"post","link":"https:\/\/blogdobispo.com.br\/?p=17635","title":{"rendered":"Associa\u00e7\u00e3o de Agricultores de S\u00e3o Jos\u00e9 do Campestre \u00e9 reconhecida como de Utilidade P\u00fablica Estadual por lei de autoria de Ubaldo"},"content":{"rendered":"<p>Foi sancionada pela governadora F\u00e1tima Bezerra e publicada no Di\u00e1rio Oficial do Estado nesta ter\u00e7a-feira (09) a Lei n\u00ba 12.415\/2025, de autoria do deputado estadual Ubaldo Fernandes (PSDB), que reconhece como de Utilidade P\u00fablica Estadual a Associa\u00e7\u00e3o dos Agricultores e Agricultoras Familiares Periurbanos de S\u00e3o Jos\u00e9 do Campestre\/RN \u2013 S\u00e3o Domingos.<\/p>\n<p>&nbsp;<\/p>\n<p>Com sede em S\u00e3o Jos\u00e9 do Campestre, a entidade atua na organiza\u00e7\u00e3o, capacita\u00e7\u00e3o e apoio t\u00e9cnico a produtores rurais, desempenhando papel fundamental na valoriza\u00e7\u00e3o da agricultura familiar, gera\u00e7\u00e3o de renda e promo\u00e7\u00e3o do desenvolvimento sustent\u00e1vel. Al\u00e9m disso, a associa\u00e7\u00e3o contribui para a preserva\u00e7\u00e3o ambiental e para o fortalecimento da economia local.<\/p>\n<p>&nbsp;<\/p>\n<p>Para o deputado Ubaldo Fernandes, a medida representa um avan\u00e7o significativo para a agricultura familiar do munic\u00edpio e de toda a regi\u00e3o: \u201cEsse reconhecimento fortalece a luta dos agricultores e agricultoras familiares, que t\u00eam papel central na produ\u00e7\u00e3o de alimentos, na preserva\u00e7\u00e3o do meio ambiente e no desenvolvimento econ\u00f4mico de S\u00e3o Jos\u00e9 do Campestre e do nosso estado. Estamos garantindo mais oportunidades e condi\u00e7\u00f5es para que essa associa\u00e7\u00e3o amplie seus trabalhos em benef\u00edcio da comunidade\u201d, destacou.<\/p>\n<p>&nbsp;<\/p>\n<p>O reconhecimento de utilidade p\u00fablica amplia as possibilidades de atua\u00e7\u00e3o da entidade, permitindo maior acesso a recursos governamentais, conv\u00eanios, parcerias e incentivos que podem potencializar seus projetos e a\u00e7\u00f5es. Com a san\u00e7\u00e3o da lei, a Associa\u00e7\u00e3o S\u00e3o Domingos passa a ter sua relev\u00e2ncia institucional formalmente reconhecida pelo Estado, consolidando-se como parceira estrat\u00e9gica na promo\u00e7\u00e3o da inclus\u00e3o social e da sustentabilidade no meio rural potiguar.<\/p>\n","protected":false},"excerpt":{"rendered":"<p>Foi sancionada pela governadora F\u00e1tima Bezerra e publicada no Di\u00e1rio Oficial do Estado nesta ter\u00e7a-feira (09) a Lei n\u00ba 12.415\/2025, de autoria do deputado estadual Ubaldo Fernandes (PSDB), que reconhece como de Utilidade P\u00fablica Estadual a Associa\u00e7\u00e3o dos Agricultores e Agricultoras Familiares Periurbanos de S\u00e3o Jos\u00e9 do Campestre\/RN \u2013 S\u00e3o Domingos. &nbsp; Com sede em [&hellip;]<\/p>\n","protected":false},"author":3,"featured_media":17636,"comment_status":"open","ping_status":"open","sticky":false,"template":"","format":"standard","meta":{"cybocfi_hide_featured_image":"","_jetpack_memberships_contains_paid_content":false,"footnotes":""},"categories":[12,3],"tags":[],"class_list":["post-17635","post","type-post","status-publish","format-standard","has-post-thumbnail","hentry","category-cidadania","category-politica"],"yoast_head":"<!-- This site is optimized with the Yoast SEO plugin v25.6 - https:\/\/yoast.com\/wordpress\/plugins\/seo\/ -->\n<title>Associa\u00e7\u00e3o de Agricultores de S\u00e3o Jos\u00e9 do Campestre \u00e9 reconhecida como de Utilidade P\u00fablica Estadual por lei de autoria de Ubaldo - Blog do Bispo<\/title>\n<meta name=\"robots\" content=\"index, follow, max-snippet:-1, max-image-preview:large, max-video-preview:-1\" \/>\n<link rel=\"canonical\" href=\"https:\/\/blogdobispo.com.br\/?p=17635\" \/>\n<meta property=\"og:locale\" content=\"pt_BR\" \/>\n<meta property=\"og:type\" content=\"article\" \/>\n<meta property=\"og:title\" content=\"Associa\u00e7\u00e3o de Agricultores de S\u00e3o Jos\u00e9 do Campestre \u00e9 reconhecida como de Utilidade P\u00fablica Estadual por lei de autoria de Ubaldo - Blog do Bispo\" \/>\n<meta property=\"og:description\" content=\"Foi sancionada pela governadora F\u00e1tima Bezerra e publicada no Di\u00e1rio Oficial do Estado nesta ter\u00e7a-feira (09) a Lei n\u00ba 12.415\/2025, de autoria do deputado estadual Ubaldo Fernandes (PSDB), que reconhece como de Utilidade P\u00fablica Estadual a Associa\u00e7\u00e3o dos Agricultores e Agricultoras Familiares Periurbanos de S\u00e3o Jos\u00e9 do Campestre\/RN \u2013 S\u00e3o Domingos. &nbsp; Com sede em [&hellip;]\" \/>\n<meta property=\"og:url\" content=\"https:\/\/blogdobispo.com.br\/?p=17635\" \/>\n<meta property=\"og:site_name\" content=\"Blog do Bispo\" \/>\n<meta property=\"article:published_time\" content=\"2025-09-09T16:02:59+00:00\" \/>\n<meta property=\"og:image\" content=\"http:\/\/blogdobispo.com.br\/wp-content\/uploads\/2025\/09\/IMG-20250909-WA0006.jpg\" \/>\n\t<meta property=\"og:image:width\" content=\"1280\" \/>\n\t<meta property=\"og:image:height\" content=\"853\" \/>\n\t<meta property=\"og:image:type\" content=\"image\/jpeg\" \/>\n<meta name=\"author\" content=\"Robson Trigueiro\" \/>\n<meta name=\"twitter:card\" content=\"summary_large_image\" \/>\n<meta name=\"twitter:label1\" content=\"Escrito por\" \/>\n\t<meta name=\"twitter:data1\" content=\"Robson Trigueiro\" \/>\n\t<meta name=\"twitter:label2\" content=\"Est. tempo de leitura\" \/>\n\t<meta name=\"twitter:data2\" content=\"2 minutos\" \/>\n<script type=\"application\/ld+json\" class=\"yoast-schema-graph\">{\"@context\":\"https:\/\/schema.org\",\"@graph\":[{\"@type\":\"Article\",\"@id\":\"https:\/\/blogdobispo.com.br\/?p=17635#article\",\"isPartOf\":{\"@id\":\"https:\/\/blogdobispo.com.br\/?p=17635\"},\"author\":{\"name\":\"Robson Trigueiro\",\"@id\":\"https:\/\/blogdobispo.com.br\/#\/schema\/person\/05abe7adb94767ba46bf757b4243d3e0\"},\"headline\":\"Associa\u00e7\u00e3o de Agricultores de S\u00e3o Jos\u00e9 do Campestre \u00e9 reconhecida como de Utilidade P\u00fablica Estadual por lei de autoria de Ubaldo\",\"datePublished\":\"2025-09-09T16:02:59+00:00\",\"mainEntityOfPage\":{\"@id\":\"https:\/\/blogdobispo.com.br\/?p=17635\"},\"wordCount\":306,\"commentCount\":0,\"publisher\":{\"@id\":\"https:\/\/blogdobispo.com.br\/#organization\"},\"image\":{\"@id\":\"https:\/\/blogdobispo.com.br\/?p=17635#primaryimage\"},\"thumbnailUrl\":\"https:\/\/i0.wp.com\/blogdobispo.com.br\/wp-content\/uploads\/2025\/09\/IMG-20250909-WA0006.jpg?fit=1280%2C853&ssl=1\",\"articleSection\":[\"Cidadania\",\"Pol\u00edtica\"],\"inLanguage\":\"pt-BR\",\"potentialAction\":[{\"@type\":\"CommentAction\",\"name\":\"Comment\",\"target\":[\"https:\/\/blogdobispo.com.br\/?p=17635#respond\"]}]},{\"@type\":\"WebPage\",\"@id\":\"https:\/\/blogdobispo.com.br\/?p=17635\",\"url\":\"https:\/\/blogdobispo.com.br\/?p=17635\",\"name\":\"Associa\u00e7\u00e3o de Agricultores de S\u00e3o Jos\u00e9 do Campestre \u00e9 reconhecida como de Utilidade P\u00fablica Estadual por lei de autoria de Ubaldo - Blog do Bispo\",\"isPartOf\":{\"@id\":\"https:\/\/blogdobispo.com.br\/#website\"},\"primaryImageOfPage\":{\"@id\":\"https:\/\/blogdobispo.com.br\/?p=17635#primaryimage\"},\"image\":{\"@id\":\"https:\/\/blogdobispo.com.br\/?p=17635#primaryimage\"},\"thumbnailUrl\":\"https:\/\/i0.wp.com\/blogdobispo.com.br\/wp-content\/uploads\/2025\/09\/IMG-20250909-WA0006.jpg?fit=1280%2C853&ssl=1\",\"datePublished\":\"2025-09-09T16:02:59+00:00\",\"breadcrumb\":{\"@id\":\"https:\/\/blogdobispo.com.br\/?p=17635#breadcrumb\"},\"inLanguage\":\"pt-BR\",\"potentialAction\":[{\"@type\":\"ReadAction\",\"target\":[\"https:\/\/blogdobispo.com.br\/?p=17635\"]}]},{\"@type\":\"ImageObject\",\"inLanguage\":\"pt-BR\",\"@id\":\"https:\/\/blogdobispo.com.br\/?p=17635#primaryimage\",\"url\":\"https:\/\/i0.wp.com\/blogdobispo.com.br\/wp-content\/uploads\/2025\/09\/IMG-20250909-WA0006.jpg?fit=1280%2C853&ssl=1\",\"contentUrl\":\"https:\/\/i0.wp.com\/blogdobispo.com.br\/wp-content\/uploads\/2025\/09\/IMG-20250909-WA0006.jpg?fit=1280%2C853&ssl=1\",\"width\":1280,\"height\":853},{\"@type\":\"BreadcrumbList\",\"@id\":\"https:\/\/blogdobispo.com.br\/?p=17635#breadcrumb\",\"itemListElement\":[{\"@type\":\"ListItem\",\"position\":1,\"name\":\"In\u00edcio\",\"item\":\"https:\/\/blogdobispo.com.br\/\"},{\"@type\":\"ListItem\",\"position\":2,\"name\":\"Associa\u00e7\u00e3o de Agricultores de S\u00e3o Jos\u00e9 do Campestre \u00e9 reconhecida como de Utilidade P\u00fablica Estadual por lei de autoria de Ubaldo\"}]},{\"@type\":\"WebSite\",\"@id\":\"https:\/\/blogdobispo.com.br\/#website\",\"url\":\"https:\/\/blogdobispo.com.br\/\",\"name\":\"Blog do Bispo\",\"description\":\"Comprometido apenas com o leitor\",\"publisher\":{\"@id\":\"https:\/\/blogdobispo.com.br\/#organization\"},\"potentialAction\":[{\"@type\":\"SearchAction\",\"target\":{\"@type\":\"EntryPoint\",\"urlTemplate\":\"https:\/\/blogdobispo.com.br\/?s={search_term_string}\"},\"query-input\":{\"@type\":\"PropertyValueSpecification\",\"valueRequired\":true,\"valueName\":\"search_term_string\"}}],\"inLanguage\":\"pt-BR\"},{\"@type\":\"Organization\",\"@id\":\"https:\/\/blogdobispo.com.br\/#organization\",\"name\":\"Blog do Bispo\",\"url\":\"https:\/\/blogdobispo.com.br\/\",\"logo\":{\"@type\":\"ImageObject\",\"inLanguage\":\"pt-BR\",\"@id\":\"https:\/\/blogdobispo.com.br\/#\/schema\/logo\/image\/\",\"url\":\"http:\/\/blogdobispo.com.br\/wp-content\/uploads\/2023\/05\/cropped-headear.png\",\"contentUrl\":\"http:\/\/blogdobispo.com.br\/wp-content\/uploads\/2023\/05\/cropped-headear.png\",\"width\":1500,\"height\":399,\"caption\":\"Blog do Bispo\"},\"image\":{\"@id\":\"https:\/\/blogdobispo.com.br\/#\/schema\/logo\/image\/\"}},{\"@type\":\"Person\",\"@id\":\"https:\/\/blogdobispo.com.br\/#\/schema\/person\/05abe7adb94767ba46bf757b4243d3e0\",\"name\":\"Robson Trigueiro\",\"image\":{\"@type\":\"ImageObject\",\"inLanguage\":\"pt-BR\",\"@id\":\"https:\/\/blogdobispo.com.br\/#\/schema\/person\/image\/\",\"url\":\"https:\/\/secure.gravatar.com\/avatar\/b71c79ed1dcbb23d15e3cd8224dbfbd99da477df155b3e777061e3a006422418?s=96&d=mm&r=g\",\"contentUrl\":\"https:\/\/secure.gravatar.com\/avatar\/b71c79ed1dcbb23d15e3cd8224dbfbd99da477df155b3e777061e3a006422418?s=96&d=mm&r=g\",\"caption\":\"Robson Trigueiro\"},\"url\":\"https:\/\/blogdobispo.com.br\/?author=3\"}]}<\/script>\n<!-- \/ Yoast SEO plugin. -->","yoast_head_json":{"title":"Associa\u00e7\u00e3o de Agricultores de S\u00e3o Jos\u00e9 do Campestre \u00e9 reconhecida como de Utilidade P\u00fablica Estadual por lei de autoria de Ubaldo - Blog do Bispo","robots":{"index":"index","follow":"follow","max-snippet":"max-snippet:-1","max-image-preview":"max-image-preview:large","max-video-preview":"max-video-preview:-1"},"canonical":"https:\/\/blogdobispo.com.br\/?p=17635","og_locale":"pt_BR","og_type":"article","og_title":"Associa\u00e7\u00e3o de Agricultores de S\u00e3o Jos\u00e9 do Campestre \u00e9 reconhecida como de Utilidade P\u00fablica Estadual por lei de autoria de Ubaldo - Blog do Bispo","og_description":"Foi sancionada pela governadora F\u00e1tima Bezerra e publicada no Di\u00e1rio Oficial do Estado nesta ter\u00e7a-feira (09) a Lei n\u00ba 12.415\/2025, de autoria do deputado estadual Ubaldo Fernandes (PSDB), que reconhece como de Utilidade P\u00fablica Estadual a Associa\u00e7\u00e3o dos Agricultores e Agricultoras Familiares Periurbanos de S\u00e3o Jos\u00e9 do Campestre\/RN \u2013 S\u00e3o Domingos. &nbsp; Com sede em [&hellip;]","og_url":"https:\/\/blogdobispo.com.br\/?p=17635","og_site_name":"Blog do Bispo","article_published_time":"2025-09-09T16:02:59+00:00","og_image":[{"width":1280,"height":853,"url":"http:\/\/blogdobispo.com.br\/wp-content\/uploads\/2025\/09\/IMG-20250909-WA0006.jpg","type":"image\/jpeg"}],"author":"Robson Trigueiro","twitter_card":"summary_large_image","twitter_misc":{"Escrito por":"Robson Trigueiro","Est. tempo de leitura":"2 minutos"},"schema":{"@context":"https:\/\/schema.org","@graph":[{"@type":"Article","@id":"https:\/\/blogdobispo.com.br\/?p=17635#article","isPartOf":{"@id":"https:\/\/blogdobispo.com.br\/?p=17635"},"author":{"name":"Robson Trigueiro","@id":"https:\/\/blogdobispo.com.br\/#\/schema\/person\/05abe7adb94767ba46bf757b4243d3e0"},"headline":"Associa\u00e7\u00e3o de Agricultores de S\u00e3o Jos\u00e9 do Campestre \u00e9 reconhecida como de Utilidade P\u00fablica Estadual por lei de autoria de Ubaldo","datePublished":"2025-09-09T16:02:59+00:00","mainEntityOfPage":{"@id":"https:\/\/blogdobispo.com.br\/?p=17635"},"wordCount":306,"commentCount":0,"publisher":{"@id":"https:\/\/blogdobispo.com.br\/#organization"},"image":{"@id":"https:\/\/blogdobispo.com.br\/?p=17635#primaryimage"},"thumbnailUrl":"https:\/\/i0.wp.com\/blogdobispo.com.br\/wp-content\/uploads\/2025\/09\/IMG-20250909-WA0006.jpg?fit=1280%2C853&ssl=1","articleSection":["Cidadania","Pol\u00edtica"],"inLanguage":"pt-BR","potentialAction":[{"@type":"CommentAction","name":"Comment","target":["https:\/\/blogdobispo.com.br\/?p=17635#respond"]}]},{"@type":"WebPage","@id":"https:\/\/blogdobispo.com.br\/?p=17635","url":"https:\/\/blogdobispo.com.br\/?p=17635","name":"Associa\u00e7\u00e3o de Agricultores de S\u00e3o Jos\u00e9 do Campestre \u00e9 reconhecida como de Utilidade P\u00fablica Estadual por lei de autoria de Ubaldo - Blog do Bispo","isPartOf":{"@id":"https:\/\/blogdobispo.com.br\/#website"},"primaryImageOfPage":{"@id":"https:\/\/blogdobispo.com.br\/?p=17635#primaryimage"},"image":{"@id":"https:\/\/blogdobispo.com.br\/?p=17635#primaryimage"},"thumbnailUrl":"https:\/\/i0.wp.com\/blogdobispo.com.br\/wp-content\/uploads\/2025\/09\/IMG-20250909-WA0006.jpg?fit=1280%2C853&ssl=1","datePublished":"2025-09-09T16:02:59+00:00","breadcrumb":{"@id":"https:\/\/blogdobispo.com.br\/?p=17635#breadcrumb"},"inLanguage":"pt-BR","potentialAction":[{"@type":"ReadAction","target":["https:\/\/blogdobispo.com.br\/?p=17635"]}]},{"@type":"ImageObject","inLanguage":"pt-BR","@id":"https:\/\/blogdobispo.com.br\/?p=17635#primaryimage","url":"https:\/\/i0.wp.com\/blogdobispo.com.br\/wp-content\/uploads\/2025\/09\/IMG-20250909-WA0006.jpg?fit=1280%2C853&ssl=1","contentUrl":"https:\/\/i0.wp.com\/blogdobispo.com.br\/wp-content\/uploads\/2025\/09\/IMG-20250909-WA0006.jpg?fit=1280%2C853&ssl=1","width":1280,"height":853},{"@type":"BreadcrumbList","@id":"https:\/\/blogdobispo.com.br\/?p=17635#breadcrumb","itemListElement":[{"@type":"ListItem","position":1,"name":"In\u00edcio","item":"https:\/\/blogdobispo.com.br\/"},{"@type":"ListItem","position":2,"name":"Associa\u00e7\u00e3o de Agricultores de S\u00e3o Jos\u00e9 do Campestre \u00e9 reconhecida como de Utilidade P\u00fablica Estadual por lei de autoria de Ubaldo"}]},{"@type":"WebSite","@id":"https:\/\/blogdobispo.com.br\/#website","url":"https:\/\/blogdobispo.com.br\/","name":"Blog do Bispo","description":"Comprometido apenas com o leitor","publisher":{"@id":"https:\/\/blogdobispo.com.br\/#organization"},"potentialAction":[{"@type":"SearchAction","target":{"@type":"EntryPoint","urlTemplate":"https:\/\/blogdobispo.com.br\/?s={search_term_string}"},"query-input":{"@type":"PropertyValueSpecification","valueRequired":true,"valueName":"search_term_string"}}],"inLanguage":"pt-BR"},{"@type":"Organization","@id":"https:\/\/blogdobispo.com.br\/#organization","name":"Blog do Bispo","url":"https:\/\/blogdobispo.com.br\/","logo":{"@type":"ImageObject","inLanguage":"pt-BR","@id":"https:\/\/blogdobispo.com.br\/#\/schema\/logo\/image\/","url":"http:\/\/blogdobispo.com.br\/wp-content\/uploads\/2023\/05\/cropped-headear.png","contentUrl":"http:\/\/blogdobispo.com.br\/wp-content\/uploads\/2023\/05\/cropped-headear.png","width":1500,"height":399,"caption":"Blog do Bispo"},"image":{"@id":"https:\/\/blogdobispo.com.br\/#\/schema\/logo\/image\/"}},{"@type":"Person","@id":"https:\/\/blogdobispo.com.br\/#\/schema\/person\/05abe7adb94767ba46bf757b4243d3e0","name":"Robson Trigueiro","image":{"@type":"ImageObject","inLanguage":"pt-BR","@id":"https:\/\/blogdobispo.com.br\/#\/schema\/person\/image\/","url":"https:\/\/secure.gravatar.com\/avatar\/b71c79ed1dcbb23d15e3cd8224dbfbd99da477df155b3e777061e3a006422418?s=96&d=mm&r=g","contentUrl":"https:\/\/secure.gravatar.com\/avatar\/b71c79ed1dcbb23d15e3cd8224dbfbd99da477df155b3e777061e3a006422418?s=96&d=mm&r=g","caption":"Robson Trigueiro"},"url":"https:\/\/blogdobispo.com.br\/?author=3"}]}},"featured_image_urls":{"full":["https:\/\/i0.wp.com\/blogdobispo.com.br\/wp-content\/uploads\/2025\/09\/IMG-20250909-WA0006.jpg?fit=1280%2C853&ssl=1",1280,853,false],"thumbnail":["https:\/\/i0.wp.com\/blogdobispo.com.br\/wp-content\/uploads\/2025\/09\/IMG-20250909-WA0006.jpg?resize=150%2C150&ssl=1",150,150,true],"medium":["https:\/\/i0.wp.com\/blogdobispo.com.br\/wp-content\/uploads\/2025\/09\/IMG-20250909-WA0006.jpg?fit=300%2C200&ssl=1",300,200,true],"medium_large":["https:\/\/i0.wp.com\/blogdobispo.com.br\/wp-content\/uploads\/2025\/09\/IMG-20250909-WA0006.jpg?fit=768%2C512&ssl=1",768,512,true],"large":["https:\/\/i0.wp.com\/blogdobispo.com.br\/wp-content\/uploads\/2025\/09\/IMG-20250909-WA0006.jpg?fit=800%2C533&ssl=1",800,533,true],"1536x1536":["https:\/\/i0.wp.com\/blogdobispo.com.br\/wp-content\/uploads\/2025\/09\/IMG-20250909-WA0006.jpg?fit=1280%2C853&ssl=1",1280,853,true],"2048x2048":["https:\/\/i0.wp.com\/blogdobispo.com.br\/wp-content\/uploads\/2025\/09\/IMG-20250909-WA0006.jpg?fit=1280%2C853&ssl=1",1280,853,true]},"author_info":{"display_name":"Robson Trigueiro","author_link":"https:\/\/blogdobispo.com.br\/?author=3"},"category_info":"<a href=\"https:\/\/blogdobispo.com.br\/?cat=12\" rel=\"category\">Cidadania<\/a> <a href=\"https:\/\/blogdobispo.com.br\/?cat=3\" rel=\"category\">Pol\u00edtica<\/a>","tag_info":"Pol\u00edtica","comment_count":"0","jetpack_featured_media_url":"https:\/\/i0.wp.com\/blogdobispo.com.br\/wp-content\/uploads\/2025\/09\/IMG-20250909-WA0006.jpg?fit=1280%2C853&ssl=1","jetpack_sharing_enabled":true,"_links":{"self":[{"href":"https:\/\/blogdobispo.com.br\/index.php?rest_route=\/wp\/v2\/posts\/17635","targetHints":{"allow":["GET"]}}],"collection":[{"href":"https:\/\/blogdobispo.com.br\/index.php?rest_route=\/wp\/v2\/posts"}],"about":[{"href":"https:\/\/blogdobispo.com.br\/index.php?rest_route=\/wp\/v2\/types\/post"}],"author":[{"embeddable":true,"href":"https:\/\/blogdobispo.com.br\/index.php?rest_route=\/wp\/v2\/users\/3"}],"replies":[{"embeddable":true,"href":"https:\/\/blogdobispo.com.br\/index.php?rest_route=%2Fwp%2Fv2%2Fcomments&post=17635"}],"version-history":[{"count":1,"href":"https:\/\/blogdobispo.com.br\/index.php?rest_route=\/wp\/v2\/posts\/17635\/revisions"}],"predecessor-version":[{"id":17637,"href":"https:\/\/blogdobispo.com.br\/index.php?rest_route=\/wp\/v2\/posts\/17635\/revisions\/17637"}],"wp:featuredmedia":[{"embeddable":true,"href":"https:\/\/blogdobispo.com.br\/index.php?rest_route=\/wp\/v2\/media\/17636"}],"wp:attachment":[{"href":"https:\/\/blogdobispo.com.br\/index.php?rest_route=%2Fwp%2Fv2%2Fmedia&parent=17635"}],"wp:term":[{"taxonomy":"category","embeddable":true,"href":"https:\/\/blogdobispo.com.br\/index.php?rest_route=%2Fwp%2Fv2%2Fcategories&post=17635"},{"taxonomy":"post_tag","embeddable":true,"href":"https:\/\/blogdobispo.com.br\/index.php?rest_route=%2Fwp%2Fv2%2Ftags&post=17635"}],"curies":[{"name":"wp","href":"https:\/\/api.w.org\/{rel}","templated":true}]}}