{"id":17620,"date":"2025-09-08T14:39:46","date_gmt":"2025-09-08T14:39:46","guid":{"rendered":"https:\/\/blogdobispo.com.br\/?p=17620"},"modified":"2025-09-08T14:57:28","modified_gmt":"2025-09-08T14:57:28","slug":"luta-do-vereador-preto-aquino-garante-maior-quadra-coberta-de-natal-e-praca-moderna-para-satelite-e-planalto","status":"publish","type":"post","link":"https:\/\/blogdobispo.com.br\/?p=17620","title":{"rendered":"Luta do vereador Preto Aquino garante maior quadra coberta de Natal e pra\u00e7a moderna para Sat\u00e9lite e Planalto"},"content":{"rendered":"<div class=\"separator\"><iframe id=\"BLOGGER-video-410648ea5b7053ad-18994\" class=\"b-hbp-video b-uploaded\" src=\"https:\/\/www.blogger.com\/video.g?token=AD6v5dzbgnhQ-mtbCC1THBU8OcXq-_8dJxF6mPpymaQApC7w_1COonGODq0Qb7gDuRmYlvI3cf56D7lXWn17GG9rEIQvsS6Jj2r9eGfc-OcCgexkH9efjQ4d16pOJP96bPzjzQ\" width=\"320\" height=\"266\" frameborder=\"0\" allowfullscreen=\"allowfullscreen\" data-mce-fragment=\"1\"><\/iframe><\/div>\n<div><\/div>\n<div>A pr\u00f3xima sexta-feira, 12 de setembro, ser\u00e1 marcada por duas importantes inaugura\u00e7\u00f5es que v\u00e3o transformar a rotina de lazer e conviv\u00eancia na Zona Sul de Natal: a quadra coberta Jo\u00e3o Maria e a Pra\u00e7a Santo Ambr\u00f3sio.<\/div>\n<div><\/div>\n<div>O an\u00fancio foi feito pelo vereador Preto Aquino ap\u00f3s reuni\u00e3o com o prefeito Paulinho Freire, realizada nesta sexta-feira (5), no Pal\u00e1cio Felipe Camar\u00e3o. Segundo o parlamentar, as obras representam uma antiga reivindica\u00e7\u00e3o da popula\u00e7\u00e3o do Conjunto Cidade Sat\u00e9lite e do Bairro Planalto, que agora se torna realidade por meio do trabalho do seu mandato, em parceria com a Prefeitura e o apoio de emendas parlamentares.<\/div>\n<div><\/div>\n<div>A primeira inaugura\u00e7\u00e3o est\u00e1 marcada para as 17h, com a entrega da quadra coberta Jo\u00e3o Maria, localizada na I etapa do Conjunto Cidade Sat\u00e9lite, entre as ruas Serra do Caturit\u00e9 e Serra do Bujari. O espa\u00e7o ser\u00e1 a maior quadra coberta de Natal, moderna, segura e adequada para esportes e eventos comunit\u00e1rios, beneficiando diretamente crian\u00e7as, jovens e fam\u00edlias da regi\u00e3o.<\/div>\n<div><\/div>\n<div>\u00c0s 18h, ser\u00e1 a vez da Pra\u00e7a Santo Ambr\u00f3sio, situada na divisa entre o Sat\u00e9lite e o Planalto, um novo espa\u00e7o de lazer e conviv\u00eancia que promete ser uma das pra\u00e7as mais bonitas e modernas da capital, revitalizando toda a \u00e1rea e aproximando ainda mais os dois bairros.<\/div>\n<div><\/div>\n<div>\u201cEssas conquistas representam uma luta antiga do nosso mandato, que agora se torna realidade com muito trabalho, di\u00e1logo e compromisso\u201d, destacou o vereador Preto Aquino.<\/div>\n<div><\/div>\n<div>O parlamentar fez quest\u00e3o de agradecer ao prefeito Paulinho Freire, ao deputado federal General Gir\u00e3o e ao ex-deputado federal F\u00e1bio Faria, que destinaram as emendas necess\u00e1rias para viabilizar as obras.<\/div>\n<div><\/div>\n<div>As inaugura\u00e7\u00f5es ser\u00e3o abertas ao p\u00fablico, e a expectativa \u00e9 de grande participa\u00e7\u00e3o da comunidade para celebrar este momento hist\u00f3rico para a regi\u00e3o.<\/div>\n<div><\/div>\n<div><\/div>\n","protected":false},"excerpt":{"rendered":"<p>A pr\u00f3xima sexta-feira, 12 de setembro, ser\u00e1 marcada por duas importantes inaugura\u00e7\u00f5es que v\u00e3o transformar a rotina de lazer e conviv\u00eancia na Zona Sul de Natal: a quadra coberta Jo\u00e3o Maria e a Pra\u00e7a Santo Ambr\u00f3sio. O an\u00fancio foi feito pelo vereador Preto Aquino ap\u00f3s reuni\u00e3o com o prefeito Paulinho Freire, realizada nesta sexta-feira (5), [&hellip;]<\/p>\n","protected":false},"author":3,"featured_media":17622,"comment_status":"open","ping_status":"open","sticky":false,"template":"","format":"standard","meta":{"cybocfi_hide_featured_image":"","_jetpack_memberships_contains_paid_content":false,"footnotes":""},"categories":[12,3],"tags":[],"class_list":["post-17620","post","type-post","status-publish","format-standard","has-post-thumbnail","hentry","category-cidadania","category-politica"],"yoast_head":"<!-- This site is optimized with the Yoast SEO plugin v25.6 - https:\/\/yoast.com\/wordpress\/plugins\/seo\/ -->\n<title>Luta do vereador Preto Aquino garante maior quadra coberta de Natal e pra\u00e7a moderna para Sat\u00e9lite e Planalto - Blog do Bispo<\/title>\n<meta name=\"robots\" content=\"index, follow, max-snippet:-1, max-image-preview:large, max-video-preview:-1\" \/>\n<link rel=\"canonical\" href=\"https:\/\/blogdobispo.com.br\/?p=17620\" \/>\n<meta property=\"og:locale\" content=\"pt_BR\" \/>\n<meta property=\"og:type\" content=\"article\" \/>\n<meta property=\"og:title\" content=\"Luta do vereador Preto Aquino garante maior quadra coberta de Natal e pra\u00e7a moderna para Sat\u00e9lite e Planalto - Blog do Bispo\" \/>\n<meta property=\"og:description\" content=\"A pr\u00f3xima sexta-feira, 12 de setembro, ser\u00e1 marcada por duas importantes inaugura\u00e7\u00f5es que v\u00e3o transformar a rotina de lazer e conviv\u00eancia na Zona Sul de Natal: a quadra coberta Jo\u00e3o Maria e a Pra\u00e7a Santo Ambr\u00f3sio. O an\u00fancio foi feito pelo vereador Preto Aquino ap\u00f3s reuni\u00e3o com o prefeito Paulinho Freire, realizada nesta sexta-feira (5), [&hellip;]\" \/>\n<meta property=\"og:url\" content=\"https:\/\/blogdobispo.com.br\/?p=17620\" \/>\n<meta property=\"og:site_name\" content=\"Blog do Bispo\" \/>\n<meta property=\"article:published_time\" content=\"2025-09-08T14:39:46+00:00\" \/>\n<meta property=\"article:modified_time\" content=\"2025-09-08T14:57:28+00:00\" \/>\n<meta property=\"og:image\" content=\"http:\/\/blogdobispo.com.br\/wp-content\/uploads\/2025\/09\/IMG_7414.jpeg\" \/>\n\t<meta property=\"og:image:width\" content=\"380\" \/>\n\t<meta property=\"og:image:height\" content=\"640\" \/>\n\t<meta property=\"og:image:type\" content=\"image\/jpeg\" \/>\n<meta name=\"author\" content=\"Robson Trigueiro\" \/>\n<meta name=\"twitter:card\" content=\"summary_large_image\" \/>\n<meta name=\"twitter:label1\" content=\"Escrito por\" \/>\n\t<meta name=\"twitter:data1\" content=\"Robson Trigueiro\" \/>\n\t<meta name=\"twitter:label2\" content=\"Est. tempo de leitura\" \/>\n\t<meta name=\"twitter:data2\" content=\"2 minutos\" \/>\n<script type=\"application\/ld+json\" class=\"yoast-schema-graph\">{\"@context\":\"https:\/\/schema.org\",\"@graph\":[{\"@type\":\"Article\",\"@id\":\"https:\/\/blogdobispo.com.br\/?p=17620#article\",\"isPartOf\":{\"@id\":\"https:\/\/blogdobispo.com.br\/?p=17620\"},\"author\":{\"name\":\"Robson Trigueiro\",\"@id\":\"https:\/\/blogdobispo.com.br\/#\/schema\/person\/05abe7adb94767ba46bf757b4243d3e0\"},\"headline\":\"Luta do vereador Preto Aquino garante maior quadra coberta de Natal e pra\u00e7a moderna para Sat\u00e9lite e Planalto\",\"datePublished\":\"2025-09-08T14:39:46+00:00\",\"dateModified\":\"2025-09-08T14:57:28+00:00\",\"mainEntityOfPage\":{\"@id\":\"https:\/\/blogdobispo.com.br\/?p=17620\"},\"wordCount\":344,\"commentCount\":0,\"publisher\":{\"@id\":\"https:\/\/blogdobispo.com.br\/#organization\"},\"image\":{\"@id\":\"https:\/\/blogdobispo.com.br\/?p=17620#primaryimage\"},\"thumbnailUrl\":\"https:\/\/i0.wp.com\/blogdobispo.com.br\/wp-content\/uploads\/2025\/09\/IMG_7414.jpeg?fit=380%2C640&ssl=1\",\"articleSection\":[\"Cidadania\",\"Pol\u00edtica\"],\"inLanguage\":\"pt-BR\",\"potentialAction\":[{\"@type\":\"CommentAction\",\"name\":\"Comment\",\"target\":[\"https:\/\/blogdobispo.com.br\/?p=17620#respond\"]}]},{\"@type\":\"WebPage\",\"@id\":\"https:\/\/blogdobispo.com.br\/?p=17620\",\"url\":\"https:\/\/blogdobispo.com.br\/?p=17620\",\"name\":\"Luta do vereador Preto Aquino garante maior quadra coberta de Natal e pra\u00e7a moderna para Sat\u00e9lite e Planalto - Blog do Bispo\",\"isPartOf\":{\"@id\":\"https:\/\/blogdobispo.com.br\/#website\"},\"primaryImageOfPage\":{\"@id\":\"https:\/\/blogdobispo.com.br\/?p=17620#primaryimage\"},\"image\":{\"@id\":\"https:\/\/blogdobispo.com.br\/?p=17620#primaryimage\"},\"thumbnailUrl\":\"https:\/\/i0.wp.com\/blogdobispo.com.br\/wp-content\/uploads\/2025\/09\/IMG_7414.jpeg?fit=380%2C640&ssl=1\",\"datePublished\":\"2025-09-08T14:39:46+00:00\",\"dateModified\":\"2025-09-08T14:57:28+00:00\",\"breadcrumb\":{\"@id\":\"https:\/\/blogdobispo.com.br\/?p=17620#breadcrumb\"},\"inLanguage\":\"pt-BR\",\"potentialAction\":[{\"@type\":\"ReadAction\",\"target\":[\"https:\/\/blogdobispo.com.br\/?p=17620\"]}]},{\"@type\":\"ImageObject\",\"inLanguage\":\"pt-BR\",\"@id\":\"https:\/\/blogdobispo.com.br\/?p=17620#primaryimage\",\"url\":\"https:\/\/i0.wp.com\/blogdobispo.com.br\/wp-content\/uploads\/2025\/09\/IMG_7414.jpeg?fit=380%2C640&ssl=1\",\"contentUrl\":\"https:\/\/i0.wp.com\/blogdobispo.com.br\/wp-content\/uploads\/2025\/09\/IMG_7414.jpeg?fit=380%2C640&ssl=1\",\"width\":380,\"height\":640},{\"@type\":\"BreadcrumbList\",\"@id\":\"https:\/\/blogdobispo.com.br\/?p=17620#breadcrumb\",\"itemListElement\":[{\"@type\":\"ListItem\",\"position\":1,\"name\":\"In\u00edcio\",\"item\":\"https:\/\/blogdobispo.com.br\/\"},{\"@type\":\"ListItem\",\"position\":2,\"name\":\"Luta do vereador Preto Aquino garante maior quadra coberta de Natal e pra\u00e7a moderna para Sat\u00e9lite e Planalto\"}]},{\"@type\":\"WebSite\",\"@id\":\"https:\/\/blogdobispo.com.br\/#website\",\"url\":\"https:\/\/blogdobispo.com.br\/\",\"name\":\"Blog do Bispo\",\"description\":\"Comprometido apenas com o leitor\",\"publisher\":{\"@id\":\"https:\/\/blogdobispo.com.br\/#organization\"},\"potentialAction\":[{\"@type\":\"SearchAction\",\"target\":{\"@type\":\"EntryPoint\",\"urlTemplate\":\"https:\/\/blogdobispo.com.br\/?s={search_term_string}\"},\"query-input\":{\"@type\":\"PropertyValueSpecification\",\"valueRequired\":true,\"valueName\":\"search_term_string\"}}],\"inLanguage\":\"pt-BR\"},{\"@type\":\"Organization\",\"@id\":\"https:\/\/blogdobispo.com.br\/#organization\",\"name\":\"Blog do Bispo\",\"url\":\"https:\/\/blogdobispo.com.br\/\",\"logo\":{\"@type\":\"ImageObject\",\"inLanguage\":\"pt-BR\",\"@id\":\"https:\/\/blogdobispo.com.br\/#\/schema\/logo\/image\/\",\"url\":\"http:\/\/blogdobispo.com.br\/wp-content\/uploads\/2023\/05\/cropped-headear.png\",\"contentUrl\":\"http:\/\/blogdobispo.com.br\/wp-content\/uploads\/2023\/05\/cropped-headear.png\",\"width\":1500,\"height\":399,\"caption\":\"Blog do Bispo\"},\"image\":{\"@id\":\"https:\/\/blogdobispo.com.br\/#\/schema\/logo\/image\/\"}},{\"@type\":\"Person\",\"@id\":\"https:\/\/blogdobispo.com.br\/#\/schema\/person\/05abe7adb94767ba46bf757b4243d3e0\",\"name\":\"Robson Trigueiro\",\"image\":{\"@type\":\"ImageObject\",\"inLanguage\":\"pt-BR\",\"@id\":\"https:\/\/blogdobispo.com.br\/#\/schema\/person\/image\/\",\"url\":\"https:\/\/secure.gravatar.com\/avatar\/b71c79ed1dcbb23d15e3cd8224dbfbd99da477df155b3e777061e3a006422418?s=96&d=mm&r=g\",\"contentUrl\":\"https:\/\/secure.gravatar.com\/avatar\/b71c79ed1dcbb23d15e3cd8224dbfbd99da477df155b3e777061e3a006422418?s=96&d=mm&r=g\",\"caption\":\"Robson Trigueiro\"},\"url\":\"https:\/\/blogdobispo.com.br\/?author=3\"}]}<\/script>\n<!-- \/ Yoast SEO plugin. -->","yoast_head_json":{"title":"Luta do vereador Preto Aquino garante maior quadra coberta de Natal e pra\u00e7a moderna para Sat\u00e9lite e Planalto - Blog do Bispo","robots":{"index":"index","follow":"follow","max-snippet":"max-snippet:-1","max-image-preview":"max-image-preview:large","max-video-preview":"max-video-preview:-1"},"canonical":"https:\/\/blogdobispo.com.br\/?p=17620","og_locale":"pt_BR","og_type":"article","og_title":"Luta do vereador Preto Aquino garante maior quadra coberta de Natal e pra\u00e7a moderna para Sat\u00e9lite e Planalto - Blog do Bispo","og_description":"A pr\u00f3xima sexta-feira, 12 de setembro, ser\u00e1 marcada por duas importantes inaugura\u00e7\u00f5es que v\u00e3o transformar a rotina de lazer e conviv\u00eancia na Zona Sul de Natal: a quadra coberta Jo\u00e3o Maria e a Pra\u00e7a Santo Ambr\u00f3sio. O an\u00fancio foi feito pelo vereador Preto Aquino ap\u00f3s reuni\u00e3o com o prefeito Paulinho Freire, realizada nesta sexta-feira (5), [&hellip;]","og_url":"https:\/\/blogdobispo.com.br\/?p=17620","og_site_name":"Blog do Bispo","article_published_time":"2025-09-08T14:39:46+00:00","article_modified_time":"2025-09-08T14:57:28+00:00","og_image":[{"width":380,"height":640,"url":"http:\/\/blogdobispo.com.br\/wp-content\/uploads\/2025\/09\/IMG_7414.jpeg","type":"image\/jpeg"}],"author":"Robson Trigueiro","twitter_card":"summary_large_image","twitter_misc":{"Escrito por":"Robson Trigueiro","Est. tempo de leitura":"2 minutos"},"schema":{"@context":"https:\/\/schema.org","@graph":[{"@type":"Article","@id":"https:\/\/blogdobispo.com.br\/?p=17620#article","isPartOf":{"@id":"https:\/\/blogdobispo.com.br\/?p=17620"},"author":{"name":"Robson Trigueiro","@id":"https:\/\/blogdobispo.com.br\/#\/schema\/person\/05abe7adb94767ba46bf757b4243d3e0"},"headline":"Luta do vereador Preto Aquino garante maior quadra coberta de Natal e pra\u00e7a moderna para Sat\u00e9lite e Planalto","datePublished":"2025-09-08T14:39:46+00:00","dateModified":"2025-09-08T14:57:28+00:00","mainEntityOfPage":{"@id":"https:\/\/blogdobispo.com.br\/?p=17620"},"wordCount":344,"commentCount":0,"publisher":{"@id":"https:\/\/blogdobispo.com.br\/#organization"},"image":{"@id":"https:\/\/blogdobispo.com.br\/?p=17620#primaryimage"},"thumbnailUrl":"https:\/\/i0.wp.com\/blogdobispo.com.br\/wp-content\/uploads\/2025\/09\/IMG_7414.jpeg?fit=380%2C640&ssl=1","articleSection":["Cidadania","Pol\u00edtica"],"inLanguage":"pt-BR","potentialAction":[{"@type":"CommentAction","name":"Comment","target":["https:\/\/blogdobispo.com.br\/?p=17620#respond"]}]},{"@type":"WebPage","@id":"https:\/\/blogdobispo.com.br\/?p=17620","url":"https:\/\/blogdobispo.com.br\/?p=17620","name":"Luta do vereador Preto Aquino garante maior quadra coberta de Natal e pra\u00e7a moderna para Sat\u00e9lite e Planalto - Blog do Bispo","isPartOf":{"@id":"https:\/\/blogdobispo.com.br\/#website"},"primaryImageOfPage":{"@id":"https:\/\/blogdobispo.com.br\/?p=17620#primaryimage"},"image":{"@id":"https:\/\/blogdobispo.com.br\/?p=17620#primaryimage"},"thumbnailUrl":"https:\/\/i0.wp.com\/blogdobispo.com.br\/wp-content\/uploads\/2025\/09\/IMG_7414.jpeg?fit=380%2C640&ssl=1","datePublished":"2025-09-08T14:39:46+00:00","dateModified":"2025-09-08T14:57:28+00:00","breadcrumb":{"@id":"https:\/\/blogdobispo.com.br\/?p=17620#breadcrumb"},"inLanguage":"pt-BR","potentialAction":[{"@type":"ReadAction","target":["https:\/\/blogdobispo.com.br\/?p=17620"]}]},{"@type":"ImageObject","inLanguage":"pt-BR","@id":"https:\/\/blogdobispo.com.br\/?p=17620#primaryimage","url":"https:\/\/i0.wp.com\/blogdobispo.com.br\/wp-content\/uploads\/2025\/09\/IMG_7414.jpeg?fit=380%2C640&ssl=1","contentUrl":"https:\/\/i0.wp.com\/blogdobispo.com.br\/wp-content\/uploads\/2025\/09\/IMG_7414.jpeg?fit=380%2C640&ssl=1","width":380,"height":640},{"@type":"BreadcrumbList","@id":"https:\/\/blogdobispo.com.br\/?p=17620#breadcrumb","itemListElement":[{"@type":"ListItem","position":1,"name":"In\u00edcio","item":"https:\/\/blogdobispo.com.br\/"},{"@type":"ListItem","position":2,"name":"Luta do vereador Preto Aquino garante maior quadra coberta de Natal e pra\u00e7a moderna para Sat\u00e9lite e Planalto"}]},{"@type":"WebSite","@id":"https:\/\/blogdobispo.com.br\/#website","url":"https:\/\/blogdobispo.com.br\/","name":"Blog do Bispo","description":"Comprometido apenas com o leitor","publisher":{"@id":"https:\/\/blogdobispo.com.br\/#organization"},"potentialAction":[{"@type":"SearchAction","target":{"@type":"EntryPoint","urlTemplate":"https:\/\/blogdobispo.com.br\/?s={search_term_string}"},"query-input":{"@type":"PropertyValueSpecification","valueRequired":true,"valueName":"search_term_string"}}],"inLanguage":"pt-BR"},{"@type":"Organization","@id":"https:\/\/blogdobispo.com.br\/#organization","name":"Blog do Bispo","url":"https:\/\/blogdobispo.com.br\/","logo":{"@type":"ImageObject","inLanguage":"pt-BR","@id":"https:\/\/blogdobispo.com.br\/#\/schema\/logo\/image\/","url":"http:\/\/blogdobispo.com.br\/wp-content\/uploads\/2023\/05\/cropped-headear.png","contentUrl":"http:\/\/blogdobispo.com.br\/wp-content\/uploads\/2023\/05\/cropped-headear.png","width":1500,"height":399,"caption":"Blog do Bispo"},"image":{"@id":"https:\/\/blogdobispo.com.br\/#\/schema\/logo\/image\/"}},{"@type":"Person","@id":"https:\/\/blogdobispo.com.br\/#\/schema\/person\/05abe7adb94767ba46bf757b4243d3e0","name":"Robson Trigueiro","image":{"@type":"ImageObject","inLanguage":"pt-BR","@id":"https:\/\/blogdobispo.com.br\/#\/schema\/person\/image\/","url":"https:\/\/secure.gravatar.com\/avatar\/b71c79ed1dcbb23d15e3cd8224dbfbd99da477df155b3e777061e3a006422418?s=96&d=mm&r=g","contentUrl":"https:\/\/secure.gravatar.com\/avatar\/b71c79ed1dcbb23d15e3cd8224dbfbd99da477df155b3e777061e3a006422418?s=96&d=mm&r=g","caption":"Robson Trigueiro"},"url":"https:\/\/blogdobispo.com.br\/?author=3"}]}},"featured_image_urls":{"full":["https:\/\/i0.wp.com\/blogdobispo.com.br\/wp-content\/uploads\/2025\/09\/IMG_7414.jpeg?fit=380%2C640&ssl=1",380,640,false],"thumbnail":["https:\/\/i0.wp.com\/blogdobispo.com.br\/wp-content\/uploads\/2025\/09\/IMG_7414.jpeg?resize=150%2C150&ssl=1",150,150,true],"medium":["https:\/\/i0.wp.com\/blogdobispo.com.br\/wp-content\/uploads\/2025\/09\/IMG_7414.jpeg?fit=178%2C300&ssl=1",178,300,true],"medium_large":["https:\/\/i0.wp.com\/blogdobispo.com.br\/wp-content\/uploads\/2025\/09\/IMG_7414.jpeg?fit=380%2C640&ssl=1",380,640,true],"large":["https:\/\/i0.wp.com\/blogdobispo.com.br\/wp-content\/uploads\/2025\/09\/IMG_7414.jpeg?fit=380%2C640&ssl=1",380,640,true],"1536x1536":["https:\/\/i0.wp.com\/blogdobispo.com.br\/wp-content\/uploads\/2025\/09\/IMG_7414.jpeg?fit=380%2C640&ssl=1",380,640,true],"2048x2048":["https:\/\/i0.wp.com\/blogdobispo.com.br\/wp-content\/uploads\/2025\/09\/IMG_7414.jpeg?fit=380%2C640&ssl=1",380,640,true]},"author_info":{"display_name":"Robson Trigueiro","author_link":"https:\/\/blogdobispo.com.br\/?author=3"},"category_info":"<a href=\"https:\/\/blogdobispo.com.br\/?cat=12\" rel=\"category\">Cidadania<\/a> <a href=\"https:\/\/blogdobispo.com.br\/?cat=3\" rel=\"category\">Pol\u00edtica<\/a>","tag_info":"Pol\u00edtica","comment_count":"0","jetpack_featured_media_url":"https:\/\/i0.wp.com\/blogdobispo.com.br\/wp-content\/uploads\/2025\/09\/IMG_7414.jpeg?fit=380%2C640&ssl=1","jetpack_sharing_enabled":true,"_links":{"self":[{"href":"https:\/\/blogdobispo.com.br\/index.php?rest_route=\/wp\/v2\/posts\/17620","targetHints":{"allow":["GET"]}}],"collection":[{"href":"https:\/\/blogdobispo.com.br\/index.php?rest_route=\/wp\/v2\/posts"}],"about":[{"href":"https:\/\/blogdobispo.com.br\/index.php?rest_route=\/wp\/v2\/types\/post"}],"author":[{"embeddable":true,"href":"https:\/\/blogdobispo.com.br\/index.php?rest_route=\/wp\/v2\/users\/3"}],"replies":[{"embeddable":true,"href":"https:\/\/blogdobispo.com.br\/index.php?rest_route=%2Fwp%2Fv2%2Fcomments&post=17620"}],"version-history":[{"count":2,"href":"https:\/\/blogdobispo.com.br\/index.php?rest_route=\/wp\/v2\/posts\/17620\/revisions"}],"predecessor-version":[{"id":17623,"href":"https:\/\/blogdobispo.com.br\/index.php?rest_route=\/wp\/v2\/posts\/17620\/revisions\/17623"}],"wp:featuredmedia":[{"embeddable":true,"href":"https:\/\/blogdobispo.com.br\/index.php?rest_route=\/wp\/v2\/media\/17622"}],"wp:attachment":[{"href":"https:\/\/blogdobispo.com.br\/index.php?rest_route=%2Fwp%2Fv2%2Fmedia&parent=17620"}],"wp:term":[{"taxonomy":"category","embeddable":true,"href":"https:\/\/blogdobispo.com.br\/index.php?rest_route=%2Fwp%2Fv2%2Fcategories&post=17620"},{"taxonomy":"post_tag","embeddable":true,"href":"https:\/\/blogdobispo.com.br\/index.php?rest_route=%2Fwp%2Fv2%2Ftags&post=17620"}],"curies":[{"name":"wp","href":"https:\/\/api.w.org\/{rel}","templated":true}]}}