{"id":17618,"date":"2025-09-08T14:38:05","date_gmt":"2025-09-08T14:38:05","guid":{"rendered":"https:\/\/blogdobispo.com.br\/?p=17618"},"modified":"2025-09-08T14:58:43","modified_gmt":"2025-09-08T14:58:43","slug":"alvaro-dias-e-recebido-por-liderancas-em-macau","status":"publish","type":"post","link":"https:\/\/blogdobispo.com.br\/?p=17618","title":{"rendered":"\u00c1lvaro Dias \u00e9 recebido por lideran\u00e7as em Macau"},"content":{"rendered":"<p>O ex-prefeito de Natal e pr\u00e9-candidato ao Governo do Estado,\u00a0<strong>\u00c1lvaro Dias<\/strong>, esteve em Macau neste fim de semana, onde participou da tradicional<strong>\u00a0Festa do Sal,<\/strong>\u00a0que neste ano integrou as comemora\u00e7\u00f5es pelos 150 anos de emancipa\u00e7\u00e3o pol\u00edtica do munic\u00edpio.<\/p>\n<p>\u00c1lvaro destacou a import\u00e2ncia cultural e econ\u00f4mica da celebra\u00e7\u00e3o: \u201cUm momento hist\u00f3rico e de grande significado, que valoriza a cultura, movimenta a economia e celebra a identidade do povo macauense\u201d, afirmou.<\/p>\n<p>Durante a visita, \u00c1lvaro foi recepcionado pelo ex-prefeito\u00a0<strong>Fl\u00e1vio Veras<\/strong>, pelo vice-prefeito\u00a0<strong>Raimundo da Sa\u00fade<\/strong>, al\u00e9m de vereadores, lideran\u00e7as e amigos que prestigiaram o evento. Ele tamb\u00e9m encontrou o presidente da Federa\u00e7\u00e3o dos Munic\u00edpios do Rio Grande do Norte (Femurn),\u00a0<strong>Bab\u00e1 Pereira,<\/strong>\u00a0que esteve presente nas comemora\u00e7\u00f5es.<\/p>\n<p>O ex-prefeito aproveitou para parabenizar a prefeita\u00a0<strong>Flavinha<\/strong>, respons\u00e1vel pela organiza\u00e7\u00e3o da festa. \u201cParab\u00e9ns pela bela condu\u00e7\u00e3o desse momento marcante, que reafirma a import\u00e2ncia de Macau para o Rio Grande do Norte\u201d, disse \u00c1lvaro.<\/p>\n","protected":false},"excerpt":{"rendered":"<p>O ex-prefeito de Natal e pr\u00e9-candidato ao Governo do Estado,\u00a0\u00c1lvaro Dias, esteve em Macau neste fim de semana, onde participou da tradicional\u00a0Festa do Sal,\u00a0que neste ano integrou as comemora\u00e7\u00f5es pelos 150 anos de emancipa\u00e7\u00e3o pol\u00edtica do munic\u00edpio. \u00c1lvaro destacou a import\u00e2ncia cultural e econ\u00f4mica da celebra\u00e7\u00e3o: \u201cUm momento hist\u00f3rico e de grande significado, que valoriza [&hellip;]<\/p>\n","protected":false},"author":3,"featured_media":17624,"comment_status":"open","ping_status":"open","sticky":false,"template":"","format":"standard","meta":{"cybocfi_hide_featured_image":"","_jetpack_memberships_contains_paid_content":false,"footnotes":""},"categories":[3],"tags":[],"class_list":["post-17618","post","type-post","status-publish","format-standard","has-post-thumbnail","hentry","category-politica"],"yoast_head":"<!-- This site is optimized with the Yoast SEO plugin v25.6 - https:\/\/yoast.com\/wordpress\/plugins\/seo\/ -->\n<title>\u00c1lvaro Dias \u00e9 recebido por lideran\u00e7as em Macau - Blog do Bispo<\/title>\n<meta name=\"robots\" content=\"index, follow, max-snippet:-1, max-image-preview:large, max-video-preview:-1\" \/>\n<link rel=\"canonical\" href=\"https:\/\/blogdobispo.com.br\/?p=17618\" \/>\n<meta property=\"og:locale\" content=\"pt_BR\" \/>\n<meta property=\"og:type\" content=\"article\" \/>\n<meta property=\"og:title\" content=\"\u00c1lvaro Dias \u00e9 recebido por lideran\u00e7as em Macau - Blog do Bispo\" \/>\n<meta property=\"og:description\" content=\"O ex-prefeito de Natal e pr\u00e9-candidato ao Governo do Estado,\u00a0\u00c1lvaro Dias, esteve em Macau neste fim de semana, onde participou da tradicional\u00a0Festa do Sal,\u00a0que neste ano integrou as comemora\u00e7\u00f5es pelos 150 anos de emancipa\u00e7\u00e3o pol\u00edtica do munic\u00edpio. \u00c1lvaro destacou a import\u00e2ncia cultural e econ\u00f4mica da celebra\u00e7\u00e3o: \u201cUm momento hist\u00f3rico e de grande significado, que valoriza [&hellip;]\" \/>\n<meta property=\"og:url\" content=\"https:\/\/blogdobispo.com.br\/?p=17618\" \/>\n<meta property=\"og:site_name\" content=\"Blog do Bispo\" \/>\n<meta property=\"article:published_time\" content=\"2025-09-08T14:38:05+00:00\" \/>\n<meta property=\"article:modified_time\" content=\"2025-09-08T14:58:43+00:00\" \/>\n<meta property=\"og:image\" content=\"http:\/\/blogdobispo.com.br\/wp-content\/uploads\/2025\/09\/image-103.webp\" \/>\n\t<meta property=\"og:image:width\" content=\"621\" \/>\n\t<meta property=\"og:image:height\" content=\"801\" \/>\n\t<meta property=\"og:image:type\" content=\"image\/webp\" \/>\n<meta name=\"author\" content=\"Robson Trigueiro\" \/>\n<meta name=\"twitter:card\" content=\"summary_large_image\" \/>\n<meta name=\"twitter:label1\" content=\"Escrito por\" \/>\n\t<meta name=\"twitter:data1\" content=\"Robson Trigueiro\" \/>\n\t<meta name=\"twitter:label2\" content=\"Est. tempo de leitura\" \/>\n\t<meta name=\"twitter:data2\" content=\"2 minutos\" \/>\n<script type=\"application\/ld+json\" class=\"yoast-schema-graph\">{\"@context\":\"https:\/\/schema.org\",\"@graph\":[{\"@type\":\"Article\",\"@id\":\"https:\/\/blogdobispo.com.br\/?p=17618#article\",\"isPartOf\":{\"@id\":\"https:\/\/blogdobispo.com.br\/?p=17618\"},\"author\":{\"name\":\"Robson Trigueiro\",\"@id\":\"https:\/\/blogdobispo.com.br\/#\/schema\/person\/05abe7adb94767ba46bf757b4243d3e0\"},\"headline\":\"\u00c1lvaro Dias \u00e9 recebido por lideran\u00e7as em Macau\",\"datePublished\":\"2025-09-08T14:38:05+00:00\",\"dateModified\":\"2025-09-08T14:58:43+00:00\",\"mainEntityOfPage\":{\"@id\":\"https:\/\/blogdobispo.com.br\/?p=17618\"},\"wordCount\":181,\"commentCount\":0,\"publisher\":{\"@id\":\"https:\/\/blogdobispo.com.br\/#organization\"},\"image\":{\"@id\":\"https:\/\/blogdobispo.com.br\/?p=17618#primaryimage\"},\"thumbnailUrl\":\"https:\/\/i0.wp.com\/blogdobispo.com.br\/wp-content\/uploads\/2025\/09\/image-103.webp?fit=621%2C801&ssl=1\",\"articleSection\":[\"Pol\u00edtica\"],\"inLanguage\":\"pt-BR\",\"potentialAction\":[{\"@type\":\"CommentAction\",\"name\":\"Comment\",\"target\":[\"https:\/\/blogdobispo.com.br\/?p=17618#respond\"]}]},{\"@type\":\"WebPage\",\"@id\":\"https:\/\/blogdobispo.com.br\/?p=17618\",\"url\":\"https:\/\/blogdobispo.com.br\/?p=17618\",\"name\":\"\u00c1lvaro Dias \u00e9 recebido por lideran\u00e7as em Macau - Blog do Bispo\",\"isPartOf\":{\"@id\":\"https:\/\/blogdobispo.com.br\/#website\"},\"primaryImageOfPage\":{\"@id\":\"https:\/\/blogdobispo.com.br\/?p=17618#primaryimage\"},\"image\":{\"@id\":\"https:\/\/blogdobispo.com.br\/?p=17618#primaryimage\"},\"thumbnailUrl\":\"https:\/\/i0.wp.com\/blogdobispo.com.br\/wp-content\/uploads\/2025\/09\/image-103.webp?fit=621%2C801&ssl=1\",\"datePublished\":\"2025-09-08T14:38:05+00:00\",\"dateModified\":\"2025-09-08T14:58:43+00:00\",\"breadcrumb\":{\"@id\":\"https:\/\/blogdobispo.com.br\/?p=17618#breadcrumb\"},\"inLanguage\":\"pt-BR\",\"potentialAction\":[{\"@type\":\"ReadAction\",\"target\":[\"https:\/\/blogdobispo.com.br\/?p=17618\"]}]},{\"@type\":\"ImageObject\",\"inLanguage\":\"pt-BR\",\"@id\":\"https:\/\/blogdobispo.com.br\/?p=17618#primaryimage\",\"url\":\"https:\/\/i0.wp.com\/blogdobispo.com.br\/wp-content\/uploads\/2025\/09\/image-103.webp?fit=621%2C801&ssl=1\",\"contentUrl\":\"https:\/\/i0.wp.com\/blogdobispo.com.br\/wp-content\/uploads\/2025\/09\/image-103.webp?fit=621%2C801&ssl=1\",\"width\":621,\"height\":801},{\"@type\":\"BreadcrumbList\",\"@id\":\"https:\/\/blogdobispo.com.br\/?p=17618#breadcrumb\",\"itemListElement\":[{\"@type\":\"ListItem\",\"position\":1,\"name\":\"In\u00edcio\",\"item\":\"https:\/\/blogdobispo.com.br\/\"},{\"@type\":\"ListItem\",\"position\":2,\"name\":\"\u00c1lvaro Dias \u00e9 recebido por lideran\u00e7as em Macau\"}]},{\"@type\":\"WebSite\",\"@id\":\"https:\/\/blogdobispo.com.br\/#website\",\"url\":\"https:\/\/blogdobispo.com.br\/\",\"name\":\"Blog do Bispo\",\"description\":\"Comprometido apenas com o leitor\",\"publisher\":{\"@id\":\"https:\/\/blogdobispo.com.br\/#organization\"},\"potentialAction\":[{\"@type\":\"SearchAction\",\"target\":{\"@type\":\"EntryPoint\",\"urlTemplate\":\"https:\/\/blogdobispo.com.br\/?s={search_term_string}\"},\"query-input\":{\"@type\":\"PropertyValueSpecification\",\"valueRequired\":true,\"valueName\":\"search_term_string\"}}],\"inLanguage\":\"pt-BR\"},{\"@type\":\"Organization\",\"@id\":\"https:\/\/blogdobispo.com.br\/#organization\",\"name\":\"Blog do Bispo\",\"url\":\"https:\/\/blogdobispo.com.br\/\",\"logo\":{\"@type\":\"ImageObject\",\"inLanguage\":\"pt-BR\",\"@id\":\"https:\/\/blogdobispo.com.br\/#\/schema\/logo\/image\/\",\"url\":\"http:\/\/blogdobispo.com.br\/wp-content\/uploads\/2023\/05\/cropped-headear.png\",\"contentUrl\":\"http:\/\/blogdobispo.com.br\/wp-content\/uploads\/2023\/05\/cropped-headear.png\",\"width\":1500,\"height\":399,\"caption\":\"Blog do Bispo\"},\"image\":{\"@id\":\"https:\/\/blogdobispo.com.br\/#\/schema\/logo\/image\/\"}},{\"@type\":\"Person\",\"@id\":\"https:\/\/blogdobispo.com.br\/#\/schema\/person\/05abe7adb94767ba46bf757b4243d3e0\",\"name\":\"Robson Trigueiro\",\"image\":{\"@type\":\"ImageObject\",\"inLanguage\":\"pt-BR\",\"@id\":\"https:\/\/blogdobispo.com.br\/#\/schema\/person\/image\/\",\"url\":\"https:\/\/secure.gravatar.com\/avatar\/b71c79ed1dcbb23d15e3cd8224dbfbd99da477df155b3e777061e3a006422418?s=96&d=mm&r=g\",\"contentUrl\":\"https:\/\/secure.gravatar.com\/avatar\/b71c79ed1dcbb23d15e3cd8224dbfbd99da477df155b3e777061e3a006422418?s=96&d=mm&r=g\",\"caption\":\"Robson Trigueiro\"},\"url\":\"https:\/\/blogdobispo.com.br\/?author=3\"}]}<\/script>\n<!-- \/ Yoast SEO plugin. -->","yoast_head_json":{"title":"\u00c1lvaro Dias \u00e9 recebido por lideran\u00e7as em Macau - Blog do Bispo","robots":{"index":"index","follow":"follow","max-snippet":"max-snippet:-1","max-image-preview":"max-image-preview:large","max-video-preview":"max-video-preview:-1"},"canonical":"https:\/\/blogdobispo.com.br\/?p=17618","og_locale":"pt_BR","og_type":"article","og_title":"\u00c1lvaro Dias \u00e9 recebido por lideran\u00e7as em Macau - Blog do Bispo","og_description":"O ex-prefeito de Natal e pr\u00e9-candidato ao Governo do Estado,\u00a0\u00c1lvaro Dias, esteve em Macau neste fim de semana, onde participou da tradicional\u00a0Festa do Sal,\u00a0que neste ano integrou as comemora\u00e7\u00f5es pelos 150 anos de emancipa\u00e7\u00e3o pol\u00edtica do munic\u00edpio. \u00c1lvaro destacou a import\u00e2ncia cultural e econ\u00f4mica da celebra\u00e7\u00e3o: \u201cUm momento hist\u00f3rico e de grande significado, que valoriza [&hellip;]","og_url":"https:\/\/blogdobispo.com.br\/?p=17618","og_site_name":"Blog do Bispo","article_published_time":"2025-09-08T14:38:05+00:00","article_modified_time":"2025-09-08T14:58:43+00:00","og_image":[{"width":621,"height":801,"url":"http:\/\/blogdobispo.com.br\/wp-content\/uploads\/2025\/09\/image-103.webp","type":"image\/webp"}],"author":"Robson Trigueiro","twitter_card":"summary_large_image","twitter_misc":{"Escrito por":"Robson Trigueiro","Est. tempo de leitura":"2 minutos"},"schema":{"@context":"https:\/\/schema.org","@graph":[{"@type":"Article","@id":"https:\/\/blogdobispo.com.br\/?p=17618#article","isPartOf":{"@id":"https:\/\/blogdobispo.com.br\/?p=17618"},"author":{"name":"Robson Trigueiro","@id":"https:\/\/blogdobispo.com.br\/#\/schema\/person\/05abe7adb94767ba46bf757b4243d3e0"},"headline":"\u00c1lvaro Dias \u00e9 recebido por lideran\u00e7as em Macau","datePublished":"2025-09-08T14:38:05+00:00","dateModified":"2025-09-08T14:58:43+00:00","mainEntityOfPage":{"@id":"https:\/\/blogdobispo.com.br\/?p=17618"},"wordCount":181,"commentCount":0,"publisher":{"@id":"https:\/\/blogdobispo.com.br\/#organization"},"image":{"@id":"https:\/\/blogdobispo.com.br\/?p=17618#primaryimage"},"thumbnailUrl":"https:\/\/i0.wp.com\/blogdobispo.com.br\/wp-content\/uploads\/2025\/09\/image-103.webp?fit=621%2C801&ssl=1","articleSection":["Pol\u00edtica"],"inLanguage":"pt-BR","potentialAction":[{"@type":"CommentAction","name":"Comment","target":["https:\/\/blogdobispo.com.br\/?p=17618#respond"]}]},{"@type":"WebPage","@id":"https:\/\/blogdobispo.com.br\/?p=17618","url":"https:\/\/blogdobispo.com.br\/?p=17618","name":"\u00c1lvaro Dias \u00e9 recebido por lideran\u00e7as em Macau - Blog do Bispo","isPartOf":{"@id":"https:\/\/blogdobispo.com.br\/#website"},"primaryImageOfPage":{"@id":"https:\/\/blogdobispo.com.br\/?p=17618#primaryimage"},"image":{"@id":"https:\/\/blogdobispo.com.br\/?p=17618#primaryimage"},"thumbnailUrl":"https:\/\/i0.wp.com\/blogdobispo.com.br\/wp-content\/uploads\/2025\/09\/image-103.webp?fit=621%2C801&ssl=1","datePublished":"2025-09-08T14:38:05+00:00","dateModified":"2025-09-08T14:58:43+00:00","breadcrumb":{"@id":"https:\/\/blogdobispo.com.br\/?p=17618#breadcrumb"},"inLanguage":"pt-BR","potentialAction":[{"@type":"ReadAction","target":["https:\/\/blogdobispo.com.br\/?p=17618"]}]},{"@type":"ImageObject","inLanguage":"pt-BR","@id":"https:\/\/blogdobispo.com.br\/?p=17618#primaryimage","url":"https:\/\/i0.wp.com\/blogdobispo.com.br\/wp-content\/uploads\/2025\/09\/image-103.webp?fit=621%2C801&ssl=1","contentUrl":"https:\/\/i0.wp.com\/blogdobispo.com.br\/wp-content\/uploads\/2025\/09\/image-103.webp?fit=621%2C801&ssl=1","width":621,"height":801},{"@type":"BreadcrumbList","@id":"https:\/\/blogdobispo.com.br\/?p=17618#breadcrumb","itemListElement":[{"@type":"ListItem","position":1,"name":"In\u00edcio","item":"https:\/\/blogdobispo.com.br\/"},{"@type":"ListItem","position":2,"name":"\u00c1lvaro Dias \u00e9 recebido por lideran\u00e7as em Macau"}]},{"@type":"WebSite","@id":"https:\/\/blogdobispo.com.br\/#website","url":"https:\/\/blogdobispo.com.br\/","name":"Blog do Bispo","description":"Comprometido apenas com o leitor","publisher":{"@id":"https:\/\/blogdobispo.com.br\/#organization"},"potentialAction":[{"@type":"SearchAction","target":{"@type":"EntryPoint","urlTemplate":"https:\/\/blogdobispo.com.br\/?s={search_term_string}"},"query-input":{"@type":"PropertyValueSpecification","valueRequired":true,"valueName":"search_term_string"}}],"inLanguage":"pt-BR"},{"@type":"Organization","@id":"https:\/\/blogdobispo.com.br\/#organization","name":"Blog do Bispo","url":"https:\/\/blogdobispo.com.br\/","logo":{"@type":"ImageObject","inLanguage":"pt-BR","@id":"https:\/\/blogdobispo.com.br\/#\/schema\/logo\/image\/","url":"http:\/\/blogdobispo.com.br\/wp-content\/uploads\/2023\/05\/cropped-headear.png","contentUrl":"http:\/\/blogdobispo.com.br\/wp-content\/uploads\/2023\/05\/cropped-headear.png","width":1500,"height":399,"caption":"Blog do Bispo"},"image":{"@id":"https:\/\/blogdobispo.com.br\/#\/schema\/logo\/image\/"}},{"@type":"Person","@id":"https:\/\/blogdobispo.com.br\/#\/schema\/person\/05abe7adb94767ba46bf757b4243d3e0","name":"Robson Trigueiro","image":{"@type":"ImageObject","inLanguage":"pt-BR","@id":"https:\/\/blogdobispo.com.br\/#\/schema\/person\/image\/","url":"https:\/\/secure.gravatar.com\/avatar\/b71c79ed1dcbb23d15e3cd8224dbfbd99da477df155b3e777061e3a006422418?s=96&d=mm&r=g","contentUrl":"https:\/\/secure.gravatar.com\/avatar\/b71c79ed1dcbb23d15e3cd8224dbfbd99da477df155b3e777061e3a006422418?s=96&d=mm&r=g","caption":"Robson Trigueiro"},"url":"https:\/\/blogdobispo.com.br\/?author=3"}]}},"featured_image_urls":{"full":["https:\/\/i0.wp.com\/blogdobispo.com.br\/wp-content\/uploads\/2025\/09\/image-103.webp?fit=621%2C801&ssl=1",621,801,false],"thumbnail":["https:\/\/i0.wp.com\/blogdobispo.com.br\/wp-content\/uploads\/2025\/09\/image-103.webp?resize=150%2C150&ssl=1",150,150,true],"medium":["https:\/\/i0.wp.com\/blogdobispo.com.br\/wp-content\/uploads\/2025\/09\/image-103.webp?fit=233%2C300&ssl=1",233,300,true],"medium_large":["https:\/\/i0.wp.com\/blogdobispo.com.br\/wp-content\/uploads\/2025\/09\/image-103.webp?fit=621%2C801&ssl=1",621,801,true],"large":["https:\/\/i0.wp.com\/blogdobispo.com.br\/wp-content\/uploads\/2025\/09\/image-103.webp?fit=621%2C801&ssl=1",621,801,true],"1536x1536":["https:\/\/i0.wp.com\/blogdobispo.com.br\/wp-content\/uploads\/2025\/09\/image-103.webp?fit=621%2C801&ssl=1",621,801,true],"2048x2048":["https:\/\/i0.wp.com\/blogdobispo.com.br\/wp-content\/uploads\/2025\/09\/image-103.webp?fit=621%2C801&ssl=1",621,801,true]},"author_info":{"display_name":"Robson Trigueiro","author_link":"https:\/\/blogdobispo.com.br\/?author=3"},"category_info":"<a href=\"https:\/\/blogdobispo.com.br\/?cat=3\" rel=\"category\">Pol\u00edtica<\/a>","tag_info":"Pol\u00edtica","comment_count":"0","jetpack_featured_media_url":"https:\/\/i0.wp.com\/blogdobispo.com.br\/wp-content\/uploads\/2025\/09\/image-103.webp?fit=621%2C801&ssl=1","jetpack_sharing_enabled":true,"_links":{"self":[{"href":"https:\/\/blogdobispo.com.br\/index.php?rest_route=\/wp\/v2\/posts\/17618","targetHints":{"allow":["GET"]}}],"collection":[{"href":"https:\/\/blogdobispo.com.br\/index.php?rest_route=\/wp\/v2\/posts"}],"about":[{"href":"https:\/\/blogdobispo.com.br\/index.php?rest_route=\/wp\/v2\/types\/post"}],"author":[{"embeddable":true,"href":"https:\/\/blogdobispo.com.br\/index.php?rest_route=\/wp\/v2\/users\/3"}],"replies":[{"embeddable":true,"href":"https:\/\/blogdobispo.com.br\/index.php?rest_route=%2Fwp%2Fv2%2Fcomments&post=17618"}],"version-history":[{"count":2,"href":"https:\/\/blogdobispo.com.br\/index.php?rest_route=\/wp\/v2\/posts\/17618\/revisions"}],"predecessor-version":[{"id":17625,"href":"https:\/\/blogdobispo.com.br\/index.php?rest_route=\/wp\/v2\/posts\/17618\/revisions\/17625"}],"wp:featuredmedia":[{"embeddable":true,"href":"https:\/\/blogdobispo.com.br\/index.php?rest_route=\/wp\/v2\/media\/17624"}],"wp:attachment":[{"href":"https:\/\/blogdobispo.com.br\/index.php?rest_route=%2Fwp%2Fv2%2Fmedia&parent=17618"}],"wp:term":[{"taxonomy":"category","embeddable":true,"href":"https:\/\/blogdobispo.com.br\/index.php?rest_route=%2Fwp%2Fv2%2Fcategories&post=17618"},{"taxonomy":"post_tag","embeddable":true,"href":"https:\/\/blogdobispo.com.br\/index.php?rest_route=%2Fwp%2Fv2%2Ftags&post=17618"}],"curies":[{"name":"wp","href":"https:\/\/api.w.org\/{rel}","templated":true}]}}