{"id":17616,"date":"2025-09-08T14:36:17","date_gmt":"2025-09-08T14:36:17","guid":{"rendered":"https:\/\/blogdobispo.com.br\/?p=17616"},"modified":"2025-09-08T15:05:08","modified_gmt":"2025-09-08T15:05:08","slug":"ofensa-a-magistrado-em-embargos-de-declaracao-termina-em-punicao-a-advogado","status":"publish","type":"post","link":"https:\/\/blogdobispo.com.br\/?p=17616","title":{"rendered":"Ofensa a magistrado em embargos de declara\u00e7\u00e3o termina em puni\u00e7\u00e3o a advogado"},"content":{"rendered":"<div class=\"entry-excerpt pt-3\">\n<div class=\"d-flex flex-row\">\u00a0<em>Na peti\u00e7\u00e3o, o advogado utilizou express\u00f5es como \u201cabuso de autoridade\u201d, \u201cato irrespons\u00e1vel\u201d, \u201ccovarde\u201d, \u201cbagun\u00e7ar a ordem processual\u201d e \u201crevestido de abuso da toga\u201d, conforme registrado pelo magistrado.<\/em><\/div>\n<div><\/div>\n<\/div>\n<div class=\"entry-content pt-3\">\n<p>Um advogado foi condenado a pagar multa de 2% sobre o valor da causa ap\u00f3s utilizar termos ofensivos contra um magistrado em embargos de declara\u00e7\u00e3o. A decis\u00e3o \u00e9 do juiz do Trabalho M\u00e1rio Vivas de Souza Durando, titular da 1\u00aa Vara de Juazeiro (BA), que classificou a conduta como grave viola\u00e7\u00e3o aos deveres profissionais previstos no Estatuto da OAB.<\/p>\n<p>O caso teve in\u00edcio em uma a\u00e7\u00e3o trabalhista na qual um empregado buscava o reconhecimento de v\u00ednculo empregat\u00edcio. O pedido foi negado em primeira inst\u00e2ncia e a decis\u00e3o confirmada pelo TRT da 5\u00aa Regi\u00e3o. Posteriormente, o tribunal reconheceu nulidade parcial do processo e determinou a reabertura da instru\u00e7\u00e3o para produ\u00e7\u00e3o de prova testemunhal, mas sem afastar os fundamentos de m\u00e9rito.<\/p>\n<p>De volta \u00e0 1\u00aa Vara, ap\u00f3s a oitiva de testemunhas, o juiz novamente julgou improcedente a a\u00e7\u00e3o em julho de 2025. Contra essa decis\u00e3o, foram interpostos novos embargos de declara\u00e7\u00e3o. Na peti\u00e7\u00e3o, o advogado utilizou express\u00f5es como \u201cabuso de autoridade\u201d, \u201cato irrespons\u00e1vel\u201d, \u201ccovarde\u201d, \u201cbagun\u00e7ar a ordem processual\u201d e \u201crevestido de abuso da toga\u201d, conforme registrado pelo magistrado.<\/p>\n<div class=\"tealt68bee99e0a2a7\"><\/div>\n<p>Para o juiz, os termos empregados extrapolaram os limites processuais e \u00e9ticos, configurando ataque pessoal \u00e0 magistratura. Ele ressaltou que a repeti\u00e7\u00e3o de adjetivos desqualificadores, a sugest\u00e3o de parcialidade e a tentativa de usar o processo como instrumento de desmoraliza\u00e7\u00e3o desviam completamente a finalidade dos embargos de declara\u00e7\u00e3o e comprometem o bom funcionamento da Justi\u00e7a.<\/p>\n<p>Diante disso, o magistrado rejeitou os embargos, aplicou a multa de 2% sobre o valor da causa e determinou a comunica\u00e7\u00e3o \u00e0 OAB\/BA para apura\u00e7\u00e3o da conduta profissional do advogado.<\/p>\n<\/div>\n","protected":false},"excerpt":{"rendered":"<p>\u00a0Na peti\u00e7\u00e3o, o advogado utilizou express\u00f5es como \u201cabuso de autoridade\u201d, \u201cato irrespons\u00e1vel\u201d, \u201ccovarde\u201d, \u201cbagun\u00e7ar a ordem processual\u201d e \u201crevestido de abuso da toga\u201d, conforme registrado pelo magistrado. Um advogado foi condenado a pagar multa de 2% sobre o valor da causa ap\u00f3s utilizar termos ofensivos contra um magistrado em embargos de declara\u00e7\u00e3o. A decis\u00e3o \u00e9 [&hellip;]<\/p>\n","protected":false},"author":3,"featured_media":17626,"comment_status":"open","ping_status":"open","sticky":false,"template":"","format":"standard","meta":{"cybocfi_hide_featured_image":"","_jetpack_memberships_contains_paid_content":false,"footnotes":""},"categories":[12],"tags":[],"class_list":["post-17616","post","type-post","status-publish","format-standard","has-post-thumbnail","hentry","category-cidadania"],"yoast_head":"<!-- This site is optimized with the Yoast SEO plugin v25.6 - https:\/\/yoast.com\/wordpress\/plugins\/seo\/ -->\n<title>Ofensa a magistrado em embargos de declara\u00e7\u00e3o termina em puni\u00e7\u00e3o a advogado - Blog do Bispo<\/title>\n<meta name=\"robots\" content=\"index, follow, max-snippet:-1, max-image-preview:large, max-video-preview:-1\" \/>\n<link rel=\"canonical\" href=\"https:\/\/blogdobispo.com.br\/?p=17616\" \/>\n<meta property=\"og:locale\" content=\"pt_BR\" \/>\n<meta property=\"og:type\" content=\"article\" \/>\n<meta property=\"og:title\" content=\"Ofensa a magistrado em embargos de declara\u00e7\u00e3o termina em puni\u00e7\u00e3o a advogado - Blog do Bispo\" \/>\n<meta property=\"og:description\" content=\"\u00a0Na peti\u00e7\u00e3o, o advogado utilizou express\u00f5es como \u201cabuso de autoridade\u201d, \u201cato irrespons\u00e1vel\u201d, \u201ccovarde\u201d, \u201cbagun\u00e7ar a ordem processual\u201d e \u201crevestido de abuso da toga\u201d, conforme registrado pelo magistrado. Um advogado foi condenado a pagar multa de 2% sobre o valor da causa ap\u00f3s utilizar termos ofensivos contra um magistrado em embargos de declara\u00e7\u00e3o. A decis\u00e3o \u00e9 [&hellip;]\" \/>\n<meta property=\"og:url\" content=\"https:\/\/blogdobispo.com.br\/?p=17616\" \/>\n<meta property=\"og:site_name\" content=\"Blog do Bispo\" \/>\n<meta property=\"article:published_time\" content=\"2025-09-08T14:36:17+00:00\" \/>\n<meta property=\"article:modified_time\" content=\"2025-09-08T15:05:08+00:00\" \/>\n<meta property=\"og:image\" content=\"http:\/\/blogdobispo.com.br\/wp-content\/uploads\/2025\/09\/closeup-vista-da-mao-masculina-segurando-caneta-1024x683-1.jpg\" \/>\n\t<meta property=\"og:image:width\" content=\"1024\" \/>\n\t<meta property=\"og:image:height\" content=\"683\" \/>\n\t<meta property=\"og:image:type\" content=\"image\/jpeg\" \/>\n<meta name=\"author\" content=\"Robson Trigueiro\" \/>\n<meta name=\"twitter:card\" content=\"summary_large_image\" \/>\n<meta name=\"twitter:label1\" content=\"Escrito por\" \/>\n\t<meta name=\"twitter:data1\" content=\"Robson Trigueiro\" \/>\n\t<meta name=\"twitter:label2\" content=\"Est. tempo de leitura\" \/>\n\t<meta name=\"twitter:data2\" content=\"2 minutos\" \/>\n<script type=\"application\/ld+json\" class=\"yoast-schema-graph\">{\"@context\":\"https:\/\/schema.org\",\"@graph\":[{\"@type\":\"Article\",\"@id\":\"https:\/\/blogdobispo.com.br\/?p=17616#article\",\"isPartOf\":{\"@id\":\"https:\/\/blogdobispo.com.br\/?p=17616\"},\"author\":{\"name\":\"Robson Trigueiro\",\"@id\":\"https:\/\/blogdobispo.com.br\/#\/schema\/person\/05abe7adb94767ba46bf757b4243d3e0\"},\"headline\":\"Ofensa a magistrado em embargos de declara\u00e7\u00e3o termina em puni\u00e7\u00e3o a advogado\",\"datePublished\":\"2025-09-08T14:36:17+00:00\",\"dateModified\":\"2025-09-08T15:05:08+00:00\",\"mainEntityOfPage\":{\"@id\":\"https:\/\/blogdobispo.com.br\/?p=17616\"},\"wordCount\":327,\"commentCount\":0,\"publisher\":{\"@id\":\"https:\/\/blogdobispo.com.br\/#organization\"},\"image\":{\"@id\":\"https:\/\/blogdobispo.com.br\/?p=17616#primaryimage\"},\"thumbnailUrl\":\"https:\/\/i0.wp.com\/blogdobispo.com.br\/wp-content\/uploads\/2025\/09\/closeup-vista-da-mao-masculina-segurando-caneta-1024x683-1.jpg?fit=1024%2C683&ssl=1\",\"articleSection\":[\"Cidadania\"],\"inLanguage\":\"pt-BR\",\"potentialAction\":[{\"@type\":\"CommentAction\",\"name\":\"Comment\",\"target\":[\"https:\/\/blogdobispo.com.br\/?p=17616#respond\"]}]},{\"@type\":\"WebPage\",\"@id\":\"https:\/\/blogdobispo.com.br\/?p=17616\",\"url\":\"https:\/\/blogdobispo.com.br\/?p=17616\",\"name\":\"Ofensa a magistrado em embargos de declara\u00e7\u00e3o termina em puni\u00e7\u00e3o a advogado - Blog do Bispo\",\"isPartOf\":{\"@id\":\"https:\/\/blogdobispo.com.br\/#website\"},\"primaryImageOfPage\":{\"@id\":\"https:\/\/blogdobispo.com.br\/?p=17616#primaryimage\"},\"image\":{\"@id\":\"https:\/\/blogdobispo.com.br\/?p=17616#primaryimage\"},\"thumbnailUrl\":\"https:\/\/i0.wp.com\/blogdobispo.com.br\/wp-content\/uploads\/2025\/09\/closeup-vista-da-mao-masculina-segurando-caneta-1024x683-1.jpg?fit=1024%2C683&ssl=1\",\"datePublished\":\"2025-09-08T14:36:17+00:00\",\"dateModified\":\"2025-09-08T15:05:08+00:00\",\"breadcrumb\":{\"@id\":\"https:\/\/blogdobispo.com.br\/?p=17616#breadcrumb\"},\"inLanguage\":\"pt-BR\",\"potentialAction\":[{\"@type\":\"ReadAction\",\"target\":[\"https:\/\/blogdobispo.com.br\/?p=17616\"]}]},{\"@type\":\"ImageObject\",\"inLanguage\":\"pt-BR\",\"@id\":\"https:\/\/blogdobispo.com.br\/?p=17616#primaryimage\",\"url\":\"https:\/\/i0.wp.com\/blogdobispo.com.br\/wp-content\/uploads\/2025\/09\/closeup-vista-da-mao-masculina-segurando-caneta-1024x683-1.jpg?fit=1024%2C683&ssl=1\",\"contentUrl\":\"https:\/\/i0.wp.com\/blogdobispo.com.br\/wp-content\/uploads\/2025\/09\/closeup-vista-da-mao-masculina-segurando-caneta-1024x683-1.jpg?fit=1024%2C683&ssl=1\",\"width\":1024,\"height\":683,\"caption\":\"Closeup view of male hand holding pen. African American manager working with documents. Business concept\"},{\"@type\":\"BreadcrumbList\",\"@id\":\"https:\/\/blogdobispo.com.br\/?p=17616#breadcrumb\",\"itemListElement\":[{\"@type\":\"ListItem\",\"position\":1,\"name\":\"In\u00edcio\",\"item\":\"https:\/\/blogdobispo.com.br\/\"},{\"@type\":\"ListItem\",\"position\":2,\"name\":\"Ofensa a magistrado em embargos de declara\u00e7\u00e3o termina em puni\u00e7\u00e3o a advogado\"}]},{\"@type\":\"WebSite\",\"@id\":\"https:\/\/blogdobispo.com.br\/#website\",\"url\":\"https:\/\/blogdobispo.com.br\/\",\"name\":\"Blog do Bispo\",\"description\":\"Comprometido apenas com o leitor\",\"publisher\":{\"@id\":\"https:\/\/blogdobispo.com.br\/#organization\"},\"potentialAction\":[{\"@type\":\"SearchAction\",\"target\":{\"@type\":\"EntryPoint\",\"urlTemplate\":\"https:\/\/blogdobispo.com.br\/?s={search_term_string}\"},\"query-input\":{\"@type\":\"PropertyValueSpecification\",\"valueRequired\":true,\"valueName\":\"search_term_string\"}}],\"inLanguage\":\"pt-BR\"},{\"@type\":\"Organization\",\"@id\":\"https:\/\/blogdobispo.com.br\/#organization\",\"name\":\"Blog do Bispo\",\"url\":\"https:\/\/blogdobispo.com.br\/\",\"logo\":{\"@type\":\"ImageObject\",\"inLanguage\":\"pt-BR\",\"@id\":\"https:\/\/blogdobispo.com.br\/#\/schema\/logo\/image\/\",\"url\":\"http:\/\/blogdobispo.com.br\/wp-content\/uploads\/2023\/05\/cropped-headear.png\",\"contentUrl\":\"http:\/\/blogdobispo.com.br\/wp-content\/uploads\/2023\/05\/cropped-headear.png\",\"width\":1500,\"height\":399,\"caption\":\"Blog do Bispo\"},\"image\":{\"@id\":\"https:\/\/blogdobispo.com.br\/#\/schema\/logo\/image\/\"}},{\"@type\":\"Person\",\"@id\":\"https:\/\/blogdobispo.com.br\/#\/schema\/person\/05abe7adb94767ba46bf757b4243d3e0\",\"name\":\"Robson Trigueiro\",\"image\":{\"@type\":\"ImageObject\",\"inLanguage\":\"pt-BR\",\"@id\":\"https:\/\/blogdobispo.com.br\/#\/schema\/person\/image\/\",\"url\":\"https:\/\/secure.gravatar.com\/avatar\/b71c79ed1dcbb23d15e3cd8224dbfbd99da477df155b3e777061e3a006422418?s=96&d=mm&r=g\",\"contentUrl\":\"https:\/\/secure.gravatar.com\/avatar\/b71c79ed1dcbb23d15e3cd8224dbfbd99da477df155b3e777061e3a006422418?s=96&d=mm&r=g\",\"caption\":\"Robson Trigueiro\"},\"url\":\"https:\/\/blogdobispo.com.br\/?author=3\"}]}<\/script>\n<!-- \/ Yoast SEO plugin. -->","yoast_head_json":{"title":"Ofensa a magistrado em embargos de declara\u00e7\u00e3o termina em puni\u00e7\u00e3o a advogado - Blog do Bispo","robots":{"index":"index","follow":"follow","max-snippet":"max-snippet:-1","max-image-preview":"max-image-preview:large","max-video-preview":"max-video-preview:-1"},"canonical":"https:\/\/blogdobispo.com.br\/?p=17616","og_locale":"pt_BR","og_type":"article","og_title":"Ofensa a magistrado em embargos de declara\u00e7\u00e3o termina em puni\u00e7\u00e3o a advogado - Blog do Bispo","og_description":"\u00a0Na peti\u00e7\u00e3o, o advogado utilizou express\u00f5es como \u201cabuso de autoridade\u201d, \u201cato irrespons\u00e1vel\u201d, \u201ccovarde\u201d, \u201cbagun\u00e7ar a ordem processual\u201d e \u201crevestido de abuso da toga\u201d, conforme registrado pelo magistrado. Um advogado foi condenado a pagar multa de 2% sobre o valor da causa ap\u00f3s utilizar termos ofensivos contra um magistrado em embargos de declara\u00e7\u00e3o. A decis\u00e3o \u00e9 [&hellip;]","og_url":"https:\/\/blogdobispo.com.br\/?p=17616","og_site_name":"Blog do Bispo","article_published_time":"2025-09-08T14:36:17+00:00","article_modified_time":"2025-09-08T15:05:08+00:00","og_image":[{"width":1024,"height":683,"url":"http:\/\/blogdobispo.com.br\/wp-content\/uploads\/2025\/09\/closeup-vista-da-mao-masculina-segurando-caneta-1024x683-1.jpg","type":"image\/jpeg"}],"author":"Robson Trigueiro","twitter_card":"summary_large_image","twitter_misc":{"Escrito por":"Robson Trigueiro","Est. tempo de leitura":"2 minutos"},"schema":{"@context":"https:\/\/schema.org","@graph":[{"@type":"Article","@id":"https:\/\/blogdobispo.com.br\/?p=17616#article","isPartOf":{"@id":"https:\/\/blogdobispo.com.br\/?p=17616"},"author":{"name":"Robson Trigueiro","@id":"https:\/\/blogdobispo.com.br\/#\/schema\/person\/05abe7adb94767ba46bf757b4243d3e0"},"headline":"Ofensa a magistrado em embargos de declara\u00e7\u00e3o termina em puni\u00e7\u00e3o a advogado","datePublished":"2025-09-08T14:36:17+00:00","dateModified":"2025-09-08T15:05:08+00:00","mainEntityOfPage":{"@id":"https:\/\/blogdobispo.com.br\/?p=17616"},"wordCount":327,"commentCount":0,"publisher":{"@id":"https:\/\/blogdobispo.com.br\/#organization"},"image":{"@id":"https:\/\/blogdobispo.com.br\/?p=17616#primaryimage"},"thumbnailUrl":"https:\/\/i0.wp.com\/blogdobispo.com.br\/wp-content\/uploads\/2025\/09\/closeup-vista-da-mao-masculina-segurando-caneta-1024x683-1.jpg?fit=1024%2C683&ssl=1","articleSection":["Cidadania"],"inLanguage":"pt-BR","potentialAction":[{"@type":"CommentAction","name":"Comment","target":["https:\/\/blogdobispo.com.br\/?p=17616#respond"]}]},{"@type":"WebPage","@id":"https:\/\/blogdobispo.com.br\/?p=17616","url":"https:\/\/blogdobispo.com.br\/?p=17616","name":"Ofensa a magistrado em embargos de declara\u00e7\u00e3o termina em puni\u00e7\u00e3o a advogado - Blog do Bispo","isPartOf":{"@id":"https:\/\/blogdobispo.com.br\/#website"},"primaryImageOfPage":{"@id":"https:\/\/blogdobispo.com.br\/?p=17616#primaryimage"},"image":{"@id":"https:\/\/blogdobispo.com.br\/?p=17616#primaryimage"},"thumbnailUrl":"https:\/\/i0.wp.com\/blogdobispo.com.br\/wp-content\/uploads\/2025\/09\/closeup-vista-da-mao-masculina-segurando-caneta-1024x683-1.jpg?fit=1024%2C683&ssl=1","datePublished":"2025-09-08T14:36:17+00:00","dateModified":"2025-09-08T15:05:08+00:00","breadcrumb":{"@id":"https:\/\/blogdobispo.com.br\/?p=17616#breadcrumb"},"inLanguage":"pt-BR","potentialAction":[{"@type":"ReadAction","target":["https:\/\/blogdobispo.com.br\/?p=17616"]}]},{"@type":"ImageObject","inLanguage":"pt-BR","@id":"https:\/\/blogdobispo.com.br\/?p=17616#primaryimage","url":"https:\/\/i0.wp.com\/blogdobispo.com.br\/wp-content\/uploads\/2025\/09\/closeup-vista-da-mao-masculina-segurando-caneta-1024x683-1.jpg?fit=1024%2C683&ssl=1","contentUrl":"https:\/\/i0.wp.com\/blogdobispo.com.br\/wp-content\/uploads\/2025\/09\/closeup-vista-da-mao-masculina-segurando-caneta-1024x683-1.jpg?fit=1024%2C683&ssl=1","width":1024,"height":683,"caption":"Closeup view of male hand holding pen. African American manager working with documents. Business concept"},{"@type":"BreadcrumbList","@id":"https:\/\/blogdobispo.com.br\/?p=17616#breadcrumb","itemListElement":[{"@type":"ListItem","position":1,"name":"In\u00edcio","item":"https:\/\/blogdobispo.com.br\/"},{"@type":"ListItem","position":2,"name":"Ofensa a magistrado em embargos de declara\u00e7\u00e3o termina em puni\u00e7\u00e3o a advogado"}]},{"@type":"WebSite","@id":"https:\/\/blogdobispo.com.br\/#website","url":"https:\/\/blogdobispo.com.br\/","name":"Blog do Bispo","description":"Comprometido apenas com o leitor","publisher":{"@id":"https:\/\/blogdobispo.com.br\/#organization"},"potentialAction":[{"@type":"SearchAction","target":{"@type":"EntryPoint","urlTemplate":"https:\/\/blogdobispo.com.br\/?s={search_term_string}"},"query-input":{"@type":"PropertyValueSpecification","valueRequired":true,"valueName":"search_term_string"}}],"inLanguage":"pt-BR"},{"@type":"Organization","@id":"https:\/\/blogdobispo.com.br\/#organization","name":"Blog do Bispo","url":"https:\/\/blogdobispo.com.br\/","logo":{"@type":"ImageObject","inLanguage":"pt-BR","@id":"https:\/\/blogdobispo.com.br\/#\/schema\/logo\/image\/","url":"http:\/\/blogdobispo.com.br\/wp-content\/uploads\/2023\/05\/cropped-headear.png","contentUrl":"http:\/\/blogdobispo.com.br\/wp-content\/uploads\/2023\/05\/cropped-headear.png","width":1500,"height":399,"caption":"Blog do Bispo"},"image":{"@id":"https:\/\/blogdobispo.com.br\/#\/schema\/logo\/image\/"}},{"@type":"Person","@id":"https:\/\/blogdobispo.com.br\/#\/schema\/person\/05abe7adb94767ba46bf757b4243d3e0","name":"Robson Trigueiro","image":{"@type":"ImageObject","inLanguage":"pt-BR","@id":"https:\/\/blogdobispo.com.br\/#\/schema\/person\/image\/","url":"https:\/\/secure.gravatar.com\/avatar\/b71c79ed1dcbb23d15e3cd8224dbfbd99da477df155b3e777061e3a006422418?s=96&d=mm&r=g","contentUrl":"https:\/\/secure.gravatar.com\/avatar\/b71c79ed1dcbb23d15e3cd8224dbfbd99da477df155b3e777061e3a006422418?s=96&d=mm&r=g","caption":"Robson Trigueiro"},"url":"https:\/\/blogdobispo.com.br\/?author=3"}]}},"featured_image_urls":{"full":["https:\/\/i0.wp.com\/blogdobispo.com.br\/wp-content\/uploads\/2025\/09\/closeup-vista-da-mao-masculina-segurando-caneta-1024x683-1.jpg?fit=1024%2C683&ssl=1",1024,683,false],"thumbnail":["https:\/\/i0.wp.com\/blogdobispo.com.br\/wp-content\/uploads\/2025\/09\/closeup-vista-da-mao-masculina-segurando-caneta-1024x683-1.jpg?resize=150%2C150&ssl=1",150,150,true],"medium":["https:\/\/i0.wp.com\/blogdobispo.com.br\/wp-content\/uploads\/2025\/09\/closeup-vista-da-mao-masculina-segurando-caneta-1024x683-1.jpg?fit=300%2C200&ssl=1",300,200,true],"medium_large":["https:\/\/i0.wp.com\/blogdobispo.com.br\/wp-content\/uploads\/2025\/09\/closeup-vista-da-mao-masculina-segurando-caneta-1024x683-1.jpg?fit=768%2C512&ssl=1",768,512,true],"large":["https:\/\/i0.wp.com\/blogdobispo.com.br\/wp-content\/uploads\/2025\/09\/closeup-vista-da-mao-masculina-segurando-caneta-1024x683-1.jpg?fit=800%2C534&ssl=1",800,534,true],"1536x1536":["https:\/\/i0.wp.com\/blogdobispo.com.br\/wp-content\/uploads\/2025\/09\/closeup-vista-da-mao-masculina-segurando-caneta-1024x683-1.jpg?fit=1024%2C683&ssl=1",1024,683,true],"2048x2048":["https:\/\/i0.wp.com\/blogdobispo.com.br\/wp-content\/uploads\/2025\/09\/closeup-vista-da-mao-masculina-segurando-caneta-1024x683-1.jpg?fit=1024%2C683&ssl=1",1024,683,true]},"author_info":{"display_name":"Robson Trigueiro","author_link":"https:\/\/blogdobispo.com.br\/?author=3"},"category_info":"<a href=\"https:\/\/blogdobispo.com.br\/?cat=12\" rel=\"category\">Cidadania<\/a>","tag_info":"Cidadania","comment_count":"0","jetpack_featured_media_url":"https:\/\/i0.wp.com\/blogdobispo.com.br\/wp-content\/uploads\/2025\/09\/closeup-vista-da-mao-masculina-segurando-caneta-1024x683-1.jpg?fit=1024%2C683&ssl=1","jetpack_sharing_enabled":true,"_links":{"self":[{"href":"https:\/\/blogdobispo.com.br\/index.php?rest_route=\/wp\/v2\/posts\/17616","targetHints":{"allow":["GET"]}}],"collection":[{"href":"https:\/\/blogdobispo.com.br\/index.php?rest_route=\/wp\/v2\/posts"}],"about":[{"href":"https:\/\/blogdobispo.com.br\/index.php?rest_route=\/wp\/v2\/types\/post"}],"author":[{"embeddable":true,"href":"https:\/\/blogdobispo.com.br\/index.php?rest_route=\/wp\/v2\/users\/3"}],"replies":[{"embeddable":true,"href":"https:\/\/blogdobispo.com.br\/index.php?rest_route=%2Fwp%2Fv2%2Fcomments&post=17616"}],"version-history":[{"count":3,"href":"https:\/\/blogdobispo.com.br\/index.php?rest_route=\/wp\/v2\/posts\/17616\/revisions"}],"predecessor-version":[{"id":17628,"href":"https:\/\/blogdobispo.com.br\/index.php?rest_route=\/wp\/v2\/posts\/17616\/revisions\/17628"}],"wp:featuredmedia":[{"embeddable":true,"href":"https:\/\/blogdobispo.com.br\/index.php?rest_route=\/wp\/v2\/media\/17626"}],"wp:attachment":[{"href":"https:\/\/blogdobispo.com.br\/index.php?rest_route=%2Fwp%2Fv2%2Fmedia&parent=17616"}],"wp:term":[{"taxonomy":"category","embeddable":true,"href":"https:\/\/blogdobispo.com.br\/index.php?rest_route=%2Fwp%2Fv2%2Fcategories&post=17616"},{"taxonomy":"post_tag","embeddable":true,"href":"https:\/\/blogdobispo.com.br\/index.php?rest_route=%2Fwp%2Fv2%2Ftags&post=17616"}],"curies":[{"name":"wp","href":"https:\/\/api.w.org\/{rel}","templated":true}]}}