{"id":17613,"date":"2025-09-08T14:34:14","date_gmt":"2025-09-08T14:34:14","guid":{"rendered":"https:\/\/blogdobispo.com.br\/?p=17613"},"modified":"2025-09-08T14:34:14","modified_gmt":"2025-09-08T14:34:14","slug":"um-grito-pelo-brasil-novo-livro-infantil-de-lincoln-werner-conta-a-historia-da-independencia-para-criancas","status":"publish","type":"post","link":"https:\/\/blogdobispo.com.br\/?p=17613","title":{"rendered":"\u201cUm Grito pelo Brasil\u201d: novo livro infantil de Lincoln Werner conta a hist\u00f3ria da Independ\u00eancia para crian\u00e7as"},"content":{"rendered":"<p>&nbsp;<\/p>\n<p>No dia 7 de setembro, data em que o Brasil celebra sua Independ\u00eancia, o advogado e diretor da Escola do Legislativo da C\u00e2mara Municipal de Natal, Lincoln Werner, lan\u00e7ou o seu mais novo livro infantil: \u201cUm Grito pelo Brasil\u201d.<\/p>\n<p>A obra apresenta a narrativa da Independ\u00eancia do Brasil em uma linguagem leve, divertida e cheia de cores, especialmente pensada para despertar a curiosidade das crian\u00e7as. Com cap\u00edtulos curtos e ilustra\u00e7\u00f5es vibrantes, o livro transforma um dos epis\u00f3dios mais marcantes da nossa hist\u00f3ria em uma leitura acess\u00edvel e emocionante para os pequenos.<\/p>\n<p>Mais do que contar a cena cl\u00e1ssica do \u201cgrito do Ipiranga\u201d, o autor aproveita a oportunidade para resgatar tamb\u00e9m a import\u00e2ncia de personagens muitas vezes esquecidos, como a Princesa Leopoldina, que teve papel fundamental no processo da Independ\u00eancia. Assim, a obra n\u00e3o apenas diverte, mas ajuda as novas gera\u00e7\u00f5es a enxergarem a hist\u00f3ria de maneira mais completa.<\/p>\n<p>Segundo Lincoln Werner, a ideia \u00e9 aproximar as crian\u00e7as da cultura e da cidadania desde cedo:<\/p>\n<p>&gt; \u201cQuis contar essa hist\u00f3ria de uma forma que encantasse os pequenos e, ao mesmo tempo, mostrasse valores como coragem, liberdade e amor ao Brasil\u201d, destaca o autor.<\/p>\n<p>&nbsp;<\/p>\n<p>\u201cUm Grito pelo Brasil\u201d d\u00e1 continuidade ao trabalho iniciado com o primeiro livro infantil do autor, reafirmando seu compromisso de transformar conhecimento hist\u00f3rico em narrativas envolventes e educativas.<\/p>\n<p>Mais do que um lan\u00e7amento, o livro \u00e9 um convite para refletirmos sobre como a literatura infantil pode recontar a nossa hist\u00f3ria de forma encantadora e inspiradora.<\/p>\n<p>A obra j\u00e1 est\u00e1 dispon\u00edvel gratuitamente online e pode ser acessada neste link:<br \/>\n\ud83d\udc49 https:\/\/lincolnwerner.my.canva.site\/um-grito-pelo-brasil<\/p>\n","protected":false},"excerpt":{"rendered":"<p>&nbsp; No dia 7 de setembro, data em que o Brasil celebra sua Independ\u00eancia, o advogado e diretor da Escola do Legislativo da C\u00e2mara Municipal de Natal, Lincoln Werner, lan\u00e7ou o seu mais novo livro infantil: \u201cUm Grito pelo Brasil\u201d. A obra apresenta a narrativa da Independ\u00eancia do Brasil em uma linguagem leve, divertida e [&hellip;]<\/p>\n","protected":false},"author":3,"featured_media":17614,"comment_status":"open","ping_status":"open","sticky":false,"template":"","format":"standard","meta":{"cybocfi_hide_featured_image":"","_jetpack_memberships_contains_paid_content":false,"footnotes":""},"categories":[12],"tags":[],"class_list":["post-17613","post","type-post","status-publish","format-standard","has-post-thumbnail","hentry","category-cidadania"],"yoast_head":"<!-- This site is optimized with the Yoast SEO plugin v25.6 - https:\/\/yoast.com\/wordpress\/plugins\/seo\/ -->\n<title>\u201cUm Grito pelo Brasil\u201d: novo livro infantil de Lincoln Werner conta a hist\u00f3ria da Independ\u00eancia para crian\u00e7as - Blog do Bispo<\/title>\n<meta name=\"robots\" content=\"index, follow, max-snippet:-1, max-image-preview:large, max-video-preview:-1\" \/>\n<link rel=\"canonical\" href=\"https:\/\/blogdobispo.com.br\/?p=17613\" \/>\n<meta property=\"og:locale\" content=\"pt_BR\" \/>\n<meta property=\"og:type\" content=\"article\" \/>\n<meta property=\"og:title\" content=\"\u201cUm Grito pelo Brasil\u201d: novo livro infantil de Lincoln Werner conta a hist\u00f3ria da Independ\u00eancia para crian\u00e7as - Blog do Bispo\" \/>\n<meta property=\"og:description\" content=\"&nbsp; No dia 7 de setembro, data em que o Brasil celebra sua Independ\u00eancia, o advogado e diretor da Escola do Legislativo da C\u00e2mara Municipal de Natal, Lincoln Werner, lan\u00e7ou o seu mais novo livro infantil: \u201cUm Grito pelo Brasil\u201d. A obra apresenta a narrativa da Independ\u00eancia do Brasil em uma linguagem leve, divertida e [&hellip;]\" \/>\n<meta property=\"og:url\" content=\"https:\/\/blogdobispo.com.br\/?p=17613\" \/>\n<meta property=\"og:site_name\" content=\"Blog do Bispo\" \/>\n<meta property=\"article:published_time\" content=\"2025-09-08T14:34:14+00:00\" \/>\n<meta property=\"og:image\" content=\"http:\/\/blogdobispo.com.br\/wp-content\/uploads\/2025\/09\/WhatsApp-Image-2025-09-08-at-11.28.54.jpeg\" \/>\n\t<meta property=\"og:image:width\" content=\"1024\" \/>\n\t<meta property=\"og:image:height\" content=\"1024\" \/>\n\t<meta property=\"og:image:type\" content=\"image\/jpeg\" \/>\n<meta name=\"author\" content=\"Robson Trigueiro\" \/>\n<meta name=\"twitter:card\" content=\"summary_large_image\" \/>\n<meta name=\"twitter:label1\" content=\"Escrito por\" \/>\n\t<meta name=\"twitter:data1\" content=\"Robson Trigueiro\" \/>\n\t<meta name=\"twitter:label2\" content=\"Est. tempo de leitura\" \/>\n\t<meta name=\"twitter:data2\" content=\"2 minutos\" \/>\n<script type=\"application\/ld+json\" class=\"yoast-schema-graph\">{\"@context\":\"https:\/\/schema.org\",\"@graph\":[{\"@type\":\"Article\",\"@id\":\"https:\/\/blogdobispo.com.br\/?p=17613#article\",\"isPartOf\":{\"@id\":\"https:\/\/blogdobispo.com.br\/?p=17613\"},\"author\":{\"name\":\"Robson Trigueiro\",\"@id\":\"https:\/\/blogdobispo.com.br\/#\/schema\/person\/05abe7adb94767ba46bf757b4243d3e0\"},\"headline\":\"\u201cUm Grito pelo Brasil\u201d: novo livro infantil de Lincoln Werner conta a hist\u00f3ria da Independ\u00eancia para crian\u00e7as\",\"datePublished\":\"2025-09-08T14:34:14+00:00\",\"mainEntityOfPage\":{\"@id\":\"https:\/\/blogdobispo.com.br\/?p=17613\"},\"wordCount\":308,\"commentCount\":0,\"publisher\":{\"@id\":\"https:\/\/blogdobispo.com.br\/#organization\"},\"image\":{\"@id\":\"https:\/\/blogdobispo.com.br\/?p=17613#primaryimage\"},\"thumbnailUrl\":\"https:\/\/i0.wp.com\/blogdobispo.com.br\/wp-content\/uploads\/2025\/09\/WhatsApp-Image-2025-09-08-at-11.28.54.jpeg?fit=1024%2C1024&ssl=1\",\"articleSection\":[\"Cidadania\"],\"inLanguage\":\"pt-BR\",\"potentialAction\":[{\"@type\":\"CommentAction\",\"name\":\"Comment\",\"target\":[\"https:\/\/blogdobispo.com.br\/?p=17613#respond\"]}]},{\"@type\":\"WebPage\",\"@id\":\"https:\/\/blogdobispo.com.br\/?p=17613\",\"url\":\"https:\/\/blogdobispo.com.br\/?p=17613\",\"name\":\"\u201cUm Grito pelo Brasil\u201d: novo livro infantil de Lincoln Werner conta a hist\u00f3ria da Independ\u00eancia para crian\u00e7as - Blog do Bispo\",\"isPartOf\":{\"@id\":\"https:\/\/blogdobispo.com.br\/#website\"},\"primaryImageOfPage\":{\"@id\":\"https:\/\/blogdobispo.com.br\/?p=17613#primaryimage\"},\"image\":{\"@id\":\"https:\/\/blogdobispo.com.br\/?p=17613#primaryimage\"},\"thumbnailUrl\":\"https:\/\/i0.wp.com\/blogdobispo.com.br\/wp-content\/uploads\/2025\/09\/WhatsApp-Image-2025-09-08-at-11.28.54.jpeg?fit=1024%2C1024&ssl=1\",\"datePublished\":\"2025-09-08T14:34:14+00:00\",\"breadcrumb\":{\"@id\":\"https:\/\/blogdobispo.com.br\/?p=17613#breadcrumb\"},\"inLanguage\":\"pt-BR\",\"potentialAction\":[{\"@type\":\"ReadAction\",\"target\":[\"https:\/\/blogdobispo.com.br\/?p=17613\"]}]},{\"@type\":\"ImageObject\",\"inLanguage\":\"pt-BR\",\"@id\":\"https:\/\/blogdobispo.com.br\/?p=17613#primaryimage\",\"url\":\"https:\/\/i0.wp.com\/blogdobispo.com.br\/wp-content\/uploads\/2025\/09\/WhatsApp-Image-2025-09-08-at-11.28.54.jpeg?fit=1024%2C1024&ssl=1\",\"contentUrl\":\"https:\/\/i0.wp.com\/blogdobispo.com.br\/wp-content\/uploads\/2025\/09\/WhatsApp-Image-2025-09-08-at-11.28.54.jpeg?fit=1024%2C1024&ssl=1\",\"width\":1024,\"height\":1024},{\"@type\":\"BreadcrumbList\",\"@id\":\"https:\/\/blogdobispo.com.br\/?p=17613#breadcrumb\",\"itemListElement\":[{\"@type\":\"ListItem\",\"position\":1,\"name\":\"In\u00edcio\",\"item\":\"https:\/\/blogdobispo.com.br\/\"},{\"@type\":\"ListItem\",\"position\":2,\"name\":\"\u201cUm Grito pelo Brasil\u201d: novo livro infantil de Lincoln Werner conta a hist\u00f3ria da Independ\u00eancia para crian\u00e7as\"}]},{\"@type\":\"WebSite\",\"@id\":\"https:\/\/blogdobispo.com.br\/#website\",\"url\":\"https:\/\/blogdobispo.com.br\/\",\"name\":\"Blog do Bispo\",\"description\":\"Comprometido apenas com o leitor\",\"publisher\":{\"@id\":\"https:\/\/blogdobispo.com.br\/#organization\"},\"potentialAction\":[{\"@type\":\"SearchAction\",\"target\":{\"@type\":\"EntryPoint\",\"urlTemplate\":\"https:\/\/blogdobispo.com.br\/?s={search_term_string}\"},\"query-input\":{\"@type\":\"PropertyValueSpecification\",\"valueRequired\":true,\"valueName\":\"search_term_string\"}}],\"inLanguage\":\"pt-BR\"},{\"@type\":\"Organization\",\"@id\":\"https:\/\/blogdobispo.com.br\/#organization\",\"name\":\"Blog do Bispo\",\"url\":\"https:\/\/blogdobispo.com.br\/\",\"logo\":{\"@type\":\"ImageObject\",\"inLanguage\":\"pt-BR\",\"@id\":\"https:\/\/blogdobispo.com.br\/#\/schema\/logo\/image\/\",\"url\":\"http:\/\/blogdobispo.com.br\/wp-content\/uploads\/2023\/05\/cropped-headear.png\",\"contentUrl\":\"http:\/\/blogdobispo.com.br\/wp-content\/uploads\/2023\/05\/cropped-headear.png\",\"width\":1500,\"height\":399,\"caption\":\"Blog do Bispo\"},\"image\":{\"@id\":\"https:\/\/blogdobispo.com.br\/#\/schema\/logo\/image\/\"}},{\"@type\":\"Person\",\"@id\":\"https:\/\/blogdobispo.com.br\/#\/schema\/person\/05abe7adb94767ba46bf757b4243d3e0\",\"name\":\"Robson Trigueiro\",\"image\":{\"@type\":\"ImageObject\",\"inLanguage\":\"pt-BR\",\"@id\":\"https:\/\/blogdobispo.com.br\/#\/schema\/person\/image\/\",\"url\":\"https:\/\/secure.gravatar.com\/avatar\/b71c79ed1dcbb23d15e3cd8224dbfbd99da477df155b3e777061e3a006422418?s=96&d=mm&r=g\",\"contentUrl\":\"https:\/\/secure.gravatar.com\/avatar\/b71c79ed1dcbb23d15e3cd8224dbfbd99da477df155b3e777061e3a006422418?s=96&d=mm&r=g\",\"caption\":\"Robson Trigueiro\"},\"url\":\"https:\/\/blogdobispo.com.br\/?author=3\"}]}<\/script>\n<!-- \/ Yoast SEO plugin. -->","yoast_head_json":{"title":"\u201cUm Grito pelo Brasil\u201d: novo livro infantil de Lincoln Werner conta a hist\u00f3ria da Independ\u00eancia para crian\u00e7as - Blog do Bispo","robots":{"index":"index","follow":"follow","max-snippet":"max-snippet:-1","max-image-preview":"max-image-preview:large","max-video-preview":"max-video-preview:-1"},"canonical":"https:\/\/blogdobispo.com.br\/?p=17613","og_locale":"pt_BR","og_type":"article","og_title":"\u201cUm Grito pelo Brasil\u201d: novo livro infantil de Lincoln Werner conta a hist\u00f3ria da Independ\u00eancia para crian\u00e7as - Blog do Bispo","og_description":"&nbsp; No dia 7 de setembro, data em que o Brasil celebra sua Independ\u00eancia, o advogado e diretor da Escola do Legislativo da C\u00e2mara Municipal de Natal, Lincoln Werner, lan\u00e7ou o seu mais novo livro infantil: \u201cUm Grito pelo Brasil\u201d. A obra apresenta a narrativa da Independ\u00eancia do Brasil em uma linguagem leve, divertida e [&hellip;]","og_url":"https:\/\/blogdobispo.com.br\/?p=17613","og_site_name":"Blog do Bispo","article_published_time":"2025-09-08T14:34:14+00:00","og_image":[{"width":1024,"height":1024,"url":"http:\/\/blogdobispo.com.br\/wp-content\/uploads\/2025\/09\/WhatsApp-Image-2025-09-08-at-11.28.54.jpeg","type":"image\/jpeg"}],"author":"Robson Trigueiro","twitter_card":"summary_large_image","twitter_misc":{"Escrito por":"Robson Trigueiro","Est. tempo de leitura":"2 minutos"},"schema":{"@context":"https:\/\/schema.org","@graph":[{"@type":"Article","@id":"https:\/\/blogdobispo.com.br\/?p=17613#article","isPartOf":{"@id":"https:\/\/blogdobispo.com.br\/?p=17613"},"author":{"name":"Robson Trigueiro","@id":"https:\/\/blogdobispo.com.br\/#\/schema\/person\/05abe7adb94767ba46bf757b4243d3e0"},"headline":"\u201cUm Grito pelo Brasil\u201d: novo livro infantil de Lincoln Werner conta a hist\u00f3ria da Independ\u00eancia para crian\u00e7as","datePublished":"2025-09-08T14:34:14+00:00","mainEntityOfPage":{"@id":"https:\/\/blogdobispo.com.br\/?p=17613"},"wordCount":308,"commentCount":0,"publisher":{"@id":"https:\/\/blogdobispo.com.br\/#organization"},"image":{"@id":"https:\/\/blogdobispo.com.br\/?p=17613#primaryimage"},"thumbnailUrl":"https:\/\/i0.wp.com\/blogdobispo.com.br\/wp-content\/uploads\/2025\/09\/WhatsApp-Image-2025-09-08-at-11.28.54.jpeg?fit=1024%2C1024&ssl=1","articleSection":["Cidadania"],"inLanguage":"pt-BR","potentialAction":[{"@type":"CommentAction","name":"Comment","target":["https:\/\/blogdobispo.com.br\/?p=17613#respond"]}]},{"@type":"WebPage","@id":"https:\/\/blogdobispo.com.br\/?p=17613","url":"https:\/\/blogdobispo.com.br\/?p=17613","name":"\u201cUm Grito pelo Brasil\u201d: novo livro infantil de Lincoln Werner conta a hist\u00f3ria da Independ\u00eancia para crian\u00e7as - Blog do Bispo","isPartOf":{"@id":"https:\/\/blogdobispo.com.br\/#website"},"primaryImageOfPage":{"@id":"https:\/\/blogdobispo.com.br\/?p=17613#primaryimage"},"image":{"@id":"https:\/\/blogdobispo.com.br\/?p=17613#primaryimage"},"thumbnailUrl":"https:\/\/i0.wp.com\/blogdobispo.com.br\/wp-content\/uploads\/2025\/09\/WhatsApp-Image-2025-09-08-at-11.28.54.jpeg?fit=1024%2C1024&ssl=1","datePublished":"2025-09-08T14:34:14+00:00","breadcrumb":{"@id":"https:\/\/blogdobispo.com.br\/?p=17613#breadcrumb"},"inLanguage":"pt-BR","potentialAction":[{"@type":"ReadAction","target":["https:\/\/blogdobispo.com.br\/?p=17613"]}]},{"@type":"ImageObject","inLanguage":"pt-BR","@id":"https:\/\/blogdobispo.com.br\/?p=17613#primaryimage","url":"https:\/\/i0.wp.com\/blogdobispo.com.br\/wp-content\/uploads\/2025\/09\/WhatsApp-Image-2025-09-08-at-11.28.54.jpeg?fit=1024%2C1024&ssl=1","contentUrl":"https:\/\/i0.wp.com\/blogdobispo.com.br\/wp-content\/uploads\/2025\/09\/WhatsApp-Image-2025-09-08-at-11.28.54.jpeg?fit=1024%2C1024&ssl=1","width":1024,"height":1024},{"@type":"BreadcrumbList","@id":"https:\/\/blogdobispo.com.br\/?p=17613#breadcrumb","itemListElement":[{"@type":"ListItem","position":1,"name":"In\u00edcio","item":"https:\/\/blogdobispo.com.br\/"},{"@type":"ListItem","position":2,"name":"\u201cUm Grito pelo Brasil\u201d: novo livro infantil de Lincoln Werner conta a hist\u00f3ria da Independ\u00eancia para crian\u00e7as"}]},{"@type":"WebSite","@id":"https:\/\/blogdobispo.com.br\/#website","url":"https:\/\/blogdobispo.com.br\/","name":"Blog do Bispo","description":"Comprometido apenas com o leitor","publisher":{"@id":"https:\/\/blogdobispo.com.br\/#organization"},"potentialAction":[{"@type":"SearchAction","target":{"@type":"EntryPoint","urlTemplate":"https:\/\/blogdobispo.com.br\/?s={search_term_string}"},"query-input":{"@type":"PropertyValueSpecification","valueRequired":true,"valueName":"search_term_string"}}],"inLanguage":"pt-BR"},{"@type":"Organization","@id":"https:\/\/blogdobispo.com.br\/#organization","name":"Blog do Bispo","url":"https:\/\/blogdobispo.com.br\/","logo":{"@type":"ImageObject","inLanguage":"pt-BR","@id":"https:\/\/blogdobispo.com.br\/#\/schema\/logo\/image\/","url":"http:\/\/blogdobispo.com.br\/wp-content\/uploads\/2023\/05\/cropped-headear.png","contentUrl":"http:\/\/blogdobispo.com.br\/wp-content\/uploads\/2023\/05\/cropped-headear.png","width":1500,"height":399,"caption":"Blog do Bispo"},"image":{"@id":"https:\/\/blogdobispo.com.br\/#\/schema\/logo\/image\/"}},{"@type":"Person","@id":"https:\/\/blogdobispo.com.br\/#\/schema\/person\/05abe7adb94767ba46bf757b4243d3e0","name":"Robson Trigueiro","image":{"@type":"ImageObject","inLanguage":"pt-BR","@id":"https:\/\/blogdobispo.com.br\/#\/schema\/person\/image\/","url":"https:\/\/secure.gravatar.com\/avatar\/b71c79ed1dcbb23d15e3cd8224dbfbd99da477df155b3e777061e3a006422418?s=96&d=mm&r=g","contentUrl":"https:\/\/secure.gravatar.com\/avatar\/b71c79ed1dcbb23d15e3cd8224dbfbd99da477df155b3e777061e3a006422418?s=96&d=mm&r=g","caption":"Robson Trigueiro"},"url":"https:\/\/blogdobispo.com.br\/?author=3"}]}},"featured_image_urls":{"full":["https:\/\/i0.wp.com\/blogdobispo.com.br\/wp-content\/uploads\/2025\/09\/WhatsApp-Image-2025-09-08-at-11.28.54.jpeg?fit=1024%2C1024&ssl=1",1024,1024,false],"thumbnail":["https:\/\/i0.wp.com\/blogdobispo.com.br\/wp-content\/uploads\/2025\/09\/WhatsApp-Image-2025-09-08-at-11.28.54.jpeg?resize=150%2C150&ssl=1",150,150,true],"medium":["https:\/\/i0.wp.com\/blogdobispo.com.br\/wp-content\/uploads\/2025\/09\/WhatsApp-Image-2025-09-08-at-11.28.54.jpeg?fit=300%2C300&ssl=1",300,300,true],"medium_large":["https:\/\/i0.wp.com\/blogdobispo.com.br\/wp-content\/uploads\/2025\/09\/WhatsApp-Image-2025-09-08-at-11.28.54.jpeg?fit=768%2C768&ssl=1",768,768,true],"large":["https:\/\/i0.wp.com\/blogdobispo.com.br\/wp-content\/uploads\/2025\/09\/WhatsApp-Image-2025-09-08-at-11.28.54.jpeg?fit=800%2C800&ssl=1",800,800,true],"1536x1536":["https:\/\/i0.wp.com\/blogdobispo.com.br\/wp-content\/uploads\/2025\/09\/WhatsApp-Image-2025-09-08-at-11.28.54.jpeg?fit=1024%2C1024&ssl=1",1024,1024,true],"2048x2048":["https:\/\/i0.wp.com\/blogdobispo.com.br\/wp-content\/uploads\/2025\/09\/WhatsApp-Image-2025-09-08-at-11.28.54.jpeg?fit=1024%2C1024&ssl=1",1024,1024,true]},"author_info":{"display_name":"Robson Trigueiro","author_link":"https:\/\/blogdobispo.com.br\/?author=3"},"category_info":"<a href=\"https:\/\/blogdobispo.com.br\/?cat=12\" rel=\"category\">Cidadania<\/a>","tag_info":"Cidadania","comment_count":"0","jetpack_featured_media_url":"https:\/\/i0.wp.com\/blogdobispo.com.br\/wp-content\/uploads\/2025\/09\/WhatsApp-Image-2025-09-08-at-11.28.54.jpeg?fit=1024%2C1024&ssl=1","jetpack_sharing_enabled":true,"_links":{"self":[{"href":"https:\/\/blogdobispo.com.br\/index.php?rest_route=\/wp\/v2\/posts\/17613","targetHints":{"allow":["GET"]}}],"collection":[{"href":"https:\/\/blogdobispo.com.br\/index.php?rest_route=\/wp\/v2\/posts"}],"about":[{"href":"https:\/\/blogdobispo.com.br\/index.php?rest_route=\/wp\/v2\/types\/post"}],"author":[{"embeddable":true,"href":"https:\/\/blogdobispo.com.br\/index.php?rest_route=\/wp\/v2\/users\/3"}],"replies":[{"embeddable":true,"href":"https:\/\/blogdobispo.com.br\/index.php?rest_route=%2Fwp%2Fv2%2Fcomments&post=17613"}],"version-history":[{"count":1,"href":"https:\/\/blogdobispo.com.br\/index.php?rest_route=\/wp\/v2\/posts\/17613\/revisions"}],"predecessor-version":[{"id":17615,"href":"https:\/\/blogdobispo.com.br\/index.php?rest_route=\/wp\/v2\/posts\/17613\/revisions\/17615"}],"wp:featuredmedia":[{"embeddable":true,"href":"https:\/\/blogdobispo.com.br\/index.php?rest_route=\/wp\/v2\/media\/17614"}],"wp:attachment":[{"href":"https:\/\/blogdobispo.com.br\/index.php?rest_route=%2Fwp%2Fv2%2Fmedia&parent=17613"}],"wp:term":[{"taxonomy":"category","embeddable":true,"href":"https:\/\/blogdobispo.com.br\/index.php?rest_route=%2Fwp%2Fv2%2Fcategories&post=17613"},{"taxonomy":"post_tag","embeddable":true,"href":"https:\/\/blogdobispo.com.br\/index.php?rest_route=%2Fwp%2Fv2%2Ftags&post=17613"}],"curies":[{"name":"wp","href":"https:\/\/api.w.org\/{rel}","templated":true}]}}