{"id":17611,"date":"2025-09-08T14:30:13","date_gmt":"2025-09-08T14:30:13","guid":{"rendered":"https:\/\/blogdobispo.com.br\/?p=17611"},"modified":"2025-09-08T14:30:13","modified_gmt":"2025-09-08T14:30:13","slug":"vice-prefeita-joanna-guerra-celebra-aniversario-com-missa-em-acao-de-gracas","status":"publish","type":"post","link":"https:\/\/blogdobispo.com.br\/?p=17611","title":{"rendered":"Vice-prefeita Joanna Guerra celebra anivers\u00e1rio com Missa em A\u00e7\u00e3o de Gra\u00e7as"},"content":{"rendered":"<p><img data-recalc-dims=\"1\" decoding=\"async\" src=\"https:\/\/i0.wp.com\/republicanos10.org.br\/wp-content\/uploads\/2024\/10\/joanna-guerra-foto-divulgacao-27-10-24.jpg?w=800&#038;ssl=1\" alt=\"Joanna Guerra | Republicanos10\" \/><\/p>\n<p>Na pr\u00f3xima segunda-feira, 8 de setembro, \u00e0s 19h, a vice-prefeita de Natal, Joanna Guerra, convida a popula\u00e7\u00e3o para participar de uma Missa em A\u00e7\u00e3o de Gra\u00e7as pelo seu anivers\u00e1rio. A celebra\u00e7\u00e3o ser\u00e1 realizada na Igreja Matriz de Nossa Senhora da Apresenta\u00e7\u00e3o \u2013 Concatedral (Antiga Catedral de Natal), localizada na Pra\u00e7a Andr\u00e9 de Albuquerque, Cidade Alta.<\/p>\n<p>Joanna Guerra destaca que este ser\u00e1 um momento especial de f\u00e9, gratid\u00e3o e alegria por mais um ano de vida. \u201cSer\u00e1 uma oportunidade para agradecer a Deus pelas b\u00ean\u00e7\u00e3os recebidas e compartilhar com amigos e amigas esse momento t\u00e3o importante da minha caminhada\u201d, afirmou.<\/p>\n<p>A vice-prefeita refor\u00e7a o convite a todos que desejarem se unir em ora\u00e7\u00e3o e confraterniza\u00e7\u00e3o nesta data significativa.<\/p>\n<p>Evento: Missa em A\u00e7\u00e3o de Gra\u00e7as pelo anivers\u00e1rio da vice-prefeita Joanna Guerra<br \/>\nData: Segunda-feira, 8 de setembro de 2025<br \/>\nHor\u00e1rio: 19h<br \/>\nLocal: Igreja Matriz de Nossa Senhora da Apresenta\u00e7\u00e3o \u2013 Concatedral (Catedral Velha), Pra\u00e7a Andr\u00e9 de Albuquerque, Cidade Alta \u2013 Natal\/RN<\/p>\n","protected":false},"excerpt":{"rendered":"<p>Na pr\u00f3xima segunda-feira, 8 de setembro, \u00e0s 19h, a vice-prefeita de Natal, Joanna Guerra, convida a popula\u00e7\u00e3o para participar de uma Missa em A\u00e7\u00e3o de Gra\u00e7as pelo seu anivers\u00e1rio. A celebra\u00e7\u00e3o ser\u00e1 realizada na Igreja Matriz de Nossa Senhora da Apresenta\u00e7\u00e3o \u2013 Concatedral (Antiga Catedral de Natal), localizada na Pra\u00e7a Andr\u00e9 de Albuquerque, Cidade Alta. [&hellip;]<\/p>\n","protected":false},"author":3,"featured_media":0,"comment_status":"open","ping_status":"open","sticky":false,"template":"","format":"standard","meta":{"cybocfi_hide_featured_image":"","_jetpack_memberships_contains_paid_content":false,"footnotes":""},"categories":[3],"tags":[],"class_list":["post-17611","post","type-post","status-publish","format-standard","hentry","category-politica"],"yoast_head":"<!-- This site is optimized with the Yoast SEO plugin v25.6 - https:\/\/yoast.com\/wordpress\/plugins\/seo\/ -->\n<title>Vice-prefeita Joanna Guerra celebra anivers\u00e1rio com Missa em A\u00e7\u00e3o de Gra\u00e7as - Blog do Bispo<\/title>\n<meta name=\"robots\" content=\"index, follow, max-snippet:-1, max-image-preview:large, max-video-preview:-1\" \/>\n<link rel=\"canonical\" href=\"https:\/\/blogdobispo.com.br\/?p=17611\" \/>\n<meta property=\"og:locale\" content=\"pt_BR\" \/>\n<meta property=\"og:type\" content=\"article\" \/>\n<meta property=\"og:title\" content=\"Vice-prefeita Joanna Guerra celebra anivers\u00e1rio com Missa em A\u00e7\u00e3o de Gra\u00e7as - Blog do Bispo\" \/>\n<meta property=\"og:description\" content=\"Na pr\u00f3xima segunda-feira, 8 de setembro, \u00e0s 19h, a vice-prefeita de Natal, Joanna Guerra, convida a popula\u00e7\u00e3o para participar de uma Missa em A\u00e7\u00e3o de Gra\u00e7as pelo seu anivers\u00e1rio. A celebra\u00e7\u00e3o ser\u00e1 realizada na Igreja Matriz de Nossa Senhora da Apresenta\u00e7\u00e3o \u2013 Concatedral (Antiga Catedral de Natal), localizada na Pra\u00e7a Andr\u00e9 de Albuquerque, Cidade Alta. [&hellip;]\" \/>\n<meta property=\"og:url\" content=\"https:\/\/blogdobispo.com.br\/?p=17611\" \/>\n<meta property=\"og:site_name\" content=\"Blog do Bispo\" \/>\n<meta property=\"article:published_time\" content=\"2025-09-08T14:30:13+00:00\" \/>\n<meta property=\"og:image\" content=\"https:\/\/republicanos10.org.br\/wp-content\/uploads\/2024\/10\/joanna-guerra-foto-divulgacao-27-10-24.jpg\" \/>\n<meta name=\"author\" content=\"Robson Trigueiro\" \/>\n<meta name=\"twitter:card\" content=\"summary_large_image\" \/>\n<meta name=\"twitter:label1\" content=\"Escrito por\" \/>\n\t<meta name=\"twitter:data1\" content=\"Robson Trigueiro\" \/>\n\t<meta name=\"twitter:label2\" content=\"Est. tempo de leitura\" \/>\n\t<meta name=\"twitter:data2\" content=\"2 minutos\" \/>\n<script type=\"application\/ld+json\" class=\"yoast-schema-graph\">{\"@context\":\"https:\/\/schema.org\",\"@graph\":[{\"@type\":\"Article\",\"@id\":\"https:\/\/blogdobispo.com.br\/?p=17611#article\",\"isPartOf\":{\"@id\":\"https:\/\/blogdobispo.com.br\/?p=17611\"},\"author\":{\"name\":\"Robson Trigueiro\",\"@id\":\"https:\/\/blogdobispo.com.br\/#\/schema\/person\/05abe7adb94767ba46bf757b4243d3e0\"},\"headline\":\"Vice-prefeita Joanna Guerra celebra anivers\u00e1rio com Missa em A\u00e7\u00e3o de Gra\u00e7as\",\"datePublished\":\"2025-09-08T14:30:13+00:00\",\"mainEntityOfPage\":{\"@id\":\"https:\/\/blogdobispo.com.br\/?p=17611\"},\"wordCount\":188,\"commentCount\":0,\"publisher\":{\"@id\":\"https:\/\/blogdobispo.com.br\/#organization\"},\"image\":{\"@id\":\"https:\/\/blogdobispo.com.br\/?p=17611#primaryimage\"},\"thumbnailUrl\":\"https:\/\/republicanos10.org.br\/wp-content\/uploads\/2024\/10\/joanna-guerra-foto-divulgacao-27-10-24.jpg\",\"articleSection\":[\"Pol\u00edtica\"],\"inLanguage\":\"pt-BR\",\"potentialAction\":[{\"@type\":\"CommentAction\",\"name\":\"Comment\",\"target\":[\"https:\/\/blogdobispo.com.br\/?p=17611#respond\"]}]},{\"@type\":\"WebPage\",\"@id\":\"https:\/\/blogdobispo.com.br\/?p=17611\",\"url\":\"https:\/\/blogdobispo.com.br\/?p=17611\",\"name\":\"Vice-prefeita Joanna Guerra celebra anivers\u00e1rio com Missa em A\u00e7\u00e3o de Gra\u00e7as - Blog do Bispo\",\"isPartOf\":{\"@id\":\"https:\/\/blogdobispo.com.br\/#website\"},\"primaryImageOfPage\":{\"@id\":\"https:\/\/blogdobispo.com.br\/?p=17611#primaryimage\"},\"image\":{\"@id\":\"https:\/\/blogdobispo.com.br\/?p=17611#primaryimage\"},\"thumbnailUrl\":\"https:\/\/republicanos10.org.br\/wp-content\/uploads\/2024\/10\/joanna-guerra-foto-divulgacao-27-10-24.jpg\",\"datePublished\":\"2025-09-08T14:30:13+00:00\",\"breadcrumb\":{\"@id\":\"https:\/\/blogdobispo.com.br\/?p=17611#breadcrumb\"},\"inLanguage\":\"pt-BR\",\"potentialAction\":[{\"@type\":\"ReadAction\",\"target\":[\"https:\/\/blogdobispo.com.br\/?p=17611\"]}]},{\"@type\":\"ImageObject\",\"inLanguage\":\"pt-BR\",\"@id\":\"https:\/\/blogdobispo.com.br\/?p=17611#primaryimage\",\"url\":\"https:\/\/republicanos10.org.br\/wp-content\/uploads\/2024\/10\/joanna-guerra-foto-divulgacao-27-10-24.jpg\",\"contentUrl\":\"https:\/\/republicanos10.org.br\/wp-content\/uploads\/2024\/10\/joanna-guerra-foto-divulgacao-27-10-24.jpg\"},{\"@type\":\"BreadcrumbList\",\"@id\":\"https:\/\/blogdobispo.com.br\/?p=17611#breadcrumb\",\"itemListElement\":[{\"@type\":\"ListItem\",\"position\":1,\"name\":\"In\u00edcio\",\"item\":\"https:\/\/blogdobispo.com.br\/\"},{\"@type\":\"ListItem\",\"position\":2,\"name\":\"Vice-prefeita Joanna Guerra celebra anivers\u00e1rio com Missa em A\u00e7\u00e3o de Gra\u00e7as\"}]},{\"@type\":\"WebSite\",\"@id\":\"https:\/\/blogdobispo.com.br\/#website\",\"url\":\"https:\/\/blogdobispo.com.br\/\",\"name\":\"Blog do Bispo\",\"description\":\"Comprometido apenas com o leitor\",\"publisher\":{\"@id\":\"https:\/\/blogdobispo.com.br\/#organization\"},\"potentialAction\":[{\"@type\":\"SearchAction\",\"target\":{\"@type\":\"EntryPoint\",\"urlTemplate\":\"https:\/\/blogdobispo.com.br\/?s={search_term_string}\"},\"query-input\":{\"@type\":\"PropertyValueSpecification\",\"valueRequired\":true,\"valueName\":\"search_term_string\"}}],\"inLanguage\":\"pt-BR\"},{\"@type\":\"Organization\",\"@id\":\"https:\/\/blogdobispo.com.br\/#organization\",\"name\":\"Blog do Bispo\",\"url\":\"https:\/\/blogdobispo.com.br\/\",\"logo\":{\"@type\":\"ImageObject\",\"inLanguage\":\"pt-BR\",\"@id\":\"https:\/\/blogdobispo.com.br\/#\/schema\/logo\/image\/\",\"url\":\"http:\/\/blogdobispo.com.br\/wp-content\/uploads\/2023\/05\/cropped-headear.png\",\"contentUrl\":\"http:\/\/blogdobispo.com.br\/wp-content\/uploads\/2023\/05\/cropped-headear.png\",\"width\":1500,\"height\":399,\"caption\":\"Blog do Bispo\"},\"image\":{\"@id\":\"https:\/\/blogdobispo.com.br\/#\/schema\/logo\/image\/\"}},{\"@type\":\"Person\",\"@id\":\"https:\/\/blogdobispo.com.br\/#\/schema\/person\/05abe7adb94767ba46bf757b4243d3e0\",\"name\":\"Robson Trigueiro\",\"image\":{\"@type\":\"ImageObject\",\"inLanguage\":\"pt-BR\",\"@id\":\"https:\/\/blogdobispo.com.br\/#\/schema\/person\/image\/\",\"url\":\"https:\/\/secure.gravatar.com\/avatar\/b71c79ed1dcbb23d15e3cd8224dbfbd99da477df155b3e777061e3a006422418?s=96&d=mm&r=g\",\"contentUrl\":\"https:\/\/secure.gravatar.com\/avatar\/b71c79ed1dcbb23d15e3cd8224dbfbd99da477df155b3e777061e3a006422418?s=96&d=mm&r=g\",\"caption\":\"Robson Trigueiro\"},\"url\":\"https:\/\/blogdobispo.com.br\/?author=3\"}]}<\/script>\n<!-- \/ Yoast SEO plugin. -->","yoast_head_json":{"title":"Vice-prefeita Joanna Guerra celebra anivers\u00e1rio com Missa em A\u00e7\u00e3o de Gra\u00e7as - Blog do Bispo","robots":{"index":"index","follow":"follow","max-snippet":"max-snippet:-1","max-image-preview":"max-image-preview:large","max-video-preview":"max-video-preview:-1"},"canonical":"https:\/\/blogdobispo.com.br\/?p=17611","og_locale":"pt_BR","og_type":"article","og_title":"Vice-prefeita Joanna Guerra celebra anivers\u00e1rio com Missa em A\u00e7\u00e3o de Gra\u00e7as - Blog do Bispo","og_description":"Na pr\u00f3xima segunda-feira, 8 de setembro, \u00e0s 19h, a vice-prefeita de Natal, Joanna Guerra, convida a popula\u00e7\u00e3o para participar de uma Missa em A\u00e7\u00e3o de Gra\u00e7as pelo seu anivers\u00e1rio. A celebra\u00e7\u00e3o ser\u00e1 realizada na Igreja Matriz de Nossa Senhora da Apresenta\u00e7\u00e3o \u2013 Concatedral (Antiga Catedral de Natal), localizada na Pra\u00e7a Andr\u00e9 de Albuquerque, Cidade Alta. [&hellip;]","og_url":"https:\/\/blogdobispo.com.br\/?p=17611","og_site_name":"Blog do Bispo","article_published_time":"2025-09-08T14:30:13+00:00","og_image":[{"url":"https:\/\/republicanos10.org.br\/wp-content\/uploads\/2024\/10\/joanna-guerra-foto-divulgacao-27-10-24.jpg","type":"","width":"","height":""}],"author":"Robson Trigueiro","twitter_card":"summary_large_image","twitter_misc":{"Escrito por":"Robson Trigueiro","Est. tempo de leitura":"2 minutos"},"schema":{"@context":"https:\/\/schema.org","@graph":[{"@type":"Article","@id":"https:\/\/blogdobispo.com.br\/?p=17611#article","isPartOf":{"@id":"https:\/\/blogdobispo.com.br\/?p=17611"},"author":{"name":"Robson Trigueiro","@id":"https:\/\/blogdobispo.com.br\/#\/schema\/person\/05abe7adb94767ba46bf757b4243d3e0"},"headline":"Vice-prefeita Joanna Guerra celebra anivers\u00e1rio com Missa em A\u00e7\u00e3o de Gra\u00e7as","datePublished":"2025-09-08T14:30:13+00:00","mainEntityOfPage":{"@id":"https:\/\/blogdobispo.com.br\/?p=17611"},"wordCount":188,"commentCount":0,"publisher":{"@id":"https:\/\/blogdobispo.com.br\/#organization"},"image":{"@id":"https:\/\/blogdobispo.com.br\/?p=17611#primaryimage"},"thumbnailUrl":"https:\/\/republicanos10.org.br\/wp-content\/uploads\/2024\/10\/joanna-guerra-foto-divulgacao-27-10-24.jpg","articleSection":["Pol\u00edtica"],"inLanguage":"pt-BR","potentialAction":[{"@type":"CommentAction","name":"Comment","target":["https:\/\/blogdobispo.com.br\/?p=17611#respond"]}]},{"@type":"WebPage","@id":"https:\/\/blogdobispo.com.br\/?p=17611","url":"https:\/\/blogdobispo.com.br\/?p=17611","name":"Vice-prefeita Joanna Guerra celebra anivers\u00e1rio com Missa em A\u00e7\u00e3o de Gra\u00e7as - Blog do Bispo","isPartOf":{"@id":"https:\/\/blogdobispo.com.br\/#website"},"primaryImageOfPage":{"@id":"https:\/\/blogdobispo.com.br\/?p=17611#primaryimage"},"image":{"@id":"https:\/\/blogdobispo.com.br\/?p=17611#primaryimage"},"thumbnailUrl":"https:\/\/republicanos10.org.br\/wp-content\/uploads\/2024\/10\/joanna-guerra-foto-divulgacao-27-10-24.jpg","datePublished":"2025-09-08T14:30:13+00:00","breadcrumb":{"@id":"https:\/\/blogdobispo.com.br\/?p=17611#breadcrumb"},"inLanguage":"pt-BR","potentialAction":[{"@type":"ReadAction","target":["https:\/\/blogdobispo.com.br\/?p=17611"]}]},{"@type":"ImageObject","inLanguage":"pt-BR","@id":"https:\/\/blogdobispo.com.br\/?p=17611#primaryimage","url":"https:\/\/republicanos10.org.br\/wp-content\/uploads\/2024\/10\/joanna-guerra-foto-divulgacao-27-10-24.jpg","contentUrl":"https:\/\/republicanos10.org.br\/wp-content\/uploads\/2024\/10\/joanna-guerra-foto-divulgacao-27-10-24.jpg"},{"@type":"BreadcrumbList","@id":"https:\/\/blogdobispo.com.br\/?p=17611#breadcrumb","itemListElement":[{"@type":"ListItem","position":1,"name":"In\u00edcio","item":"https:\/\/blogdobispo.com.br\/"},{"@type":"ListItem","position":2,"name":"Vice-prefeita Joanna Guerra celebra anivers\u00e1rio com Missa em A\u00e7\u00e3o de Gra\u00e7as"}]},{"@type":"WebSite","@id":"https:\/\/blogdobispo.com.br\/#website","url":"https:\/\/blogdobispo.com.br\/","name":"Blog do Bispo","description":"Comprometido apenas com o leitor","publisher":{"@id":"https:\/\/blogdobispo.com.br\/#organization"},"potentialAction":[{"@type":"SearchAction","target":{"@type":"EntryPoint","urlTemplate":"https:\/\/blogdobispo.com.br\/?s={search_term_string}"},"query-input":{"@type":"PropertyValueSpecification","valueRequired":true,"valueName":"search_term_string"}}],"inLanguage":"pt-BR"},{"@type":"Organization","@id":"https:\/\/blogdobispo.com.br\/#organization","name":"Blog do Bispo","url":"https:\/\/blogdobispo.com.br\/","logo":{"@type":"ImageObject","inLanguage":"pt-BR","@id":"https:\/\/blogdobispo.com.br\/#\/schema\/logo\/image\/","url":"http:\/\/blogdobispo.com.br\/wp-content\/uploads\/2023\/05\/cropped-headear.png","contentUrl":"http:\/\/blogdobispo.com.br\/wp-content\/uploads\/2023\/05\/cropped-headear.png","width":1500,"height":399,"caption":"Blog do Bispo"},"image":{"@id":"https:\/\/blogdobispo.com.br\/#\/schema\/logo\/image\/"}},{"@type":"Person","@id":"https:\/\/blogdobispo.com.br\/#\/schema\/person\/05abe7adb94767ba46bf757b4243d3e0","name":"Robson Trigueiro","image":{"@type":"ImageObject","inLanguage":"pt-BR","@id":"https:\/\/blogdobispo.com.br\/#\/schema\/person\/image\/","url":"https:\/\/secure.gravatar.com\/avatar\/b71c79ed1dcbb23d15e3cd8224dbfbd99da477df155b3e777061e3a006422418?s=96&d=mm&r=g","contentUrl":"https:\/\/secure.gravatar.com\/avatar\/b71c79ed1dcbb23d15e3cd8224dbfbd99da477df155b3e777061e3a006422418?s=96&d=mm&r=g","caption":"Robson Trigueiro"},"url":"https:\/\/blogdobispo.com.br\/?author=3"}]}},"featured_image_urls":{"full":"","thumbnail":"","medium":"","medium_large":"","large":"","1536x1536":"","2048x2048":""},"author_info":{"display_name":"Robson Trigueiro","author_link":"https:\/\/blogdobispo.com.br\/?author=3"},"category_info":"<a href=\"https:\/\/blogdobispo.com.br\/?cat=3\" rel=\"category\">Pol\u00edtica<\/a>","tag_info":"Pol\u00edtica","comment_count":"0","jetpack_featured_media_url":"","jetpack_sharing_enabled":true,"_links":{"self":[{"href":"https:\/\/blogdobispo.com.br\/index.php?rest_route=\/wp\/v2\/posts\/17611","targetHints":{"allow":["GET"]}}],"collection":[{"href":"https:\/\/blogdobispo.com.br\/index.php?rest_route=\/wp\/v2\/posts"}],"about":[{"href":"https:\/\/blogdobispo.com.br\/index.php?rest_route=\/wp\/v2\/types\/post"}],"author":[{"embeddable":true,"href":"https:\/\/blogdobispo.com.br\/index.php?rest_route=\/wp\/v2\/users\/3"}],"replies":[{"embeddable":true,"href":"https:\/\/blogdobispo.com.br\/index.php?rest_route=%2Fwp%2Fv2%2Fcomments&post=17611"}],"version-history":[{"count":1,"href":"https:\/\/blogdobispo.com.br\/index.php?rest_route=\/wp\/v2\/posts\/17611\/revisions"}],"predecessor-version":[{"id":17612,"href":"https:\/\/blogdobispo.com.br\/index.php?rest_route=\/wp\/v2\/posts\/17611\/revisions\/17612"}],"wp:attachment":[{"href":"https:\/\/blogdobispo.com.br\/index.php?rest_route=%2Fwp%2Fv2%2Fmedia&parent=17611"}],"wp:term":[{"taxonomy":"category","embeddable":true,"href":"https:\/\/blogdobispo.com.br\/index.php?rest_route=%2Fwp%2Fv2%2Fcategories&post=17611"},{"taxonomy":"post_tag","embeddable":true,"href":"https:\/\/blogdobispo.com.br\/index.php?rest_route=%2Fwp%2Fv2%2Ftags&post=17611"}],"curies":[{"name":"wp","href":"https:\/\/api.w.org\/{rel}","templated":true}]}}