{"id":17608,"date":"2025-09-08T14:27:28","date_gmt":"2025-09-08T14:27:28","guid":{"rendered":"https:\/\/blogdobispo.com.br\/?p=17608"},"modified":"2025-09-08T14:27:28","modified_gmt":"2025-09-08T14:27:28","slug":"zona-norte-ganha-clinica-de-eriko-jacome-com-servicos-gratuitos-para-a-populacao","status":"publish","type":"post","link":"https:\/\/blogdobispo.com.br\/?p=17608","title":{"rendered":"Zona Norte ganha Cl\u00ednica de Eriko J\u00e1come com servi\u00e7os gratuitos para a popula\u00e7\u00e3o"},"content":{"rendered":"<p>A Zona Norte de Natal celebrou, neste s\u00e1bado (6), a inaugura\u00e7\u00e3o da Cl\u00ednica de Eriko J\u00e1come, um espa\u00e7o totalmente dedicado ao cuidado da popula\u00e7\u00e3o com atendimento gratuito e permanente em diversas \u00e1reas da sa\u00fade.<\/p>\n<p>A cerim\u00f4nia contou com a presen\u00e7a do prefeito Paulinho Freire, do senador Rog\u00e9rio Marinho, do ex-prefeito \u00c1lvaro Dias, do presidente da FEMURN Bab\u00e1, al\u00e9m de vereadores, presidentes de c\u00e2maras de outros munic\u00edpios, secret\u00e1rios, comunicadores e diversas lideran\u00e7as locais e estaduais, que destacaram a relev\u00e2ncia do novo equipamento para a cidade.<\/p>\n<p>O vereador Eriko J\u00e1come, idealizador do projeto, ressaltou a import\u00e2ncia do espa\u00e7o para toda Zona Norte e fez uma homenagem especial \u00e0 sua m\u00e3e, Ozanide Alda Xavier, que d\u00e1 nome \u00e0 cl\u00ednica.<\/p>\n<p>\u201cMinha m\u00e3e foi minha maior inspira\u00e7\u00e3o. A for\u00e7a dela, mesmo diante das dificuldades, me mostrou que o cuidado com o pr\u00f3ximo \u00e9 o maior legado que podemos deixar. Esta cl\u00ednica \u00e9 fruto desse exemplo e ser\u00e1 um espa\u00e7o de acolhimento para a popula\u00e7\u00e3o\u201d, destacou.<\/p>\n<p>A cl\u00ednica ter\u00e1 funcionamento constante e promover\u00e1 mutir\u00f5es de sa\u00fade em diferentes especialidades, al\u00e9m de outros servi\u00e7os comunit\u00e1rios, tudo sem custo para os cidad\u00e3os.<\/p>\n<p>Durante a solenidade, o prefeito Paulinho Freire destacou a iniciativa:<br \/>\n\u201cA Zona Norte precisava de um espa\u00e7o como este. A Cl\u00ednica Eriko J\u00e1come \u00e9 um s\u00edmbolo de compromisso com a sa\u00fade p\u00fablica e com o bem-estar da popula\u00e7\u00e3o natalense&#8221;.<\/p>\n<p>O senador Rog\u00e9rio Marinho tamb\u00e9m refor\u00e7ou o alcance social da a\u00e7\u00e3o:<br \/>\n\u201cEsta cl\u00ednica representa um gesto concreto de cuidado com quem mais precisa. \u00c9 uma iniciativa que fortalece a rede de sa\u00fade e mostra compromisso com as pessoas&#8221;.<\/p>\n<p>J\u00e1 o ex-prefeito \u00c1lvaro Dias afirmou que o novo espa\u00e7o \u00e9 mais do que uma estrutura f\u00edsica: &#8220;Essa estrutura \u00e9 um presente e um legado para toda Zona Norte&#8221;.<\/p>\n","protected":false},"excerpt":{"rendered":"<p>A Zona Norte de Natal celebrou, neste s\u00e1bado (6), a inaugura\u00e7\u00e3o da Cl\u00ednica de Eriko J\u00e1come, um espa\u00e7o totalmente dedicado ao cuidado da popula\u00e7\u00e3o com atendimento gratuito e permanente em diversas \u00e1reas da sa\u00fade. A cerim\u00f4nia contou com a presen\u00e7a do prefeito Paulinho Freire, do senador Rog\u00e9rio Marinho, do ex-prefeito \u00c1lvaro Dias, do presidente da [&hellip;]<\/p>\n","protected":false},"author":3,"featured_media":17609,"comment_status":"open","ping_status":"open","sticky":false,"template":"","format":"standard","meta":{"cybocfi_hide_featured_image":"","_jetpack_memberships_contains_paid_content":false,"footnotes":""},"categories":[12,3],"tags":[],"class_list":["post-17608","post","type-post","status-publish","format-standard","has-post-thumbnail","hentry","category-cidadania","category-politica"],"yoast_head":"<!-- This site is optimized with the Yoast SEO plugin v25.6 - https:\/\/yoast.com\/wordpress\/plugins\/seo\/ -->\n<title>Zona Norte ganha Cl\u00ednica de Eriko J\u00e1come com servi\u00e7os gratuitos para a popula\u00e7\u00e3o - Blog do Bispo<\/title>\n<meta name=\"robots\" content=\"index, follow, max-snippet:-1, max-image-preview:large, max-video-preview:-1\" \/>\n<link rel=\"canonical\" href=\"https:\/\/blogdobispo.com.br\/?p=17608\" \/>\n<meta property=\"og:locale\" content=\"pt_BR\" \/>\n<meta property=\"og:type\" content=\"article\" \/>\n<meta property=\"og:title\" content=\"Zona Norte ganha Cl\u00ednica de Eriko J\u00e1come com servi\u00e7os gratuitos para a popula\u00e7\u00e3o - Blog do Bispo\" \/>\n<meta property=\"og:description\" content=\"A Zona Norte de Natal celebrou, neste s\u00e1bado (6), a inaugura\u00e7\u00e3o da Cl\u00ednica de Eriko J\u00e1come, um espa\u00e7o totalmente dedicado ao cuidado da popula\u00e7\u00e3o com atendimento gratuito e permanente em diversas \u00e1reas da sa\u00fade. A cerim\u00f4nia contou com a presen\u00e7a do prefeito Paulinho Freire, do senador Rog\u00e9rio Marinho, do ex-prefeito \u00c1lvaro Dias, do presidente da [&hellip;]\" \/>\n<meta property=\"og:url\" content=\"https:\/\/blogdobispo.com.br\/?p=17608\" \/>\n<meta property=\"og:site_name\" content=\"Blog do Bispo\" \/>\n<meta property=\"article:published_time\" content=\"2025-09-08T14:27:28+00:00\" \/>\n<meta property=\"og:image\" content=\"http:\/\/blogdobispo.com.br\/wp-content\/uploads\/2025\/09\/WhatsApp-Image-2025-09-08-at-11.24.40-scaled.jpeg\" \/>\n\t<meta property=\"og:image:width\" content=\"2560\" \/>\n\t<meta property=\"og:image:height\" content=\"1707\" \/>\n\t<meta property=\"og:image:type\" content=\"image\/jpeg\" \/>\n<meta name=\"author\" content=\"Robson Trigueiro\" \/>\n<meta name=\"twitter:card\" content=\"summary_large_image\" \/>\n<meta name=\"twitter:label1\" content=\"Escrito por\" \/>\n\t<meta name=\"twitter:data1\" content=\"Robson Trigueiro\" \/>\n\t<meta name=\"twitter:label2\" content=\"Est. tempo de leitura\" \/>\n\t<meta name=\"twitter:data2\" content=\"2 minutos\" \/>\n<script type=\"application\/ld+json\" class=\"yoast-schema-graph\">{\"@context\":\"https:\/\/schema.org\",\"@graph\":[{\"@type\":\"Article\",\"@id\":\"https:\/\/blogdobispo.com.br\/?p=17608#article\",\"isPartOf\":{\"@id\":\"https:\/\/blogdobispo.com.br\/?p=17608\"},\"author\":{\"name\":\"Robson Trigueiro\",\"@id\":\"https:\/\/blogdobispo.com.br\/#\/schema\/person\/05abe7adb94767ba46bf757b4243d3e0\"},\"headline\":\"Zona Norte ganha Cl\u00ednica de Eriko J\u00e1come com servi\u00e7os gratuitos para a popula\u00e7\u00e3o\",\"datePublished\":\"2025-09-08T14:27:28+00:00\",\"mainEntityOfPage\":{\"@id\":\"https:\/\/blogdobispo.com.br\/?p=17608\"},\"wordCount\":348,\"commentCount\":0,\"publisher\":{\"@id\":\"https:\/\/blogdobispo.com.br\/#organization\"},\"image\":{\"@id\":\"https:\/\/blogdobispo.com.br\/?p=17608#primaryimage\"},\"thumbnailUrl\":\"https:\/\/i0.wp.com\/blogdobispo.com.br\/wp-content\/uploads\/2025\/09\/WhatsApp-Image-2025-09-08-at-11.24.40-scaled.jpeg?fit=2560%2C1707&ssl=1\",\"articleSection\":[\"Cidadania\",\"Pol\u00edtica\"],\"inLanguage\":\"pt-BR\",\"potentialAction\":[{\"@type\":\"CommentAction\",\"name\":\"Comment\",\"target\":[\"https:\/\/blogdobispo.com.br\/?p=17608#respond\"]}]},{\"@type\":\"WebPage\",\"@id\":\"https:\/\/blogdobispo.com.br\/?p=17608\",\"url\":\"https:\/\/blogdobispo.com.br\/?p=17608\",\"name\":\"Zona Norte ganha Cl\u00ednica de Eriko J\u00e1come com servi\u00e7os gratuitos para a popula\u00e7\u00e3o - Blog do Bispo\",\"isPartOf\":{\"@id\":\"https:\/\/blogdobispo.com.br\/#website\"},\"primaryImageOfPage\":{\"@id\":\"https:\/\/blogdobispo.com.br\/?p=17608#primaryimage\"},\"image\":{\"@id\":\"https:\/\/blogdobispo.com.br\/?p=17608#primaryimage\"},\"thumbnailUrl\":\"https:\/\/i0.wp.com\/blogdobispo.com.br\/wp-content\/uploads\/2025\/09\/WhatsApp-Image-2025-09-08-at-11.24.40-scaled.jpeg?fit=2560%2C1707&ssl=1\",\"datePublished\":\"2025-09-08T14:27:28+00:00\",\"breadcrumb\":{\"@id\":\"https:\/\/blogdobispo.com.br\/?p=17608#breadcrumb\"},\"inLanguage\":\"pt-BR\",\"potentialAction\":[{\"@type\":\"ReadAction\",\"target\":[\"https:\/\/blogdobispo.com.br\/?p=17608\"]}]},{\"@type\":\"ImageObject\",\"inLanguage\":\"pt-BR\",\"@id\":\"https:\/\/blogdobispo.com.br\/?p=17608#primaryimage\",\"url\":\"https:\/\/i0.wp.com\/blogdobispo.com.br\/wp-content\/uploads\/2025\/09\/WhatsApp-Image-2025-09-08-at-11.24.40-scaled.jpeg?fit=2560%2C1707&ssl=1\",\"contentUrl\":\"https:\/\/i0.wp.com\/blogdobispo.com.br\/wp-content\/uploads\/2025\/09\/WhatsApp-Image-2025-09-08-at-11.24.40-scaled.jpeg?fit=2560%2C1707&ssl=1\",\"width\":2560,\"height\":1707},{\"@type\":\"BreadcrumbList\",\"@id\":\"https:\/\/blogdobispo.com.br\/?p=17608#breadcrumb\",\"itemListElement\":[{\"@type\":\"ListItem\",\"position\":1,\"name\":\"In\u00edcio\",\"item\":\"https:\/\/blogdobispo.com.br\/\"},{\"@type\":\"ListItem\",\"position\":2,\"name\":\"Zona Norte ganha Cl\u00ednica de Eriko J\u00e1come com servi\u00e7os gratuitos para a popula\u00e7\u00e3o\"}]},{\"@type\":\"WebSite\",\"@id\":\"https:\/\/blogdobispo.com.br\/#website\",\"url\":\"https:\/\/blogdobispo.com.br\/\",\"name\":\"Blog do Bispo\",\"description\":\"Comprometido apenas com o leitor\",\"publisher\":{\"@id\":\"https:\/\/blogdobispo.com.br\/#organization\"},\"potentialAction\":[{\"@type\":\"SearchAction\",\"target\":{\"@type\":\"EntryPoint\",\"urlTemplate\":\"https:\/\/blogdobispo.com.br\/?s={search_term_string}\"},\"query-input\":{\"@type\":\"PropertyValueSpecification\",\"valueRequired\":true,\"valueName\":\"search_term_string\"}}],\"inLanguage\":\"pt-BR\"},{\"@type\":\"Organization\",\"@id\":\"https:\/\/blogdobispo.com.br\/#organization\",\"name\":\"Blog do Bispo\",\"url\":\"https:\/\/blogdobispo.com.br\/\",\"logo\":{\"@type\":\"ImageObject\",\"inLanguage\":\"pt-BR\",\"@id\":\"https:\/\/blogdobispo.com.br\/#\/schema\/logo\/image\/\",\"url\":\"http:\/\/blogdobispo.com.br\/wp-content\/uploads\/2023\/05\/cropped-headear.png\",\"contentUrl\":\"http:\/\/blogdobispo.com.br\/wp-content\/uploads\/2023\/05\/cropped-headear.png\",\"width\":1500,\"height\":399,\"caption\":\"Blog do Bispo\"},\"image\":{\"@id\":\"https:\/\/blogdobispo.com.br\/#\/schema\/logo\/image\/\"}},{\"@type\":\"Person\",\"@id\":\"https:\/\/blogdobispo.com.br\/#\/schema\/person\/05abe7adb94767ba46bf757b4243d3e0\",\"name\":\"Robson Trigueiro\",\"image\":{\"@type\":\"ImageObject\",\"inLanguage\":\"pt-BR\",\"@id\":\"https:\/\/blogdobispo.com.br\/#\/schema\/person\/image\/\",\"url\":\"https:\/\/secure.gravatar.com\/avatar\/b71c79ed1dcbb23d15e3cd8224dbfbd99da477df155b3e777061e3a006422418?s=96&d=mm&r=g\",\"contentUrl\":\"https:\/\/secure.gravatar.com\/avatar\/b71c79ed1dcbb23d15e3cd8224dbfbd99da477df155b3e777061e3a006422418?s=96&d=mm&r=g\",\"caption\":\"Robson Trigueiro\"},\"url\":\"https:\/\/blogdobispo.com.br\/?author=3\"}]}<\/script>\n<!-- \/ Yoast SEO plugin. -->","yoast_head_json":{"title":"Zona Norte ganha Cl\u00ednica de Eriko J\u00e1come com servi\u00e7os gratuitos para a popula\u00e7\u00e3o - Blog do Bispo","robots":{"index":"index","follow":"follow","max-snippet":"max-snippet:-1","max-image-preview":"max-image-preview:large","max-video-preview":"max-video-preview:-1"},"canonical":"https:\/\/blogdobispo.com.br\/?p=17608","og_locale":"pt_BR","og_type":"article","og_title":"Zona Norte ganha Cl\u00ednica de Eriko J\u00e1come com servi\u00e7os gratuitos para a popula\u00e7\u00e3o - Blog do Bispo","og_description":"A Zona Norte de Natal celebrou, neste s\u00e1bado (6), a inaugura\u00e7\u00e3o da Cl\u00ednica de Eriko J\u00e1come, um espa\u00e7o totalmente dedicado ao cuidado da popula\u00e7\u00e3o com atendimento gratuito e permanente em diversas \u00e1reas da sa\u00fade. A cerim\u00f4nia contou com a presen\u00e7a do prefeito Paulinho Freire, do senador Rog\u00e9rio Marinho, do ex-prefeito \u00c1lvaro Dias, do presidente da [&hellip;]","og_url":"https:\/\/blogdobispo.com.br\/?p=17608","og_site_name":"Blog do Bispo","article_published_time":"2025-09-08T14:27:28+00:00","og_image":[{"width":2560,"height":1707,"url":"http:\/\/blogdobispo.com.br\/wp-content\/uploads\/2025\/09\/WhatsApp-Image-2025-09-08-at-11.24.40-scaled.jpeg","type":"image\/jpeg"}],"author":"Robson Trigueiro","twitter_card":"summary_large_image","twitter_misc":{"Escrito por":"Robson Trigueiro","Est. tempo de leitura":"2 minutos"},"schema":{"@context":"https:\/\/schema.org","@graph":[{"@type":"Article","@id":"https:\/\/blogdobispo.com.br\/?p=17608#article","isPartOf":{"@id":"https:\/\/blogdobispo.com.br\/?p=17608"},"author":{"name":"Robson Trigueiro","@id":"https:\/\/blogdobispo.com.br\/#\/schema\/person\/05abe7adb94767ba46bf757b4243d3e0"},"headline":"Zona Norte ganha Cl\u00ednica de Eriko J\u00e1come com servi\u00e7os gratuitos para a popula\u00e7\u00e3o","datePublished":"2025-09-08T14:27:28+00:00","mainEntityOfPage":{"@id":"https:\/\/blogdobispo.com.br\/?p=17608"},"wordCount":348,"commentCount":0,"publisher":{"@id":"https:\/\/blogdobispo.com.br\/#organization"},"image":{"@id":"https:\/\/blogdobispo.com.br\/?p=17608#primaryimage"},"thumbnailUrl":"https:\/\/i0.wp.com\/blogdobispo.com.br\/wp-content\/uploads\/2025\/09\/WhatsApp-Image-2025-09-08-at-11.24.40-scaled.jpeg?fit=2560%2C1707&ssl=1","articleSection":["Cidadania","Pol\u00edtica"],"inLanguage":"pt-BR","potentialAction":[{"@type":"CommentAction","name":"Comment","target":["https:\/\/blogdobispo.com.br\/?p=17608#respond"]}]},{"@type":"WebPage","@id":"https:\/\/blogdobispo.com.br\/?p=17608","url":"https:\/\/blogdobispo.com.br\/?p=17608","name":"Zona Norte ganha Cl\u00ednica de Eriko J\u00e1come com servi\u00e7os gratuitos para a popula\u00e7\u00e3o - Blog do Bispo","isPartOf":{"@id":"https:\/\/blogdobispo.com.br\/#website"},"primaryImageOfPage":{"@id":"https:\/\/blogdobispo.com.br\/?p=17608#primaryimage"},"image":{"@id":"https:\/\/blogdobispo.com.br\/?p=17608#primaryimage"},"thumbnailUrl":"https:\/\/i0.wp.com\/blogdobispo.com.br\/wp-content\/uploads\/2025\/09\/WhatsApp-Image-2025-09-08-at-11.24.40-scaled.jpeg?fit=2560%2C1707&ssl=1","datePublished":"2025-09-08T14:27:28+00:00","breadcrumb":{"@id":"https:\/\/blogdobispo.com.br\/?p=17608#breadcrumb"},"inLanguage":"pt-BR","potentialAction":[{"@type":"ReadAction","target":["https:\/\/blogdobispo.com.br\/?p=17608"]}]},{"@type":"ImageObject","inLanguage":"pt-BR","@id":"https:\/\/blogdobispo.com.br\/?p=17608#primaryimage","url":"https:\/\/i0.wp.com\/blogdobispo.com.br\/wp-content\/uploads\/2025\/09\/WhatsApp-Image-2025-09-08-at-11.24.40-scaled.jpeg?fit=2560%2C1707&ssl=1","contentUrl":"https:\/\/i0.wp.com\/blogdobispo.com.br\/wp-content\/uploads\/2025\/09\/WhatsApp-Image-2025-09-08-at-11.24.40-scaled.jpeg?fit=2560%2C1707&ssl=1","width":2560,"height":1707},{"@type":"BreadcrumbList","@id":"https:\/\/blogdobispo.com.br\/?p=17608#breadcrumb","itemListElement":[{"@type":"ListItem","position":1,"name":"In\u00edcio","item":"https:\/\/blogdobispo.com.br\/"},{"@type":"ListItem","position":2,"name":"Zona Norte ganha Cl\u00ednica de Eriko J\u00e1come com servi\u00e7os gratuitos para a popula\u00e7\u00e3o"}]},{"@type":"WebSite","@id":"https:\/\/blogdobispo.com.br\/#website","url":"https:\/\/blogdobispo.com.br\/","name":"Blog do Bispo","description":"Comprometido apenas com o leitor","publisher":{"@id":"https:\/\/blogdobispo.com.br\/#organization"},"potentialAction":[{"@type":"SearchAction","target":{"@type":"EntryPoint","urlTemplate":"https:\/\/blogdobispo.com.br\/?s={search_term_string}"},"query-input":{"@type":"PropertyValueSpecification","valueRequired":true,"valueName":"search_term_string"}}],"inLanguage":"pt-BR"},{"@type":"Organization","@id":"https:\/\/blogdobispo.com.br\/#organization","name":"Blog do Bispo","url":"https:\/\/blogdobispo.com.br\/","logo":{"@type":"ImageObject","inLanguage":"pt-BR","@id":"https:\/\/blogdobispo.com.br\/#\/schema\/logo\/image\/","url":"http:\/\/blogdobispo.com.br\/wp-content\/uploads\/2023\/05\/cropped-headear.png","contentUrl":"http:\/\/blogdobispo.com.br\/wp-content\/uploads\/2023\/05\/cropped-headear.png","width":1500,"height":399,"caption":"Blog do Bispo"},"image":{"@id":"https:\/\/blogdobispo.com.br\/#\/schema\/logo\/image\/"}},{"@type":"Person","@id":"https:\/\/blogdobispo.com.br\/#\/schema\/person\/05abe7adb94767ba46bf757b4243d3e0","name":"Robson Trigueiro","image":{"@type":"ImageObject","inLanguage":"pt-BR","@id":"https:\/\/blogdobispo.com.br\/#\/schema\/person\/image\/","url":"https:\/\/secure.gravatar.com\/avatar\/b71c79ed1dcbb23d15e3cd8224dbfbd99da477df155b3e777061e3a006422418?s=96&d=mm&r=g","contentUrl":"https:\/\/secure.gravatar.com\/avatar\/b71c79ed1dcbb23d15e3cd8224dbfbd99da477df155b3e777061e3a006422418?s=96&d=mm&r=g","caption":"Robson Trigueiro"},"url":"https:\/\/blogdobispo.com.br\/?author=3"}]}},"featured_image_urls":{"full":["https:\/\/i0.wp.com\/blogdobispo.com.br\/wp-content\/uploads\/2025\/09\/WhatsApp-Image-2025-09-08-at-11.24.40-scaled.jpeg?fit=2560%2C1707&ssl=1",2560,1707,false],"thumbnail":["https:\/\/i0.wp.com\/blogdobispo.com.br\/wp-content\/uploads\/2025\/09\/WhatsApp-Image-2025-09-08-at-11.24.40-scaled.jpeg?resize=150%2C150&ssl=1",150,150,true],"medium":["https:\/\/i0.wp.com\/blogdobispo.com.br\/wp-content\/uploads\/2025\/09\/WhatsApp-Image-2025-09-08-at-11.24.40-scaled.jpeg?fit=300%2C200&ssl=1",300,200,true],"medium_large":["https:\/\/i0.wp.com\/blogdobispo.com.br\/wp-content\/uploads\/2025\/09\/WhatsApp-Image-2025-09-08-at-11.24.40-scaled.jpeg?fit=768%2C512&ssl=1",768,512,true],"large":["https:\/\/i0.wp.com\/blogdobispo.com.br\/wp-content\/uploads\/2025\/09\/WhatsApp-Image-2025-09-08-at-11.24.40-scaled.jpeg?fit=800%2C534&ssl=1",800,534,true],"1536x1536":["https:\/\/i0.wp.com\/blogdobispo.com.br\/wp-content\/uploads\/2025\/09\/WhatsApp-Image-2025-09-08-at-11.24.40-scaled.jpeg?fit=1536%2C1024&ssl=1",1536,1024,true],"2048x2048":["https:\/\/i0.wp.com\/blogdobispo.com.br\/wp-content\/uploads\/2025\/09\/WhatsApp-Image-2025-09-08-at-11.24.40-scaled.jpeg?fit=2048%2C1366&ssl=1",2048,1366,true]},"author_info":{"display_name":"Robson Trigueiro","author_link":"https:\/\/blogdobispo.com.br\/?author=3"},"category_info":"<a href=\"https:\/\/blogdobispo.com.br\/?cat=12\" rel=\"category\">Cidadania<\/a> <a href=\"https:\/\/blogdobispo.com.br\/?cat=3\" rel=\"category\">Pol\u00edtica<\/a>","tag_info":"Pol\u00edtica","comment_count":"0","jetpack_featured_media_url":"https:\/\/i0.wp.com\/blogdobispo.com.br\/wp-content\/uploads\/2025\/09\/WhatsApp-Image-2025-09-08-at-11.24.40-scaled.jpeg?fit=2560%2C1707&ssl=1","jetpack_sharing_enabled":true,"_links":{"self":[{"href":"https:\/\/blogdobispo.com.br\/index.php?rest_route=\/wp\/v2\/posts\/17608","targetHints":{"allow":["GET"]}}],"collection":[{"href":"https:\/\/blogdobispo.com.br\/index.php?rest_route=\/wp\/v2\/posts"}],"about":[{"href":"https:\/\/blogdobispo.com.br\/index.php?rest_route=\/wp\/v2\/types\/post"}],"author":[{"embeddable":true,"href":"https:\/\/blogdobispo.com.br\/index.php?rest_route=\/wp\/v2\/users\/3"}],"replies":[{"embeddable":true,"href":"https:\/\/blogdobispo.com.br\/index.php?rest_route=%2Fwp%2Fv2%2Fcomments&post=17608"}],"version-history":[{"count":1,"href":"https:\/\/blogdobispo.com.br\/index.php?rest_route=\/wp\/v2\/posts\/17608\/revisions"}],"predecessor-version":[{"id":17610,"href":"https:\/\/blogdobispo.com.br\/index.php?rest_route=\/wp\/v2\/posts\/17608\/revisions\/17610"}],"wp:featuredmedia":[{"embeddable":true,"href":"https:\/\/blogdobispo.com.br\/index.php?rest_route=\/wp\/v2\/media\/17609"}],"wp:attachment":[{"href":"https:\/\/blogdobispo.com.br\/index.php?rest_route=%2Fwp%2Fv2%2Fmedia&parent=17608"}],"wp:term":[{"taxonomy":"category","embeddable":true,"href":"https:\/\/blogdobispo.com.br\/index.php?rest_route=%2Fwp%2Fv2%2Fcategories&post=17608"},{"taxonomy":"post_tag","embeddable":true,"href":"https:\/\/blogdobispo.com.br\/index.php?rest_route=%2Fwp%2Fv2%2Ftags&post=17608"}],"curies":[{"name":"wp","href":"https:\/\/api.w.org\/{rel}","templated":true}]}}