{"id":17606,"date":"2025-09-08T14:25:02","date_gmt":"2025-09-08T14:25:02","guid":{"rendered":"https:\/\/blogdobispo.com.br\/?p=17606"},"modified":"2025-09-08T14:25:02","modified_gmt":"2025-09-08T14:25:02","slug":"na-primeira-semana-do-novo-contrato-das-unidades-de-saude-de-natal-quase-10-mil-atendimentos-realizados","status":"publish","type":"post","link":"https:\/\/blogdobispo.com.br\/?p=17606","title":{"rendered":"Na primeira semana do novo contrato das unidades de sa\u00fade de Natal, quase 10 mil atendimentos realizados"},"content":{"rendered":"<header>\n<h1 class=\"entry-title\"><em style=\"font-size: 16px;\"><img data-recalc-dims=\"1\" fetchpriority=\"high\" decoding=\"async\" class=\"lazy alignnone size-full wp-image-989751 medium-zoom-image lazy-loaded\" src=\"https:\/\/i0.wp.com\/assets.blogdobg.com.br\/uploads\/2025\/09\/e3de5b75-7e8d-449d-ae3d-81e017e38d1e.jpeg?resize=800%2C600&#038;ssl=1\" sizes=\"(max-width: 1600px) 100vw, 1600px\" srcset=\"https:\/\/assets.blogdobg.com.br\/uploads\/2025\/09\/e3de5b75-7e8d-449d-ae3d-81e017e38d1e.jpeg 1600w, https:\/\/assets.blogdobg.com.br\/uploads\/2025\/09\/e3de5b75-7e8d-449d-ae3d-81e017e38d1e-300x225.jpeg 300w, https:\/\/assets.blogdobg.com.br\/uploads\/2025\/09\/e3de5b75-7e8d-449d-ae3d-81e017e38d1e-1024x768.jpeg 1024w, https:\/\/assets.blogdobg.com.br\/uploads\/2025\/09\/e3de5b75-7e8d-449d-ae3d-81e017e38d1e-768x576.jpeg 768w, https:\/\/assets.blogdobg.com.br\/uploads\/2025\/09\/e3de5b75-7e8d-449d-ae3d-81e017e38d1e-1536x1152.jpeg 1536w\" alt=\"\" width=\"800\" height=\"600\" data-lazy-type=\"image\" data-lazy-src=\"https:\/\/i0.wp.com\/assets.blogdobg.com.br\/uploads\/2025\/09\/e3de5b75-7e8d-449d-ae3d-81e017e38d1e.jpeg?ssl=1\" data-lazy-srcset=\"https:\/\/assets.blogdobg.com.br\/uploads\/2025\/09\/e3de5b75-7e8d-449d-ae3d-81e017e38d1e.jpeg 1600w, https:\/\/assets.blogdobg.com.br\/uploads\/2025\/09\/e3de5b75-7e8d-449d-ae3d-81e017e38d1e-300x225.jpeg 300w, https:\/\/assets.blogdobg.com.br\/uploads\/2025\/09\/e3de5b75-7e8d-449d-ae3d-81e017e38d1e-1024x768.jpeg 1024w, https:\/\/assets.blogdobg.com.br\/uploads\/2025\/09\/e3de5b75-7e8d-449d-ae3d-81e017e38d1e-768x576.jpeg 768w, https:\/\/assets.blogdobg.com.br\/uploads\/2025\/09\/e3de5b75-7e8d-449d-ae3d-81e017e38d1e-1536x1152.jpeg 1536w\" data-lazy-sizes=\"(max-width: 1600px) 100vw, 1600px\" \/>Foto: Divulga\u00e7\u00e3o\u00a0<\/em><\/h1>\n<\/header>\n<div class=\"entry-content mb-4\">\n<p>A primeira semana do novo contrato para as escalas m\u00e9dicas das unidades de sa\u00fade da Prefeitura de Natal, os n\u00fameros demonstram o atendimento. Foram quase 10 mil atendimentos. O balan\u00e7o foi divulgado hoje pela Justiz Terceiriza\u00e7\u00e3o, empresa que venceu o processo feito pela Secretaria Municipal de Sa\u00fade.<\/p>\n<p>Do volume de atendimentos, o maior registro foi na Unidade de Pronto Atendimento de Cidade da Esperan\u00e7a, que registrou 2.462 atendimentos, no per\u00edodo de primeiro a sete de setembro.<br \/>\nA Unidade de Pronto Atendimento do Potengi registrou 2 mil atendimentos. J\u00e1 a UPA de Sat\u00e9lite fechou a primeira semana com 1.701 atendimentos.<\/p>\n<p>\u201cEsses n\u00fameros mostram todo compromisso da nossa equipe em garantir atendimento humanizado e de qualidade. N\u00f3s estamos conseguindo atender a todos sem as longas filas e isso tem uma explica\u00e7\u00e3o: refor\u00e7amos as escalas. O compromisso da Justiz \u00e9 prestar o atendimento de excel\u00eancia, que sempre caracteriza nosso servi\u00e7o\u201d, destaca Brenda Justiz, diretor da Justiz Terceiriza\u00e7\u00e3o.<\/p>\n<\/div>\n","protected":false},"excerpt":{"rendered":"<p>Foto: Divulga\u00e7\u00e3o\u00a0 A primeira semana do novo contrato para as escalas m\u00e9dicas das unidades de sa\u00fade da Prefeitura de Natal, os n\u00fameros demonstram o atendimento. Foram quase 10 mil atendimentos. O balan\u00e7o foi divulgado hoje pela Justiz Terceiriza\u00e7\u00e3o, empresa que venceu o processo feito pela Secretaria Municipal de Sa\u00fade. Do volume de atendimentos, o maior [&hellip;]<\/p>\n","protected":false},"author":3,"featured_media":0,"comment_status":"open","ping_status":"open","sticky":false,"template":"","format":"standard","meta":{"cybocfi_hide_featured_image":"","_jetpack_memberships_contains_paid_content":false,"footnotes":""},"categories":[12,3],"tags":[],"class_list":["post-17606","post","type-post","status-publish","format-standard","hentry","category-cidadania","category-politica"],"yoast_head":"<!-- This site is optimized with the Yoast SEO plugin v25.6 - https:\/\/yoast.com\/wordpress\/plugins\/seo\/ -->\n<title>Na primeira semana do novo contrato das unidades de sa\u00fade de Natal, quase 10 mil atendimentos realizados - Blog do Bispo<\/title>\n<meta name=\"robots\" content=\"index, follow, max-snippet:-1, max-image-preview:large, max-video-preview:-1\" \/>\n<link rel=\"canonical\" href=\"https:\/\/blogdobispo.com.br\/?p=17606\" \/>\n<meta property=\"og:locale\" content=\"pt_BR\" \/>\n<meta property=\"og:type\" content=\"article\" \/>\n<meta property=\"og:title\" content=\"Na primeira semana do novo contrato das unidades de sa\u00fade de Natal, quase 10 mil atendimentos realizados - Blog do Bispo\" \/>\n<meta property=\"og:description\" content=\"Foto: Divulga\u00e7\u00e3o\u00a0 A primeira semana do novo contrato para as escalas m\u00e9dicas das unidades de sa\u00fade da Prefeitura de Natal, os n\u00fameros demonstram o atendimento. Foram quase 10 mil atendimentos. O balan\u00e7o foi divulgado hoje pela Justiz Terceiriza\u00e7\u00e3o, empresa que venceu o processo feito pela Secretaria Municipal de Sa\u00fade. Do volume de atendimentos, o maior [&hellip;]\" \/>\n<meta property=\"og:url\" content=\"https:\/\/blogdobispo.com.br\/?p=17606\" \/>\n<meta property=\"og:site_name\" content=\"Blog do Bispo\" \/>\n<meta property=\"article:published_time\" content=\"2025-09-08T14:25:02+00:00\" \/>\n<meta property=\"og:image\" content=\"https:\/\/assets.blogdobg.com.br\/uploads\/2025\/09\/e3de5b75-7e8d-449d-ae3d-81e017e38d1e.jpeg\" \/>\n<meta name=\"author\" content=\"Robson Trigueiro\" \/>\n<meta name=\"twitter:card\" content=\"summary_large_image\" \/>\n<meta name=\"twitter:label1\" content=\"Escrito por\" \/>\n\t<meta name=\"twitter:data1\" content=\"Robson Trigueiro\" \/>\n\t<meta name=\"twitter:label2\" content=\"Est. tempo de leitura\" \/>\n\t<meta name=\"twitter:data2\" content=\"2 minutos\" \/>\n<script type=\"application\/ld+json\" class=\"yoast-schema-graph\">{\"@context\":\"https:\/\/schema.org\",\"@graph\":[{\"@type\":\"Article\",\"@id\":\"https:\/\/blogdobispo.com.br\/?p=17606#article\",\"isPartOf\":{\"@id\":\"https:\/\/blogdobispo.com.br\/?p=17606\"},\"author\":{\"name\":\"Robson Trigueiro\",\"@id\":\"https:\/\/blogdobispo.com.br\/#\/schema\/person\/05abe7adb94767ba46bf757b4243d3e0\"},\"headline\":\"Na primeira semana do novo contrato das unidades de sa\u00fade de Natal, quase 10 mil atendimentos realizados\",\"datePublished\":\"2025-09-08T14:25:02+00:00\",\"mainEntityOfPage\":{\"@id\":\"https:\/\/blogdobispo.com.br\/?p=17606\"},\"wordCount\":185,\"commentCount\":0,\"publisher\":{\"@id\":\"https:\/\/blogdobispo.com.br\/#organization\"},\"image\":{\"@id\":\"https:\/\/blogdobispo.com.br\/?p=17606#primaryimage\"},\"thumbnailUrl\":\"https:\/\/assets.blogdobg.com.br\/uploads\/2025\/09\/e3de5b75-7e8d-449d-ae3d-81e017e38d1e.jpeg\",\"articleSection\":[\"Cidadania\",\"Pol\u00edtica\"],\"inLanguage\":\"pt-BR\",\"potentialAction\":[{\"@type\":\"CommentAction\",\"name\":\"Comment\",\"target\":[\"https:\/\/blogdobispo.com.br\/?p=17606#respond\"]}]},{\"@type\":\"WebPage\",\"@id\":\"https:\/\/blogdobispo.com.br\/?p=17606\",\"url\":\"https:\/\/blogdobispo.com.br\/?p=17606\",\"name\":\"Na primeira semana do novo contrato das unidades de sa\u00fade de Natal, quase 10 mil atendimentos realizados - Blog do Bispo\",\"isPartOf\":{\"@id\":\"https:\/\/blogdobispo.com.br\/#website\"},\"primaryImageOfPage\":{\"@id\":\"https:\/\/blogdobispo.com.br\/?p=17606#primaryimage\"},\"image\":{\"@id\":\"https:\/\/blogdobispo.com.br\/?p=17606#primaryimage\"},\"thumbnailUrl\":\"https:\/\/assets.blogdobg.com.br\/uploads\/2025\/09\/e3de5b75-7e8d-449d-ae3d-81e017e38d1e.jpeg\",\"datePublished\":\"2025-09-08T14:25:02+00:00\",\"breadcrumb\":{\"@id\":\"https:\/\/blogdobispo.com.br\/?p=17606#breadcrumb\"},\"inLanguage\":\"pt-BR\",\"potentialAction\":[{\"@type\":\"ReadAction\",\"target\":[\"https:\/\/blogdobispo.com.br\/?p=17606\"]}]},{\"@type\":\"ImageObject\",\"inLanguage\":\"pt-BR\",\"@id\":\"https:\/\/blogdobispo.com.br\/?p=17606#primaryimage\",\"url\":\"https:\/\/assets.blogdobg.com.br\/uploads\/2025\/09\/e3de5b75-7e8d-449d-ae3d-81e017e38d1e.jpeg\",\"contentUrl\":\"https:\/\/assets.blogdobg.com.br\/uploads\/2025\/09\/e3de5b75-7e8d-449d-ae3d-81e017e38d1e.jpeg\"},{\"@type\":\"BreadcrumbList\",\"@id\":\"https:\/\/blogdobispo.com.br\/?p=17606#breadcrumb\",\"itemListElement\":[{\"@type\":\"ListItem\",\"position\":1,\"name\":\"In\u00edcio\",\"item\":\"https:\/\/blogdobispo.com.br\/\"},{\"@type\":\"ListItem\",\"position\":2,\"name\":\"Na primeira semana do novo contrato das unidades de sa\u00fade de Natal, quase 10 mil atendimentos realizados\"}]},{\"@type\":\"WebSite\",\"@id\":\"https:\/\/blogdobispo.com.br\/#website\",\"url\":\"https:\/\/blogdobispo.com.br\/\",\"name\":\"Blog do Bispo\",\"description\":\"Comprometido apenas com o leitor\",\"publisher\":{\"@id\":\"https:\/\/blogdobispo.com.br\/#organization\"},\"potentialAction\":[{\"@type\":\"SearchAction\",\"target\":{\"@type\":\"EntryPoint\",\"urlTemplate\":\"https:\/\/blogdobispo.com.br\/?s={search_term_string}\"},\"query-input\":{\"@type\":\"PropertyValueSpecification\",\"valueRequired\":true,\"valueName\":\"search_term_string\"}}],\"inLanguage\":\"pt-BR\"},{\"@type\":\"Organization\",\"@id\":\"https:\/\/blogdobispo.com.br\/#organization\",\"name\":\"Blog do Bispo\",\"url\":\"https:\/\/blogdobispo.com.br\/\",\"logo\":{\"@type\":\"ImageObject\",\"inLanguage\":\"pt-BR\",\"@id\":\"https:\/\/blogdobispo.com.br\/#\/schema\/logo\/image\/\",\"url\":\"http:\/\/blogdobispo.com.br\/wp-content\/uploads\/2023\/05\/cropped-headear.png\",\"contentUrl\":\"http:\/\/blogdobispo.com.br\/wp-content\/uploads\/2023\/05\/cropped-headear.png\",\"width\":1500,\"height\":399,\"caption\":\"Blog do Bispo\"},\"image\":{\"@id\":\"https:\/\/blogdobispo.com.br\/#\/schema\/logo\/image\/\"}},{\"@type\":\"Person\",\"@id\":\"https:\/\/blogdobispo.com.br\/#\/schema\/person\/05abe7adb94767ba46bf757b4243d3e0\",\"name\":\"Robson Trigueiro\",\"image\":{\"@type\":\"ImageObject\",\"inLanguage\":\"pt-BR\",\"@id\":\"https:\/\/blogdobispo.com.br\/#\/schema\/person\/image\/\",\"url\":\"https:\/\/secure.gravatar.com\/avatar\/b71c79ed1dcbb23d15e3cd8224dbfbd99da477df155b3e777061e3a006422418?s=96&d=mm&r=g\",\"contentUrl\":\"https:\/\/secure.gravatar.com\/avatar\/b71c79ed1dcbb23d15e3cd8224dbfbd99da477df155b3e777061e3a006422418?s=96&d=mm&r=g\",\"caption\":\"Robson Trigueiro\"},\"url\":\"https:\/\/blogdobispo.com.br\/?author=3\"}]}<\/script>\n<!-- \/ Yoast SEO plugin. -->","yoast_head_json":{"title":"Na primeira semana do novo contrato das unidades de sa\u00fade de Natal, quase 10 mil atendimentos realizados - Blog do Bispo","robots":{"index":"index","follow":"follow","max-snippet":"max-snippet:-1","max-image-preview":"max-image-preview:large","max-video-preview":"max-video-preview:-1"},"canonical":"https:\/\/blogdobispo.com.br\/?p=17606","og_locale":"pt_BR","og_type":"article","og_title":"Na primeira semana do novo contrato das unidades de sa\u00fade de Natal, quase 10 mil atendimentos realizados - Blog do Bispo","og_description":"Foto: Divulga\u00e7\u00e3o\u00a0 A primeira semana do novo contrato para as escalas m\u00e9dicas das unidades de sa\u00fade da Prefeitura de Natal, os n\u00fameros demonstram o atendimento. Foram quase 10 mil atendimentos. O balan\u00e7o foi divulgado hoje pela Justiz Terceiriza\u00e7\u00e3o, empresa que venceu o processo feito pela Secretaria Municipal de Sa\u00fade. Do volume de atendimentos, o maior [&hellip;]","og_url":"https:\/\/blogdobispo.com.br\/?p=17606","og_site_name":"Blog do Bispo","article_published_time":"2025-09-08T14:25:02+00:00","og_image":[{"url":"https:\/\/assets.blogdobg.com.br\/uploads\/2025\/09\/e3de5b75-7e8d-449d-ae3d-81e017e38d1e.jpeg","type":"","width":"","height":""}],"author":"Robson Trigueiro","twitter_card":"summary_large_image","twitter_misc":{"Escrito por":"Robson Trigueiro","Est. tempo de leitura":"2 minutos"},"schema":{"@context":"https:\/\/schema.org","@graph":[{"@type":"Article","@id":"https:\/\/blogdobispo.com.br\/?p=17606#article","isPartOf":{"@id":"https:\/\/blogdobispo.com.br\/?p=17606"},"author":{"name":"Robson Trigueiro","@id":"https:\/\/blogdobispo.com.br\/#\/schema\/person\/05abe7adb94767ba46bf757b4243d3e0"},"headline":"Na primeira semana do novo contrato das unidades de sa\u00fade de Natal, quase 10 mil atendimentos realizados","datePublished":"2025-09-08T14:25:02+00:00","mainEntityOfPage":{"@id":"https:\/\/blogdobispo.com.br\/?p=17606"},"wordCount":185,"commentCount":0,"publisher":{"@id":"https:\/\/blogdobispo.com.br\/#organization"},"image":{"@id":"https:\/\/blogdobispo.com.br\/?p=17606#primaryimage"},"thumbnailUrl":"https:\/\/assets.blogdobg.com.br\/uploads\/2025\/09\/e3de5b75-7e8d-449d-ae3d-81e017e38d1e.jpeg","articleSection":["Cidadania","Pol\u00edtica"],"inLanguage":"pt-BR","potentialAction":[{"@type":"CommentAction","name":"Comment","target":["https:\/\/blogdobispo.com.br\/?p=17606#respond"]}]},{"@type":"WebPage","@id":"https:\/\/blogdobispo.com.br\/?p=17606","url":"https:\/\/blogdobispo.com.br\/?p=17606","name":"Na primeira semana do novo contrato das unidades de sa\u00fade de Natal, quase 10 mil atendimentos realizados - Blog do Bispo","isPartOf":{"@id":"https:\/\/blogdobispo.com.br\/#website"},"primaryImageOfPage":{"@id":"https:\/\/blogdobispo.com.br\/?p=17606#primaryimage"},"image":{"@id":"https:\/\/blogdobispo.com.br\/?p=17606#primaryimage"},"thumbnailUrl":"https:\/\/assets.blogdobg.com.br\/uploads\/2025\/09\/e3de5b75-7e8d-449d-ae3d-81e017e38d1e.jpeg","datePublished":"2025-09-08T14:25:02+00:00","breadcrumb":{"@id":"https:\/\/blogdobispo.com.br\/?p=17606#breadcrumb"},"inLanguage":"pt-BR","potentialAction":[{"@type":"ReadAction","target":["https:\/\/blogdobispo.com.br\/?p=17606"]}]},{"@type":"ImageObject","inLanguage":"pt-BR","@id":"https:\/\/blogdobispo.com.br\/?p=17606#primaryimage","url":"https:\/\/assets.blogdobg.com.br\/uploads\/2025\/09\/e3de5b75-7e8d-449d-ae3d-81e017e38d1e.jpeg","contentUrl":"https:\/\/assets.blogdobg.com.br\/uploads\/2025\/09\/e3de5b75-7e8d-449d-ae3d-81e017e38d1e.jpeg"},{"@type":"BreadcrumbList","@id":"https:\/\/blogdobispo.com.br\/?p=17606#breadcrumb","itemListElement":[{"@type":"ListItem","position":1,"name":"In\u00edcio","item":"https:\/\/blogdobispo.com.br\/"},{"@type":"ListItem","position":2,"name":"Na primeira semana do novo contrato das unidades de sa\u00fade de Natal, quase 10 mil atendimentos realizados"}]},{"@type":"WebSite","@id":"https:\/\/blogdobispo.com.br\/#website","url":"https:\/\/blogdobispo.com.br\/","name":"Blog do Bispo","description":"Comprometido apenas com o leitor","publisher":{"@id":"https:\/\/blogdobispo.com.br\/#organization"},"potentialAction":[{"@type":"SearchAction","target":{"@type":"EntryPoint","urlTemplate":"https:\/\/blogdobispo.com.br\/?s={search_term_string}"},"query-input":{"@type":"PropertyValueSpecification","valueRequired":true,"valueName":"search_term_string"}}],"inLanguage":"pt-BR"},{"@type":"Organization","@id":"https:\/\/blogdobispo.com.br\/#organization","name":"Blog do Bispo","url":"https:\/\/blogdobispo.com.br\/","logo":{"@type":"ImageObject","inLanguage":"pt-BR","@id":"https:\/\/blogdobispo.com.br\/#\/schema\/logo\/image\/","url":"http:\/\/blogdobispo.com.br\/wp-content\/uploads\/2023\/05\/cropped-headear.png","contentUrl":"http:\/\/blogdobispo.com.br\/wp-content\/uploads\/2023\/05\/cropped-headear.png","width":1500,"height":399,"caption":"Blog do Bispo"},"image":{"@id":"https:\/\/blogdobispo.com.br\/#\/schema\/logo\/image\/"}},{"@type":"Person","@id":"https:\/\/blogdobispo.com.br\/#\/schema\/person\/05abe7adb94767ba46bf757b4243d3e0","name":"Robson Trigueiro","image":{"@type":"ImageObject","inLanguage":"pt-BR","@id":"https:\/\/blogdobispo.com.br\/#\/schema\/person\/image\/","url":"https:\/\/secure.gravatar.com\/avatar\/b71c79ed1dcbb23d15e3cd8224dbfbd99da477df155b3e777061e3a006422418?s=96&d=mm&r=g","contentUrl":"https:\/\/secure.gravatar.com\/avatar\/b71c79ed1dcbb23d15e3cd8224dbfbd99da477df155b3e777061e3a006422418?s=96&d=mm&r=g","caption":"Robson Trigueiro"},"url":"https:\/\/blogdobispo.com.br\/?author=3"}]}},"featured_image_urls":{"full":"","thumbnail":"","medium":"","medium_large":"","large":"","1536x1536":"","2048x2048":""},"author_info":{"display_name":"Robson Trigueiro","author_link":"https:\/\/blogdobispo.com.br\/?author=3"},"category_info":"<a href=\"https:\/\/blogdobispo.com.br\/?cat=12\" rel=\"category\">Cidadania<\/a> <a href=\"https:\/\/blogdobispo.com.br\/?cat=3\" rel=\"category\">Pol\u00edtica<\/a>","tag_info":"Pol\u00edtica","comment_count":"0","jetpack_featured_media_url":"","jetpack_sharing_enabled":true,"_links":{"self":[{"href":"https:\/\/blogdobispo.com.br\/index.php?rest_route=\/wp\/v2\/posts\/17606","targetHints":{"allow":["GET"]}}],"collection":[{"href":"https:\/\/blogdobispo.com.br\/index.php?rest_route=\/wp\/v2\/posts"}],"about":[{"href":"https:\/\/blogdobispo.com.br\/index.php?rest_route=\/wp\/v2\/types\/post"}],"author":[{"embeddable":true,"href":"https:\/\/blogdobispo.com.br\/index.php?rest_route=\/wp\/v2\/users\/3"}],"replies":[{"embeddable":true,"href":"https:\/\/blogdobispo.com.br\/index.php?rest_route=%2Fwp%2Fv2%2Fcomments&post=17606"}],"version-history":[{"count":1,"href":"https:\/\/blogdobispo.com.br\/index.php?rest_route=\/wp\/v2\/posts\/17606\/revisions"}],"predecessor-version":[{"id":17607,"href":"https:\/\/blogdobispo.com.br\/index.php?rest_route=\/wp\/v2\/posts\/17606\/revisions\/17607"}],"wp:attachment":[{"href":"https:\/\/blogdobispo.com.br\/index.php?rest_route=%2Fwp%2Fv2%2Fmedia&parent=17606"}],"wp:term":[{"taxonomy":"category","embeddable":true,"href":"https:\/\/blogdobispo.com.br\/index.php?rest_route=%2Fwp%2Fv2%2Fcategories&post=17606"},{"taxonomy":"post_tag","embeddable":true,"href":"https:\/\/blogdobispo.com.br\/index.php?rest_route=%2Fwp%2Fv2%2Ftags&post=17606"}],"curies":[{"name":"wp","href":"https:\/\/api.w.org\/{rel}","templated":true}]}}