{"id":17600,"date":"2025-09-06T17:06:03","date_gmt":"2025-09-06T17:06:03","guid":{"rendered":"https:\/\/blogdobispo.com.br\/?p=17600"},"modified":"2025-09-06T17:06:03","modified_gmt":"2025-09-06T17:06:03","slug":"prefeito-e-vice-de-marcelino-vieira-tem-mandatos-cassados","status":"publish","type":"post","link":"https:\/\/blogdobispo.com.br\/?p=17600","title":{"rendered":"Prefeito e vice de Marcelino Vieira t\u00eam mandatos cassados"},"content":{"rendered":"\n<p>A Justi\u00e7a Eleitoral de primeira inst\u00e2ncia cassou, nesta sexta-feira (05\/09), os mandatos do prefeito de Marcelino Vieira,&nbsp;&nbsp;<strong>Hindemberg Pontes de Lima,<\/strong>&nbsp;conhecido por&nbsp;<strong>Dibed&nbsp;<\/strong>(Podemos) e,&nbsp; da vice-prefeita&nbsp;<strong>Dra. Juliana Emidia Nascimento Costa&nbsp;<\/strong>(PL), na regi\u00e3o oeste potiguar. A senten\u00e7a foi proferida pelo juiz&nbsp;Osvaldo C\u00e2ndido de Lima J\u00fanior, da 65\u00aa Zona Eleitoral de Pau dos Ferros, e publicada no Di\u00e1rio da Justi\u00e7a Eletr\u00f4nico(DJE).<\/p>\n\n\n\n<p>Os gestores foram denunciados pela pr\u00e1tica de abuso de poder pol\u00edtico e econ\u00f4mico durante o processo eleitoral de 2024. Al\u00e9m da cassa\u00e7\u00e3o dos mandatos, tamb\u00e9m foi determinada a inelegibilidade do ex-prefeito Kerles J\u00e1come Sarmento(\u201cBabau\u201d) pelo prazo de oito anos. Ele era o chefe do executivo local \u00e0 \u00e9poca do pleito.<\/p>\n\n\n\n<p>A A\u00e7\u00e3o de Investiga\u00e7\u00e3o Judicial Eleitoral(AIJE) foi proposta pela coliga\u00e7\u00e3o \u201cMarcelino Vieira para Todos\u201d \u2013 Federa\u00e7\u00e3o Brasil da Esperan\u00e7a (PT\/PCdoB\/PV) e PSD.<\/p>\n\n\n\n<p>Por se tratar de decis\u00e3o de primeira inst\u00e2ncia, prefeito e vice seguem nos cargos at\u00e9 o julgamento dos recursos.<\/p>\n\n\n\n<p>Em caso da decis\u00e3o ser mantida, ambos ser\u00e3o afastados e o presidente da C\u00e2mara de Vereadores dever\u00e1 assumir o Executivo Municipal at\u00e9 a realiza\u00e7\u00e3o de novas elei\u00e7\u00f5es no munic\u00edpio por determina\u00e7\u00e3o do Tribunal Regional Eleitoral (TRE-RN).<\/p>\n\n\n\n<p>Dibed Pontes foi eleito prefeito em 2024 pelo partido Podemos com&nbsp;&nbsp;<strong>3.135 votos<\/strong>, o equivalente a 50,57% dos votos v\u00e1lidos.&nbsp;Ele derrotou o candidato Dr. Geraldinho (PSD), que obteve&nbsp;3.064 votos (49,43%). A diferen\u00e7a entre os dois foi de apenas 71 votos.&nbsp;<\/p>\n\n\n\n<p><em>Fonte: Portal Fatos do RN<\/em><\/p>\n\n\n\n<figure class=\"wp-block-image size-large\"><img data-recalc-dims=\"1\" fetchpriority=\"high\" decoding=\"async\" width=\"300\" height=\"218\" src=\"https:\/\/i0.wp.com\/blogdobispo.com.br\/wp-content\/uploads\/2025\/09\/img_6451-1-300x218.png?resize=300%2C218&#038;ssl=1\" class=\"wp-image-17599\" srcset=\"https:\/\/i0.wp.com\/blogdobispo.com.br\/wp-content\/uploads\/2025\/09\/img_6451-1.png?resize=300%2C218&amp;ssl=1 300w, https:\/\/i0.wp.com\/blogdobispo.com.br\/wp-content\/uploads\/2025\/09\/img_6451-1.png?w=390&amp;ssl=1 390w\" sizes=\"(max-width: 300px) 100vw, 300px\" \/><\/figure>\n","protected":false},"excerpt":{"rendered":"<p>A Justi\u00e7a Eleitoral de primeira inst\u00e2ncia cassou, nesta sexta-feira (05\/09), os mandatos do prefeito de Marcelino Vieira,&nbsp;&nbsp;Hindemberg Pontes de Lima,&nbsp;conhecido por&nbsp;Dibed&nbsp;(Podemos) e,&nbsp; da vice-prefeita&nbsp;Dra. Juliana Emidia Nascimento Costa&nbsp;(PL), na regi\u00e3o oeste potiguar. A senten\u00e7a foi proferida pelo juiz&nbsp;Osvaldo C\u00e2ndido de Lima J\u00fanior, da 65\u00aa Zona Eleitoral de Pau dos Ferros, e publicada no Di\u00e1rio da [&hellip;]<\/p>\n","protected":false},"author":1,"featured_media":17597,"comment_status":"open","ping_status":"open","sticky":false,"template":"","format":"standard","meta":{"cybocfi_hide_featured_image":"","_jetpack_memberships_contains_paid_content":false,"footnotes":""},"categories":[1],"tags":[],"class_list":["post-17600","post","type-post","status-publish","format-standard","has-post-thumbnail","hentry","category-diversos"],"yoast_head":"<!-- This site is optimized with the Yoast SEO plugin v25.6 - https:\/\/yoast.com\/wordpress\/plugins\/seo\/ -->\n<title>Prefeito e vice de Marcelino Vieira t\u00eam mandatos cassados - Blog do Bispo<\/title>\n<meta name=\"robots\" content=\"index, follow, max-snippet:-1, max-image-preview:large, max-video-preview:-1\" \/>\n<link rel=\"canonical\" href=\"https:\/\/blogdobispo.com.br\/?p=17600\" \/>\n<meta property=\"og:locale\" content=\"pt_BR\" \/>\n<meta property=\"og:type\" content=\"article\" \/>\n<meta property=\"og:title\" content=\"Prefeito e vice de Marcelino Vieira t\u00eam mandatos cassados - Blog do Bispo\" \/>\n<meta property=\"og:description\" content=\"A Justi\u00e7a Eleitoral de primeira inst\u00e2ncia cassou, nesta sexta-feira (05\/09), os mandatos do prefeito de Marcelino Vieira,&nbsp;&nbsp;Hindemberg Pontes de Lima,&nbsp;conhecido por&nbsp;Dibed&nbsp;(Podemos) e,&nbsp; da vice-prefeita&nbsp;Dra. Juliana Emidia Nascimento Costa&nbsp;(PL), na regi\u00e3o oeste potiguar. A senten\u00e7a foi proferida pelo juiz&nbsp;Osvaldo C\u00e2ndido de Lima J\u00fanior, da 65\u00aa Zona Eleitoral de Pau dos Ferros, e publicada no Di\u00e1rio da [&hellip;]\" \/>\n<meta property=\"og:url\" content=\"https:\/\/blogdobispo.com.br\/?p=17600\" \/>\n<meta property=\"og:site_name\" content=\"Blog do Bispo\" \/>\n<meta property=\"article:published_time\" content=\"2025-09-06T17:06:03+00:00\" \/>\n<meta property=\"og:image\" content=\"https:\/\/blogdobispo.com.br\/wp-content\/uploads\/2025\/09\/img_6451-1-300x218.png\" \/>\n<meta name=\"author\" content=\"Jefferson Sterfeno\" \/>\n<meta name=\"twitter:card\" content=\"summary_large_image\" \/>\n<meta name=\"twitter:label1\" content=\"Escrito por\" \/>\n\t<meta name=\"twitter:data1\" content=\"Jefferson Sterfeno\" \/>\n\t<meta name=\"twitter:label2\" content=\"Est. tempo de leitura\" \/>\n\t<meta name=\"twitter:data2\" content=\"1 minuto\" \/>\n<script type=\"application\/ld+json\" class=\"yoast-schema-graph\">{\"@context\":\"https:\/\/schema.org\",\"@graph\":[{\"@type\":\"Article\",\"@id\":\"https:\/\/blogdobispo.com.br\/?p=17600#article\",\"isPartOf\":{\"@id\":\"https:\/\/blogdobispo.com.br\/?p=17600\"},\"author\":{\"name\":\"Jefferson Sterfeno\",\"@id\":\"https:\/\/blogdobispo.com.br\/#\/schema\/person\/e2209cc0e6cea5c5233d033e997b373f\"},\"headline\":\"Prefeito e vice de Marcelino Vieira t\u00eam mandatos cassados\",\"datePublished\":\"2025-09-06T17:06:03+00:00\",\"mainEntityOfPage\":{\"@id\":\"https:\/\/blogdobispo.com.br\/?p=17600\"},\"wordCount\":288,\"commentCount\":0,\"publisher\":{\"@id\":\"https:\/\/blogdobispo.com.br\/#organization\"},\"image\":{\"@id\":\"https:\/\/blogdobispo.com.br\/?p=17600#primaryimage\"},\"thumbnailUrl\":\"https:\/\/i0.wp.com\/blogdobispo.com.br\/wp-content\/uploads\/2025\/09\/img_6451.png?fit=390%2C283&ssl=1\",\"articleSection\":[\"diversos\"],\"inLanguage\":\"pt-BR\",\"potentialAction\":[{\"@type\":\"CommentAction\",\"name\":\"Comment\",\"target\":[\"https:\/\/blogdobispo.com.br\/?p=17600#respond\"]}]},{\"@type\":\"WebPage\",\"@id\":\"https:\/\/blogdobispo.com.br\/?p=17600\",\"url\":\"https:\/\/blogdobispo.com.br\/?p=17600\",\"name\":\"Prefeito e vice de Marcelino Vieira t\u00eam mandatos cassados - Blog do Bispo\",\"isPartOf\":{\"@id\":\"https:\/\/blogdobispo.com.br\/#website\"},\"primaryImageOfPage\":{\"@id\":\"https:\/\/blogdobispo.com.br\/?p=17600#primaryimage\"},\"image\":{\"@id\":\"https:\/\/blogdobispo.com.br\/?p=17600#primaryimage\"},\"thumbnailUrl\":\"https:\/\/i0.wp.com\/blogdobispo.com.br\/wp-content\/uploads\/2025\/09\/img_6451.png?fit=390%2C283&ssl=1\",\"datePublished\":\"2025-09-06T17:06:03+00:00\",\"breadcrumb\":{\"@id\":\"https:\/\/blogdobispo.com.br\/?p=17600#breadcrumb\"},\"inLanguage\":\"pt-BR\",\"potentialAction\":[{\"@type\":\"ReadAction\",\"target\":[\"https:\/\/blogdobispo.com.br\/?p=17600\"]}]},{\"@type\":\"ImageObject\",\"inLanguage\":\"pt-BR\",\"@id\":\"https:\/\/blogdobispo.com.br\/?p=17600#primaryimage\",\"url\":\"https:\/\/i0.wp.com\/blogdobispo.com.br\/wp-content\/uploads\/2025\/09\/img_6451.png?fit=390%2C283&ssl=1\",\"contentUrl\":\"https:\/\/i0.wp.com\/blogdobispo.com.br\/wp-content\/uploads\/2025\/09\/img_6451.png?fit=390%2C283&ssl=1\",\"width\":390,\"height\":283},{\"@type\":\"BreadcrumbList\",\"@id\":\"https:\/\/blogdobispo.com.br\/?p=17600#breadcrumb\",\"itemListElement\":[{\"@type\":\"ListItem\",\"position\":1,\"name\":\"In\u00edcio\",\"item\":\"https:\/\/blogdobispo.com.br\/\"},{\"@type\":\"ListItem\",\"position\":2,\"name\":\"Prefeito e vice de Marcelino Vieira t\u00eam mandatos cassados\"}]},{\"@type\":\"WebSite\",\"@id\":\"https:\/\/blogdobispo.com.br\/#website\",\"url\":\"https:\/\/blogdobispo.com.br\/\",\"name\":\"Blog do Bispo\",\"description\":\"Comprometido apenas com o leitor\",\"publisher\":{\"@id\":\"https:\/\/blogdobispo.com.br\/#organization\"},\"potentialAction\":[{\"@type\":\"SearchAction\",\"target\":{\"@type\":\"EntryPoint\",\"urlTemplate\":\"https:\/\/blogdobispo.com.br\/?s={search_term_string}\"},\"query-input\":{\"@type\":\"PropertyValueSpecification\",\"valueRequired\":true,\"valueName\":\"search_term_string\"}}],\"inLanguage\":\"pt-BR\"},{\"@type\":\"Organization\",\"@id\":\"https:\/\/blogdobispo.com.br\/#organization\",\"name\":\"Blog do Bispo\",\"url\":\"https:\/\/blogdobispo.com.br\/\",\"logo\":{\"@type\":\"ImageObject\",\"inLanguage\":\"pt-BR\",\"@id\":\"https:\/\/blogdobispo.com.br\/#\/schema\/logo\/image\/\",\"url\":\"http:\/\/blogdobispo.com.br\/wp-content\/uploads\/2023\/05\/cropped-headear.png\",\"contentUrl\":\"http:\/\/blogdobispo.com.br\/wp-content\/uploads\/2023\/05\/cropped-headear.png\",\"width\":1500,\"height\":399,\"caption\":\"Blog do Bispo\"},\"image\":{\"@id\":\"https:\/\/blogdobispo.com.br\/#\/schema\/logo\/image\/\"}},{\"@type\":\"Person\",\"@id\":\"https:\/\/blogdobispo.com.br\/#\/schema\/person\/e2209cc0e6cea5c5233d033e997b373f\",\"name\":\"Jefferson Sterfeno\",\"image\":{\"@type\":\"ImageObject\",\"inLanguage\":\"pt-BR\",\"@id\":\"https:\/\/blogdobispo.com.br\/#\/schema\/person\/image\/\",\"url\":\"https:\/\/secure.gravatar.com\/avatar\/0534e84764641168a677026b6d57a3f51dc7ac4db0b4f6186d9cb330d4ee1160?s=96&d=mm&r=g\",\"contentUrl\":\"https:\/\/secure.gravatar.com\/avatar\/0534e84764641168a677026b6d57a3f51dc7ac4db0b4f6186d9cb330d4ee1160?s=96&d=mm&r=g\",\"caption\":\"Jefferson Sterfeno\"},\"sameAs\":[\"http:\/\/blogdobispo.com.br\"],\"url\":\"https:\/\/blogdobispo.com.br\/?author=1\"}]}<\/script>\n<!-- \/ Yoast SEO plugin. -->","yoast_head_json":{"title":"Prefeito e vice de Marcelino Vieira t\u00eam mandatos cassados - Blog do Bispo","robots":{"index":"index","follow":"follow","max-snippet":"max-snippet:-1","max-image-preview":"max-image-preview:large","max-video-preview":"max-video-preview:-1"},"canonical":"https:\/\/blogdobispo.com.br\/?p=17600","og_locale":"pt_BR","og_type":"article","og_title":"Prefeito e vice de Marcelino Vieira t\u00eam mandatos cassados - Blog do Bispo","og_description":"A Justi\u00e7a Eleitoral de primeira inst\u00e2ncia cassou, nesta sexta-feira (05\/09), os mandatos do prefeito de Marcelino Vieira,&nbsp;&nbsp;Hindemberg Pontes de Lima,&nbsp;conhecido por&nbsp;Dibed&nbsp;(Podemos) e,&nbsp; da vice-prefeita&nbsp;Dra. Juliana Emidia Nascimento Costa&nbsp;(PL), na regi\u00e3o oeste potiguar. A senten\u00e7a foi proferida pelo juiz&nbsp;Osvaldo C\u00e2ndido de Lima J\u00fanior, da 65\u00aa Zona Eleitoral de Pau dos Ferros, e publicada no Di\u00e1rio da [&hellip;]","og_url":"https:\/\/blogdobispo.com.br\/?p=17600","og_site_name":"Blog do Bispo","article_published_time":"2025-09-06T17:06:03+00:00","og_image":[{"url":"https:\/\/blogdobispo.com.br\/wp-content\/uploads\/2025\/09\/img_6451-1-300x218.png","type":"","width":"","height":""}],"author":"Jefferson Sterfeno","twitter_card":"summary_large_image","twitter_misc":{"Escrito por":"Jefferson Sterfeno","Est. tempo de leitura":"1 minuto"},"schema":{"@context":"https:\/\/schema.org","@graph":[{"@type":"Article","@id":"https:\/\/blogdobispo.com.br\/?p=17600#article","isPartOf":{"@id":"https:\/\/blogdobispo.com.br\/?p=17600"},"author":{"name":"Jefferson Sterfeno","@id":"https:\/\/blogdobispo.com.br\/#\/schema\/person\/e2209cc0e6cea5c5233d033e997b373f"},"headline":"Prefeito e vice de Marcelino Vieira t\u00eam mandatos cassados","datePublished":"2025-09-06T17:06:03+00:00","mainEntityOfPage":{"@id":"https:\/\/blogdobispo.com.br\/?p=17600"},"wordCount":288,"commentCount":0,"publisher":{"@id":"https:\/\/blogdobispo.com.br\/#organization"},"image":{"@id":"https:\/\/blogdobispo.com.br\/?p=17600#primaryimage"},"thumbnailUrl":"https:\/\/i0.wp.com\/blogdobispo.com.br\/wp-content\/uploads\/2025\/09\/img_6451.png?fit=390%2C283&ssl=1","articleSection":["diversos"],"inLanguage":"pt-BR","potentialAction":[{"@type":"CommentAction","name":"Comment","target":["https:\/\/blogdobispo.com.br\/?p=17600#respond"]}]},{"@type":"WebPage","@id":"https:\/\/blogdobispo.com.br\/?p=17600","url":"https:\/\/blogdobispo.com.br\/?p=17600","name":"Prefeito e vice de Marcelino Vieira t\u00eam mandatos cassados - Blog do Bispo","isPartOf":{"@id":"https:\/\/blogdobispo.com.br\/#website"},"primaryImageOfPage":{"@id":"https:\/\/blogdobispo.com.br\/?p=17600#primaryimage"},"image":{"@id":"https:\/\/blogdobispo.com.br\/?p=17600#primaryimage"},"thumbnailUrl":"https:\/\/i0.wp.com\/blogdobispo.com.br\/wp-content\/uploads\/2025\/09\/img_6451.png?fit=390%2C283&ssl=1","datePublished":"2025-09-06T17:06:03+00:00","breadcrumb":{"@id":"https:\/\/blogdobispo.com.br\/?p=17600#breadcrumb"},"inLanguage":"pt-BR","potentialAction":[{"@type":"ReadAction","target":["https:\/\/blogdobispo.com.br\/?p=17600"]}]},{"@type":"ImageObject","inLanguage":"pt-BR","@id":"https:\/\/blogdobispo.com.br\/?p=17600#primaryimage","url":"https:\/\/i0.wp.com\/blogdobispo.com.br\/wp-content\/uploads\/2025\/09\/img_6451.png?fit=390%2C283&ssl=1","contentUrl":"https:\/\/i0.wp.com\/blogdobispo.com.br\/wp-content\/uploads\/2025\/09\/img_6451.png?fit=390%2C283&ssl=1","width":390,"height":283},{"@type":"BreadcrumbList","@id":"https:\/\/blogdobispo.com.br\/?p=17600#breadcrumb","itemListElement":[{"@type":"ListItem","position":1,"name":"In\u00edcio","item":"https:\/\/blogdobispo.com.br\/"},{"@type":"ListItem","position":2,"name":"Prefeito e vice de Marcelino Vieira t\u00eam mandatos cassados"}]},{"@type":"WebSite","@id":"https:\/\/blogdobispo.com.br\/#website","url":"https:\/\/blogdobispo.com.br\/","name":"Blog do Bispo","description":"Comprometido apenas com o leitor","publisher":{"@id":"https:\/\/blogdobispo.com.br\/#organization"},"potentialAction":[{"@type":"SearchAction","target":{"@type":"EntryPoint","urlTemplate":"https:\/\/blogdobispo.com.br\/?s={search_term_string}"},"query-input":{"@type":"PropertyValueSpecification","valueRequired":true,"valueName":"search_term_string"}}],"inLanguage":"pt-BR"},{"@type":"Organization","@id":"https:\/\/blogdobispo.com.br\/#organization","name":"Blog do Bispo","url":"https:\/\/blogdobispo.com.br\/","logo":{"@type":"ImageObject","inLanguage":"pt-BR","@id":"https:\/\/blogdobispo.com.br\/#\/schema\/logo\/image\/","url":"http:\/\/blogdobispo.com.br\/wp-content\/uploads\/2023\/05\/cropped-headear.png","contentUrl":"http:\/\/blogdobispo.com.br\/wp-content\/uploads\/2023\/05\/cropped-headear.png","width":1500,"height":399,"caption":"Blog do Bispo"},"image":{"@id":"https:\/\/blogdobispo.com.br\/#\/schema\/logo\/image\/"}},{"@type":"Person","@id":"https:\/\/blogdobispo.com.br\/#\/schema\/person\/e2209cc0e6cea5c5233d033e997b373f","name":"Jefferson Sterfeno","image":{"@type":"ImageObject","inLanguage":"pt-BR","@id":"https:\/\/blogdobispo.com.br\/#\/schema\/person\/image\/","url":"https:\/\/secure.gravatar.com\/avatar\/0534e84764641168a677026b6d57a3f51dc7ac4db0b4f6186d9cb330d4ee1160?s=96&d=mm&r=g","contentUrl":"https:\/\/secure.gravatar.com\/avatar\/0534e84764641168a677026b6d57a3f51dc7ac4db0b4f6186d9cb330d4ee1160?s=96&d=mm&r=g","caption":"Jefferson Sterfeno"},"sameAs":["http:\/\/blogdobispo.com.br"],"url":"https:\/\/blogdobispo.com.br\/?author=1"}]}},"featured_image_urls":{"full":["https:\/\/i0.wp.com\/blogdobispo.com.br\/wp-content\/uploads\/2025\/09\/img_6451.png?fit=390%2C283&ssl=1",390,283,false],"thumbnail":["https:\/\/i0.wp.com\/blogdobispo.com.br\/wp-content\/uploads\/2025\/09\/img_6451.png?resize=150%2C150&ssl=1",150,150,true],"medium":["https:\/\/i0.wp.com\/blogdobispo.com.br\/wp-content\/uploads\/2025\/09\/img_6451.png?fit=300%2C218&ssl=1",300,218,true],"medium_large":["https:\/\/i0.wp.com\/blogdobispo.com.br\/wp-content\/uploads\/2025\/09\/img_6451.png?fit=390%2C283&ssl=1",390,283,true],"large":["https:\/\/i0.wp.com\/blogdobispo.com.br\/wp-content\/uploads\/2025\/09\/img_6451.png?fit=390%2C283&ssl=1",390,283,true],"1536x1536":["https:\/\/i0.wp.com\/blogdobispo.com.br\/wp-content\/uploads\/2025\/09\/img_6451.png?fit=390%2C283&ssl=1",390,283,true],"2048x2048":["https:\/\/i0.wp.com\/blogdobispo.com.br\/wp-content\/uploads\/2025\/09\/img_6451.png?fit=390%2C283&ssl=1",390,283,true]},"author_info":{"display_name":"Jefferson Sterfeno","author_link":"https:\/\/blogdobispo.com.br\/?author=1"},"category_info":"<a href=\"https:\/\/blogdobispo.com.br\/?cat=1\" rel=\"category\">diversos<\/a>","tag_info":"diversos","comment_count":"0","jetpack_featured_media_url":"https:\/\/i0.wp.com\/blogdobispo.com.br\/wp-content\/uploads\/2025\/09\/img_6451.png?fit=390%2C283&ssl=1","jetpack_sharing_enabled":true,"_links":{"self":[{"href":"https:\/\/blogdobispo.com.br\/index.php?rest_route=\/wp\/v2\/posts\/17600","targetHints":{"allow":["GET"]}}],"collection":[{"href":"https:\/\/blogdobispo.com.br\/index.php?rest_route=\/wp\/v2\/posts"}],"about":[{"href":"https:\/\/blogdobispo.com.br\/index.php?rest_route=\/wp\/v2\/types\/post"}],"author":[{"embeddable":true,"href":"https:\/\/blogdobispo.com.br\/index.php?rest_route=\/wp\/v2\/users\/1"}],"replies":[{"embeddable":true,"href":"https:\/\/blogdobispo.com.br\/index.php?rest_route=%2Fwp%2Fv2%2Fcomments&post=17600"}],"version-history":[{"count":0,"href":"https:\/\/blogdobispo.com.br\/index.php?rest_route=\/wp\/v2\/posts\/17600\/revisions"}],"wp:featuredmedia":[{"embeddable":true,"href":"https:\/\/blogdobispo.com.br\/index.php?rest_route=\/wp\/v2\/media\/17597"}],"wp:attachment":[{"href":"https:\/\/blogdobispo.com.br\/index.php?rest_route=%2Fwp%2Fv2%2Fmedia&parent=17600"}],"wp:term":[{"taxonomy":"category","embeddable":true,"href":"https:\/\/blogdobispo.com.br\/index.php?rest_route=%2Fwp%2Fv2%2Fcategories&post=17600"},{"taxonomy":"post_tag","embeddable":true,"href":"https:\/\/blogdobispo.com.br\/index.php?rest_route=%2Fwp%2Fv2%2Ftags&post=17600"}],"curies":[{"name":"wp","href":"https:\/\/api.w.org\/{rel}","templated":true}]}}