{"id":17500,"date":"2025-09-02T20:37:03","date_gmt":"2025-09-02T20:37:03","guid":{"rendered":"https:\/\/blogdobispo.com.br\/?p=17500"},"modified":"2025-09-02T20:58:30","modified_gmt":"2025-09-02T20:58:30","slug":"anne-lagartixa-e-o-nome-mais-lembrado-entre-vereadores-de-natal-para-assembleia-legislativa","status":"publish","type":"post","link":"https:\/\/blogdobispo.com.br\/?p=17500","title":{"rendered":"Anne Lagartixa \u00e9 o nome mais lembrado entre vereadores de Natal para Assembleia Legislativa"},"content":{"rendered":"\n<p class=\"p1\"><\/p>\n\n\n\n<p class=\"p1\">Nos bastidores da C\u00e2mara Municipal de Natal, o nome da vereadora Anne Lagartixa (Solidariedade ) desponta como o mais citado entre os 29 parlamentares para ocupar futuramente uma cadeira na Assembleia Legislativa do Rio Grande do Norte.<\/p>\n\n\n\n<p class=\"p1\">A for\u00e7a pol\u00edtica da vereadora, que j\u00e1 vem se consolidando como uma das principais vozes da oposi\u00e7\u00e3o ao PT, tem chamado aten\u00e7\u00e3o n\u00e3o apenas dentro do Legislativo municipal, mas tamb\u00e9m entre lideran\u00e7as estaduais que acompanham de perto os movimentos em Natal.<\/p>\n\n\n\n<p class=\"p1\">A lembran\u00e7a recorrente do nome de Anne pelos colegas vereadores refor\u00e7a a leitura de que seu capital eleitoral pode ultrapassar as fronteiras da cidade e ganhar musculatura em todo o Estado.<\/p>\n\n\n\n<p class=\"p2\">Principais resultados:<\/p>\n\n\n\n<p class=\"p2\">N\u00e3o sabe: 1273 (74,88%) Nenhum: 89 (5,24%) Tomba: 25 (1,47%) Ne\u00edlton: 20 (1,18%) Dr. Bernardo: 19 (1,12%) Adjuto Dias: 13 (0,76%) Cristiane Dantas: 12 (0,71%) Nelter Queiroz: 12 (0,71%) Get\u00falio R\u00eago: 11 (0,65%) George Soares: 11 (0,65%) Coronel Azevedo: 11 (0,65%) Ezequiel Ferreira: 10 (0,59%) Gustavo Carvalho: 10 (0,59%) J\u00falio C\u00e9sar: 10 (0,59%) Francisco do PT: 10 (0,59%) Dr. Thiago: 10 (0,59%) Divaneide: 9 (0,53%) Galeno: 9 (0,53%) Kleber Rodrigues: 8 (0,47%) Isolda: 8 (0,47%) L\u00edris Eduardo: 8 (0,47%) Dr. Gustavo Soares: 8 (0,47%) *Anne Lagartixa: 7 (0,41%)*Odon J\u00fanior: 7 (0,41%) Ivan J\u00fanior: 6 (0,35%) Ubaldo Fernandes: 5 (0,29%) Eudiane Macedo: 5 (0,29%) Terezinha Maia: 5 (0,29%) Hermano Morais: 4 (0,24%) Fl\u00e1vio: 4 (0,24%) Dr. Kerginaldo: 4 (0,24%) Jos\u00e9 Dias: 4 (0,24%) Larissa Rosado: 3 (0,18%) Taveira J\u00fanior: 3 (0,18%) Maur\u00edcio Filho: 3 (0,18%) Robson Carvalho: 3 (0,18%) Souza: 3 (0,18%) Pastor: 2 (0,12%) Albert Dickson: 2 (0,12%) Fabio Dantas: 2 (0,12%) Gilvan Carlos: 2 (0,12%) J\u00fanior Alves: 2 (0,12%) Cintia Pinheiro: 2 (0,12%) Isrraque Pinheiro: 2 (0,12%) Jac\u00f3 J\u00e1come: 1 (0,06%) Julio Prot\u00e1sio: 1 (0,06%) Gabriela: 1 (0,06%) Coronel H\u00e9lio: 1 (0,06%) Nat\u00e1lia Bonavides: 1 (0,06%) Wendel: 1 (0,06%) Nivaldo Bacurau: 1 (0,06%) Daniel Valen\u00e7a: 1 (0,06%) Eliane: 1 (0,06%) Tabata: 1 (0,06%) Jussara: 1 (0,06%) Gabriel: 1 (0,06%) Garibaldi: 1 (0,06%) Gabriel Pires: 1 (0,06%) Gersinho Gon\u00e7alves: 1 (0,06%) General Gir\u00e3o: 1 (0,06%)<\/p>\n\n\n\n<figure class=\"wp-block-image size-large\"><img data-recalc-dims=\"1\" fetchpriority=\"high\" decoding=\"async\" width=\"554\" height=\"554\" src=\"https:\/\/i0.wp.com\/blogdobispo.com.br\/wp-content\/uploads\/2025\/09\/img_6375.jpg?resize=554%2C554&#038;ssl=1\" alt=\"\" class=\"wp-image-17499\" srcset=\"https:\/\/i0.wp.com\/blogdobispo.com.br\/wp-content\/uploads\/2025\/09\/img_6375.jpg?w=554&amp;ssl=1 554w, https:\/\/i0.wp.com\/blogdobispo.com.br\/wp-content\/uploads\/2025\/09\/img_6375.jpg?resize=300%2C300&amp;ssl=1 300w, https:\/\/i0.wp.com\/blogdobispo.com.br\/wp-content\/uploads\/2025\/09\/img_6375.jpg?resize=150%2C150&amp;ssl=1 150w\" sizes=\"(max-width: 554px) 100vw, 554px\" \/><\/figure>\n","protected":false},"excerpt":{"rendered":"<p>Nos bastidores da C\u00e2mara Municipal de Natal, o nome da vereadora Anne Lagartixa (Solidariedade ) desponta como o mais citado entre os 29 parlamentares para ocupar futuramente uma cadeira na Assembleia Legislativa do Rio Grande do Norte. A for\u00e7a pol\u00edtica da vereadora, que j\u00e1 vem se consolidando como uma das principais vozes da oposi\u00e7\u00e3o ao [&hellip;]<\/p>\n","protected":false},"author":1,"featured_media":17499,"comment_status":"open","ping_status":"open","sticky":false,"template":"","format":"standard","meta":{"cybocfi_hide_featured_image":"","_jetpack_memberships_contains_paid_content":false,"footnotes":""},"categories":[1],"tags":[],"class_list":["post-17500","post","type-post","status-publish","format-standard","has-post-thumbnail","hentry","category-diversos"],"yoast_head":"<!-- This site is optimized with the Yoast SEO plugin v25.6 - https:\/\/yoast.com\/wordpress\/plugins\/seo\/ -->\n<title>Anne Lagartixa \u00e9 o nome mais lembrado entre vereadores de Natal para Assembleia Legislativa - Blog do Bispo<\/title>\n<meta name=\"robots\" content=\"index, follow, max-snippet:-1, max-image-preview:large, max-video-preview:-1\" \/>\n<link rel=\"canonical\" href=\"https:\/\/blogdobispo.com.br\/?p=17500\" \/>\n<meta property=\"og:locale\" content=\"pt_BR\" \/>\n<meta property=\"og:type\" content=\"article\" \/>\n<meta property=\"og:title\" content=\"Anne Lagartixa \u00e9 o nome mais lembrado entre vereadores de Natal para Assembleia Legislativa - Blog do Bispo\" \/>\n<meta property=\"og:description\" content=\"Nos bastidores da C\u00e2mara Municipal de Natal, o nome da vereadora Anne Lagartixa (Solidariedade ) desponta como o mais citado entre os 29 parlamentares para ocupar futuramente uma cadeira na Assembleia Legislativa do Rio Grande do Norte. A for\u00e7a pol\u00edtica da vereadora, que j\u00e1 vem se consolidando como uma das principais vozes da oposi\u00e7\u00e3o ao [&hellip;]\" \/>\n<meta property=\"og:url\" content=\"https:\/\/blogdobispo.com.br\/?p=17500\" \/>\n<meta property=\"og:site_name\" content=\"Blog do Bispo\" \/>\n<meta property=\"article:published_time\" content=\"2025-09-02T20:37:03+00:00\" \/>\n<meta property=\"article:modified_time\" content=\"2025-09-02T20:58:30+00:00\" \/>\n<meta property=\"og:image\" content=\"https:\/\/i0.wp.com\/blogdobispo.com.br\/wp-content\/uploads\/2025\/09\/img_6375.jpg?fit=554%2C554&ssl=1\" \/>\n\t<meta property=\"og:image:width\" content=\"554\" \/>\n\t<meta property=\"og:image:height\" content=\"554\" \/>\n\t<meta property=\"og:image:type\" content=\"image\/jpeg\" \/>\n<meta name=\"author\" content=\"Jefferson Sterfeno\" \/>\n<meta name=\"twitter:card\" content=\"summary_large_image\" \/>\n<meta name=\"twitter:label1\" content=\"Escrito por\" \/>\n\t<meta name=\"twitter:data1\" content=\"Jefferson Sterfeno\" \/>\n\t<meta name=\"twitter:label2\" content=\"Est. tempo de leitura\" \/>\n\t<meta name=\"twitter:data2\" content=\"1 minuto\" \/>\n<script type=\"application\/ld+json\" class=\"yoast-schema-graph\">{\"@context\":\"https:\/\/schema.org\",\"@graph\":[{\"@type\":\"Article\",\"@id\":\"https:\/\/blogdobispo.com.br\/?p=17500#article\",\"isPartOf\":{\"@id\":\"https:\/\/blogdobispo.com.br\/?p=17500\"},\"author\":{\"name\":\"Jefferson Sterfeno\",\"@id\":\"https:\/\/blogdobispo.com.br\/#\/schema\/person\/e2209cc0e6cea5c5233d033e997b373f\"},\"headline\":\"Anne Lagartixa \u00e9 o nome mais lembrado entre vereadores de Natal para Assembleia Legislativa\",\"datePublished\":\"2025-09-02T20:37:03+00:00\",\"dateModified\":\"2025-09-02T20:58:30+00:00\",\"mainEntityOfPage\":{\"@id\":\"https:\/\/blogdobispo.com.br\/?p=17500\"},\"wordCount\":258,\"commentCount\":0,\"publisher\":{\"@id\":\"https:\/\/blogdobispo.com.br\/#organization\"},\"image\":{\"@id\":\"https:\/\/blogdobispo.com.br\/?p=17500#primaryimage\"},\"thumbnailUrl\":\"https:\/\/i0.wp.com\/blogdobispo.com.br\/wp-content\/uploads\/2025\/09\/img_6375.jpg?fit=554%2C554&ssl=1\",\"articleSection\":[\"diversos\"],\"inLanguage\":\"pt-BR\",\"potentialAction\":[{\"@type\":\"CommentAction\",\"name\":\"Comment\",\"target\":[\"https:\/\/blogdobispo.com.br\/?p=17500#respond\"]}]},{\"@type\":\"WebPage\",\"@id\":\"https:\/\/blogdobispo.com.br\/?p=17500\",\"url\":\"https:\/\/blogdobispo.com.br\/?p=17500\",\"name\":\"Anne Lagartixa \u00e9 o nome mais lembrado entre vereadores de Natal para Assembleia Legislativa - Blog do Bispo\",\"isPartOf\":{\"@id\":\"https:\/\/blogdobispo.com.br\/#website\"},\"primaryImageOfPage\":{\"@id\":\"https:\/\/blogdobispo.com.br\/?p=17500#primaryimage\"},\"image\":{\"@id\":\"https:\/\/blogdobispo.com.br\/?p=17500#primaryimage\"},\"thumbnailUrl\":\"https:\/\/i0.wp.com\/blogdobispo.com.br\/wp-content\/uploads\/2025\/09\/img_6375.jpg?fit=554%2C554&ssl=1\",\"datePublished\":\"2025-09-02T20:37:03+00:00\",\"dateModified\":\"2025-09-02T20:58:30+00:00\",\"breadcrumb\":{\"@id\":\"https:\/\/blogdobispo.com.br\/?p=17500#breadcrumb\"},\"inLanguage\":\"pt-BR\",\"potentialAction\":[{\"@type\":\"ReadAction\",\"target\":[\"https:\/\/blogdobispo.com.br\/?p=17500\"]}]},{\"@type\":\"ImageObject\",\"inLanguage\":\"pt-BR\",\"@id\":\"https:\/\/blogdobispo.com.br\/?p=17500#primaryimage\",\"url\":\"https:\/\/i0.wp.com\/blogdobispo.com.br\/wp-content\/uploads\/2025\/09\/img_6375.jpg?fit=554%2C554&ssl=1\",\"contentUrl\":\"https:\/\/i0.wp.com\/blogdobispo.com.br\/wp-content\/uploads\/2025\/09\/img_6375.jpg?fit=554%2C554&ssl=1\",\"width\":554,\"height\":554},{\"@type\":\"BreadcrumbList\",\"@id\":\"https:\/\/blogdobispo.com.br\/?p=17500#breadcrumb\",\"itemListElement\":[{\"@type\":\"ListItem\",\"position\":1,\"name\":\"In\u00edcio\",\"item\":\"https:\/\/blogdobispo.com.br\/\"},{\"@type\":\"ListItem\",\"position\":2,\"name\":\"Anne Lagartixa \u00e9 o nome mais lembrado entre vereadores de Natal para Assembleia Legislativa\"}]},{\"@type\":\"WebSite\",\"@id\":\"https:\/\/blogdobispo.com.br\/#website\",\"url\":\"https:\/\/blogdobispo.com.br\/\",\"name\":\"Blog do Bispo\",\"description\":\"Comprometido apenas com o leitor\",\"publisher\":{\"@id\":\"https:\/\/blogdobispo.com.br\/#organization\"},\"potentialAction\":[{\"@type\":\"SearchAction\",\"target\":{\"@type\":\"EntryPoint\",\"urlTemplate\":\"https:\/\/blogdobispo.com.br\/?s={search_term_string}\"},\"query-input\":{\"@type\":\"PropertyValueSpecification\",\"valueRequired\":true,\"valueName\":\"search_term_string\"}}],\"inLanguage\":\"pt-BR\"},{\"@type\":\"Organization\",\"@id\":\"https:\/\/blogdobispo.com.br\/#organization\",\"name\":\"Blog do Bispo\",\"url\":\"https:\/\/blogdobispo.com.br\/\",\"logo\":{\"@type\":\"ImageObject\",\"inLanguage\":\"pt-BR\",\"@id\":\"https:\/\/blogdobispo.com.br\/#\/schema\/logo\/image\/\",\"url\":\"http:\/\/blogdobispo.com.br\/wp-content\/uploads\/2023\/05\/cropped-headear.png\",\"contentUrl\":\"http:\/\/blogdobispo.com.br\/wp-content\/uploads\/2023\/05\/cropped-headear.png\",\"width\":1500,\"height\":399,\"caption\":\"Blog do Bispo\"},\"image\":{\"@id\":\"https:\/\/blogdobispo.com.br\/#\/schema\/logo\/image\/\"}},{\"@type\":\"Person\",\"@id\":\"https:\/\/blogdobispo.com.br\/#\/schema\/person\/e2209cc0e6cea5c5233d033e997b373f\",\"name\":\"Jefferson Sterfeno\",\"image\":{\"@type\":\"ImageObject\",\"inLanguage\":\"pt-BR\",\"@id\":\"https:\/\/blogdobispo.com.br\/#\/schema\/person\/image\/\",\"url\":\"https:\/\/secure.gravatar.com\/avatar\/0534e84764641168a677026b6d57a3f51dc7ac4db0b4f6186d9cb330d4ee1160?s=96&d=mm&r=g\",\"contentUrl\":\"https:\/\/secure.gravatar.com\/avatar\/0534e84764641168a677026b6d57a3f51dc7ac4db0b4f6186d9cb330d4ee1160?s=96&d=mm&r=g\",\"caption\":\"Jefferson Sterfeno\"},\"sameAs\":[\"http:\/\/blogdobispo.com.br\"],\"url\":\"https:\/\/blogdobispo.com.br\/?author=1\"}]}<\/script>\n<!-- \/ Yoast SEO plugin. -->","yoast_head_json":{"title":"Anne Lagartixa \u00e9 o nome mais lembrado entre vereadores de Natal para Assembleia Legislativa - Blog do Bispo","robots":{"index":"index","follow":"follow","max-snippet":"max-snippet:-1","max-image-preview":"max-image-preview:large","max-video-preview":"max-video-preview:-1"},"canonical":"https:\/\/blogdobispo.com.br\/?p=17500","og_locale":"pt_BR","og_type":"article","og_title":"Anne Lagartixa \u00e9 o nome mais lembrado entre vereadores de Natal para Assembleia Legislativa - Blog do Bispo","og_description":"Nos bastidores da C\u00e2mara Municipal de Natal, o nome da vereadora Anne Lagartixa (Solidariedade ) desponta como o mais citado entre os 29 parlamentares para ocupar futuramente uma cadeira na Assembleia Legislativa do Rio Grande do Norte. A for\u00e7a pol\u00edtica da vereadora, que j\u00e1 vem se consolidando como uma das principais vozes da oposi\u00e7\u00e3o ao [&hellip;]","og_url":"https:\/\/blogdobispo.com.br\/?p=17500","og_site_name":"Blog do Bispo","article_published_time":"2025-09-02T20:37:03+00:00","article_modified_time":"2025-09-02T20:58:30+00:00","og_image":[{"width":554,"height":554,"url":"https:\/\/i0.wp.com\/blogdobispo.com.br\/wp-content\/uploads\/2025\/09\/img_6375.jpg?fit=554%2C554&ssl=1","type":"image\/jpeg"}],"author":"Jefferson Sterfeno","twitter_card":"summary_large_image","twitter_misc":{"Escrito por":"Jefferson Sterfeno","Est. tempo de leitura":"1 minuto"},"schema":{"@context":"https:\/\/schema.org","@graph":[{"@type":"Article","@id":"https:\/\/blogdobispo.com.br\/?p=17500#article","isPartOf":{"@id":"https:\/\/blogdobispo.com.br\/?p=17500"},"author":{"name":"Jefferson Sterfeno","@id":"https:\/\/blogdobispo.com.br\/#\/schema\/person\/e2209cc0e6cea5c5233d033e997b373f"},"headline":"Anne Lagartixa \u00e9 o nome mais lembrado entre vereadores de Natal para Assembleia Legislativa","datePublished":"2025-09-02T20:37:03+00:00","dateModified":"2025-09-02T20:58:30+00:00","mainEntityOfPage":{"@id":"https:\/\/blogdobispo.com.br\/?p=17500"},"wordCount":258,"commentCount":0,"publisher":{"@id":"https:\/\/blogdobispo.com.br\/#organization"},"image":{"@id":"https:\/\/blogdobispo.com.br\/?p=17500#primaryimage"},"thumbnailUrl":"https:\/\/i0.wp.com\/blogdobispo.com.br\/wp-content\/uploads\/2025\/09\/img_6375.jpg?fit=554%2C554&ssl=1","articleSection":["diversos"],"inLanguage":"pt-BR","potentialAction":[{"@type":"CommentAction","name":"Comment","target":["https:\/\/blogdobispo.com.br\/?p=17500#respond"]}]},{"@type":"WebPage","@id":"https:\/\/blogdobispo.com.br\/?p=17500","url":"https:\/\/blogdobispo.com.br\/?p=17500","name":"Anne Lagartixa \u00e9 o nome mais lembrado entre vereadores de Natal para Assembleia Legislativa - Blog do Bispo","isPartOf":{"@id":"https:\/\/blogdobispo.com.br\/#website"},"primaryImageOfPage":{"@id":"https:\/\/blogdobispo.com.br\/?p=17500#primaryimage"},"image":{"@id":"https:\/\/blogdobispo.com.br\/?p=17500#primaryimage"},"thumbnailUrl":"https:\/\/i0.wp.com\/blogdobispo.com.br\/wp-content\/uploads\/2025\/09\/img_6375.jpg?fit=554%2C554&ssl=1","datePublished":"2025-09-02T20:37:03+00:00","dateModified":"2025-09-02T20:58:30+00:00","breadcrumb":{"@id":"https:\/\/blogdobispo.com.br\/?p=17500#breadcrumb"},"inLanguage":"pt-BR","potentialAction":[{"@type":"ReadAction","target":["https:\/\/blogdobispo.com.br\/?p=17500"]}]},{"@type":"ImageObject","inLanguage":"pt-BR","@id":"https:\/\/blogdobispo.com.br\/?p=17500#primaryimage","url":"https:\/\/i0.wp.com\/blogdobispo.com.br\/wp-content\/uploads\/2025\/09\/img_6375.jpg?fit=554%2C554&ssl=1","contentUrl":"https:\/\/i0.wp.com\/blogdobispo.com.br\/wp-content\/uploads\/2025\/09\/img_6375.jpg?fit=554%2C554&ssl=1","width":554,"height":554},{"@type":"BreadcrumbList","@id":"https:\/\/blogdobispo.com.br\/?p=17500#breadcrumb","itemListElement":[{"@type":"ListItem","position":1,"name":"In\u00edcio","item":"https:\/\/blogdobispo.com.br\/"},{"@type":"ListItem","position":2,"name":"Anne Lagartixa \u00e9 o nome mais lembrado entre vereadores de Natal para Assembleia Legislativa"}]},{"@type":"WebSite","@id":"https:\/\/blogdobispo.com.br\/#website","url":"https:\/\/blogdobispo.com.br\/","name":"Blog do Bispo","description":"Comprometido apenas com o leitor","publisher":{"@id":"https:\/\/blogdobispo.com.br\/#organization"},"potentialAction":[{"@type":"SearchAction","target":{"@type":"EntryPoint","urlTemplate":"https:\/\/blogdobispo.com.br\/?s={search_term_string}"},"query-input":{"@type":"PropertyValueSpecification","valueRequired":true,"valueName":"search_term_string"}}],"inLanguage":"pt-BR"},{"@type":"Organization","@id":"https:\/\/blogdobispo.com.br\/#organization","name":"Blog do Bispo","url":"https:\/\/blogdobispo.com.br\/","logo":{"@type":"ImageObject","inLanguage":"pt-BR","@id":"https:\/\/blogdobispo.com.br\/#\/schema\/logo\/image\/","url":"http:\/\/blogdobispo.com.br\/wp-content\/uploads\/2023\/05\/cropped-headear.png","contentUrl":"http:\/\/blogdobispo.com.br\/wp-content\/uploads\/2023\/05\/cropped-headear.png","width":1500,"height":399,"caption":"Blog do Bispo"},"image":{"@id":"https:\/\/blogdobispo.com.br\/#\/schema\/logo\/image\/"}},{"@type":"Person","@id":"https:\/\/blogdobispo.com.br\/#\/schema\/person\/e2209cc0e6cea5c5233d033e997b373f","name":"Jefferson Sterfeno","image":{"@type":"ImageObject","inLanguage":"pt-BR","@id":"https:\/\/blogdobispo.com.br\/#\/schema\/person\/image\/","url":"https:\/\/secure.gravatar.com\/avatar\/0534e84764641168a677026b6d57a3f51dc7ac4db0b4f6186d9cb330d4ee1160?s=96&d=mm&r=g","contentUrl":"https:\/\/secure.gravatar.com\/avatar\/0534e84764641168a677026b6d57a3f51dc7ac4db0b4f6186d9cb330d4ee1160?s=96&d=mm&r=g","caption":"Jefferson Sterfeno"},"sameAs":["http:\/\/blogdobispo.com.br"],"url":"https:\/\/blogdobispo.com.br\/?author=1"}]}},"featured_image_urls":{"full":["https:\/\/i0.wp.com\/blogdobispo.com.br\/wp-content\/uploads\/2025\/09\/img_6375.jpg?fit=554%2C554&ssl=1",554,554,false],"thumbnail":["https:\/\/i0.wp.com\/blogdobispo.com.br\/wp-content\/uploads\/2025\/09\/img_6375.jpg?resize=150%2C150&ssl=1",150,150,true],"medium":["https:\/\/i0.wp.com\/blogdobispo.com.br\/wp-content\/uploads\/2025\/09\/img_6375.jpg?fit=300%2C300&ssl=1",300,300,true],"medium_large":["https:\/\/i0.wp.com\/blogdobispo.com.br\/wp-content\/uploads\/2025\/09\/img_6375.jpg?fit=554%2C554&ssl=1",554,554,true],"large":["https:\/\/i0.wp.com\/blogdobispo.com.br\/wp-content\/uploads\/2025\/09\/img_6375.jpg?fit=554%2C554&ssl=1",554,554,true],"1536x1536":["https:\/\/i0.wp.com\/blogdobispo.com.br\/wp-content\/uploads\/2025\/09\/img_6375.jpg?fit=554%2C554&ssl=1",554,554,true],"2048x2048":["https:\/\/i0.wp.com\/blogdobispo.com.br\/wp-content\/uploads\/2025\/09\/img_6375.jpg?fit=554%2C554&ssl=1",554,554,true]},"author_info":{"display_name":"Jefferson Sterfeno","author_link":"https:\/\/blogdobispo.com.br\/?author=1"},"category_info":"<a href=\"https:\/\/blogdobispo.com.br\/?cat=1\" rel=\"category\">diversos<\/a>","tag_info":"diversos","comment_count":"0","jetpack_featured_media_url":"https:\/\/i0.wp.com\/blogdobispo.com.br\/wp-content\/uploads\/2025\/09\/img_6375.jpg?fit=554%2C554&ssl=1","jetpack_sharing_enabled":true,"_links":{"self":[{"href":"https:\/\/blogdobispo.com.br\/index.php?rest_route=\/wp\/v2\/posts\/17500","targetHints":{"allow":["GET"]}}],"collection":[{"href":"https:\/\/blogdobispo.com.br\/index.php?rest_route=\/wp\/v2\/posts"}],"about":[{"href":"https:\/\/blogdobispo.com.br\/index.php?rest_route=\/wp\/v2\/types\/post"}],"author":[{"embeddable":true,"href":"https:\/\/blogdobispo.com.br\/index.php?rest_route=\/wp\/v2\/users\/1"}],"replies":[{"embeddable":true,"href":"https:\/\/blogdobispo.com.br\/index.php?rest_route=%2Fwp%2Fv2%2Fcomments&post=17500"}],"version-history":[{"count":1,"href":"https:\/\/blogdobispo.com.br\/index.php?rest_route=\/wp\/v2\/posts\/17500\/revisions"}],"predecessor-version":[{"id":17501,"href":"https:\/\/blogdobispo.com.br\/index.php?rest_route=\/wp\/v2\/posts\/17500\/revisions\/17501"}],"wp:featuredmedia":[{"embeddable":true,"href":"https:\/\/blogdobispo.com.br\/index.php?rest_route=\/wp\/v2\/media\/17499"}],"wp:attachment":[{"href":"https:\/\/blogdobispo.com.br\/index.php?rest_route=%2Fwp%2Fv2%2Fmedia&parent=17500"}],"wp:term":[{"taxonomy":"category","embeddable":true,"href":"https:\/\/blogdobispo.com.br\/index.php?rest_route=%2Fwp%2Fv2%2Fcategories&post=17500"},{"taxonomy":"post_tag","embeddable":true,"href":"https:\/\/blogdobispo.com.br\/index.php?rest_route=%2Fwp%2Fv2%2Ftags&post=17500"}],"curies":[{"name":"wp","href":"https:\/\/api.w.org\/{rel}","templated":true}]}}