{"id":17486,"date":"2025-09-02T15:56:36","date_gmt":"2025-09-02T15:56:36","guid":{"rendered":"https:\/\/blogdobispo.com.br\/?p=17486"},"modified":"2025-09-02T15:56:36","modified_gmt":"2025-09-02T15:56:36","slug":"setembro-dourado-e-tema-de-audiencia-publica-na-comissao-de-saude-da-cmn","status":"publish","type":"post","link":"https:\/\/blogdobispo.com.br\/?p=17486","title":{"rendered":"Setembro Dourado \u00e9 tema de audi\u00eancia p\u00fablica na Comiss\u00e3o de Sa\u00fade da CMN"},"content":{"rendered":"<div class=\"row\">\n<div class=\"col-sm-12\">\n<div class=\"conteudo conteudo-interna\">\n<p>A Campanha Setembro Dourado foi o tema de uma audi\u00eancia p\u00fablica da Comiss\u00e3o de Sa\u00fade, Direitos dos Animais, Previd\u00eancia e Assist\u00eancia Social da C\u00e2mara Municipal de Natal. Durante o encontro, nesta segunda-feira (01), representantes de institui\u00e7\u00f5es empenhadas na promo\u00e7\u00e3o da sa\u00fade das crian\u00e7as e adolescentes ressaltaram a import\u00e2ncia do diagn\u00f3stico precoce para o tratamento do c\u00e2ncer. A vereadora Camila Ara\u00fajo (Uni\u00e3o Brasil) e os vereadores Luciano Nascimento (PSD) e Cl\u00e1udio Cust\u00f3dio (PP) mediaram o debate.<\/p>\n<p>Este m\u00eas \u00e9 marcado no calend\u00e1rio em tons de ouro com a campanha Setembro Dourado, mobiliza\u00e7\u00e3o criada para chamar a aten\u00e7\u00e3o, por meio de a\u00e7\u00f5es preventivas e educativas, para os sinais e sintomas do c\u00e2ncer infantojuvenil. A data tem como foco buscar por pol\u00edticas p\u00fablicas em prol do Diagn\u00f3stico Precoce, principal aliado no combate ao c\u00e2ncer infantil.<\/p>\n<p>O c\u00e2ncer tem cura e cerca de 80% das crian\u00e7as e adolescentes em pa\u00edses desenvolvidos e 70% nos pa\u00edses em desenvolvimento, se diagnosticados precocemente, podem ser curados e ter qualidade de vida no futuro (dados do Instituto Nacional do C\u00e2ncer \u2013 INCA).<\/p>\n<p>De acordo com a presidente da Comiss\u00e3o de Sa\u00fade, vereadora Camila Ara\u00fajo, a audi\u00eancia ajudou a levar ao conhecimento p\u00fablico o Setembro Dourado. &#8220;O objetivo \u00e9 aumentar a aten\u00e7\u00e3o \u00e0 sa\u00fade da crian\u00e7a, focando na preven\u00e7\u00e3o, diagn\u00f3stico precoce e tratamento, com grandes chances de cura. A iniciativa envolve a colabora\u00e7\u00e3o de institui\u00e7\u00f5es, da Prefeitura, do Poder Legislativo e a aten\u00e7\u00e3o b\u00e1sica \u00e0 sa\u00fade. Todos juntos para garantir a vida e a cura, evitando \u00f3bitos&#8221;, afirmou.<\/p>\n<p>A m\u00e9dica oncologista pedi\u00e1trica Annick Beaugrand, que representou a Liga Contra o C\u00e2ncer, disse que a falta de conhecimento sobre a possibilidade de c\u00e2ncer nessa faixa et\u00e1ria \u00e9 um obst\u00e1culo, pois as pessoas geralmente n\u00e3o associam a doen\u00e7a \u00e0 inf\u00e2ncia. &#8220;O diagn\u00f3stico precoce oferece maior chance de cura, terapias mais eficazes e menos sequelas, permitindo que a crian\u00e7a tenha uma vida mais pr\u00f3xima do normal. A mensagem destaca a import\u00e2ncia de envolver toda a sociedade no reconhecimento dos sinais da doen\u00e7a, como professores, farmac\u00eauticos e outros, para facilitar a identifica\u00e7\u00e3o e o encaminhamento para tratamento&#8221;.<\/p>\n<p>O diretor-presidenet da Casa de Apoio \u00e0 Crian\u00e7a com C\u00e2ncer Durval Paiva, Rilder Campos, considera que o principal problema \u00e9 o diagn\u00f3stico tardio. &#8220;Apesar de bons hospitais, equipes competentes e tratamentos avan\u00e7ados, a demora no diagn\u00f3stico dificulta demais a abordagem da doen\u00e7a, o que leva a sequelas e \u00f3bitos. A campanha busca a conscientiza\u00e7\u00e3o da sociedade para promover a rapidez do diagn\u00f3stico, para termos procedimentos menos invasivos e mais eficazes, beneficiando a todos&#8221;.<\/p>\n<p>Por fim, a assistente social do Grupo de Apoio \u00e0 Crian\u00e7a com C\u00e2ncer (GACC-RN), Jussara Almeida, destacou que a iniciativa do Legislativo natalense anuncia o in\u00edcio da Campanha Setembro Dourado, focada no diagn\u00f3stico precoce do c\u00e2ncer entre crian\u00e7as e adolescentes. &#8220;Precisamos frisar a import\u00e2ncia da aten\u00e7\u00e3o dos profissionais de sa\u00fade e da popula\u00e7\u00e3o em geral (pais, av\u00f3s, tios, professores) aos sinais da doen\u00e7a, al\u00e9m do papel crucial das casas de apoio, como a Casa Durval Paiva, que oferece suporte \u00e0s fam\u00edlias que precisam se deslocar do interior para o tratamento na capital. A campanha insiste na mesma tecla: o diagn\u00f3stico precoce aumenta as chances de cura, inclusive sem sequelas. Em tempo, aproveito para agradecer a Comiss\u00e3o de Sa\u00fade da C\u00e2mara de Natal por somar conosco nesta luta&#8221;, concluiu.<\/p>\n<p><strong><em><img data-recalc-dims=\"1\" fetchpriority=\"high\" decoding=\"async\" class=\"alignnone size-medium wp-image-17487\" src=\"https:\/\/i0.wp.com\/blogdobispo.com.br\/wp-content\/uploads\/2025\/09\/928480dd91cf3fb629876eed62acd40e.jpg?resize=300%2C200\" alt=\"\" width=\"300\" height=\"200\" srcset=\"https:\/\/i0.wp.com\/blogdobispo.com.br\/wp-content\/uploads\/2025\/09\/928480dd91cf3fb629876eed62acd40e.jpg?resize=300%2C200&amp;ssl=1 300w, https:\/\/i0.wp.com\/blogdobispo.com.br\/wp-content\/uploads\/2025\/09\/928480dd91cf3fb629876eed62acd40e.jpg?resize=1024%2C682&amp;ssl=1 1024w, https:\/\/i0.wp.com\/blogdobispo.com.br\/wp-content\/uploads\/2025\/09\/928480dd91cf3fb629876eed62acd40e.jpg?resize=768%2C512&amp;ssl=1 768w, https:\/\/i0.wp.com\/blogdobispo.com.br\/wp-content\/uploads\/2025\/09\/928480dd91cf3fb629876eed62acd40e.jpg?resize=1536%2C1023&amp;ssl=1 1536w, https:\/\/i0.wp.com\/blogdobispo.com.br\/wp-content\/uploads\/2025\/09\/928480dd91cf3fb629876eed62acd40e.jpg?w=1600&amp;ssl=1 1600w\" sizes=\"(max-width: 300px) 100vw, 300px\" \/><br \/>\n<\/em><\/strong><\/p>\n<\/div>\n<\/div>\n<\/div>\n","protected":false},"excerpt":{"rendered":"<p>A Campanha Setembro Dourado foi o tema de uma audi\u00eancia p\u00fablica da Comiss\u00e3o de Sa\u00fade, Direitos dos Animais, Previd\u00eancia e Assist\u00eancia Social da C\u00e2mara Municipal de Natal. Durante o encontro, nesta segunda-feira (01), representantes de institui\u00e7\u00f5es empenhadas na promo\u00e7\u00e3o da sa\u00fade das crian\u00e7as e adolescentes ressaltaram a import\u00e2ncia do diagn\u00f3stico precoce para o tratamento do [&hellip;]<\/p>\n","protected":false},"author":1,"featured_media":17487,"comment_status":"open","ping_status":"open","sticky":false,"template":"","format":"standard","meta":{"cybocfi_hide_featured_image":"","_jetpack_memberships_contains_paid_content":false,"footnotes":""},"categories":[1],"tags":[],"class_list":["post-17486","post","type-post","status-publish","format-standard","has-post-thumbnail","hentry","category-diversos"],"yoast_head":"<!-- This site is optimized with the Yoast SEO plugin v25.6 - https:\/\/yoast.com\/wordpress\/plugins\/seo\/ -->\n<title>Setembro Dourado \u00e9 tema de audi\u00eancia p\u00fablica na Comiss\u00e3o de Sa\u00fade da CMN - Blog do Bispo<\/title>\n<meta name=\"robots\" content=\"index, follow, max-snippet:-1, max-image-preview:large, max-video-preview:-1\" \/>\n<link rel=\"canonical\" href=\"https:\/\/blogdobispo.com.br\/?p=17486\" \/>\n<meta property=\"og:locale\" content=\"pt_BR\" \/>\n<meta property=\"og:type\" content=\"article\" \/>\n<meta property=\"og:title\" content=\"Setembro Dourado \u00e9 tema de audi\u00eancia p\u00fablica na Comiss\u00e3o de Sa\u00fade da CMN - Blog do Bispo\" \/>\n<meta property=\"og:description\" content=\"A Campanha Setembro Dourado foi o tema de uma audi\u00eancia p\u00fablica da Comiss\u00e3o de Sa\u00fade, Direitos dos Animais, Previd\u00eancia e Assist\u00eancia Social da C\u00e2mara Municipal de Natal. Durante o encontro, nesta segunda-feira (01), representantes de institui\u00e7\u00f5es empenhadas na promo\u00e7\u00e3o da sa\u00fade das crian\u00e7as e adolescentes ressaltaram a import\u00e2ncia do diagn\u00f3stico precoce para o tratamento do [&hellip;]\" \/>\n<meta property=\"og:url\" content=\"https:\/\/blogdobispo.com.br\/?p=17486\" \/>\n<meta property=\"og:site_name\" content=\"Blog do Bispo\" \/>\n<meta property=\"article:published_time\" content=\"2025-09-02T15:56:36+00:00\" \/>\n<meta property=\"og:image\" content=\"http:\/\/blogdobispo.com.br\/wp-content\/uploads\/2025\/09\/928480dd91cf3fb629876eed62acd40e.jpg\" \/>\n\t<meta property=\"og:image:width\" content=\"1600\" \/>\n\t<meta property=\"og:image:height\" content=\"1066\" \/>\n\t<meta property=\"og:image:type\" content=\"image\/jpeg\" \/>\n<meta name=\"author\" content=\"Jefferson Sterfeno\" \/>\n<meta name=\"twitter:card\" content=\"summary_large_image\" \/>\n<meta name=\"twitter:label1\" content=\"Escrito por\" \/>\n\t<meta name=\"twitter:data1\" content=\"Jefferson Sterfeno\" \/>\n\t<meta name=\"twitter:label2\" content=\"Est. tempo de leitura\" \/>\n\t<meta name=\"twitter:data2\" content=\"4 minutos\" \/>\n<script type=\"application\/ld+json\" class=\"yoast-schema-graph\">{\"@context\":\"https:\/\/schema.org\",\"@graph\":[{\"@type\":\"Article\",\"@id\":\"https:\/\/blogdobispo.com.br\/?p=17486#article\",\"isPartOf\":{\"@id\":\"https:\/\/blogdobispo.com.br\/?p=17486\"},\"author\":{\"name\":\"Jefferson Sterfeno\",\"@id\":\"https:\/\/blogdobispo.com.br\/#\/schema\/person\/e2209cc0e6cea5c5233d033e997b373f\"},\"headline\":\"Setembro Dourado \u00e9 tema de audi\u00eancia p\u00fablica na Comiss\u00e3o de Sa\u00fade da CMN\",\"datePublished\":\"2025-09-02T15:56:36+00:00\",\"mainEntityOfPage\":{\"@id\":\"https:\/\/blogdobispo.com.br\/?p=17486\"},\"wordCount\":638,\"commentCount\":0,\"publisher\":{\"@id\":\"https:\/\/blogdobispo.com.br\/#organization\"},\"image\":{\"@id\":\"https:\/\/blogdobispo.com.br\/?p=17486#primaryimage\"},\"thumbnailUrl\":\"https:\/\/i0.wp.com\/blogdobispo.com.br\/wp-content\/uploads\/2025\/09\/928480dd91cf3fb629876eed62acd40e.jpg?fit=1600%2C1066&ssl=1\",\"articleSection\":[\"diversos\"],\"inLanguage\":\"pt-BR\",\"potentialAction\":[{\"@type\":\"CommentAction\",\"name\":\"Comment\",\"target\":[\"https:\/\/blogdobispo.com.br\/?p=17486#respond\"]}]},{\"@type\":\"WebPage\",\"@id\":\"https:\/\/blogdobispo.com.br\/?p=17486\",\"url\":\"https:\/\/blogdobispo.com.br\/?p=17486\",\"name\":\"Setembro Dourado \u00e9 tema de audi\u00eancia p\u00fablica na Comiss\u00e3o de Sa\u00fade da CMN - Blog do Bispo\",\"isPartOf\":{\"@id\":\"https:\/\/blogdobispo.com.br\/#website\"},\"primaryImageOfPage\":{\"@id\":\"https:\/\/blogdobispo.com.br\/?p=17486#primaryimage\"},\"image\":{\"@id\":\"https:\/\/blogdobispo.com.br\/?p=17486#primaryimage\"},\"thumbnailUrl\":\"https:\/\/i0.wp.com\/blogdobispo.com.br\/wp-content\/uploads\/2025\/09\/928480dd91cf3fb629876eed62acd40e.jpg?fit=1600%2C1066&ssl=1\",\"datePublished\":\"2025-09-02T15:56:36+00:00\",\"breadcrumb\":{\"@id\":\"https:\/\/blogdobispo.com.br\/?p=17486#breadcrumb\"},\"inLanguage\":\"pt-BR\",\"potentialAction\":[{\"@type\":\"ReadAction\",\"target\":[\"https:\/\/blogdobispo.com.br\/?p=17486\"]}]},{\"@type\":\"ImageObject\",\"inLanguage\":\"pt-BR\",\"@id\":\"https:\/\/blogdobispo.com.br\/?p=17486#primaryimage\",\"url\":\"https:\/\/i0.wp.com\/blogdobispo.com.br\/wp-content\/uploads\/2025\/09\/928480dd91cf3fb629876eed62acd40e.jpg?fit=1600%2C1066&ssl=1\",\"contentUrl\":\"https:\/\/i0.wp.com\/blogdobispo.com.br\/wp-content\/uploads\/2025\/09\/928480dd91cf3fb629876eed62acd40e.jpg?fit=1600%2C1066&ssl=1\",\"width\":1600,\"height\":1066},{\"@type\":\"BreadcrumbList\",\"@id\":\"https:\/\/blogdobispo.com.br\/?p=17486#breadcrumb\",\"itemListElement\":[{\"@type\":\"ListItem\",\"position\":1,\"name\":\"In\u00edcio\",\"item\":\"https:\/\/blogdobispo.com.br\/\"},{\"@type\":\"ListItem\",\"position\":2,\"name\":\"Setembro Dourado \u00e9 tema de audi\u00eancia p\u00fablica na Comiss\u00e3o de Sa\u00fade da CMN\"}]},{\"@type\":\"WebSite\",\"@id\":\"https:\/\/blogdobispo.com.br\/#website\",\"url\":\"https:\/\/blogdobispo.com.br\/\",\"name\":\"Blog do Bispo\",\"description\":\"Comprometido apenas com o leitor\",\"publisher\":{\"@id\":\"https:\/\/blogdobispo.com.br\/#organization\"},\"potentialAction\":[{\"@type\":\"SearchAction\",\"target\":{\"@type\":\"EntryPoint\",\"urlTemplate\":\"https:\/\/blogdobispo.com.br\/?s={search_term_string}\"},\"query-input\":{\"@type\":\"PropertyValueSpecification\",\"valueRequired\":true,\"valueName\":\"search_term_string\"}}],\"inLanguage\":\"pt-BR\"},{\"@type\":\"Organization\",\"@id\":\"https:\/\/blogdobispo.com.br\/#organization\",\"name\":\"Blog do Bispo\",\"url\":\"https:\/\/blogdobispo.com.br\/\",\"logo\":{\"@type\":\"ImageObject\",\"inLanguage\":\"pt-BR\",\"@id\":\"https:\/\/blogdobispo.com.br\/#\/schema\/logo\/image\/\",\"url\":\"http:\/\/blogdobispo.com.br\/wp-content\/uploads\/2023\/05\/cropped-headear.png\",\"contentUrl\":\"http:\/\/blogdobispo.com.br\/wp-content\/uploads\/2023\/05\/cropped-headear.png\",\"width\":1500,\"height\":399,\"caption\":\"Blog do Bispo\"},\"image\":{\"@id\":\"https:\/\/blogdobispo.com.br\/#\/schema\/logo\/image\/\"}},{\"@type\":\"Person\",\"@id\":\"https:\/\/blogdobispo.com.br\/#\/schema\/person\/e2209cc0e6cea5c5233d033e997b373f\",\"name\":\"Jefferson Sterfeno\",\"image\":{\"@type\":\"ImageObject\",\"inLanguage\":\"pt-BR\",\"@id\":\"https:\/\/blogdobispo.com.br\/#\/schema\/person\/image\/\",\"url\":\"https:\/\/secure.gravatar.com\/avatar\/0534e84764641168a677026b6d57a3f51dc7ac4db0b4f6186d9cb330d4ee1160?s=96&d=mm&r=g\",\"contentUrl\":\"https:\/\/secure.gravatar.com\/avatar\/0534e84764641168a677026b6d57a3f51dc7ac4db0b4f6186d9cb330d4ee1160?s=96&d=mm&r=g\",\"caption\":\"Jefferson Sterfeno\"},\"sameAs\":[\"http:\/\/blogdobispo.com.br\"],\"url\":\"https:\/\/blogdobispo.com.br\/?author=1\"}]}<\/script>\n<!-- \/ Yoast SEO plugin. -->","yoast_head_json":{"title":"Setembro Dourado \u00e9 tema de audi\u00eancia p\u00fablica na Comiss\u00e3o de Sa\u00fade da CMN - Blog do Bispo","robots":{"index":"index","follow":"follow","max-snippet":"max-snippet:-1","max-image-preview":"max-image-preview:large","max-video-preview":"max-video-preview:-1"},"canonical":"https:\/\/blogdobispo.com.br\/?p=17486","og_locale":"pt_BR","og_type":"article","og_title":"Setembro Dourado \u00e9 tema de audi\u00eancia p\u00fablica na Comiss\u00e3o de Sa\u00fade da CMN - Blog do Bispo","og_description":"A Campanha Setembro Dourado foi o tema de uma audi\u00eancia p\u00fablica da Comiss\u00e3o de Sa\u00fade, Direitos dos Animais, Previd\u00eancia e Assist\u00eancia Social da C\u00e2mara Municipal de Natal. Durante o encontro, nesta segunda-feira (01), representantes de institui\u00e7\u00f5es empenhadas na promo\u00e7\u00e3o da sa\u00fade das crian\u00e7as e adolescentes ressaltaram a import\u00e2ncia do diagn\u00f3stico precoce para o tratamento do [&hellip;]","og_url":"https:\/\/blogdobispo.com.br\/?p=17486","og_site_name":"Blog do Bispo","article_published_time":"2025-09-02T15:56:36+00:00","og_image":[{"width":1600,"height":1066,"url":"http:\/\/blogdobispo.com.br\/wp-content\/uploads\/2025\/09\/928480dd91cf3fb629876eed62acd40e.jpg","type":"image\/jpeg"}],"author":"Jefferson Sterfeno","twitter_card":"summary_large_image","twitter_misc":{"Escrito por":"Jefferson Sterfeno","Est. tempo de leitura":"4 minutos"},"schema":{"@context":"https:\/\/schema.org","@graph":[{"@type":"Article","@id":"https:\/\/blogdobispo.com.br\/?p=17486#article","isPartOf":{"@id":"https:\/\/blogdobispo.com.br\/?p=17486"},"author":{"name":"Jefferson Sterfeno","@id":"https:\/\/blogdobispo.com.br\/#\/schema\/person\/e2209cc0e6cea5c5233d033e997b373f"},"headline":"Setembro Dourado \u00e9 tema de audi\u00eancia p\u00fablica na Comiss\u00e3o de Sa\u00fade da CMN","datePublished":"2025-09-02T15:56:36+00:00","mainEntityOfPage":{"@id":"https:\/\/blogdobispo.com.br\/?p=17486"},"wordCount":638,"commentCount":0,"publisher":{"@id":"https:\/\/blogdobispo.com.br\/#organization"},"image":{"@id":"https:\/\/blogdobispo.com.br\/?p=17486#primaryimage"},"thumbnailUrl":"https:\/\/i0.wp.com\/blogdobispo.com.br\/wp-content\/uploads\/2025\/09\/928480dd91cf3fb629876eed62acd40e.jpg?fit=1600%2C1066&ssl=1","articleSection":["diversos"],"inLanguage":"pt-BR","potentialAction":[{"@type":"CommentAction","name":"Comment","target":["https:\/\/blogdobispo.com.br\/?p=17486#respond"]}]},{"@type":"WebPage","@id":"https:\/\/blogdobispo.com.br\/?p=17486","url":"https:\/\/blogdobispo.com.br\/?p=17486","name":"Setembro Dourado \u00e9 tema de audi\u00eancia p\u00fablica na Comiss\u00e3o de Sa\u00fade da CMN - Blog do Bispo","isPartOf":{"@id":"https:\/\/blogdobispo.com.br\/#website"},"primaryImageOfPage":{"@id":"https:\/\/blogdobispo.com.br\/?p=17486#primaryimage"},"image":{"@id":"https:\/\/blogdobispo.com.br\/?p=17486#primaryimage"},"thumbnailUrl":"https:\/\/i0.wp.com\/blogdobispo.com.br\/wp-content\/uploads\/2025\/09\/928480dd91cf3fb629876eed62acd40e.jpg?fit=1600%2C1066&ssl=1","datePublished":"2025-09-02T15:56:36+00:00","breadcrumb":{"@id":"https:\/\/blogdobispo.com.br\/?p=17486#breadcrumb"},"inLanguage":"pt-BR","potentialAction":[{"@type":"ReadAction","target":["https:\/\/blogdobispo.com.br\/?p=17486"]}]},{"@type":"ImageObject","inLanguage":"pt-BR","@id":"https:\/\/blogdobispo.com.br\/?p=17486#primaryimage","url":"https:\/\/i0.wp.com\/blogdobispo.com.br\/wp-content\/uploads\/2025\/09\/928480dd91cf3fb629876eed62acd40e.jpg?fit=1600%2C1066&ssl=1","contentUrl":"https:\/\/i0.wp.com\/blogdobispo.com.br\/wp-content\/uploads\/2025\/09\/928480dd91cf3fb629876eed62acd40e.jpg?fit=1600%2C1066&ssl=1","width":1600,"height":1066},{"@type":"BreadcrumbList","@id":"https:\/\/blogdobispo.com.br\/?p=17486#breadcrumb","itemListElement":[{"@type":"ListItem","position":1,"name":"In\u00edcio","item":"https:\/\/blogdobispo.com.br\/"},{"@type":"ListItem","position":2,"name":"Setembro Dourado \u00e9 tema de audi\u00eancia p\u00fablica na Comiss\u00e3o de Sa\u00fade da CMN"}]},{"@type":"WebSite","@id":"https:\/\/blogdobispo.com.br\/#website","url":"https:\/\/blogdobispo.com.br\/","name":"Blog do Bispo","description":"Comprometido apenas com o leitor","publisher":{"@id":"https:\/\/blogdobispo.com.br\/#organization"},"potentialAction":[{"@type":"SearchAction","target":{"@type":"EntryPoint","urlTemplate":"https:\/\/blogdobispo.com.br\/?s={search_term_string}"},"query-input":{"@type":"PropertyValueSpecification","valueRequired":true,"valueName":"search_term_string"}}],"inLanguage":"pt-BR"},{"@type":"Organization","@id":"https:\/\/blogdobispo.com.br\/#organization","name":"Blog do Bispo","url":"https:\/\/blogdobispo.com.br\/","logo":{"@type":"ImageObject","inLanguage":"pt-BR","@id":"https:\/\/blogdobispo.com.br\/#\/schema\/logo\/image\/","url":"http:\/\/blogdobispo.com.br\/wp-content\/uploads\/2023\/05\/cropped-headear.png","contentUrl":"http:\/\/blogdobispo.com.br\/wp-content\/uploads\/2023\/05\/cropped-headear.png","width":1500,"height":399,"caption":"Blog do Bispo"},"image":{"@id":"https:\/\/blogdobispo.com.br\/#\/schema\/logo\/image\/"}},{"@type":"Person","@id":"https:\/\/blogdobispo.com.br\/#\/schema\/person\/e2209cc0e6cea5c5233d033e997b373f","name":"Jefferson Sterfeno","image":{"@type":"ImageObject","inLanguage":"pt-BR","@id":"https:\/\/blogdobispo.com.br\/#\/schema\/person\/image\/","url":"https:\/\/secure.gravatar.com\/avatar\/0534e84764641168a677026b6d57a3f51dc7ac4db0b4f6186d9cb330d4ee1160?s=96&d=mm&r=g","contentUrl":"https:\/\/secure.gravatar.com\/avatar\/0534e84764641168a677026b6d57a3f51dc7ac4db0b4f6186d9cb330d4ee1160?s=96&d=mm&r=g","caption":"Jefferson Sterfeno"},"sameAs":["http:\/\/blogdobispo.com.br"],"url":"https:\/\/blogdobispo.com.br\/?author=1"}]}},"featured_image_urls":{"full":["https:\/\/i0.wp.com\/blogdobispo.com.br\/wp-content\/uploads\/2025\/09\/928480dd91cf3fb629876eed62acd40e.jpg?fit=1600%2C1066&ssl=1",1600,1066,false],"thumbnail":["https:\/\/i0.wp.com\/blogdobispo.com.br\/wp-content\/uploads\/2025\/09\/928480dd91cf3fb629876eed62acd40e.jpg?resize=150%2C150&ssl=1",150,150,true],"medium":["https:\/\/i0.wp.com\/blogdobispo.com.br\/wp-content\/uploads\/2025\/09\/928480dd91cf3fb629876eed62acd40e.jpg?fit=300%2C200&ssl=1",300,200,true],"medium_large":["https:\/\/i0.wp.com\/blogdobispo.com.br\/wp-content\/uploads\/2025\/09\/928480dd91cf3fb629876eed62acd40e.jpg?fit=768%2C512&ssl=1",768,512,true],"large":["https:\/\/i0.wp.com\/blogdobispo.com.br\/wp-content\/uploads\/2025\/09\/928480dd91cf3fb629876eed62acd40e.jpg?fit=800%2C533&ssl=1",800,533,true],"1536x1536":["https:\/\/i0.wp.com\/blogdobispo.com.br\/wp-content\/uploads\/2025\/09\/928480dd91cf3fb629876eed62acd40e.jpg?fit=1536%2C1023&ssl=1",1536,1023,true],"2048x2048":["https:\/\/i0.wp.com\/blogdobispo.com.br\/wp-content\/uploads\/2025\/09\/928480dd91cf3fb629876eed62acd40e.jpg?fit=1600%2C1066&ssl=1",1600,1066,true]},"author_info":{"display_name":"Jefferson Sterfeno","author_link":"https:\/\/blogdobispo.com.br\/?author=1"},"category_info":"<a href=\"https:\/\/blogdobispo.com.br\/?cat=1\" rel=\"category\">diversos<\/a>","tag_info":"diversos","comment_count":"0","jetpack_featured_media_url":"https:\/\/i0.wp.com\/blogdobispo.com.br\/wp-content\/uploads\/2025\/09\/928480dd91cf3fb629876eed62acd40e.jpg?fit=1600%2C1066&ssl=1","jetpack_sharing_enabled":true,"_links":{"self":[{"href":"https:\/\/blogdobispo.com.br\/index.php?rest_route=\/wp\/v2\/posts\/17486","targetHints":{"allow":["GET"]}}],"collection":[{"href":"https:\/\/blogdobispo.com.br\/index.php?rest_route=\/wp\/v2\/posts"}],"about":[{"href":"https:\/\/blogdobispo.com.br\/index.php?rest_route=\/wp\/v2\/types\/post"}],"author":[{"embeddable":true,"href":"https:\/\/blogdobispo.com.br\/index.php?rest_route=\/wp\/v2\/users\/1"}],"replies":[{"embeddable":true,"href":"https:\/\/blogdobispo.com.br\/index.php?rest_route=%2Fwp%2Fv2%2Fcomments&post=17486"}],"version-history":[{"count":1,"href":"https:\/\/blogdobispo.com.br\/index.php?rest_route=\/wp\/v2\/posts\/17486\/revisions"}],"predecessor-version":[{"id":17488,"href":"https:\/\/blogdobispo.com.br\/index.php?rest_route=\/wp\/v2\/posts\/17486\/revisions\/17488"}],"wp:featuredmedia":[{"embeddable":true,"href":"https:\/\/blogdobispo.com.br\/index.php?rest_route=\/wp\/v2\/media\/17487"}],"wp:attachment":[{"href":"https:\/\/blogdobispo.com.br\/index.php?rest_route=%2Fwp%2Fv2%2Fmedia&parent=17486"}],"wp:term":[{"taxonomy":"category","embeddable":true,"href":"https:\/\/blogdobispo.com.br\/index.php?rest_route=%2Fwp%2Fv2%2Fcategories&post=17486"},{"taxonomy":"post_tag","embeddable":true,"href":"https:\/\/blogdobispo.com.br\/index.php?rest_route=%2Fwp%2Fv2%2Ftags&post=17486"}],"curies":[{"name":"wp","href":"https:\/\/api.w.org\/{rel}","templated":true}]}}