{"id":17483,"date":"2025-09-02T15:54:03","date_gmt":"2025-09-02T15:54:03","guid":{"rendered":"https:\/\/blogdobispo.com.br\/?p=17483"},"modified":"2025-09-02T16:12:27","modified_gmt":"2025-09-02T16:12:27","slug":"luiz-eduardo-critica-gestao-estadual-e-aponta-caos-administrativo-no-rn","status":"publish","type":"post","link":"https:\/\/blogdobispo.com.br\/?p=17483","title":{"rendered":"Luiz Eduardo critica gest\u00e3o estadual e aponta caos administrativo no RN"},"content":{"rendered":"<p>Em pronunciamento durante a sess\u00e3o plen\u00e1ria desta ter\u00e7a-feira (2), na Assembleia Legislativa do RN, o deputado Luiz Eduardo (SDD) teceu cr\u00edticas \u00e0 atual administra\u00e7\u00e3o estadual, classificando a situa\u00e7\u00e3o do Rio Grande do Norte como de \u201ccolapso administrativo\u201d. Segundo o parlamentar, tr\u00eas epis\u00f3dios recentes evidenciam falhas \u201cgraves\u201d de gest\u00e3o e o retrocesso em \u00e1reas essenciais, como educa\u00e7\u00e3o, sa\u00fade e investimentos.<\/p>\n<p>O primeiro ponto levantado pelo deputado foi o contrato firmado para a loca\u00e7\u00e3o de 21 mil Chromebooks que, segundo ele, representaria desperd\u00edcio de recursos p\u00fablicos diante do custo de aquisi\u00e7\u00e3o desses equipamentos.<\/p>\n<p>Na sequ\u00eancia, Luiz Eduardo voltou a criticar a crise na sa\u00fade p\u00fablica estadual, destacando a falta de medicamentos para pacientes em tratamento de c\u00e2ncer, o passivo de cirurgias n\u00e3o realizadas e a precariedade das estruturas hospitalares. \u201cA popula\u00e7\u00e3o do Rio Grande do Norte est\u00e1 sendo pior tratada do que em um hospital de guerra. \u00c9 lament\u00e1vel termos que relatar situa\u00e7\u00f5es de pacientes sem insumos, em corredores superlotados e \u00e0 espera de cirurgias\u201d, afirmou.<\/p>\n<p>O parlamentar tamb\u00e9m apontou entraves econ\u00f4micos e burocr\u00e1ticos que, em sua avalia\u00e7\u00e3o, colocam o RN entre os estados menos atrativos para investimentos. \u201cHoje o estado respira por respirador artificial. A administra\u00e7\u00e3o p\u00fablica est\u00e1 na UTI. Todos os indicadores s\u00e3o negativos e mostram o colapso em que o Rio Grande do Norte se encontra\u201d, declarou.<\/p>\n<p>Luiz Eduardo concluiu sua fala reafirmando preocupa\u00e7\u00e3o com o cen\u00e1rio atual e cobrando medidas urgentes para evitar que, segundo ele, o caos administrativo se agrave ainda mais.<\/p>\n<p><img data-recalc-dims=\"1\" fetchpriority=\"high\" decoding=\"async\" src=\"https:\/\/i0.wp.com\/blogdobispo.com.br\/wp-content\/uploads\/2025\/09\/1QpXek0wucecjQEKvbbL3o8rtkztOAyQQTtoDEAw.jpg?resize=300%2C200\" class=\"alignnone size-medium wp-image-17484\" width=\"300\" height=\"200\" alt=\"\" srcset=\"https:\/\/i0.wp.com\/blogdobispo.com.br\/wp-content\/uploads\/2025\/09\/1QpXek0wucecjQEKvbbL3o8rtkztOAyQQTtoDEAw.jpg?resize=300%2C200&amp;ssl=1 300w, https:\/\/i0.wp.com\/blogdobispo.com.br\/wp-content\/uploads\/2025\/09\/1QpXek0wucecjQEKvbbL3o8rtkztOAyQQTtoDEAw.jpg?resize=1024%2C683&amp;ssl=1 1024w, https:\/\/i0.wp.com\/blogdobispo.com.br\/wp-content\/uploads\/2025\/09\/1QpXek0wucecjQEKvbbL3o8rtkztOAyQQTtoDEAw.jpg?resize=768%2C512&amp;ssl=1 768w, https:\/\/i0.wp.com\/blogdobispo.com.br\/wp-content\/uploads\/2025\/09\/1QpXek0wucecjQEKvbbL3o8rtkztOAyQQTtoDEAw.jpg?resize=1536%2C1024&amp;ssl=1 1536w, https:\/\/i0.wp.com\/blogdobispo.com.br\/wp-content\/uploads\/2025\/09\/1QpXek0wucecjQEKvbbL3o8rtkztOAyQQTtoDEAw.jpg?w=1599&amp;ssl=1 1599w\" sizes=\"(max-width: 300px) 100vw, 300px\" \/><\/p>\n","protected":false},"excerpt":{"rendered":"<p>Em pronunciamento durante a sess\u00e3o plen\u00e1ria desta ter\u00e7a-feira (2), na Assembleia Legislativa do RN, o deputado Luiz Eduardo (SDD) teceu cr\u00edticas \u00e0 atual administra\u00e7\u00e3o estadual, classificando a situa\u00e7\u00e3o do Rio Grande do Norte como de \u201ccolapso administrativo\u201d. Segundo o parlamentar, tr\u00eas epis\u00f3dios recentes evidenciam falhas \u201cgraves\u201d de gest\u00e3o e o retrocesso em \u00e1reas essenciais, como [&hellip;]<\/p>\n","protected":false},"author":1,"featured_media":17484,"comment_status":"open","ping_status":"open","sticky":false,"template":"","format":"standard","meta":{"cybocfi_hide_featured_image":"","_jetpack_memberships_contains_paid_content":false,"footnotes":""},"categories":[1],"tags":[],"class_list":["post-17483","post","type-post","status-publish","format-standard","has-post-thumbnail","hentry","category-diversos"],"yoast_head":"<!-- This site is optimized with the Yoast SEO plugin v25.6 - https:\/\/yoast.com\/wordpress\/plugins\/seo\/ -->\n<title>Luiz Eduardo critica gest\u00e3o estadual e aponta caos administrativo no RN - Blog do Bispo<\/title>\n<meta name=\"robots\" content=\"index, follow, max-snippet:-1, max-image-preview:large, max-video-preview:-1\" \/>\n<link rel=\"canonical\" href=\"https:\/\/blogdobispo.com.br\/?p=17483\" \/>\n<meta property=\"og:locale\" content=\"pt_BR\" \/>\n<meta property=\"og:type\" content=\"article\" \/>\n<meta property=\"og:title\" content=\"Luiz Eduardo critica gest\u00e3o estadual e aponta caos administrativo no RN - Blog do Bispo\" \/>\n<meta property=\"og:description\" content=\"Em pronunciamento durante a sess\u00e3o plen\u00e1ria desta ter\u00e7a-feira (2), na Assembleia Legislativa do RN, o deputado Luiz Eduardo (SDD) teceu cr\u00edticas \u00e0 atual administra\u00e7\u00e3o estadual, classificando a situa\u00e7\u00e3o do Rio Grande do Norte como de \u201ccolapso administrativo\u201d. Segundo o parlamentar, tr\u00eas epis\u00f3dios recentes evidenciam falhas \u201cgraves\u201d de gest\u00e3o e o retrocesso em \u00e1reas essenciais, como [&hellip;]\" \/>\n<meta property=\"og:url\" content=\"https:\/\/blogdobispo.com.br\/?p=17483\" \/>\n<meta property=\"og:site_name\" content=\"Blog do Bispo\" \/>\n<meta property=\"article:published_time\" content=\"2025-09-02T15:54:03+00:00\" \/>\n<meta property=\"article:modified_time\" content=\"2025-09-02T16:12:27+00:00\" \/>\n<meta property=\"og:image\" content=\"https:\/\/i0.wp.com\/blogdobispo.com.br\/wp-content\/uploads\/2025\/09\/1QpXek0wucecjQEKvbbL3o8rtkztOAyQQTtoDEAw.jpg?fit=1599%2C1066&ssl=1\" \/>\n\t<meta property=\"og:image:width\" content=\"1599\" \/>\n\t<meta property=\"og:image:height\" content=\"1066\" \/>\n\t<meta property=\"og:image:type\" content=\"image\/jpeg\" \/>\n<meta name=\"author\" content=\"Jefferson Sterfeno\" \/>\n<meta name=\"twitter:card\" content=\"summary_large_image\" \/>\n<meta name=\"twitter:label1\" content=\"Escrito por\" \/>\n\t<meta name=\"twitter:data1\" content=\"Jefferson Sterfeno\" \/>\n\t<meta name=\"twitter:label2\" content=\"Est. tempo de leitura\" \/>\n\t<meta name=\"twitter:data2\" content=\"2 minutos\" \/>\n<script type=\"application\/ld+json\" class=\"yoast-schema-graph\">{\"@context\":\"https:\/\/schema.org\",\"@graph\":[{\"@type\":\"Article\",\"@id\":\"https:\/\/blogdobispo.com.br\/?p=17483#article\",\"isPartOf\":{\"@id\":\"https:\/\/blogdobispo.com.br\/?p=17483\"},\"author\":{\"name\":\"Jefferson Sterfeno\",\"@id\":\"https:\/\/blogdobispo.com.br\/#\/schema\/person\/e2209cc0e6cea5c5233d033e997b373f\"},\"headline\":\"Luiz Eduardo critica gest\u00e3o estadual e aponta caos administrativo no RN\",\"datePublished\":\"2025-09-02T15:54:03+00:00\",\"dateModified\":\"2025-09-02T16:12:27+00:00\",\"mainEntityOfPage\":{\"@id\":\"https:\/\/blogdobispo.com.br\/?p=17483\"},\"wordCount\":284,\"commentCount\":0,\"publisher\":{\"@id\":\"https:\/\/blogdobispo.com.br\/#organization\"},\"image\":{\"@id\":\"https:\/\/blogdobispo.com.br\/?p=17483#primaryimage\"},\"thumbnailUrl\":\"https:\/\/i0.wp.com\/blogdobispo.com.br\/wp-content\/uploads\/2025\/09\/1QpXek0wucecjQEKvbbL3o8rtkztOAyQQTtoDEAw.jpg?fit=1599%2C1066&ssl=1\",\"articleSection\":[\"diversos\"],\"inLanguage\":\"pt-BR\",\"potentialAction\":[{\"@type\":\"CommentAction\",\"name\":\"Comment\",\"target\":[\"https:\/\/blogdobispo.com.br\/?p=17483#respond\"]}]},{\"@type\":\"WebPage\",\"@id\":\"https:\/\/blogdobispo.com.br\/?p=17483\",\"url\":\"https:\/\/blogdobispo.com.br\/?p=17483\",\"name\":\"Luiz Eduardo critica gest\u00e3o estadual e aponta caos administrativo no RN - Blog do Bispo\",\"isPartOf\":{\"@id\":\"https:\/\/blogdobispo.com.br\/#website\"},\"primaryImageOfPage\":{\"@id\":\"https:\/\/blogdobispo.com.br\/?p=17483#primaryimage\"},\"image\":{\"@id\":\"https:\/\/blogdobispo.com.br\/?p=17483#primaryimage\"},\"thumbnailUrl\":\"https:\/\/i0.wp.com\/blogdobispo.com.br\/wp-content\/uploads\/2025\/09\/1QpXek0wucecjQEKvbbL3o8rtkztOAyQQTtoDEAw.jpg?fit=1599%2C1066&ssl=1\",\"datePublished\":\"2025-09-02T15:54:03+00:00\",\"dateModified\":\"2025-09-02T16:12:27+00:00\",\"breadcrumb\":{\"@id\":\"https:\/\/blogdobispo.com.br\/?p=17483#breadcrumb\"},\"inLanguage\":\"pt-BR\",\"potentialAction\":[{\"@type\":\"ReadAction\",\"target\":[\"https:\/\/blogdobispo.com.br\/?p=17483\"]}]},{\"@type\":\"ImageObject\",\"inLanguage\":\"pt-BR\",\"@id\":\"https:\/\/blogdobispo.com.br\/?p=17483#primaryimage\",\"url\":\"https:\/\/i0.wp.com\/blogdobispo.com.br\/wp-content\/uploads\/2025\/09\/1QpXek0wucecjQEKvbbL3o8rtkztOAyQQTtoDEAw.jpg?fit=1599%2C1066&ssl=1\",\"contentUrl\":\"https:\/\/i0.wp.com\/blogdobispo.com.br\/wp-content\/uploads\/2025\/09\/1QpXek0wucecjQEKvbbL3o8rtkztOAyQQTtoDEAw.jpg?fit=1599%2C1066&ssl=1\",\"width\":1599,\"height\":1066},{\"@type\":\"BreadcrumbList\",\"@id\":\"https:\/\/blogdobispo.com.br\/?p=17483#breadcrumb\",\"itemListElement\":[{\"@type\":\"ListItem\",\"position\":1,\"name\":\"In\u00edcio\",\"item\":\"https:\/\/blogdobispo.com.br\/\"},{\"@type\":\"ListItem\",\"position\":2,\"name\":\"Luiz Eduardo critica gest\u00e3o estadual e aponta caos administrativo no RN\"}]},{\"@type\":\"WebSite\",\"@id\":\"https:\/\/blogdobispo.com.br\/#website\",\"url\":\"https:\/\/blogdobispo.com.br\/\",\"name\":\"Blog do Bispo\",\"description\":\"Comprometido apenas com o leitor\",\"publisher\":{\"@id\":\"https:\/\/blogdobispo.com.br\/#organization\"},\"potentialAction\":[{\"@type\":\"SearchAction\",\"target\":{\"@type\":\"EntryPoint\",\"urlTemplate\":\"https:\/\/blogdobispo.com.br\/?s={search_term_string}\"},\"query-input\":{\"@type\":\"PropertyValueSpecification\",\"valueRequired\":true,\"valueName\":\"search_term_string\"}}],\"inLanguage\":\"pt-BR\"},{\"@type\":\"Organization\",\"@id\":\"https:\/\/blogdobispo.com.br\/#organization\",\"name\":\"Blog do Bispo\",\"url\":\"https:\/\/blogdobispo.com.br\/\",\"logo\":{\"@type\":\"ImageObject\",\"inLanguage\":\"pt-BR\",\"@id\":\"https:\/\/blogdobispo.com.br\/#\/schema\/logo\/image\/\",\"url\":\"http:\/\/blogdobispo.com.br\/wp-content\/uploads\/2023\/05\/cropped-headear.png\",\"contentUrl\":\"http:\/\/blogdobispo.com.br\/wp-content\/uploads\/2023\/05\/cropped-headear.png\",\"width\":1500,\"height\":399,\"caption\":\"Blog do Bispo\"},\"image\":{\"@id\":\"https:\/\/blogdobispo.com.br\/#\/schema\/logo\/image\/\"}},{\"@type\":\"Person\",\"@id\":\"https:\/\/blogdobispo.com.br\/#\/schema\/person\/e2209cc0e6cea5c5233d033e997b373f\",\"name\":\"Jefferson Sterfeno\",\"image\":{\"@type\":\"ImageObject\",\"inLanguage\":\"pt-BR\",\"@id\":\"https:\/\/blogdobispo.com.br\/#\/schema\/person\/image\/\",\"url\":\"https:\/\/secure.gravatar.com\/avatar\/0534e84764641168a677026b6d57a3f51dc7ac4db0b4f6186d9cb330d4ee1160?s=96&d=mm&r=g\",\"contentUrl\":\"https:\/\/secure.gravatar.com\/avatar\/0534e84764641168a677026b6d57a3f51dc7ac4db0b4f6186d9cb330d4ee1160?s=96&d=mm&r=g\",\"caption\":\"Jefferson Sterfeno\"},\"sameAs\":[\"http:\/\/blogdobispo.com.br\"],\"url\":\"https:\/\/blogdobispo.com.br\/?author=1\"}]}<\/script>\n<!-- \/ Yoast SEO plugin. -->","yoast_head_json":{"title":"Luiz Eduardo critica gest\u00e3o estadual e aponta caos administrativo no RN - Blog do Bispo","robots":{"index":"index","follow":"follow","max-snippet":"max-snippet:-1","max-image-preview":"max-image-preview:large","max-video-preview":"max-video-preview:-1"},"canonical":"https:\/\/blogdobispo.com.br\/?p=17483","og_locale":"pt_BR","og_type":"article","og_title":"Luiz Eduardo critica gest\u00e3o estadual e aponta caos administrativo no RN - Blog do Bispo","og_description":"Em pronunciamento durante a sess\u00e3o plen\u00e1ria desta ter\u00e7a-feira (2), na Assembleia Legislativa do RN, o deputado Luiz Eduardo (SDD) teceu cr\u00edticas \u00e0 atual administra\u00e7\u00e3o estadual, classificando a situa\u00e7\u00e3o do Rio Grande do Norte como de \u201ccolapso administrativo\u201d. Segundo o parlamentar, tr\u00eas epis\u00f3dios recentes evidenciam falhas \u201cgraves\u201d de gest\u00e3o e o retrocesso em \u00e1reas essenciais, como [&hellip;]","og_url":"https:\/\/blogdobispo.com.br\/?p=17483","og_site_name":"Blog do Bispo","article_published_time":"2025-09-02T15:54:03+00:00","article_modified_time":"2025-09-02T16:12:27+00:00","og_image":[{"width":1599,"height":1066,"url":"https:\/\/i0.wp.com\/blogdobispo.com.br\/wp-content\/uploads\/2025\/09\/1QpXek0wucecjQEKvbbL3o8rtkztOAyQQTtoDEAw.jpg?fit=1599%2C1066&ssl=1","type":"image\/jpeg"}],"author":"Jefferson Sterfeno","twitter_card":"summary_large_image","twitter_misc":{"Escrito por":"Jefferson Sterfeno","Est. tempo de leitura":"2 minutos"},"schema":{"@context":"https:\/\/schema.org","@graph":[{"@type":"Article","@id":"https:\/\/blogdobispo.com.br\/?p=17483#article","isPartOf":{"@id":"https:\/\/blogdobispo.com.br\/?p=17483"},"author":{"name":"Jefferson Sterfeno","@id":"https:\/\/blogdobispo.com.br\/#\/schema\/person\/e2209cc0e6cea5c5233d033e997b373f"},"headline":"Luiz Eduardo critica gest\u00e3o estadual e aponta caos administrativo no RN","datePublished":"2025-09-02T15:54:03+00:00","dateModified":"2025-09-02T16:12:27+00:00","mainEntityOfPage":{"@id":"https:\/\/blogdobispo.com.br\/?p=17483"},"wordCount":284,"commentCount":0,"publisher":{"@id":"https:\/\/blogdobispo.com.br\/#organization"},"image":{"@id":"https:\/\/blogdobispo.com.br\/?p=17483#primaryimage"},"thumbnailUrl":"https:\/\/i0.wp.com\/blogdobispo.com.br\/wp-content\/uploads\/2025\/09\/1QpXek0wucecjQEKvbbL3o8rtkztOAyQQTtoDEAw.jpg?fit=1599%2C1066&ssl=1","articleSection":["diversos"],"inLanguage":"pt-BR","potentialAction":[{"@type":"CommentAction","name":"Comment","target":["https:\/\/blogdobispo.com.br\/?p=17483#respond"]}]},{"@type":"WebPage","@id":"https:\/\/blogdobispo.com.br\/?p=17483","url":"https:\/\/blogdobispo.com.br\/?p=17483","name":"Luiz Eduardo critica gest\u00e3o estadual e aponta caos administrativo no RN - Blog do Bispo","isPartOf":{"@id":"https:\/\/blogdobispo.com.br\/#website"},"primaryImageOfPage":{"@id":"https:\/\/blogdobispo.com.br\/?p=17483#primaryimage"},"image":{"@id":"https:\/\/blogdobispo.com.br\/?p=17483#primaryimage"},"thumbnailUrl":"https:\/\/i0.wp.com\/blogdobispo.com.br\/wp-content\/uploads\/2025\/09\/1QpXek0wucecjQEKvbbL3o8rtkztOAyQQTtoDEAw.jpg?fit=1599%2C1066&ssl=1","datePublished":"2025-09-02T15:54:03+00:00","dateModified":"2025-09-02T16:12:27+00:00","breadcrumb":{"@id":"https:\/\/blogdobispo.com.br\/?p=17483#breadcrumb"},"inLanguage":"pt-BR","potentialAction":[{"@type":"ReadAction","target":["https:\/\/blogdobispo.com.br\/?p=17483"]}]},{"@type":"ImageObject","inLanguage":"pt-BR","@id":"https:\/\/blogdobispo.com.br\/?p=17483#primaryimage","url":"https:\/\/i0.wp.com\/blogdobispo.com.br\/wp-content\/uploads\/2025\/09\/1QpXek0wucecjQEKvbbL3o8rtkztOAyQQTtoDEAw.jpg?fit=1599%2C1066&ssl=1","contentUrl":"https:\/\/i0.wp.com\/blogdobispo.com.br\/wp-content\/uploads\/2025\/09\/1QpXek0wucecjQEKvbbL3o8rtkztOAyQQTtoDEAw.jpg?fit=1599%2C1066&ssl=1","width":1599,"height":1066},{"@type":"BreadcrumbList","@id":"https:\/\/blogdobispo.com.br\/?p=17483#breadcrumb","itemListElement":[{"@type":"ListItem","position":1,"name":"In\u00edcio","item":"https:\/\/blogdobispo.com.br\/"},{"@type":"ListItem","position":2,"name":"Luiz Eduardo critica gest\u00e3o estadual e aponta caos administrativo no RN"}]},{"@type":"WebSite","@id":"https:\/\/blogdobispo.com.br\/#website","url":"https:\/\/blogdobispo.com.br\/","name":"Blog do Bispo","description":"Comprometido apenas com o leitor","publisher":{"@id":"https:\/\/blogdobispo.com.br\/#organization"},"potentialAction":[{"@type":"SearchAction","target":{"@type":"EntryPoint","urlTemplate":"https:\/\/blogdobispo.com.br\/?s={search_term_string}"},"query-input":{"@type":"PropertyValueSpecification","valueRequired":true,"valueName":"search_term_string"}}],"inLanguage":"pt-BR"},{"@type":"Organization","@id":"https:\/\/blogdobispo.com.br\/#organization","name":"Blog do Bispo","url":"https:\/\/blogdobispo.com.br\/","logo":{"@type":"ImageObject","inLanguage":"pt-BR","@id":"https:\/\/blogdobispo.com.br\/#\/schema\/logo\/image\/","url":"http:\/\/blogdobispo.com.br\/wp-content\/uploads\/2023\/05\/cropped-headear.png","contentUrl":"http:\/\/blogdobispo.com.br\/wp-content\/uploads\/2023\/05\/cropped-headear.png","width":1500,"height":399,"caption":"Blog do Bispo"},"image":{"@id":"https:\/\/blogdobispo.com.br\/#\/schema\/logo\/image\/"}},{"@type":"Person","@id":"https:\/\/blogdobispo.com.br\/#\/schema\/person\/e2209cc0e6cea5c5233d033e997b373f","name":"Jefferson Sterfeno","image":{"@type":"ImageObject","inLanguage":"pt-BR","@id":"https:\/\/blogdobispo.com.br\/#\/schema\/person\/image\/","url":"https:\/\/secure.gravatar.com\/avatar\/0534e84764641168a677026b6d57a3f51dc7ac4db0b4f6186d9cb330d4ee1160?s=96&d=mm&r=g","contentUrl":"https:\/\/secure.gravatar.com\/avatar\/0534e84764641168a677026b6d57a3f51dc7ac4db0b4f6186d9cb330d4ee1160?s=96&d=mm&r=g","caption":"Jefferson Sterfeno"},"sameAs":["http:\/\/blogdobispo.com.br"],"url":"https:\/\/blogdobispo.com.br\/?author=1"}]}},"featured_image_urls":{"full":["https:\/\/i0.wp.com\/blogdobispo.com.br\/wp-content\/uploads\/2025\/09\/1QpXek0wucecjQEKvbbL3o8rtkztOAyQQTtoDEAw.jpg?fit=1599%2C1066&ssl=1",1599,1066,false],"thumbnail":["https:\/\/i0.wp.com\/blogdobispo.com.br\/wp-content\/uploads\/2025\/09\/1QpXek0wucecjQEKvbbL3o8rtkztOAyQQTtoDEAw.jpg?resize=150%2C150&ssl=1",150,150,true],"medium":["https:\/\/i0.wp.com\/blogdobispo.com.br\/wp-content\/uploads\/2025\/09\/1QpXek0wucecjQEKvbbL3o8rtkztOAyQQTtoDEAw.jpg?fit=300%2C200&ssl=1",300,200,true],"medium_large":["https:\/\/i0.wp.com\/blogdobispo.com.br\/wp-content\/uploads\/2025\/09\/1QpXek0wucecjQEKvbbL3o8rtkztOAyQQTtoDEAw.jpg?fit=768%2C512&ssl=1",768,512,true],"large":["https:\/\/i0.wp.com\/blogdobispo.com.br\/wp-content\/uploads\/2025\/09\/1QpXek0wucecjQEKvbbL3o8rtkztOAyQQTtoDEAw.jpg?fit=800%2C534&ssl=1",800,534,true],"1536x1536":["https:\/\/i0.wp.com\/blogdobispo.com.br\/wp-content\/uploads\/2025\/09\/1QpXek0wucecjQEKvbbL3o8rtkztOAyQQTtoDEAw.jpg?fit=1536%2C1024&ssl=1",1536,1024,true],"2048x2048":["https:\/\/i0.wp.com\/blogdobispo.com.br\/wp-content\/uploads\/2025\/09\/1QpXek0wucecjQEKvbbL3o8rtkztOAyQQTtoDEAw.jpg?fit=1599%2C1066&ssl=1",1599,1066,true]},"author_info":{"display_name":"Jefferson Sterfeno","author_link":"https:\/\/blogdobispo.com.br\/?author=1"},"category_info":"<a href=\"https:\/\/blogdobispo.com.br\/?cat=1\" rel=\"category\">diversos<\/a>","tag_info":"diversos","comment_count":"0","jetpack_featured_media_url":"https:\/\/i0.wp.com\/blogdobispo.com.br\/wp-content\/uploads\/2025\/09\/1QpXek0wucecjQEKvbbL3o8rtkztOAyQQTtoDEAw.jpg?fit=1599%2C1066&ssl=1","jetpack_sharing_enabled":true,"_links":{"self":[{"href":"https:\/\/blogdobispo.com.br\/index.php?rest_route=\/wp\/v2\/posts\/17483","targetHints":{"allow":["GET"]}}],"collection":[{"href":"https:\/\/blogdobispo.com.br\/index.php?rest_route=\/wp\/v2\/posts"}],"about":[{"href":"https:\/\/blogdobispo.com.br\/index.php?rest_route=\/wp\/v2\/types\/post"}],"author":[{"embeddable":true,"href":"https:\/\/blogdobispo.com.br\/index.php?rest_route=\/wp\/v2\/users\/1"}],"replies":[{"embeddable":true,"href":"https:\/\/blogdobispo.com.br\/index.php?rest_route=%2Fwp%2Fv2%2Fcomments&post=17483"}],"version-history":[{"count":2,"href":"https:\/\/blogdobispo.com.br\/index.php?rest_route=\/wp\/v2\/posts\/17483\/revisions"}],"predecessor-version":[{"id":17492,"href":"https:\/\/blogdobispo.com.br\/index.php?rest_route=\/wp\/v2\/posts\/17483\/revisions\/17492"}],"wp:featuredmedia":[{"embeddable":true,"href":"https:\/\/blogdobispo.com.br\/index.php?rest_route=\/wp\/v2\/media\/17484"}],"wp:attachment":[{"href":"https:\/\/blogdobispo.com.br\/index.php?rest_route=%2Fwp%2Fv2%2Fmedia&parent=17483"}],"wp:term":[{"taxonomy":"category","embeddable":true,"href":"https:\/\/blogdobispo.com.br\/index.php?rest_route=%2Fwp%2Fv2%2Fcategories&post=17483"},{"taxonomy":"post_tag","embeddable":true,"href":"https:\/\/blogdobispo.com.br\/index.php?rest_route=%2Fwp%2Fv2%2Ftags&post=17483"}],"curies":[{"name":"wp","href":"https:\/\/api.w.org\/{rel}","templated":true}]}}