{"id":17477,"date":"2025-09-02T15:51:12","date_gmt":"2025-09-02T15:51:12","guid":{"rendered":"https:\/\/blogdobispo.com.br\/?p=17477"},"modified":"2025-09-02T16:07:59","modified_gmt":"2025-09-02T16:07:59","slug":"encontro-entre-alvaro-dias-e-rogerio-marinho-frustra-planos-de-agripino-e-aquece-especulacoes-para-2026-no-rn","status":"publish","type":"post","link":"https:\/\/blogdobispo.com.br\/?p=17477","title":{"rendered":"Encontro entre \u00c1lvaro Dias e Rog\u00e9rio Marinho frustra planos de Agripino e aquece especula\u00e7\u00f5es para 2026 no RN"},"content":{"rendered":"<p data-start=\"157\" data-end=\"486\">O encontro recente entre o ex-prefeito de Natal, \u00c1lvaro Dias (Republicanos), e o senador Rog\u00e9rio Marinho (PL) acendeu o sinal de alerta no cen\u00e1rio pol\u00edtico do Rio Grande do Norte. A reuni\u00e3o, vista como cordial e estrat\u00e9gica, abre margem para especula\u00e7\u00f5es sobre uma poss\u00edvel alian\u00e7a entre PL e Republicanos nas elei\u00e7\u00f5es de 2026.<\/p>\n<p data-start=\"488\" data-end=\"878\">Nos bastidores, a leitura \u00e9 de que Rog\u00e9rio busca ampliar o arco de alian\u00e7as da oposi\u00e7\u00e3o, enquanto \u00c1lvaro avalia caminhos para seu futuro pol\u00edtico ap\u00f3s dois mandatos \u00e0 frente da capital. O ex-prefeito tem seu nome ventilado tanto para uma candidatura ao Senado, possivelmente em dobradinha com Styvenson Valentim (Podemos), quanto para uma entrada direta na disputa pelo Governo do Estado.<\/p>\n<p data-start=\"880\" data-end=\"1268\">A aproxima\u00e7\u00e3o, no entanto, esvazia os planos do ex-senador Jos\u00e9 Agripino Maia, que vinha articulando para convencer \u00c1lvaro a integrar uma chapa ao lado de Allyson Bezerra (Uni\u00e3o Brasil) e da senadora Zenaide Maia (PSD). Com o gesto em dire\u00e7\u00e3o a Rog\u00e9rio, o ex-prefeito sinaliza que pode preferir o campo oposicionista liderado pelo PL, deixando em segundo plano a estrat\u00e9gia de Agripino.<\/p>\n<p data-start=\"880\" data-end=\"1268\"><img data-recalc-dims=\"1\" fetchpriority=\"high\" decoding=\"async\" src=\"https:\/\/i0.wp.com\/blogdobispo.com.br\/wp-content\/uploads\/2025\/09\/alvaro-e-rogerio.webp?resize=300%2C168\" class=\"alignnone size-medium wp-image-17478\" width=\"300\" height=\"168\" alt=\"\" srcset=\"https:\/\/i0.wp.com\/blogdobispo.com.br\/wp-content\/uploads\/2025\/09\/alvaro-e-rogerio.webp?resize=300%2C168&amp;ssl=1 300w, https:\/\/i0.wp.com\/blogdobispo.com.br\/wp-content\/uploads\/2025\/09\/alvaro-e-rogerio.webp?w=503&amp;ssl=1 503w\" sizes=\"(max-width: 300px) 100vw, 300px\" \/><\/p>\n","protected":false},"excerpt":{"rendered":"<p>O encontro recente entre o ex-prefeito de Natal, \u00c1lvaro Dias (Republicanos), e o senador Rog\u00e9rio Marinho (PL) acendeu o sinal de alerta no cen\u00e1rio pol\u00edtico do Rio Grande do Norte. A reuni\u00e3o, vista como cordial e estrat\u00e9gica, abre margem para especula\u00e7\u00f5es sobre uma poss\u00edvel alian\u00e7a entre PL e Republicanos nas elei\u00e7\u00f5es de 2026. Nos bastidores, [&hellip;]<\/p>\n","protected":false},"author":1,"featured_media":17478,"comment_status":"open","ping_status":"open","sticky":false,"template":"","format":"standard","meta":{"cybocfi_hide_featured_image":"","_jetpack_memberships_contains_paid_content":false,"footnotes":""},"categories":[1],"tags":[],"class_list":["post-17477","post","type-post","status-publish","format-standard","has-post-thumbnail","hentry","category-diversos"],"yoast_head":"<!-- This site is optimized with the Yoast SEO plugin v25.6 - https:\/\/yoast.com\/wordpress\/plugins\/seo\/ -->\n<title>Encontro entre \u00c1lvaro Dias e Rog\u00e9rio Marinho frustra planos de Agripino e aquece especula\u00e7\u00f5es para 2026 no RN - Blog do Bispo<\/title>\n<meta name=\"robots\" content=\"index, follow, max-snippet:-1, max-image-preview:large, max-video-preview:-1\" \/>\n<link rel=\"canonical\" href=\"https:\/\/blogdobispo.com.br\/?p=17477\" \/>\n<meta property=\"og:locale\" content=\"pt_BR\" \/>\n<meta property=\"og:type\" content=\"article\" \/>\n<meta property=\"og:title\" content=\"Encontro entre \u00c1lvaro Dias e Rog\u00e9rio Marinho frustra planos de Agripino e aquece especula\u00e7\u00f5es para 2026 no RN - Blog do Bispo\" \/>\n<meta property=\"og:description\" content=\"O encontro recente entre o ex-prefeito de Natal, \u00c1lvaro Dias (Republicanos), e o senador Rog\u00e9rio Marinho (PL) acendeu o sinal de alerta no cen\u00e1rio pol\u00edtico do Rio Grande do Norte. A reuni\u00e3o, vista como cordial e estrat\u00e9gica, abre margem para especula\u00e7\u00f5es sobre uma poss\u00edvel alian\u00e7a entre PL e Republicanos nas elei\u00e7\u00f5es de 2026. Nos bastidores, [&hellip;]\" \/>\n<meta property=\"og:url\" content=\"https:\/\/blogdobispo.com.br\/?p=17477\" \/>\n<meta property=\"og:site_name\" content=\"Blog do Bispo\" \/>\n<meta property=\"article:published_time\" content=\"2025-09-02T15:51:12+00:00\" \/>\n<meta property=\"article:modified_time\" content=\"2025-09-02T16:07:59+00:00\" \/>\n<meta property=\"og:image\" content=\"https:\/\/i0.wp.com\/blogdobispo.com.br\/wp-content\/uploads\/2025\/09\/alvaro-e-rogerio.webp?fit=503%2C281&ssl=1\" \/>\n\t<meta property=\"og:image:width\" content=\"503\" \/>\n\t<meta property=\"og:image:height\" content=\"281\" \/>\n\t<meta property=\"og:image:type\" content=\"image\/webp\" \/>\n<meta name=\"author\" content=\"Jefferson Sterfeno\" \/>\n<meta name=\"twitter:card\" content=\"summary_large_image\" \/>\n<meta name=\"twitter:label1\" content=\"Escrito por\" \/>\n\t<meta name=\"twitter:data1\" content=\"Jefferson Sterfeno\" \/>\n\t<meta name=\"twitter:label2\" content=\"Est. tempo de leitura\" \/>\n\t<meta name=\"twitter:data2\" content=\"2 minutos\" \/>\n<script type=\"application\/ld+json\" class=\"yoast-schema-graph\">{\"@context\":\"https:\/\/schema.org\",\"@graph\":[{\"@type\":\"Article\",\"@id\":\"https:\/\/blogdobispo.com.br\/?p=17477#article\",\"isPartOf\":{\"@id\":\"https:\/\/blogdobispo.com.br\/?p=17477\"},\"author\":{\"name\":\"Jefferson Sterfeno\",\"@id\":\"https:\/\/blogdobispo.com.br\/#\/schema\/person\/e2209cc0e6cea5c5233d033e997b373f\"},\"headline\":\"Encontro entre \u00c1lvaro Dias e Rog\u00e9rio Marinho frustra planos de Agripino e aquece especula\u00e7\u00f5es para 2026 no RN\",\"datePublished\":\"2025-09-02T15:51:12+00:00\",\"dateModified\":\"2025-09-02T16:07:59+00:00\",\"mainEntityOfPage\":{\"@id\":\"https:\/\/blogdobispo.com.br\/?p=17477\"},\"wordCount\":211,\"commentCount\":0,\"publisher\":{\"@id\":\"https:\/\/blogdobispo.com.br\/#organization\"},\"image\":{\"@id\":\"https:\/\/blogdobispo.com.br\/?p=17477#primaryimage\"},\"thumbnailUrl\":\"https:\/\/i0.wp.com\/blogdobispo.com.br\/wp-content\/uploads\/2025\/09\/alvaro-e-rogerio.webp?fit=503%2C281&ssl=1\",\"articleSection\":[\"diversos\"],\"inLanguage\":\"pt-BR\",\"potentialAction\":[{\"@type\":\"CommentAction\",\"name\":\"Comment\",\"target\":[\"https:\/\/blogdobispo.com.br\/?p=17477#respond\"]}]},{\"@type\":\"WebPage\",\"@id\":\"https:\/\/blogdobispo.com.br\/?p=17477\",\"url\":\"https:\/\/blogdobispo.com.br\/?p=17477\",\"name\":\"Encontro entre \u00c1lvaro Dias e Rog\u00e9rio Marinho frustra planos de Agripino e aquece especula\u00e7\u00f5es para 2026 no RN - Blog do Bispo\",\"isPartOf\":{\"@id\":\"https:\/\/blogdobispo.com.br\/#website\"},\"primaryImageOfPage\":{\"@id\":\"https:\/\/blogdobispo.com.br\/?p=17477#primaryimage\"},\"image\":{\"@id\":\"https:\/\/blogdobispo.com.br\/?p=17477#primaryimage\"},\"thumbnailUrl\":\"https:\/\/i0.wp.com\/blogdobispo.com.br\/wp-content\/uploads\/2025\/09\/alvaro-e-rogerio.webp?fit=503%2C281&ssl=1\",\"datePublished\":\"2025-09-02T15:51:12+00:00\",\"dateModified\":\"2025-09-02T16:07:59+00:00\",\"breadcrumb\":{\"@id\":\"https:\/\/blogdobispo.com.br\/?p=17477#breadcrumb\"},\"inLanguage\":\"pt-BR\",\"potentialAction\":[{\"@type\":\"ReadAction\",\"target\":[\"https:\/\/blogdobispo.com.br\/?p=17477\"]}]},{\"@type\":\"ImageObject\",\"inLanguage\":\"pt-BR\",\"@id\":\"https:\/\/blogdobispo.com.br\/?p=17477#primaryimage\",\"url\":\"https:\/\/i0.wp.com\/blogdobispo.com.br\/wp-content\/uploads\/2025\/09\/alvaro-e-rogerio.webp?fit=503%2C281&ssl=1\",\"contentUrl\":\"https:\/\/i0.wp.com\/blogdobispo.com.br\/wp-content\/uploads\/2025\/09\/alvaro-e-rogerio.webp?fit=503%2C281&ssl=1\",\"width\":503,\"height\":281},{\"@type\":\"BreadcrumbList\",\"@id\":\"https:\/\/blogdobispo.com.br\/?p=17477#breadcrumb\",\"itemListElement\":[{\"@type\":\"ListItem\",\"position\":1,\"name\":\"In\u00edcio\",\"item\":\"https:\/\/blogdobispo.com.br\/\"},{\"@type\":\"ListItem\",\"position\":2,\"name\":\"Encontro entre \u00c1lvaro Dias e Rog\u00e9rio Marinho frustra planos de Agripino e aquece especula\u00e7\u00f5es para 2026 no RN\"}]},{\"@type\":\"WebSite\",\"@id\":\"https:\/\/blogdobispo.com.br\/#website\",\"url\":\"https:\/\/blogdobispo.com.br\/\",\"name\":\"Blog do Bispo\",\"description\":\"Comprometido apenas com o leitor\",\"publisher\":{\"@id\":\"https:\/\/blogdobispo.com.br\/#organization\"},\"potentialAction\":[{\"@type\":\"SearchAction\",\"target\":{\"@type\":\"EntryPoint\",\"urlTemplate\":\"https:\/\/blogdobispo.com.br\/?s={search_term_string}\"},\"query-input\":{\"@type\":\"PropertyValueSpecification\",\"valueRequired\":true,\"valueName\":\"search_term_string\"}}],\"inLanguage\":\"pt-BR\"},{\"@type\":\"Organization\",\"@id\":\"https:\/\/blogdobispo.com.br\/#organization\",\"name\":\"Blog do Bispo\",\"url\":\"https:\/\/blogdobispo.com.br\/\",\"logo\":{\"@type\":\"ImageObject\",\"inLanguage\":\"pt-BR\",\"@id\":\"https:\/\/blogdobispo.com.br\/#\/schema\/logo\/image\/\",\"url\":\"http:\/\/blogdobispo.com.br\/wp-content\/uploads\/2023\/05\/cropped-headear.png\",\"contentUrl\":\"http:\/\/blogdobispo.com.br\/wp-content\/uploads\/2023\/05\/cropped-headear.png\",\"width\":1500,\"height\":399,\"caption\":\"Blog do Bispo\"},\"image\":{\"@id\":\"https:\/\/blogdobispo.com.br\/#\/schema\/logo\/image\/\"}},{\"@type\":\"Person\",\"@id\":\"https:\/\/blogdobispo.com.br\/#\/schema\/person\/e2209cc0e6cea5c5233d033e997b373f\",\"name\":\"Jefferson Sterfeno\",\"image\":{\"@type\":\"ImageObject\",\"inLanguage\":\"pt-BR\",\"@id\":\"https:\/\/blogdobispo.com.br\/#\/schema\/person\/image\/\",\"url\":\"https:\/\/secure.gravatar.com\/avatar\/0534e84764641168a677026b6d57a3f51dc7ac4db0b4f6186d9cb330d4ee1160?s=96&d=mm&r=g\",\"contentUrl\":\"https:\/\/secure.gravatar.com\/avatar\/0534e84764641168a677026b6d57a3f51dc7ac4db0b4f6186d9cb330d4ee1160?s=96&d=mm&r=g\",\"caption\":\"Jefferson Sterfeno\"},\"sameAs\":[\"http:\/\/blogdobispo.com.br\"],\"url\":\"https:\/\/blogdobispo.com.br\/?author=1\"}]}<\/script>\n<!-- \/ Yoast SEO plugin. -->","yoast_head_json":{"title":"Encontro entre \u00c1lvaro Dias e Rog\u00e9rio Marinho frustra planos de Agripino e aquece especula\u00e7\u00f5es para 2026 no RN - Blog do Bispo","robots":{"index":"index","follow":"follow","max-snippet":"max-snippet:-1","max-image-preview":"max-image-preview:large","max-video-preview":"max-video-preview:-1"},"canonical":"https:\/\/blogdobispo.com.br\/?p=17477","og_locale":"pt_BR","og_type":"article","og_title":"Encontro entre \u00c1lvaro Dias e Rog\u00e9rio Marinho frustra planos de Agripino e aquece especula\u00e7\u00f5es para 2026 no RN - Blog do Bispo","og_description":"O encontro recente entre o ex-prefeito de Natal, \u00c1lvaro Dias (Republicanos), e o senador Rog\u00e9rio Marinho (PL) acendeu o sinal de alerta no cen\u00e1rio pol\u00edtico do Rio Grande do Norte. A reuni\u00e3o, vista como cordial e estrat\u00e9gica, abre margem para especula\u00e7\u00f5es sobre uma poss\u00edvel alian\u00e7a entre PL e Republicanos nas elei\u00e7\u00f5es de 2026. Nos bastidores, [&hellip;]","og_url":"https:\/\/blogdobispo.com.br\/?p=17477","og_site_name":"Blog do Bispo","article_published_time":"2025-09-02T15:51:12+00:00","article_modified_time":"2025-09-02T16:07:59+00:00","og_image":[{"width":503,"height":281,"url":"https:\/\/i0.wp.com\/blogdobispo.com.br\/wp-content\/uploads\/2025\/09\/alvaro-e-rogerio.webp?fit=503%2C281&ssl=1","type":"image\/webp"}],"author":"Jefferson Sterfeno","twitter_card":"summary_large_image","twitter_misc":{"Escrito por":"Jefferson Sterfeno","Est. tempo de leitura":"2 minutos"},"schema":{"@context":"https:\/\/schema.org","@graph":[{"@type":"Article","@id":"https:\/\/blogdobispo.com.br\/?p=17477#article","isPartOf":{"@id":"https:\/\/blogdobispo.com.br\/?p=17477"},"author":{"name":"Jefferson Sterfeno","@id":"https:\/\/blogdobispo.com.br\/#\/schema\/person\/e2209cc0e6cea5c5233d033e997b373f"},"headline":"Encontro entre \u00c1lvaro Dias e Rog\u00e9rio Marinho frustra planos de Agripino e aquece especula\u00e7\u00f5es para 2026 no RN","datePublished":"2025-09-02T15:51:12+00:00","dateModified":"2025-09-02T16:07:59+00:00","mainEntityOfPage":{"@id":"https:\/\/blogdobispo.com.br\/?p=17477"},"wordCount":211,"commentCount":0,"publisher":{"@id":"https:\/\/blogdobispo.com.br\/#organization"},"image":{"@id":"https:\/\/blogdobispo.com.br\/?p=17477#primaryimage"},"thumbnailUrl":"https:\/\/i0.wp.com\/blogdobispo.com.br\/wp-content\/uploads\/2025\/09\/alvaro-e-rogerio.webp?fit=503%2C281&ssl=1","articleSection":["diversos"],"inLanguage":"pt-BR","potentialAction":[{"@type":"CommentAction","name":"Comment","target":["https:\/\/blogdobispo.com.br\/?p=17477#respond"]}]},{"@type":"WebPage","@id":"https:\/\/blogdobispo.com.br\/?p=17477","url":"https:\/\/blogdobispo.com.br\/?p=17477","name":"Encontro entre \u00c1lvaro Dias e Rog\u00e9rio Marinho frustra planos de Agripino e aquece especula\u00e7\u00f5es para 2026 no RN - Blog do Bispo","isPartOf":{"@id":"https:\/\/blogdobispo.com.br\/#website"},"primaryImageOfPage":{"@id":"https:\/\/blogdobispo.com.br\/?p=17477#primaryimage"},"image":{"@id":"https:\/\/blogdobispo.com.br\/?p=17477#primaryimage"},"thumbnailUrl":"https:\/\/i0.wp.com\/blogdobispo.com.br\/wp-content\/uploads\/2025\/09\/alvaro-e-rogerio.webp?fit=503%2C281&ssl=1","datePublished":"2025-09-02T15:51:12+00:00","dateModified":"2025-09-02T16:07:59+00:00","breadcrumb":{"@id":"https:\/\/blogdobispo.com.br\/?p=17477#breadcrumb"},"inLanguage":"pt-BR","potentialAction":[{"@type":"ReadAction","target":["https:\/\/blogdobispo.com.br\/?p=17477"]}]},{"@type":"ImageObject","inLanguage":"pt-BR","@id":"https:\/\/blogdobispo.com.br\/?p=17477#primaryimage","url":"https:\/\/i0.wp.com\/blogdobispo.com.br\/wp-content\/uploads\/2025\/09\/alvaro-e-rogerio.webp?fit=503%2C281&ssl=1","contentUrl":"https:\/\/i0.wp.com\/blogdobispo.com.br\/wp-content\/uploads\/2025\/09\/alvaro-e-rogerio.webp?fit=503%2C281&ssl=1","width":503,"height":281},{"@type":"BreadcrumbList","@id":"https:\/\/blogdobispo.com.br\/?p=17477#breadcrumb","itemListElement":[{"@type":"ListItem","position":1,"name":"In\u00edcio","item":"https:\/\/blogdobispo.com.br\/"},{"@type":"ListItem","position":2,"name":"Encontro entre \u00c1lvaro Dias e Rog\u00e9rio Marinho frustra planos de Agripino e aquece especula\u00e7\u00f5es para 2026 no RN"}]},{"@type":"WebSite","@id":"https:\/\/blogdobispo.com.br\/#website","url":"https:\/\/blogdobispo.com.br\/","name":"Blog do Bispo","description":"Comprometido apenas com o leitor","publisher":{"@id":"https:\/\/blogdobispo.com.br\/#organization"},"potentialAction":[{"@type":"SearchAction","target":{"@type":"EntryPoint","urlTemplate":"https:\/\/blogdobispo.com.br\/?s={search_term_string}"},"query-input":{"@type":"PropertyValueSpecification","valueRequired":true,"valueName":"search_term_string"}}],"inLanguage":"pt-BR"},{"@type":"Organization","@id":"https:\/\/blogdobispo.com.br\/#organization","name":"Blog do Bispo","url":"https:\/\/blogdobispo.com.br\/","logo":{"@type":"ImageObject","inLanguage":"pt-BR","@id":"https:\/\/blogdobispo.com.br\/#\/schema\/logo\/image\/","url":"http:\/\/blogdobispo.com.br\/wp-content\/uploads\/2023\/05\/cropped-headear.png","contentUrl":"http:\/\/blogdobispo.com.br\/wp-content\/uploads\/2023\/05\/cropped-headear.png","width":1500,"height":399,"caption":"Blog do Bispo"},"image":{"@id":"https:\/\/blogdobispo.com.br\/#\/schema\/logo\/image\/"}},{"@type":"Person","@id":"https:\/\/blogdobispo.com.br\/#\/schema\/person\/e2209cc0e6cea5c5233d033e997b373f","name":"Jefferson Sterfeno","image":{"@type":"ImageObject","inLanguage":"pt-BR","@id":"https:\/\/blogdobispo.com.br\/#\/schema\/person\/image\/","url":"https:\/\/secure.gravatar.com\/avatar\/0534e84764641168a677026b6d57a3f51dc7ac4db0b4f6186d9cb330d4ee1160?s=96&d=mm&r=g","contentUrl":"https:\/\/secure.gravatar.com\/avatar\/0534e84764641168a677026b6d57a3f51dc7ac4db0b4f6186d9cb330d4ee1160?s=96&d=mm&r=g","caption":"Jefferson Sterfeno"},"sameAs":["http:\/\/blogdobispo.com.br"],"url":"https:\/\/blogdobispo.com.br\/?author=1"}]}},"featured_image_urls":{"full":["https:\/\/i0.wp.com\/blogdobispo.com.br\/wp-content\/uploads\/2025\/09\/alvaro-e-rogerio.webp?fit=503%2C281&ssl=1",503,281,false],"thumbnail":["https:\/\/i0.wp.com\/blogdobispo.com.br\/wp-content\/uploads\/2025\/09\/alvaro-e-rogerio.webp?resize=150%2C150&ssl=1",150,150,true],"medium":["https:\/\/i0.wp.com\/blogdobispo.com.br\/wp-content\/uploads\/2025\/09\/alvaro-e-rogerio.webp?fit=300%2C168&ssl=1",300,168,true],"medium_large":["https:\/\/i0.wp.com\/blogdobispo.com.br\/wp-content\/uploads\/2025\/09\/alvaro-e-rogerio.webp?fit=503%2C281&ssl=1",503,281,true],"large":["https:\/\/i0.wp.com\/blogdobispo.com.br\/wp-content\/uploads\/2025\/09\/alvaro-e-rogerio.webp?fit=503%2C281&ssl=1",503,281,true],"1536x1536":["https:\/\/i0.wp.com\/blogdobispo.com.br\/wp-content\/uploads\/2025\/09\/alvaro-e-rogerio.webp?fit=503%2C281&ssl=1",503,281,true],"2048x2048":["https:\/\/i0.wp.com\/blogdobispo.com.br\/wp-content\/uploads\/2025\/09\/alvaro-e-rogerio.webp?fit=503%2C281&ssl=1",503,281,true]},"author_info":{"display_name":"Jefferson Sterfeno","author_link":"https:\/\/blogdobispo.com.br\/?author=1"},"category_info":"<a href=\"https:\/\/blogdobispo.com.br\/?cat=1\" rel=\"category\">diversos<\/a>","tag_info":"diversos","comment_count":"0","jetpack_featured_media_url":"https:\/\/i0.wp.com\/blogdobispo.com.br\/wp-content\/uploads\/2025\/09\/alvaro-e-rogerio.webp?fit=503%2C281&ssl=1","jetpack_sharing_enabled":true,"_links":{"self":[{"href":"https:\/\/blogdobispo.com.br\/index.php?rest_route=\/wp\/v2\/posts\/17477","targetHints":{"allow":["GET"]}}],"collection":[{"href":"https:\/\/blogdobispo.com.br\/index.php?rest_route=\/wp\/v2\/posts"}],"about":[{"href":"https:\/\/blogdobispo.com.br\/index.php?rest_route=\/wp\/v2\/types\/post"}],"author":[{"embeddable":true,"href":"https:\/\/blogdobispo.com.br\/index.php?rest_route=\/wp\/v2\/users\/1"}],"replies":[{"embeddable":true,"href":"https:\/\/blogdobispo.com.br\/index.php?rest_route=%2Fwp%2Fv2%2Fcomments&post=17477"}],"version-history":[{"count":2,"href":"https:\/\/blogdobispo.com.br\/index.php?rest_route=\/wp\/v2\/posts\/17477\/revisions"}],"predecessor-version":[{"id":17490,"href":"https:\/\/blogdobispo.com.br\/index.php?rest_route=\/wp\/v2\/posts\/17477\/revisions\/17490"}],"wp:featuredmedia":[{"embeddable":true,"href":"https:\/\/blogdobispo.com.br\/index.php?rest_route=\/wp\/v2\/media\/17478"}],"wp:attachment":[{"href":"https:\/\/blogdobispo.com.br\/index.php?rest_route=%2Fwp%2Fv2%2Fmedia&parent=17477"}],"wp:term":[{"taxonomy":"category","embeddable":true,"href":"https:\/\/blogdobispo.com.br\/index.php?rest_route=%2Fwp%2Fv2%2Fcategories&post=17477"},{"taxonomy":"post_tag","embeddable":true,"href":"https:\/\/blogdobispo.com.br\/index.php?rest_route=%2Fwp%2Fv2%2Ftags&post=17477"}],"curies":[{"name":"wp","href":"https:\/\/api.w.org\/{rel}","templated":true}]}}