{"id":17474,"date":"2025-09-02T15:47:51","date_gmt":"2025-09-02T15:47:51","guid":{"rendered":"https:\/\/blogdobispo.com.br\/?p=17474"},"modified":"2025-09-02T16:01:02","modified_gmt":"2025-09-02T16:01:02","slug":"jose-agripino-tenta-convencer-alvaro-dias-a-ser-candidato-ao-senado","status":"publish","type":"post","link":"https:\/\/blogdobispo.com.br\/?p=17474","title":{"rendered":"Jos\u00e9 Agripino tenta convencer \u00c1lvaro Dias a ser candidato ao Senado"},"content":{"rendered":"<p data-start=\"28\" data-end=\"510\">Nos bastidores da pol\u00edtica potiguar, uma movimenta\u00e7\u00e3o tem chamado aten\u00e7\u00e3o e promete mexer no tabuleiro da sucess\u00e3o de 2026. O ex-senador Jos\u00e9 Agripino Maia, figura hist\u00f3rica da pol\u00edtica do Rio Grande do Norte, estaria articulando para convencer o prefeito de Natal, \u00c1lvaro Dias (Republicanos), a disputar uma vaga no Senado em uma chapa considerada competitiva, que poderia reunir o jovem prefeito de Mossor\u00f3, Allyson Bezerra (Uni\u00e3o Brasil), e a atual senadora Zenaide Maia (PSD).<\/p>\n<p data-start=\"512\" data-end=\"847\">A costura teria como objetivo montar uma alian\u00e7a ampla, capaz de unir diferentes espectros pol\u00edticos e consolidar for\u00e7as tanto na capital quanto no interior. Para Agripino, a presen\u00e7a de \u00c1lvaro Dias na chapa representaria a garantia de musculatura pol\u00edtica em Natal, onde o prefeito ainda mant\u00e9m forte influ\u00eancia e aceita\u00e7\u00e3o popular.<\/p>\n<p data-start=\"849\" data-end=\"1219\">Do outro lado, a articula\u00e7\u00e3o n\u00e3o \u00e9 simples. \u00c1lvaro tem demonstrado cautela em rela\u00e7\u00e3o ao seu futuro pol\u00edtico. Embora seja constantemente lembrado como um nome forte para o Senado, ainda n\u00e3o deu sinais claros de que pretende disputar em 2026. Internamente, avalia os cen\u00e1rios e observa os movimentos de lideran\u00e7as estaduais antes de se comprometer com qualquer projeto.<\/p>\n<p data-start=\"849\" data-end=\"1219\"><img data-recalc-dims=\"1\" fetchpriority=\"high\" decoding=\"async\" src=\"https:\/\/i0.wp.com\/blogdobispo.com.br\/wp-content\/uploads\/2025\/09\/image-262.png?resize=300%2C247\" class=\"alignnone size-medium wp-image-17475\" width=\"300\" height=\"247\" alt=\"\" srcset=\"https:\/\/i0.wp.com\/blogdobispo.com.br\/wp-content\/uploads\/2025\/09\/image-262.png?resize=300%2C247&amp;ssl=1 300w, https:\/\/i0.wp.com\/blogdobispo.com.br\/wp-content\/uploads\/2025\/09\/image-262.png?w=470&amp;ssl=1 470w\" sizes=\"(max-width: 300px) 100vw, 300px\" \/><\/p>\n","protected":false},"excerpt":{"rendered":"<p>Nos bastidores da pol\u00edtica potiguar, uma movimenta\u00e7\u00e3o tem chamado aten\u00e7\u00e3o e promete mexer no tabuleiro da sucess\u00e3o de 2026. O ex-senador Jos\u00e9 Agripino Maia, figura hist\u00f3rica da pol\u00edtica do Rio Grande do Norte, estaria articulando para convencer o prefeito de Natal, \u00c1lvaro Dias (Republicanos), a disputar uma vaga no Senado em uma chapa considerada competitiva, [&hellip;]<\/p>\n","protected":false},"author":1,"featured_media":17475,"comment_status":"open","ping_status":"open","sticky":false,"template":"","format":"standard","meta":{"cybocfi_hide_featured_image":"","_jetpack_memberships_contains_paid_content":false,"footnotes":""},"categories":[1],"tags":[],"class_list":["post-17474","post","type-post","status-publish","format-standard","has-post-thumbnail","hentry","category-diversos"],"yoast_head":"<!-- This site is optimized with the Yoast SEO plugin v25.6 - https:\/\/yoast.com\/wordpress\/plugins\/seo\/ -->\n<title>Jos\u00e9 Agripino tenta convencer \u00c1lvaro Dias a ser candidato ao Senado - Blog do Bispo<\/title>\n<meta name=\"robots\" content=\"index, follow, max-snippet:-1, max-image-preview:large, max-video-preview:-1\" \/>\n<link rel=\"canonical\" href=\"https:\/\/blogdobispo.com.br\/?p=17474\" \/>\n<meta property=\"og:locale\" content=\"pt_BR\" \/>\n<meta property=\"og:type\" content=\"article\" \/>\n<meta property=\"og:title\" content=\"Jos\u00e9 Agripino tenta convencer \u00c1lvaro Dias a ser candidato ao Senado - Blog do Bispo\" \/>\n<meta property=\"og:description\" content=\"Nos bastidores da pol\u00edtica potiguar, uma movimenta\u00e7\u00e3o tem chamado aten\u00e7\u00e3o e promete mexer no tabuleiro da sucess\u00e3o de 2026. O ex-senador Jos\u00e9 Agripino Maia, figura hist\u00f3rica da pol\u00edtica do Rio Grande do Norte, estaria articulando para convencer o prefeito de Natal, \u00c1lvaro Dias (Republicanos), a disputar uma vaga no Senado em uma chapa considerada competitiva, [&hellip;]\" \/>\n<meta property=\"og:url\" content=\"https:\/\/blogdobispo.com.br\/?p=17474\" \/>\n<meta property=\"og:site_name\" content=\"Blog do Bispo\" \/>\n<meta property=\"article:published_time\" content=\"2025-09-02T15:47:51+00:00\" \/>\n<meta property=\"article:modified_time\" content=\"2025-09-02T16:01:02+00:00\" \/>\n<meta property=\"og:image\" content=\"https:\/\/i0.wp.com\/blogdobispo.com.br\/wp-content\/uploads\/2025\/09\/image-262.png?fit=470%2C387&ssl=1\" \/>\n\t<meta property=\"og:image:width\" content=\"470\" \/>\n\t<meta property=\"og:image:height\" content=\"387\" \/>\n\t<meta property=\"og:image:type\" content=\"image\/png\" \/>\n<meta name=\"author\" content=\"Jefferson Sterfeno\" \/>\n<meta name=\"twitter:card\" content=\"summary_large_image\" \/>\n<meta name=\"twitter:label1\" content=\"Escrito por\" \/>\n\t<meta name=\"twitter:data1\" content=\"Jefferson Sterfeno\" \/>\n\t<meta name=\"twitter:label2\" content=\"Est. tempo de leitura\" \/>\n\t<meta name=\"twitter:data2\" content=\"2 minutos\" \/>\n<script type=\"application\/ld+json\" class=\"yoast-schema-graph\">{\"@context\":\"https:\/\/schema.org\",\"@graph\":[{\"@type\":\"Article\",\"@id\":\"https:\/\/blogdobispo.com.br\/?p=17474#article\",\"isPartOf\":{\"@id\":\"https:\/\/blogdobispo.com.br\/?p=17474\"},\"author\":{\"name\":\"Jefferson Sterfeno\",\"@id\":\"https:\/\/blogdobispo.com.br\/#\/schema\/person\/e2209cc0e6cea5c5233d033e997b373f\"},\"headline\":\"Jos\u00e9 Agripino tenta convencer \u00c1lvaro Dias a ser candidato ao Senado\",\"datePublished\":\"2025-09-02T15:47:51+00:00\",\"dateModified\":\"2025-09-02T16:01:02+00:00\",\"mainEntityOfPage\":{\"@id\":\"https:\/\/blogdobispo.com.br\/?p=17474\"},\"wordCount\":213,\"commentCount\":0,\"publisher\":{\"@id\":\"https:\/\/blogdobispo.com.br\/#organization\"},\"image\":{\"@id\":\"https:\/\/blogdobispo.com.br\/?p=17474#primaryimage\"},\"thumbnailUrl\":\"https:\/\/i0.wp.com\/blogdobispo.com.br\/wp-content\/uploads\/2025\/09\/image-262.png?fit=470%2C387&ssl=1\",\"articleSection\":[\"diversos\"],\"inLanguage\":\"pt-BR\",\"potentialAction\":[{\"@type\":\"CommentAction\",\"name\":\"Comment\",\"target\":[\"https:\/\/blogdobispo.com.br\/?p=17474#respond\"]}]},{\"@type\":\"WebPage\",\"@id\":\"https:\/\/blogdobispo.com.br\/?p=17474\",\"url\":\"https:\/\/blogdobispo.com.br\/?p=17474\",\"name\":\"Jos\u00e9 Agripino tenta convencer \u00c1lvaro Dias a ser candidato ao Senado - Blog do Bispo\",\"isPartOf\":{\"@id\":\"https:\/\/blogdobispo.com.br\/#website\"},\"primaryImageOfPage\":{\"@id\":\"https:\/\/blogdobispo.com.br\/?p=17474#primaryimage\"},\"image\":{\"@id\":\"https:\/\/blogdobispo.com.br\/?p=17474#primaryimage\"},\"thumbnailUrl\":\"https:\/\/i0.wp.com\/blogdobispo.com.br\/wp-content\/uploads\/2025\/09\/image-262.png?fit=470%2C387&ssl=1\",\"datePublished\":\"2025-09-02T15:47:51+00:00\",\"dateModified\":\"2025-09-02T16:01:02+00:00\",\"breadcrumb\":{\"@id\":\"https:\/\/blogdobispo.com.br\/?p=17474#breadcrumb\"},\"inLanguage\":\"pt-BR\",\"potentialAction\":[{\"@type\":\"ReadAction\",\"target\":[\"https:\/\/blogdobispo.com.br\/?p=17474\"]}]},{\"@type\":\"ImageObject\",\"inLanguage\":\"pt-BR\",\"@id\":\"https:\/\/blogdobispo.com.br\/?p=17474#primaryimage\",\"url\":\"https:\/\/i0.wp.com\/blogdobispo.com.br\/wp-content\/uploads\/2025\/09\/image-262.png?fit=470%2C387&ssl=1\",\"contentUrl\":\"https:\/\/i0.wp.com\/blogdobispo.com.br\/wp-content\/uploads\/2025\/09\/image-262.png?fit=470%2C387&ssl=1\",\"width\":470,\"height\":387},{\"@type\":\"BreadcrumbList\",\"@id\":\"https:\/\/blogdobispo.com.br\/?p=17474#breadcrumb\",\"itemListElement\":[{\"@type\":\"ListItem\",\"position\":1,\"name\":\"In\u00edcio\",\"item\":\"https:\/\/blogdobispo.com.br\/\"},{\"@type\":\"ListItem\",\"position\":2,\"name\":\"Jos\u00e9 Agripino tenta convencer \u00c1lvaro Dias a ser candidato ao Senado\"}]},{\"@type\":\"WebSite\",\"@id\":\"https:\/\/blogdobispo.com.br\/#website\",\"url\":\"https:\/\/blogdobispo.com.br\/\",\"name\":\"Blog do Bispo\",\"description\":\"Comprometido apenas com o leitor\",\"publisher\":{\"@id\":\"https:\/\/blogdobispo.com.br\/#organization\"},\"potentialAction\":[{\"@type\":\"SearchAction\",\"target\":{\"@type\":\"EntryPoint\",\"urlTemplate\":\"https:\/\/blogdobispo.com.br\/?s={search_term_string}\"},\"query-input\":{\"@type\":\"PropertyValueSpecification\",\"valueRequired\":true,\"valueName\":\"search_term_string\"}}],\"inLanguage\":\"pt-BR\"},{\"@type\":\"Organization\",\"@id\":\"https:\/\/blogdobispo.com.br\/#organization\",\"name\":\"Blog do Bispo\",\"url\":\"https:\/\/blogdobispo.com.br\/\",\"logo\":{\"@type\":\"ImageObject\",\"inLanguage\":\"pt-BR\",\"@id\":\"https:\/\/blogdobispo.com.br\/#\/schema\/logo\/image\/\",\"url\":\"http:\/\/blogdobispo.com.br\/wp-content\/uploads\/2023\/05\/cropped-headear.png\",\"contentUrl\":\"http:\/\/blogdobispo.com.br\/wp-content\/uploads\/2023\/05\/cropped-headear.png\",\"width\":1500,\"height\":399,\"caption\":\"Blog do Bispo\"},\"image\":{\"@id\":\"https:\/\/blogdobispo.com.br\/#\/schema\/logo\/image\/\"}},{\"@type\":\"Person\",\"@id\":\"https:\/\/blogdobispo.com.br\/#\/schema\/person\/e2209cc0e6cea5c5233d033e997b373f\",\"name\":\"Jefferson Sterfeno\",\"image\":{\"@type\":\"ImageObject\",\"inLanguage\":\"pt-BR\",\"@id\":\"https:\/\/blogdobispo.com.br\/#\/schema\/person\/image\/\",\"url\":\"https:\/\/secure.gravatar.com\/avatar\/0534e84764641168a677026b6d57a3f51dc7ac4db0b4f6186d9cb330d4ee1160?s=96&d=mm&r=g\",\"contentUrl\":\"https:\/\/secure.gravatar.com\/avatar\/0534e84764641168a677026b6d57a3f51dc7ac4db0b4f6186d9cb330d4ee1160?s=96&d=mm&r=g\",\"caption\":\"Jefferson Sterfeno\"},\"sameAs\":[\"http:\/\/blogdobispo.com.br\"],\"url\":\"https:\/\/blogdobispo.com.br\/?author=1\"}]}<\/script>\n<!-- \/ Yoast SEO plugin. -->","yoast_head_json":{"title":"Jos\u00e9 Agripino tenta convencer \u00c1lvaro Dias a ser candidato ao Senado - Blog do Bispo","robots":{"index":"index","follow":"follow","max-snippet":"max-snippet:-1","max-image-preview":"max-image-preview:large","max-video-preview":"max-video-preview:-1"},"canonical":"https:\/\/blogdobispo.com.br\/?p=17474","og_locale":"pt_BR","og_type":"article","og_title":"Jos\u00e9 Agripino tenta convencer \u00c1lvaro Dias a ser candidato ao Senado - Blog do Bispo","og_description":"Nos bastidores da pol\u00edtica potiguar, uma movimenta\u00e7\u00e3o tem chamado aten\u00e7\u00e3o e promete mexer no tabuleiro da sucess\u00e3o de 2026. O ex-senador Jos\u00e9 Agripino Maia, figura hist\u00f3rica da pol\u00edtica do Rio Grande do Norte, estaria articulando para convencer o prefeito de Natal, \u00c1lvaro Dias (Republicanos), a disputar uma vaga no Senado em uma chapa considerada competitiva, [&hellip;]","og_url":"https:\/\/blogdobispo.com.br\/?p=17474","og_site_name":"Blog do Bispo","article_published_time":"2025-09-02T15:47:51+00:00","article_modified_time":"2025-09-02T16:01:02+00:00","og_image":[{"width":470,"height":387,"url":"https:\/\/i0.wp.com\/blogdobispo.com.br\/wp-content\/uploads\/2025\/09\/image-262.png?fit=470%2C387&ssl=1","type":"image\/png"}],"author":"Jefferson Sterfeno","twitter_card":"summary_large_image","twitter_misc":{"Escrito por":"Jefferson Sterfeno","Est. tempo de leitura":"2 minutos"},"schema":{"@context":"https:\/\/schema.org","@graph":[{"@type":"Article","@id":"https:\/\/blogdobispo.com.br\/?p=17474#article","isPartOf":{"@id":"https:\/\/blogdobispo.com.br\/?p=17474"},"author":{"name":"Jefferson Sterfeno","@id":"https:\/\/blogdobispo.com.br\/#\/schema\/person\/e2209cc0e6cea5c5233d033e997b373f"},"headline":"Jos\u00e9 Agripino tenta convencer \u00c1lvaro Dias a ser candidato ao Senado","datePublished":"2025-09-02T15:47:51+00:00","dateModified":"2025-09-02T16:01:02+00:00","mainEntityOfPage":{"@id":"https:\/\/blogdobispo.com.br\/?p=17474"},"wordCount":213,"commentCount":0,"publisher":{"@id":"https:\/\/blogdobispo.com.br\/#organization"},"image":{"@id":"https:\/\/blogdobispo.com.br\/?p=17474#primaryimage"},"thumbnailUrl":"https:\/\/i0.wp.com\/blogdobispo.com.br\/wp-content\/uploads\/2025\/09\/image-262.png?fit=470%2C387&ssl=1","articleSection":["diversos"],"inLanguage":"pt-BR","potentialAction":[{"@type":"CommentAction","name":"Comment","target":["https:\/\/blogdobispo.com.br\/?p=17474#respond"]}]},{"@type":"WebPage","@id":"https:\/\/blogdobispo.com.br\/?p=17474","url":"https:\/\/blogdobispo.com.br\/?p=17474","name":"Jos\u00e9 Agripino tenta convencer \u00c1lvaro Dias a ser candidato ao Senado - Blog do Bispo","isPartOf":{"@id":"https:\/\/blogdobispo.com.br\/#website"},"primaryImageOfPage":{"@id":"https:\/\/blogdobispo.com.br\/?p=17474#primaryimage"},"image":{"@id":"https:\/\/blogdobispo.com.br\/?p=17474#primaryimage"},"thumbnailUrl":"https:\/\/i0.wp.com\/blogdobispo.com.br\/wp-content\/uploads\/2025\/09\/image-262.png?fit=470%2C387&ssl=1","datePublished":"2025-09-02T15:47:51+00:00","dateModified":"2025-09-02T16:01:02+00:00","breadcrumb":{"@id":"https:\/\/blogdobispo.com.br\/?p=17474#breadcrumb"},"inLanguage":"pt-BR","potentialAction":[{"@type":"ReadAction","target":["https:\/\/blogdobispo.com.br\/?p=17474"]}]},{"@type":"ImageObject","inLanguage":"pt-BR","@id":"https:\/\/blogdobispo.com.br\/?p=17474#primaryimage","url":"https:\/\/i0.wp.com\/blogdobispo.com.br\/wp-content\/uploads\/2025\/09\/image-262.png?fit=470%2C387&ssl=1","contentUrl":"https:\/\/i0.wp.com\/blogdobispo.com.br\/wp-content\/uploads\/2025\/09\/image-262.png?fit=470%2C387&ssl=1","width":470,"height":387},{"@type":"BreadcrumbList","@id":"https:\/\/blogdobispo.com.br\/?p=17474#breadcrumb","itemListElement":[{"@type":"ListItem","position":1,"name":"In\u00edcio","item":"https:\/\/blogdobispo.com.br\/"},{"@type":"ListItem","position":2,"name":"Jos\u00e9 Agripino tenta convencer \u00c1lvaro Dias a ser candidato ao Senado"}]},{"@type":"WebSite","@id":"https:\/\/blogdobispo.com.br\/#website","url":"https:\/\/blogdobispo.com.br\/","name":"Blog do Bispo","description":"Comprometido apenas com o leitor","publisher":{"@id":"https:\/\/blogdobispo.com.br\/#organization"},"potentialAction":[{"@type":"SearchAction","target":{"@type":"EntryPoint","urlTemplate":"https:\/\/blogdobispo.com.br\/?s={search_term_string}"},"query-input":{"@type":"PropertyValueSpecification","valueRequired":true,"valueName":"search_term_string"}}],"inLanguage":"pt-BR"},{"@type":"Organization","@id":"https:\/\/blogdobispo.com.br\/#organization","name":"Blog do Bispo","url":"https:\/\/blogdobispo.com.br\/","logo":{"@type":"ImageObject","inLanguage":"pt-BR","@id":"https:\/\/blogdobispo.com.br\/#\/schema\/logo\/image\/","url":"http:\/\/blogdobispo.com.br\/wp-content\/uploads\/2023\/05\/cropped-headear.png","contentUrl":"http:\/\/blogdobispo.com.br\/wp-content\/uploads\/2023\/05\/cropped-headear.png","width":1500,"height":399,"caption":"Blog do Bispo"},"image":{"@id":"https:\/\/blogdobispo.com.br\/#\/schema\/logo\/image\/"}},{"@type":"Person","@id":"https:\/\/blogdobispo.com.br\/#\/schema\/person\/e2209cc0e6cea5c5233d033e997b373f","name":"Jefferson Sterfeno","image":{"@type":"ImageObject","inLanguage":"pt-BR","@id":"https:\/\/blogdobispo.com.br\/#\/schema\/person\/image\/","url":"https:\/\/secure.gravatar.com\/avatar\/0534e84764641168a677026b6d57a3f51dc7ac4db0b4f6186d9cb330d4ee1160?s=96&d=mm&r=g","contentUrl":"https:\/\/secure.gravatar.com\/avatar\/0534e84764641168a677026b6d57a3f51dc7ac4db0b4f6186d9cb330d4ee1160?s=96&d=mm&r=g","caption":"Jefferson Sterfeno"},"sameAs":["http:\/\/blogdobispo.com.br"],"url":"https:\/\/blogdobispo.com.br\/?author=1"}]}},"featured_image_urls":{"full":["https:\/\/i0.wp.com\/blogdobispo.com.br\/wp-content\/uploads\/2025\/09\/image-262.png?fit=470%2C387&ssl=1",470,387,false],"thumbnail":["https:\/\/i0.wp.com\/blogdobispo.com.br\/wp-content\/uploads\/2025\/09\/image-262.png?resize=150%2C150&ssl=1",150,150,true],"medium":["https:\/\/i0.wp.com\/blogdobispo.com.br\/wp-content\/uploads\/2025\/09\/image-262.png?fit=300%2C247&ssl=1",300,247,true],"medium_large":["https:\/\/i0.wp.com\/blogdobispo.com.br\/wp-content\/uploads\/2025\/09\/image-262.png?fit=470%2C387&ssl=1",470,387,true],"large":["https:\/\/i0.wp.com\/blogdobispo.com.br\/wp-content\/uploads\/2025\/09\/image-262.png?fit=470%2C387&ssl=1",470,387,true],"1536x1536":["https:\/\/i0.wp.com\/blogdobispo.com.br\/wp-content\/uploads\/2025\/09\/image-262.png?fit=470%2C387&ssl=1",470,387,true],"2048x2048":["https:\/\/i0.wp.com\/blogdobispo.com.br\/wp-content\/uploads\/2025\/09\/image-262.png?fit=470%2C387&ssl=1",470,387,true]},"author_info":{"display_name":"Jefferson Sterfeno","author_link":"https:\/\/blogdobispo.com.br\/?author=1"},"category_info":"<a href=\"https:\/\/blogdobispo.com.br\/?cat=1\" rel=\"category\">diversos<\/a>","tag_info":"diversos","comment_count":"0","jetpack_featured_media_url":"https:\/\/i0.wp.com\/blogdobispo.com.br\/wp-content\/uploads\/2025\/09\/image-262.png?fit=470%2C387&ssl=1","jetpack_sharing_enabled":true,"_links":{"self":[{"href":"https:\/\/blogdobispo.com.br\/index.php?rest_route=\/wp\/v2\/posts\/17474","targetHints":{"allow":["GET"]}}],"collection":[{"href":"https:\/\/blogdobispo.com.br\/index.php?rest_route=\/wp\/v2\/posts"}],"about":[{"href":"https:\/\/blogdobispo.com.br\/index.php?rest_route=\/wp\/v2\/types\/post"}],"author":[{"embeddable":true,"href":"https:\/\/blogdobispo.com.br\/index.php?rest_route=\/wp\/v2\/users\/1"}],"replies":[{"embeddable":true,"href":"https:\/\/blogdobispo.com.br\/index.php?rest_route=%2Fwp%2Fv2%2Fcomments&post=17474"}],"version-history":[{"count":2,"href":"https:\/\/blogdobispo.com.br\/index.php?rest_route=\/wp\/v2\/posts\/17474\/revisions"}],"predecessor-version":[{"id":17489,"href":"https:\/\/blogdobispo.com.br\/index.php?rest_route=\/wp\/v2\/posts\/17474\/revisions\/17489"}],"wp:featuredmedia":[{"embeddable":true,"href":"https:\/\/blogdobispo.com.br\/index.php?rest_route=\/wp\/v2\/media\/17475"}],"wp:attachment":[{"href":"https:\/\/blogdobispo.com.br\/index.php?rest_route=%2Fwp%2Fv2%2Fmedia&parent=17474"}],"wp:term":[{"taxonomy":"category","embeddable":true,"href":"https:\/\/blogdobispo.com.br\/index.php?rest_route=%2Fwp%2Fv2%2Fcategories&post=17474"},{"taxonomy":"post_tag","embeddable":true,"href":"https:\/\/blogdobispo.com.br\/index.php?rest_route=%2Fwp%2Fv2%2Ftags&post=17474"}],"curies":[{"name":"wp","href":"https:\/\/api.w.org\/{rel}","templated":true}]}}