{"id":17445,"date":"2025-08-29T23:10:11","date_gmt":"2025-08-29T23:10:11","guid":{"rendered":"https:\/\/blogdobispo.com.br\/?p=17445"},"modified":"2025-08-29T23:22:01","modified_gmt":"2025-08-29T23:22:01","slug":"foto-em-porto-alegre-alimenta-especulacoes-sobre-disputa-entre-walter-alves-e-allyson-bezerra-em-2026","status":"publish","type":"post","link":"https:\/\/blogdobispo.com.br\/?p=17445","title":{"rendered":"Foto em Portalegre alimenta especula\u00e7\u00f5es sobre disputa entre Walter Alves e Allyson Bezerra em 2026"},"content":{"rendered":"<p data-start=\"131\" data-end=\"238\"><img data-recalc-dims=\"1\" fetchpriority=\"high\" decoding=\"async\" class=\"alignnone size-medium wp-image-17446\" src=\"https:\/\/i0.wp.com\/blogdobispo.com.br\/wp-content\/uploads\/2025\/08\/01K3VCFDW974C89MAEWX4XQXMH.jpg?resize=237%2C300\" alt=\"\" width=\"237\" height=\"300\" srcset=\"https:\/\/i0.wp.com\/blogdobispo.com.br\/wp-content\/uploads\/2025\/08\/01K3VCFDW974C89MAEWX4XQXMH.jpg?resize=237%2C300&amp;ssl=1 237w, https:\/\/i0.wp.com\/blogdobispo.com.br\/wp-content\/uploads\/2025\/08\/01K3VCFDW974C89MAEWX4XQXMH.jpg?resize=809%2C1024&amp;ssl=1 809w, https:\/\/i0.wp.com\/blogdobispo.com.br\/wp-content\/uploads\/2025\/08\/01K3VCFDW974C89MAEWX4XQXMH.jpg?resize=768%2C972&amp;ssl=1 768w, https:\/\/i0.wp.com\/blogdobispo.com.br\/wp-content\/uploads\/2025\/08\/01K3VCFDW974C89MAEWX4XQXMH.jpg?w=1011&amp;ssl=1 1011w\" sizes=\"(max-width: 237px) 100vw, 237px\" \/><\/p>\n<p data-start=\"240\" data-end=\"565\">O encontro registrado hoje na cidade de Portalegre, no Alto Oeste potiguar, entre o vice-governador <strong data-start=\"342\" data-end=\"364\">Walter Alves (MDB)<\/strong> e o prefeito de Mossor\u00f3, <strong data-start=\"390\" data-end=\"424\">Allyson Bezerra (Uni\u00e3o Brasil)<\/strong>, repercutiu nos bastidores pol\u00edticos e j\u00e1 \u00e9 visto como um pren\u00fancio da disputa que pode marcar as elei\u00e7\u00f5es de 2026 no Rio Grande do Norte.<\/p>\n<p data-start=\"567\" data-end=\"977\">Walter \u00e9 apontado como o nome mais natural da base governista para dar continuidade ao projeto do PT no Estado, j\u00e1 que tem sido presen\u00e7a constante ao lado da governadora F\u00e1tima Bezerra e se mant\u00e9m como figura de confian\u00e7a do grupo situacionista. Do outro lado, Allyson Bezerra, jovem lideran\u00e7a que ganhou destaque com uma gest\u00e3o de forte apelo popular em Mossor\u00f3, aparece como a principal aposta da oposi\u00e7\u00e3o.<\/p>\n<p data-start=\"979\" data-end=\"1327\">O registro em Porto Alegre refor\u00e7ou a leitura de que os dois caminham para um <strong data-start=\"1057\" data-end=\"1090\">inevit\u00e1vel confronto pol\u00edtico<\/strong>, ainda que em palanques distintos. A cena chama aten\u00e7\u00e3o justamente pelo contraste: Walter carrega o peso de uma tradi\u00e7\u00e3o pol\u00edtica hist\u00f3rica no RN, enquanto Allyson simboliza o discurso da renova\u00e7\u00e3o e da juventude na pol\u00edtica potiguar.<\/p>\n<p data-start=\"1329\" data-end=\"1517\">Apesar do clima amistoso da foto, a expectativa \u00e9 que ambos estejam em lados opostos em 2026, o que pode transformar a elei\u00e7\u00e3o em um embate de estilos e projetos para o futuro do Estado.<\/p>\n","protected":false},"excerpt":{"rendered":"<p>O encontro registrado hoje na cidade de Portalegre, no Alto Oeste potiguar, entre o vice-governador Walter Alves (MDB) e o prefeito de Mossor\u00f3, Allyson Bezerra (Uni\u00e3o Brasil), repercutiu nos bastidores pol\u00edticos e j\u00e1 \u00e9 visto como um pren\u00fancio da disputa que pode marcar as elei\u00e7\u00f5es de 2026 no Rio Grande do Norte. Walter \u00e9 apontado [&hellip;]<\/p>\n","protected":false},"author":1,"featured_media":17446,"comment_status":"open","ping_status":"open","sticky":false,"template":"","format":"standard","meta":{"cybocfi_hide_featured_image":"","_jetpack_memberships_contains_paid_content":false,"footnotes":""},"categories":[1],"tags":[],"class_list":["post-17445","post","type-post","status-publish","format-standard","has-post-thumbnail","hentry","category-diversos"],"yoast_head":"<!-- This site is optimized with the Yoast SEO plugin v25.6 - https:\/\/yoast.com\/wordpress\/plugins\/seo\/ -->\n<title>Foto em Portalegre alimenta especula\u00e7\u00f5es sobre disputa entre Walter Alves e Allyson Bezerra em 2026 - Blog do Bispo<\/title>\n<meta name=\"robots\" content=\"index, follow, max-snippet:-1, max-image-preview:large, max-video-preview:-1\" \/>\n<link rel=\"canonical\" href=\"https:\/\/blogdobispo.com.br\/?p=17445\" \/>\n<meta property=\"og:locale\" content=\"pt_BR\" \/>\n<meta property=\"og:type\" content=\"article\" \/>\n<meta property=\"og:title\" content=\"Foto em Portalegre alimenta especula\u00e7\u00f5es sobre disputa entre Walter Alves e Allyson Bezerra em 2026 - Blog do Bispo\" \/>\n<meta property=\"og:description\" content=\"O encontro registrado hoje na cidade de Portalegre, no Alto Oeste potiguar, entre o vice-governador Walter Alves (MDB) e o prefeito de Mossor\u00f3, Allyson Bezerra (Uni\u00e3o Brasil), repercutiu nos bastidores pol\u00edticos e j\u00e1 \u00e9 visto como um pren\u00fancio da disputa que pode marcar as elei\u00e7\u00f5es de 2026 no Rio Grande do Norte. Walter \u00e9 apontado [&hellip;]\" \/>\n<meta property=\"og:url\" content=\"https:\/\/blogdobispo.com.br\/?p=17445\" \/>\n<meta property=\"og:site_name\" content=\"Blog do Bispo\" \/>\n<meta property=\"article:published_time\" content=\"2025-08-29T23:10:11+00:00\" \/>\n<meta property=\"article:modified_time\" content=\"2025-08-29T23:22:01+00:00\" \/>\n<meta property=\"og:image\" content=\"http:\/\/blogdobispo.com.br\/wp-content\/uploads\/2025\/08\/01K3VCFDW974C89MAEWX4XQXMH.jpg\" \/>\n\t<meta property=\"og:image:width\" content=\"1011\" \/>\n\t<meta property=\"og:image:height\" content=\"1280\" \/>\n\t<meta property=\"og:image:type\" content=\"image\/jpeg\" \/>\n<meta name=\"author\" content=\"Jefferson Sterfeno\" \/>\n<meta name=\"twitter:card\" content=\"summary_large_image\" \/>\n<meta name=\"twitter:label1\" content=\"Escrito por\" \/>\n\t<meta name=\"twitter:data1\" content=\"Jefferson Sterfeno\" \/>\n\t<meta name=\"twitter:label2\" content=\"Est. tempo de leitura\" \/>\n\t<meta name=\"twitter:data2\" content=\"2 minutos\" \/>\n<script type=\"application\/ld+json\" class=\"yoast-schema-graph\">{\"@context\":\"https:\/\/schema.org\",\"@graph\":[{\"@type\":\"Article\",\"@id\":\"https:\/\/blogdobispo.com.br\/?p=17445#article\",\"isPartOf\":{\"@id\":\"https:\/\/blogdobispo.com.br\/?p=17445\"},\"author\":{\"name\":\"Jefferson Sterfeno\",\"@id\":\"https:\/\/blogdobispo.com.br\/#\/schema\/person\/e2209cc0e6cea5c5233d033e997b373f\"},\"headline\":\"Foto em Portalegre alimenta especula\u00e7\u00f5es sobre disputa entre Walter Alves e Allyson Bezerra em 2026\",\"datePublished\":\"2025-08-29T23:10:11+00:00\",\"dateModified\":\"2025-08-29T23:22:01+00:00\",\"mainEntityOfPage\":{\"@id\":\"https:\/\/blogdobispo.com.br\/?p=17445\"},\"wordCount\":240,\"commentCount\":0,\"publisher\":{\"@id\":\"https:\/\/blogdobispo.com.br\/#organization\"},\"image\":{\"@id\":\"https:\/\/blogdobispo.com.br\/?p=17445#primaryimage\"},\"thumbnailUrl\":\"https:\/\/i0.wp.com\/blogdobispo.com.br\/wp-content\/uploads\/2025\/08\/01K3VCFDW974C89MAEWX4XQXMH.jpg?fit=1011%2C1280&ssl=1\",\"articleSection\":[\"diversos\"],\"inLanguage\":\"pt-BR\",\"potentialAction\":[{\"@type\":\"CommentAction\",\"name\":\"Comment\",\"target\":[\"https:\/\/blogdobispo.com.br\/?p=17445#respond\"]}]},{\"@type\":\"WebPage\",\"@id\":\"https:\/\/blogdobispo.com.br\/?p=17445\",\"url\":\"https:\/\/blogdobispo.com.br\/?p=17445\",\"name\":\"Foto em Portalegre alimenta especula\u00e7\u00f5es sobre disputa entre Walter Alves e Allyson Bezerra em 2026 - Blog do Bispo\",\"isPartOf\":{\"@id\":\"https:\/\/blogdobispo.com.br\/#website\"},\"primaryImageOfPage\":{\"@id\":\"https:\/\/blogdobispo.com.br\/?p=17445#primaryimage\"},\"image\":{\"@id\":\"https:\/\/blogdobispo.com.br\/?p=17445#primaryimage\"},\"thumbnailUrl\":\"https:\/\/i0.wp.com\/blogdobispo.com.br\/wp-content\/uploads\/2025\/08\/01K3VCFDW974C89MAEWX4XQXMH.jpg?fit=1011%2C1280&ssl=1\",\"datePublished\":\"2025-08-29T23:10:11+00:00\",\"dateModified\":\"2025-08-29T23:22:01+00:00\",\"breadcrumb\":{\"@id\":\"https:\/\/blogdobispo.com.br\/?p=17445#breadcrumb\"},\"inLanguage\":\"pt-BR\",\"potentialAction\":[{\"@type\":\"ReadAction\",\"target\":[\"https:\/\/blogdobispo.com.br\/?p=17445\"]}]},{\"@type\":\"ImageObject\",\"inLanguage\":\"pt-BR\",\"@id\":\"https:\/\/blogdobispo.com.br\/?p=17445#primaryimage\",\"url\":\"https:\/\/i0.wp.com\/blogdobispo.com.br\/wp-content\/uploads\/2025\/08\/01K3VCFDW974C89MAEWX4XQXMH.jpg?fit=1011%2C1280&ssl=1\",\"contentUrl\":\"https:\/\/i0.wp.com\/blogdobispo.com.br\/wp-content\/uploads\/2025\/08\/01K3VCFDW974C89MAEWX4XQXMH.jpg?fit=1011%2C1280&ssl=1\",\"width\":1011,\"height\":1280},{\"@type\":\"BreadcrumbList\",\"@id\":\"https:\/\/blogdobispo.com.br\/?p=17445#breadcrumb\",\"itemListElement\":[{\"@type\":\"ListItem\",\"position\":1,\"name\":\"In\u00edcio\",\"item\":\"https:\/\/blogdobispo.com.br\/\"},{\"@type\":\"ListItem\",\"position\":2,\"name\":\"Foto em Portalegre alimenta especula\u00e7\u00f5es sobre disputa entre Walter Alves e Allyson Bezerra em 2026\"}]},{\"@type\":\"WebSite\",\"@id\":\"https:\/\/blogdobispo.com.br\/#website\",\"url\":\"https:\/\/blogdobispo.com.br\/\",\"name\":\"Blog do Bispo\",\"description\":\"Comprometido apenas com o leitor\",\"publisher\":{\"@id\":\"https:\/\/blogdobispo.com.br\/#organization\"},\"potentialAction\":[{\"@type\":\"SearchAction\",\"target\":{\"@type\":\"EntryPoint\",\"urlTemplate\":\"https:\/\/blogdobispo.com.br\/?s={search_term_string}\"},\"query-input\":{\"@type\":\"PropertyValueSpecification\",\"valueRequired\":true,\"valueName\":\"search_term_string\"}}],\"inLanguage\":\"pt-BR\"},{\"@type\":\"Organization\",\"@id\":\"https:\/\/blogdobispo.com.br\/#organization\",\"name\":\"Blog do Bispo\",\"url\":\"https:\/\/blogdobispo.com.br\/\",\"logo\":{\"@type\":\"ImageObject\",\"inLanguage\":\"pt-BR\",\"@id\":\"https:\/\/blogdobispo.com.br\/#\/schema\/logo\/image\/\",\"url\":\"http:\/\/blogdobispo.com.br\/wp-content\/uploads\/2023\/05\/cropped-headear.png\",\"contentUrl\":\"http:\/\/blogdobispo.com.br\/wp-content\/uploads\/2023\/05\/cropped-headear.png\",\"width\":1500,\"height\":399,\"caption\":\"Blog do Bispo\"},\"image\":{\"@id\":\"https:\/\/blogdobispo.com.br\/#\/schema\/logo\/image\/\"}},{\"@type\":\"Person\",\"@id\":\"https:\/\/blogdobispo.com.br\/#\/schema\/person\/e2209cc0e6cea5c5233d033e997b373f\",\"name\":\"Jefferson Sterfeno\",\"image\":{\"@type\":\"ImageObject\",\"inLanguage\":\"pt-BR\",\"@id\":\"https:\/\/blogdobispo.com.br\/#\/schema\/person\/image\/\",\"url\":\"https:\/\/secure.gravatar.com\/avatar\/0534e84764641168a677026b6d57a3f51dc7ac4db0b4f6186d9cb330d4ee1160?s=96&d=mm&r=g\",\"contentUrl\":\"https:\/\/secure.gravatar.com\/avatar\/0534e84764641168a677026b6d57a3f51dc7ac4db0b4f6186d9cb330d4ee1160?s=96&d=mm&r=g\",\"caption\":\"Jefferson Sterfeno\"},\"sameAs\":[\"http:\/\/blogdobispo.com.br\"],\"url\":\"https:\/\/blogdobispo.com.br\/?author=1\"}]}<\/script>\n<!-- \/ Yoast SEO plugin. -->","yoast_head_json":{"title":"Foto em Portalegre alimenta especula\u00e7\u00f5es sobre disputa entre Walter Alves e Allyson Bezerra em 2026 - Blog do Bispo","robots":{"index":"index","follow":"follow","max-snippet":"max-snippet:-1","max-image-preview":"max-image-preview:large","max-video-preview":"max-video-preview:-1"},"canonical":"https:\/\/blogdobispo.com.br\/?p=17445","og_locale":"pt_BR","og_type":"article","og_title":"Foto em Portalegre alimenta especula\u00e7\u00f5es sobre disputa entre Walter Alves e Allyson Bezerra em 2026 - Blog do Bispo","og_description":"O encontro registrado hoje na cidade de Portalegre, no Alto Oeste potiguar, entre o vice-governador Walter Alves (MDB) e o prefeito de Mossor\u00f3, Allyson Bezerra (Uni\u00e3o Brasil), repercutiu nos bastidores pol\u00edticos e j\u00e1 \u00e9 visto como um pren\u00fancio da disputa que pode marcar as elei\u00e7\u00f5es de 2026 no Rio Grande do Norte. Walter \u00e9 apontado [&hellip;]","og_url":"https:\/\/blogdobispo.com.br\/?p=17445","og_site_name":"Blog do Bispo","article_published_time":"2025-08-29T23:10:11+00:00","article_modified_time":"2025-08-29T23:22:01+00:00","og_image":[{"width":1011,"height":1280,"url":"http:\/\/blogdobispo.com.br\/wp-content\/uploads\/2025\/08\/01K3VCFDW974C89MAEWX4XQXMH.jpg","type":"image\/jpeg"}],"author":"Jefferson Sterfeno","twitter_card":"summary_large_image","twitter_misc":{"Escrito por":"Jefferson Sterfeno","Est. tempo de leitura":"2 minutos"},"schema":{"@context":"https:\/\/schema.org","@graph":[{"@type":"Article","@id":"https:\/\/blogdobispo.com.br\/?p=17445#article","isPartOf":{"@id":"https:\/\/blogdobispo.com.br\/?p=17445"},"author":{"name":"Jefferson Sterfeno","@id":"https:\/\/blogdobispo.com.br\/#\/schema\/person\/e2209cc0e6cea5c5233d033e997b373f"},"headline":"Foto em Portalegre alimenta especula\u00e7\u00f5es sobre disputa entre Walter Alves e Allyson Bezerra em 2026","datePublished":"2025-08-29T23:10:11+00:00","dateModified":"2025-08-29T23:22:01+00:00","mainEntityOfPage":{"@id":"https:\/\/blogdobispo.com.br\/?p=17445"},"wordCount":240,"commentCount":0,"publisher":{"@id":"https:\/\/blogdobispo.com.br\/#organization"},"image":{"@id":"https:\/\/blogdobispo.com.br\/?p=17445#primaryimage"},"thumbnailUrl":"https:\/\/i0.wp.com\/blogdobispo.com.br\/wp-content\/uploads\/2025\/08\/01K3VCFDW974C89MAEWX4XQXMH.jpg?fit=1011%2C1280&ssl=1","articleSection":["diversos"],"inLanguage":"pt-BR","potentialAction":[{"@type":"CommentAction","name":"Comment","target":["https:\/\/blogdobispo.com.br\/?p=17445#respond"]}]},{"@type":"WebPage","@id":"https:\/\/blogdobispo.com.br\/?p=17445","url":"https:\/\/blogdobispo.com.br\/?p=17445","name":"Foto em Portalegre alimenta especula\u00e7\u00f5es sobre disputa entre Walter Alves e Allyson Bezerra em 2026 - Blog do Bispo","isPartOf":{"@id":"https:\/\/blogdobispo.com.br\/#website"},"primaryImageOfPage":{"@id":"https:\/\/blogdobispo.com.br\/?p=17445#primaryimage"},"image":{"@id":"https:\/\/blogdobispo.com.br\/?p=17445#primaryimage"},"thumbnailUrl":"https:\/\/i0.wp.com\/blogdobispo.com.br\/wp-content\/uploads\/2025\/08\/01K3VCFDW974C89MAEWX4XQXMH.jpg?fit=1011%2C1280&ssl=1","datePublished":"2025-08-29T23:10:11+00:00","dateModified":"2025-08-29T23:22:01+00:00","breadcrumb":{"@id":"https:\/\/blogdobispo.com.br\/?p=17445#breadcrumb"},"inLanguage":"pt-BR","potentialAction":[{"@type":"ReadAction","target":["https:\/\/blogdobispo.com.br\/?p=17445"]}]},{"@type":"ImageObject","inLanguage":"pt-BR","@id":"https:\/\/blogdobispo.com.br\/?p=17445#primaryimage","url":"https:\/\/i0.wp.com\/blogdobispo.com.br\/wp-content\/uploads\/2025\/08\/01K3VCFDW974C89MAEWX4XQXMH.jpg?fit=1011%2C1280&ssl=1","contentUrl":"https:\/\/i0.wp.com\/blogdobispo.com.br\/wp-content\/uploads\/2025\/08\/01K3VCFDW974C89MAEWX4XQXMH.jpg?fit=1011%2C1280&ssl=1","width":1011,"height":1280},{"@type":"BreadcrumbList","@id":"https:\/\/blogdobispo.com.br\/?p=17445#breadcrumb","itemListElement":[{"@type":"ListItem","position":1,"name":"In\u00edcio","item":"https:\/\/blogdobispo.com.br\/"},{"@type":"ListItem","position":2,"name":"Foto em Portalegre alimenta especula\u00e7\u00f5es sobre disputa entre Walter Alves e Allyson Bezerra em 2026"}]},{"@type":"WebSite","@id":"https:\/\/blogdobispo.com.br\/#website","url":"https:\/\/blogdobispo.com.br\/","name":"Blog do Bispo","description":"Comprometido apenas com o leitor","publisher":{"@id":"https:\/\/blogdobispo.com.br\/#organization"},"potentialAction":[{"@type":"SearchAction","target":{"@type":"EntryPoint","urlTemplate":"https:\/\/blogdobispo.com.br\/?s={search_term_string}"},"query-input":{"@type":"PropertyValueSpecification","valueRequired":true,"valueName":"search_term_string"}}],"inLanguage":"pt-BR"},{"@type":"Organization","@id":"https:\/\/blogdobispo.com.br\/#organization","name":"Blog do Bispo","url":"https:\/\/blogdobispo.com.br\/","logo":{"@type":"ImageObject","inLanguage":"pt-BR","@id":"https:\/\/blogdobispo.com.br\/#\/schema\/logo\/image\/","url":"http:\/\/blogdobispo.com.br\/wp-content\/uploads\/2023\/05\/cropped-headear.png","contentUrl":"http:\/\/blogdobispo.com.br\/wp-content\/uploads\/2023\/05\/cropped-headear.png","width":1500,"height":399,"caption":"Blog do Bispo"},"image":{"@id":"https:\/\/blogdobispo.com.br\/#\/schema\/logo\/image\/"}},{"@type":"Person","@id":"https:\/\/blogdobispo.com.br\/#\/schema\/person\/e2209cc0e6cea5c5233d033e997b373f","name":"Jefferson Sterfeno","image":{"@type":"ImageObject","inLanguage":"pt-BR","@id":"https:\/\/blogdobispo.com.br\/#\/schema\/person\/image\/","url":"https:\/\/secure.gravatar.com\/avatar\/0534e84764641168a677026b6d57a3f51dc7ac4db0b4f6186d9cb330d4ee1160?s=96&d=mm&r=g","contentUrl":"https:\/\/secure.gravatar.com\/avatar\/0534e84764641168a677026b6d57a3f51dc7ac4db0b4f6186d9cb330d4ee1160?s=96&d=mm&r=g","caption":"Jefferson Sterfeno"},"sameAs":["http:\/\/blogdobispo.com.br"],"url":"https:\/\/blogdobispo.com.br\/?author=1"}]}},"featured_image_urls":{"full":["https:\/\/i0.wp.com\/blogdobispo.com.br\/wp-content\/uploads\/2025\/08\/01K3VCFDW974C89MAEWX4XQXMH.jpg?fit=1011%2C1280&ssl=1",1011,1280,false],"thumbnail":["https:\/\/i0.wp.com\/blogdobispo.com.br\/wp-content\/uploads\/2025\/08\/01K3VCFDW974C89MAEWX4XQXMH.jpg?resize=150%2C150&ssl=1",150,150,true],"medium":["https:\/\/i0.wp.com\/blogdobispo.com.br\/wp-content\/uploads\/2025\/08\/01K3VCFDW974C89MAEWX4XQXMH.jpg?fit=237%2C300&ssl=1",237,300,true],"medium_large":["https:\/\/i0.wp.com\/blogdobispo.com.br\/wp-content\/uploads\/2025\/08\/01K3VCFDW974C89MAEWX4XQXMH.jpg?fit=768%2C972&ssl=1",768,972,true],"large":["https:\/\/i0.wp.com\/blogdobispo.com.br\/wp-content\/uploads\/2025\/08\/01K3VCFDW974C89MAEWX4XQXMH.jpg?fit=800%2C1013&ssl=1",800,1013,true],"1536x1536":["https:\/\/i0.wp.com\/blogdobispo.com.br\/wp-content\/uploads\/2025\/08\/01K3VCFDW974C89MAEWX4XQXMH.jpg?fit=1011%2C1280&ssl=1",1011,1280,true],"2048x2048":["https:\/\/i0.wp.com\/blogdobispo.com.br\/wp-content\/uploads\/2025\/08\/01K3VCFDW974C89MAEWX4XQXMH.jpg?fit=1011%2C1280&ssl=1",1011,1280,true]},"author_info":{"display_name":"Jefferson Sterfeno","author_link":"https:\/\/blogdobispo.com.br\/?author=1"},"category_info":"<a href=\"https:\/\/blogdobispo.com.br\/?cat=1\" rel=\"category\">diversos<\/a>","tag_info":"diversos","comment_count":"0","jetpack_featured_media_url":"https:\/\/i0.wp.com\/blogdobispo.com.br\/wp-content\/uploads\/2025\/08\/01K3VCFDW974C89MAEWX4XQXMH.jpg?fit=1011%2C1280&ssl=1","jetpack_sharing_enabled":true,"_links":{"self":[{"href":"https:\/\/blogdobispo.com.br\/index.php?rest_route=\/wp\/v2\/posts\/17445","targetHints":{"allow":["GET"]}}],"collection":[{"href":"https:\/\/blogdobispo.com.br\/index.php?rest_route=\/wp\/v2\/posts"}],"about":[{"href":"https:\/\/blogdobispo.com.br\/index.php?rest_route=\/wp\/v2\/types\/post"}],"author":[{"embeddable":true,"href":"https:\/\/blogdobispo.com.br\/index.php?rest_route=\/wp\/v2\/users\/1"}],"replies":[{"embeddable":true,"href":"https:\/\/blogdobispo.com.br\/index.php?rest_route=%2Fwp%2Fv2%2Fcomments&post=17445"}],"version-history":[{"count":2,"href":"https:\/\/blogdobispo.com.br\/index.php?rest_route=\/wp\/v2\/posts\/17445\/revisions"}],"predecessor-version":[{"id":17451,"href":"https:\/\/blogdobispo.com.br\/index.php?rest_route=\/wp\/v2\/posts\/17445\/revisions\/17451"}],"wp:featuredmedia":[{"embeddable":true,"href":"https:\/\/blogdobispo.com.br\/index.php?rest_route=\/wp\/v2\/media\/17446"}],"wp:attachment":[{"href":"https:\/\/blogdobispo.com.br\/index.php?rest_route=%2Fwp%2Fv2%2Fmedia&parent=17445"}],"wp:term":[{"taxonomy":"category","embeddable":true,"href":"https:\/\/blogdobispo.com.br\/index.php?rest_route=%2Fwp%2Fv2%2Fcategories&post=17445"},{"taxonomy":"post_tag","embeddable":true,"href":"https:\/\/blogdobispo.com.br\/index.php?rest_route=%2Fwp%2Fv2%2Ftags&post=17445"}],"curies":[{"name":"wp","href":"https:\/\/api.w.org\/{rel}","templated":true}]}}