{"id":17438,"date":"2025-08-29T22:55:58","date_gmt":"2025-08-29T22:55:58","guid":{"rendered":"https:\/\/blogdobispo.com.br\/?p=17438"},"modified":"2025-08-29T22:55:58","modified_gmt":"2025-08-29T22:55:58","slug":"situacao-da-saude-em-natal-e-debatida-por-frente-parlamentar-da-cmn","status":"publish","type":"post","link":"https:\/\/blogdobispo.com.br\/?p=17438","title":{"rendered":"Situa\u00e7\u00e3o da Sa\u00fade em Natal \u00e9 debatida por Frente Parlamentar da CMN"},"content":{"rendered":"<p>Uma audi\u00eancia p\u00fablica da Frente Parlamentar em Defesa das Servidoras, dos Servidores e dos Servi\u00e7os P\u00fablicos do Munic\u00edpio de Natal debateu, nesta quinta-feira (28), a situa\u00e7\u00e3o da Sa\u00fade em Natal. Instalada na C\u00e2mara Municipal de Natal, esta Frente Parlamentar tem como objetivo debater e defender o funcionalismo p\u00fablico por meio da realiza\u00e7\u00e3o de reuni\u00f5es com secret\u00e1rios municipais e servidores, bem como a organiza\u00e7\u00e3o de audi\u00eancias.<\/p>\n<p>O principal assunto da pauta foi o edital aberto pela Prefeitura para contratar Organiza\u00e7\u00f5es Sociais (OSs) para gerir as quatro Unidades de Pronto Atendimento (UPAs) da cidade: Paju\u00e7ara e Potengi (Zona Norte), Sat\u00e9lite (Zona Sul) e Esperan\u00e7a (Zona Oeste), que juntas realizam cerca de 40 mil atendimentos por m\u00eas. O encontro contou com a participa\u00e7\u00e3o de lideran\u00e7as sindicais e representantes de movimentos sociais organizados.<\/p>\n<p>&#8220;Diante dessa situa\u00e7\u00e3o, entramos com uma A\u00e7\u00e3o Popular, j\u00e1 fizemos duas reuni\u00f5es no Tribunal de Contas do Estado para que o mesmo tome conhecimento dos acontecimentos e estamos mobilizando os servidores da sa\u00fade para tentarmos evitar essa privatiza\u00e7\u00e3o. Vale lembrar que h\u00e1 uma d\u00e9cada atr\u00e1s, na gest\u00e3o da prefeita Micarla de Sousa, adotaram um m\u00e9todo semelhante para a gest\u00e3o da sa\u00fade que terminou de forma t\u00e3o desastrosa que for\u00e7ou o retorno \u00e0 gest\u00e3o p\u00fablica. Enfim, acreditamos que a gest\u00e3o das unidades de sa\u00fade deve ser feita por pessoas capacitadas, pessoas que realmente t\u00eam hist\u00f3ria no SUS&#8221;, disse o vereador Daniel Valen\u00e7a (PT), que fez a media\u00e7\u00e3o do debate.<\/p>\n<p>Por sua vez, o presidente do Sindicato dos Enfermeiros do Rio Grande do Norte (SINDERN), Luciano Cavalcanti, lembrou que a porta de entrada do SUS \u00e9 a sa\u00fade prim\u00e1ria, atrav\u00e9s das unidades b\u00e1sicas de sa\u00fade. &#8220;Se tivermos uma sa\u00fade p\u00fablica estruturada na aten\u00e7\u00e3o prim\u00e1ria, a maioria dos problemas enfrentados nas unidades de urg\u00eancia e emerg\u00eancia seria resolvido com a redu\u00e7\u00e3o do fluxo de pessoas correndo para as UPAs. Ou seja, o problema das UPAs come\u00e7a a ser resolvido investindo na aten\u00e7\u00e3o prim\u00e1ria a fim de melhorar a estrutura, disponibilizar equipamentos, garantir insumos e oferecer boas condi\u00e7\u00f5es de trabalho aos profissionais dos postos de sa\u00fade. Neste sentido, somos contra a terceiriza\u00e7\u00e3o das UPAs, porque entendemos que boa gest\u00e3o acontece com o fortalecimento do servidor p\u00fablico que atua nestas unidades&#8221;.<\/p>\n<p>Na sequ\u00eancia, o representante do N\u00facleo de Estudos em Sa\u00fade Coletiva da UFRN (NESC), Oswaldo Negr\u00e3o, criticou a proposta de entregar a gest\u00e3o da sa\u00fade municipal a empresas, argumentando que os servidores p\u00fablicos municipais j\u00e1 possuem a compet\u00eancia e experi\u00eancia necess\u00e1rias para gerir os servi\u00e7os de forma eficiente e econ\u00f4mica. &#8220;Defendemos a valoriza\u00e7\u00e3o dos servidores, a autonomia na gest\u00e3o, o conhecimento das particularidades locais e a import\u00e2ncia de ouvir os usu\u00e1rios para melhorar a qualidade dos atendimentos. A cr\u00edtica principal reside na ideia de que empresas externas, com l\u00f3gica mercantil pautada no lucro, n\u00e3o ser\u00e3o a solu\u00e7\u00e3o mais eficiente e econ\u00f4mica. A solu\u00e7\u00e3o s\u00e3o os pr\u00f3prios servidores municipais&#8221;.<\/p>\n<p>Representando a Assembleia Legislativa do Rio Grande do Norte, o deputado estadual Dr. Bernardo (PSDB) apontou o subfinanciamento do SUS como a principal causa do problema da sa\u00fade no Brasil. &#8220;Temos uma tabela do SUS, que remunera os procedimentos realizados nos estados e munic\u00edpios, sem aumento h\u00e1 25 anos. Por exemplo, se voc\u00ea contratar quatro m\u00e9dicos para fazer uma cesariana, o SUS paga aos quatro m\u00e9dicos R$ 155. Dito isso, estados e munic\u00edpios obviamente n\u00e3o conseguem contratar quatro profissionais para fazer uma cesariana por este valor. Ambos acabam tendo que assumir o complemento disso, o que gera a problem\u00e1tica. Outro exemplo, uma consulta pelo SUS h\u00e1 25 anos custa R$ 10. Em resumo, a defesa que eu fa\u00e7o \u00e9 que a gente chame para o debate a bancada federal e juntos resolvermos a raiz do problema: o subfinanciamento da ci\u00eancia&#8221;, concluiu.<\/p>\n<p><em><strong>Texto: Junior Martins<br \/>\nFotos: Elp\u00eddio J\u00fanior<\/strong><\/em><img data-recalc-dims=\"1\" fetchpriority=\"high\" decoding=\"async\" class=\"alignnone size-medium wp-image-17439\" src=\"https:\/\/i0.wp.com\/blogdobispo.com.br\/wp-content\/uploads\/2025\/08\/b2f21959f79ba89bb714797f53f45662.jpeg?resize=300%2C200\" alt=\"\" width=\"300\" height=\"200\" srcset=\"https:\/\/i0.wp.com\/blogdobispo.com.br\/wp-content\/uploads\/2025\/08\/b2f21959f79ba89bb714797f53f45662.jpeg?resize=300%2C200&amp;ssl=1 300w, https:\/\/i0.wp.com\/blogdobispo.com.br\/wp-content\/uploads\/2025\/08\/b2f21959f79ba89bb714797f53f45662.jpeg?resize=1024%2C682&amp;ssl=1 1024w, https:\/\/i0.wp.com\/blogdobispo.com.br\/wp-content\/uploads\/2025\/08\/b2f21959f79ba89bb714797f53f45662.jpeg?resize=768%2C512&amp;ssl=1 768w, https:\/\/i0.wp.com\/blogdobispo.com.br\/wp-content\/uploads\/2025\/08\/b2f21959f79ba89bb714797f53f45662.jpeg?resize=1536%2C1023&amp;ssl=1 1536w, https:\/\/i0.wp.com\/blogdobispo.com.br\/wp-content\/uploads\/2025\/08\/b2f21959f79ba89bb714797f53f45662.jpeg?w=1600&amp;ssl=1 1600w\" sizes=\"(max-width: 300px) 100vw, 300px\" \/><\/p>\n","protected":false},"excerpt":{"rendered":"<p>Uma audi\u00eancia p\u00fablica da Frente Parlamentar em Defesa das Servidoras, dos Servidores e dos Servi\u00e7os P\u00fablicos do Munic\u00edpio de Natal debateu, nesta quinta-feira (28), a situa\u00e7\u00e3o da Sa\u00fade em Natal. Instalada na C\u00e2mara Municipal de Natal, esta Frente Parlamentar tem como objetivo debater e defender o funcionalismo p\u00fablico por meio da realiza\u00e7\u00e3o de reuni\u00f5es com [&hellip;]<\/p>\n","protected":false},"author":1,"featured_media":17439,"comment_status":"open","ping_status":"open","sticky":false,"template":"","format":"standard","meta":{"cybocfi_hide_featured_image":"","_jetpack_memberships_contains_paid_content":false,"footnotes":""},"categories":[1],"tags":[],"class_list":["post-17438","post","type-post","status-publish","format-standard","has-post-thumbnail","hentry","category-diversos"],"yoast_head":"<!-- This site is optimized with the Yoast SEO plugin v25.6 - https:\/\/yoast.com\/wordpress\/plugins\/seo\/ -->\n<title>Situa\u00e7\u00e3o da Sa\u00fade em Natal \u00e9 debatida por Frente Parlamentar da CMN - Blog do Bispo<\/title>\n<meta name=\"robots\" content=\"index, follow, max-snippet:-1, max-image-preview:large, max-video-preview:-1\" \/>\n<link rel=\"canonical\" href=\"https:\/\/blogdobispo.com.br\/?p=17438\" \/>\n<meta property=\"og:locale\" content=\"pt_BR\" \/>\n<meta property=\"og:type\" content=\"article\" \/>\n<meta property=\"og:title\" content=\"Situa\u00e7\u00e3o da Sa\u00fade em Natal \u00e9 debatida por Frente Parlamentar da CMN - Blog do Bispo\" \/>\n<meta property=\"og:description\" content=\"Uma audi\u00eancia p\u00fablica da Frente Parlamentar em Defesa das Servidoras, dos Servidores e dos Servi\u00e7os P\u00fablicos do Munic\u00edpio de Natal debateu, nesta quinta-feira (28), a situa\u00e7\u00e3o da Sa\u00fade em Natal. Instalada na C\u00e2mara Municipal de Natal, esta Frente Parlamentar tem como objetivo debater e defender o funcionalismo p\u00fablico por meio da realiza\u00e7\u00e3o de reuni\u00f5es com [&hellip;]\" \/>\n<meta property=\"og:url\" content=\"https:\/\/blogdobispo.com.br\/?p=17438\" \/>\n<meta property=\"og:site_name\" content=\"Blog do Bispo\" \/>\n<meta property=\"article:published_time\" content=\"2025-08-29T22:55:58+00:00\" \/>\n<meta property=\"og:image\" content=\"http:\/\/blogdobispo.com.br\/wp-content\/uploads\/2025\/08\/b2f21959f79ba89bb714797f53f45662.jpeg\" \/>\n\t<meta property=\"og:image:width\" content=\"1600\" \/>\n\t<meta property=\"og:image:height\" content=\"1066\" \/>\n\t<meta property=\"og:image:type\" content=\"image\/jpeg\" \/>\n<meta name=\"author\" content=\"Jefferson Sterfeno\" \/>\n<meta name=\"twitter:card\" content=\"summary_large_image\" \/>\n<meta name=\"twitter:label1\" content=\"Escrito por\" \/>\n\t<meta name=\"twitter:data1\" content=\"Jefferson Sterfeno\" \/>\n\t<meta name=\"twitter:label2\" content=\"Est. tempo de leitura\" \/>\n\t<meta name=\"twitter:data2\" content=\"4 minutos\" \/>\n<script type=\"application\/ld+json\" class=\"yoast-schema-graph\">{\"@context\":\"https:\/\/schema.org\",\"@graph\":[{\"@type\":\"Article\",\"@id\":\"https:\/\/blogdobispo.com.br\/?p=17438#article\",\"isPartOf\":{\"@id\":\"https:\/\/blogdobispo.com.br\/?p=17438\"},\"author\":{\"name\":\"Jefferson Sterfeno\",\"@id\":\"https:\/\/blogdobispo.com.br\/#\/schema\/person\/e2209cc0e6cea5c5233d033e997b373f\"},\"headline\":\"Situa\u00e7\u00e3o da Sa\u00fade em Natal \u00e9 debatida por Frente Parlamentar da CMN\",\"datePublished\":\"2025-08-29T22:55:58+00:00\",\"mainEntityOfPage\":{\"@id\":\"https:\/\/blogdobispo.com.br\/?p=17438\"},\"wordCount\":722,\"commentCount\":0,\"publisher\":{\"@id\":\"https:\/\/blogdobispo.com.br\/#organization\"},\"image\":{\"@id\":\"https:\/\/blogdobispo.com.br\/?p=17438#primaryimage\"},\"thumbnailUrl\":\"https:\/\/i0.wp.com\/blogdobispo.com.br\/wp-content\/uploads\/2025\/08\/b2f21959f79ba89bb714797f53f45662.jpeg?fit=1600%2C1066&ssl=1\",\"articleSection\":[\"diversos\"],\"inLanguage\":\"pt-BR\",\"potentialAction\":[{\"@type\":\"CommentAction\",\"name\":\"Comment\",\"target\":[\"https:\/\/blogdobispo.com.br\/?p=17438#respond\"]}]},{\"@type\":\"WebPage\",\"@id\":\"https:\/\/blogdobispo.com.br\/?p=17438\",\"url\":\"https:\/\/blogdobispo.com.br\/?p=17438\",\"name\":\"Situa\u00e7\u00e3o da Sa\u00fade em Natal \u00e9 debatida por Frente Parlamentar da CMN - Blog do Bispo\",\"isPartOf\":{\"@id\":\"https:\/\/blogdobispo.com.br\/#website\"},\"primaryImageOfPage\":{\"@id\":\"https:\/\/blogdobispo.com.br\/?p=17438#primaryimage\"},\"image\":{\"@id\":\"https:\/\/blogdobispo.com.br\/?p=17438#primaryimage\"},\"thumbnailUrl\":\"https:\/\/i0.wp.com\/blogdobispo.com.br\/wp-content\/uploads\/2025\/08\/b2f21959f79ba89bb714797f53f45662.jpeg?fit=1600%2C1066&ssl=1\",\"datePublished\":\"2025-08-29T22:55:58+00:00\",\"breadcrumb\":{\"@id\":\"https:\/\/blogdobispo.com.br\/?p=17438#breadcrumb\"},\"inLanguage\":\"pt-BR\",\"potentialAction\":[{\"@type\":\"ReadAction\",\"target\":[\"https:\/\/blogdobispo.com.br\/?p=17438\"]}]},{\"@type\":\"ImageObject\",\"inLanguage\":\"pt-BR\",\"@id\":\"https:\/\/blogdobispo.com.br\/?p=17438#primaryimage\",\"url\":\"https:\/\/i0.wp.com\/blogdobispo.com.br\/wp-content\/uploads\/2025\/08\/b2f21959f79ba89bb714797f53f45662.jpeg?fit=1600%2C1066&ssl=1\",\"contentUrl\":\"https:\/\/i0.wp.com\/blogdobispo.com.br\/wp-content\/uploads\/2025\/08\/b2f21959f79ba89bb714797f53f45662.jpeg?fit=1600%2C1066&ssl=1\",\"width\":1600,\"height\":1066},{\"@type\":\"BreadcrumbList\",\"@id\":\"https:\/\/blogdobispo.com.br\/?p=17438#breadcrumb\",\"itemListElement\":[{\"@type\":\"ListItem\",\"position\":1,\"name\":\"In\u00edcio\",\"item\":\"https:\/\/blogdobispo.com.br\/\"},{\"@type\":\"ListItem\",\"position\":2,\"name\":\"Situa\u00e7\u00e3o da Sa\u00fade em Natal \u00e9 debatida por Frente Parlamentar da CMN\"}]},{\"@type\":\"WebSite\",\"@id\":\"https:\/\/blogdobispo.com.br\/#website\",\"url\":\"https:\/\/blogdobispo.com.br\/\",\"name\":\"Blog do Bispo\",\"description\":\"Comprometido apenas com o leitor\",\"publisher\":{\"@id\":\"https:\/\/blogdobispo.com.br\/#organization\"},\"potentialAction\":[{\"@type\":\"SearchAction\",\"target\":{\"@type\":\"EntryPoint\",\"urlTemplate\":\"https:\/\/blogdobispo.com.br\/?s={search_term_string}\"},\"query-input\":{\"@type\":\"PropertyValueSpecification\",\"valueRequired\":true,\"valueName\":\"search_term_string\"}}],\"inLanguage\":\"pt-BR\"},{\"@type\":\"Organization\",\"@id\":\"https:\/\/blogdobispo.com.br\/#organization\",\"name\":\"Blog do Bispo\",\"url\":\"https:\/\/blogdobispo.com.br\/\",\"logo\":{\"@type\":\"ImageObject\",\"inLanguage\":\"pt-BR\",\"@id\":\"https:\/\/blogdobispo.com.br\/#\/schema\/logo\/image\/\",\"url\":\"http:\/\/blogdobispo.com.br\/wp-content\/uploads\/2023\/05\/cropped-headear.png\",\"contentUrl\":\"http:\/\/blogdobispo.com.br\/wp-content\/uploads\/2023\/05\/cropped-headear.png\",\"width\":1500,\"height\":399,\"caption\":\"Blog do Bispo\"},\"image\":{\"@id\":\"https:\/\/blogdobispo.com.br\/#\/schema\/logo\/image\/\"}},{\"@type\":\"Person\",\"@id\":\"https:\/\/blogdobispo.com.br\/#\/schema\/person\/e2209cc0e6cea5c5233d033e997b373f\",\"name\":\"Jefferson Sterfeno\",\"image\":{\"@type\":\"ImageObject\",\"inLanguage\":\"pt-BR\",\"@id\":\"https:\/\/blogdobispo.com.br\/#\/schema\/person\/image\/\",\"url\":\"https:\/\/secure.gravatar.com\/avatar\/0534e84764641168a677026b6d57a3f51dc7ac4db0b4f6186d9cb330d4ee1160?s=96&d=mm&r=g\",\"contentUrl\":\"https:\/\/secure.gravatar.com\/avatar\/0534e84764641168a677026b6d57a3f51dc7ac4db0b4f6186d9cb330d4ee1160?s=96&d=mm&r=g\",\"caption\":\"Jefferson Sterfeno\"},\"sameAs\":[\"http:\/\/blogdobispo.com.br\"],\"url\":\"https:\/\/blogdobispo.com.br\/?author=1\"}]}<\/script>\n<!-- \/ Yoast SEO plugin. -->","yoast_head_json":{"title":"Situa\u00e7\u00e3o da Sa\u00fade em Natal \u00e9 debatida por Frente Parlamentar da CMN - Blog do Bispo","robots":{"index":"index","follow":"follow","max-snippet":"max-snippet:-1","max-image-preview":"max-image-preview:large","max-video-preview":"max-video-preview:-1"},"canonical":"https:\/\/blogdobispo.com.br\/?p=17438","og_locale":"pt_BR","og_type":"article","og_title":"Situa\u00e7\u00e3o da Sa\u00fade em Natal \u00e9 debatida por Frente Parlamentar da CMN - Blog do Bispo","og_description":"Uma audi\u00eancia p\u00fablica da Frente Parlamentar em Defesa das Servidoras, dos Servidores e dos Servi\u00e7os P\u00fablicos do Munic\u00edpio de Natal debateu, nesta quinta-feira (28), a situa\u00e7\u00e3o da Sa\u00fade em Natal. Instalada na C\u00e2mara Municipal de Natal, esta Frente Parlamentar tem como objetivo debater e defender o funcionalismo p\u00fablico por meio da realiza\u00e7\u00e3o de reuni\u00f5es com [&hellip;]","og_url":"https:\/\/blogdobispo.com.br\/?p=17438","og_site_name":"Blog do Bispo","article_published_time":"2025-08-29T22:55:58+00:00","og_image":[{"width":1600,"height":1066,"url":"http:\/\/blogdobispo.com.br\/wp-content\/uploads\/2025\/08\/b2f21959f79ba89bb714797f53f45662.jpeg","type":"image\/jpeg"}],"author":"Jefferson Sterfeno","twitter_card":"summary_large_image","twitter_misc":{"Escrito por":"Jefferson Sterfeno","Est. tempo de leitura":"4 minutos"},"schema":{"@context":"https:\/\/schema.org","@graph":[{"@type":"Article","@id":"https:\/\/blogdobispo.com.br\/?p=17438#article","isPartOf":{"@id":"https:\/\/blogdobispo.com.br\/?p=17438"},"author":{"name":"Jefferson Sterfeno","@id":"https:\/\/blogdobispo.com.br\/#\/schema\/person\/e2209cc0e6cea5c5233d033e997b373f"},"headline":"Situa\u00e7\u00e3o da Sa\u00fade em Natal \u00e9 debatida por Frente Parlamentar da CMN","datePublished":"2025-08-29T22:55:58+00:00","mainEntityOfPage":{"@id":"https:\/\/blogdobispo.com.br\/?p=17438"},"wordCount":722,"commentCount":0,"publisher":{"@id":"https:\/\/blogdobispo.com.br\/#organization"},"image":{"@id":"https:\/\/blogdobispo.com.br\/?p=17438#primaryimage"},"thumbnailUrl":"https:\/\/i0.wp.com\/blogdobispo.com.br\/wp-content\/uploads\/2025\/08\/b2f21959f79ba89bb714797f53f45662.jpeg?fit=1600%2C1066&ssl=1","articleSection":["diversos"],"inLanguage":"pt-BR","potentialAction":[{"@type":"CommentAction","name":"Comment","target":["https:\/\/blogdobispo.com.br\/?p=17438#respond"]}]},{"@type":"WebPage","@id":"https:\/\/blogdobispo.com.br\/?p=17438","url":"https:\/\/blogdobispo.com.br\/?p=17438","name":"Situa\u00e7\u00e3o da Sa\u00fade em Natal \u00e9 debatida por Frente Parlamentar da CMN - Blog do Bispo","isPartOf":{"@id":"https:\/\/blogdobispo.com.br\/#website"},"primaryImageOfPage":{"@id":"https:\/\/blogdobispo.com.br\/?p=17438#primaryimage"},"image":{"@id":"https:\/\/blogdobispo.com.br\/?p=17438#primaryimage"},"thumbnailUrl":"https:\/\/i0.wp.com\/blogdobispo.com.br\/wp-content\/uploads\/2025\/08\/b2f21959f79ba89bb714797f53f45662.jpeg?fit=1600%2C1066&ssl=1","datePublished":"2025-08-29T22:55:58+00:00","breadcrumb":{"@id":"https:\/\/blogdobispo.com.br\/?p=17438#breadcrumb"},"inLanguage":"pt-BR","potentialAction":[{"@type":"ReadAction","target":["https:\/\/blogdobispo.com.br\/?p=17438"]}]},{"@type":"ImageObject","inLanguage":"pt-BR","@id":"https:\/\/blogdobispo.com.br\/?p=17438#primaryimage","url":"https:\/\/i0.wp.com\/blogdobispo.com.br\/wp-content\/uploads\/2025\/08\/b2f21959f79ba89bb714797f53f45662.jpeg?fit=1600%2C1066&ssl=1","contentUrl":"https:\/\/i0.wp.com\/blogdobispo.com.br\/wp-content\/uploads\/2025\/08\/b2f21959f79ba89bb714797f53f45662.jpeg?fit=1600%2C1066&ssl=1","width":1600,"height":1066},{"@type":"BreadcrumbList","@id":"https:\/\/blogdobispo.com.br\/?p=17438#breadcrumb","itemListElement":[{"@type":"ListItem","position":1,"name":"In\u00edcio","item":"https:\/\/blogdobispo.com.br\/"},{"@type":"ListItem","position":2,"name":"Situa\u00e7\u00e3o da Sa\u00fade em Natal \u00e9 debatida por Frente Parlamentar da CMN"}]},{"@type":"WebSite","@id":"https:\/\/blogdobispo.com.br\/#website","url":"https:\/\/blogdobispo.com.br\/","name":"Blog do Bispo","description":"Comprometido apenas com o leitor","publisher":{"@id":"https:\/\/blogdobispo.com.br\/#organization"},"potentialAction":[{"@type":"SearchAction","target":{"@type":"EntryPoint","urlTemplate":"https:\/\/blogdobispo.com.br\/?s={search_term_string}"},"query-input":{"@type":"PropertyValueSpecification","valueRequired":true,"valueName":"search_term_string"}}],"inLanguage":"pt-BR"},{"@type":"Organization","@id":"https:\/\/blogdobispo.com.br\/#organization","name":"Blog do Bispo","url":"https:\/\/blogdobispo.com.br\/","logo":{"@type":"ImageObject","inLanguage":"pt-BR","@id":"https:\/\/blogdobispo.com.br\/#\/schema\/logo\/image\/","url":"http:\/\/blogdobispo.com.br\/wp-content\/uploads\/2023\/05\/cropped-headear.png","contentUrl":"http:\/\/blogdobispo.com.br\/wp-content\/uploads\/2023\/05\/cropped-headear.png","width":1500,"height":399,"caption":"Blog do Bispo"},"image":{"@id":"https:\/\/blogdobispo.com.br\/#\/schema\/logo\/image\/"}},{"@type":"Person","@id":"https:\/\/blogdobispo.com.br\/#\/schema\/person\/e2209cc0e6cea5c5233d033e997b373f","name":"Jefferson Sterfeno","image":{"@type":"ImageObject","inLanguage":"pt-BR","@id":"https:\/\/blogdobispo.com.br\/#\/schema\/person\/image\/","url":"https:\/\/secure.gravatar.com\/avatar\/0534e84764641168a677026b6d57a3f51dc7ac4db0b4f6186d9cb330d4ee1160?s=96&d=mm&r=g","contentUrl":"https:\/\/secure.gravatar.com\/avatar\/0534e84764641168a677026b6d57a3f51dc7ac4db0b4f6186d9cb330d4ee1160?s=96&d=mm&r=g","caption":"Jefferson Sterfeno"},"sameAs":["http:\/\/blogdobispo.com.br"],"url":"https:\/\/blogdobispo.com.br\/?author=1"}]}},"featured_image_urls":{"full":["https:\/\/i0.wp.com\/blogdobispo.com.br\/wp-content\/uploads\/2025\/08\/b2f21959f79ba89bb714797f53f45662.jpeg?fit=1600%2C1066&ssl=1",1600,1066,false],"thumbnail":["https:\/\/i0.wp.com\/blogdobispo.com.br\/wp-content\/uploads\/2025\/08\/b2f21959f79ba89bb714797f53f45662.jpeg?resize=150%2C150&ssl=1",150,150,true],"medium":["https:\/\/i0.wp.com\/blogdobispo.com.br\/wp-content\/uploads\/2025\/08\/b2f21959f79ba89bb714797f53f45662.jpeg?fit=300%2C200&ssl=1",300,200,true],"medium_large":["https:\/\/i0.wp.com\/blogdobispo.com.br\/wp-content\/uploads\/2025\/08\/b2f21959f79ba89bb714797f53f45662.jpeg?fit=768%2C512&ssl=1",768,512,true],"large":["https:\/\/i0.wp.com\/blogdobispo.com.br\/wp-content\/uploads\/2025\/08\/b2f21959f79ba89bb714797f53f45662.jpeg?fit=800%2C533&ssl=1",800,533,true],"1536x1536":["https:\/\/i0.wp.com\/blogdobispo.com.br\/wp-content\/uploads\/2025\/08\/b2f21959f79ba89bb714797f53f45662.jpeg?fit=1536%2C1023&ssl=1",1536,1023,true],"2048x2048":["https:\/\/i0.wp.com\/blogdobispo.com.br\/wp-content\/uploads\/2025\/08\/b2f21959f79ba89bb714797f53f45662.jpeg?fit=1600%2C1066&ssl=1",1600,1066,true]},"author_info":{"display_name":"Jefferson Sterfeno","author_link":"https:\/\/blogdobispo.com.br\/?author=1"},"category_info":"<a href=\"https:\/\/blogdobispo.com.br\/?cat=1\" rel=\"category\">diversos<\/a>","tag_info":"diversos","comment_count":"0","jetpack_featured_media_url":"https:\/\/i0.wp.com\/blogdobispo.com.br\/wp-content\/uploads\/2025\/08\/b2f21959f79ba89bb714797f53f45662.jpeg?fit=1600%2C1066&ssl=1","jetpack_sharing_enabled":true,"_links":{"self":[{"href":"https:\/\/blogdobispo.com.br\/index.php?rest_route=\/wp\/v2\/posts\/17438","targetHints":{"allow":["GET"]}}],"collection":[{"href":"https:\/\/blogdobispo.com.br\/index.php?rest_route=\/wp\/v2\/posts"}],"about":[{"href":"https:\/\/blogdobispo.com.br\/index.php?rest_route=\/wp\/v2\/types\/post"}],"author":[{"embeddable":true,"href":"https:\/\/blogdobispo.com.br\/index.php?rest_route=\/wp\/v2\/users\/1"}],"replies":[{"embeddable":true,"href":"https:\/\/blogdobispo.com.br\/index.php?rest_route=%2Fwp%2Fv2%2Fcomments&post=17438"}],"version-history":[{"count":1,"href":"https:\/\/blogdobispo.com.br\/index.php?rest_route=\/wp\/v2\/posts\/17438\/revisions"}],"predecessor-version":[{"id":17440,"href":"https:\/\/blogdobispo.com.br\/index.php?rest_route=\/wp\/v2\/posts\/17438\/revisions\/17440"}],"wp:featuredmedia":[{"embeddable":true,"href":"https:\/\/blogdobispo.com.br\/index.php?rest_route=\/wp\/v2\/media\/17439"}],"wp:attachment":[{"href":"https:\/\/blogdobispo.com.br\/index.php?rest_route=%2Fwp%2Fv2%2Fmedia&parent=17438"}],"wp:term":[{"taxonomy":"category","embeddable":true,"href":"https:\/\/blogdobispo.com.br\/index.php?rest_route=%2Fwp%2Fv2%2Fcategories&post=17438"},{"taxonomy":"post_tag","embeddable":true,"href":"https:\/\/blogdobispo.com.br\/index.php?rest_route=%2Fwp%2Fv2%2Ftags&post=17438"}],"curies":[{"name":"wp","href":"https:\/\/api.w.org\/{rel}","templated":true}]}}