{"id":17407,"date":"2025-08-28T12:45:28","date_gmt":"2025-08-28T12:45:28","guid":{"rendered":"https:\/\/blogdobispo.com.br\/?p=17407"},"modified":"2025-08-28T12:49:30","modified_gmt":"2025-08-28T12:49:30","slug":"humildade-nos-bastidores-marca-passagem-de-deive-leonardo-por-natal","status":"publish","type":"post","link":"https:\/\/blogdobispo.com.br\/?p=17407","title":{"rendered":"Humildade nos bastidores marca passagem de Deive Leonardo por Natal"},"content":{"rendered":"<p data-start=\"75\" data-end=\"477\">Ontem, em Natal, durante a realiza\u00e7\u00e3o do evento <em data-start=\"123\" data-end=\"134\">A Cruzada<\/em>, o evangelista Deive Leonardo n\u00e3o chamou aten\u00e7\u00e3o apenas pelo p\u00fablico expressivo ou pela estrutura grandiosa montada. O que mais repercutiu entre aqueles que estiveram nos bastidores foram os coment\u00e1rios extremamente positivos sobre a postura dele diante dos funcion\u00e1rios, prestadores de servi\u00e7o e equipe t\u00e9cnica que trabalharam na produ\u00e7\u00e3o.<\/p>\n<p data-start=\"479\" data-end=\"752\">Segundo relatos, Deive se mostrou acess\u00edvel, gentil e prestativo, sem se colocar em posi\u00e7\u00e3o de superioridade ou estrelismo \u2014 algo infelizmente comum entre muitos l\u00edderes evang\u00e9licos que, fora dos palcos, assumem uma postura bem diferente da que pregam diante da multid\u00e3o.<\/p>\n<p data-start=\"754\" data-end=\"1231\">Fa\u00e7o aqui um registro pessoal: como evang\u00e9lico, j\u00e1 presenciei de perto o comportamento de v\u00e1rios l\u00edderes religiosos, muitos deles envoltos em vaidade, cercados de exig\u00eancias e com atitudes que em nada refletem o Evangelho que dizem anunciar. Nesse aspecto, preciso reconhecer que, apesar de n\u00e3o ser simp\u00e1tico \u00e0 linha teol\u00f3gica e ministerial de Deive Leonardo, sua postura em Natal destoou positivamente desse cen\u00e1rio de falsos l\u00edderes que se acostumaram a viver de holofotes.<\/p>\n<p data-start=\"1233\" data-end=\"1413\">Deive deu um exemplo simples, mas poderoso: tratou todos com respeito. Uma atitude que deveria ser regra entre quem prega sobre humildade, mas que, na pr\u00e1tica, se tornou exce\u00e7\u00e3o.<\/p>\n","protected":false},"excerpt":{"rendered":"<p>Ontem, em Natal, durante a realiza\u00e7\u00e3o do evento A Cruzada, o evangelista Deive Leonardo n\u00e3o chamou aten\u00e7\u00e3o apenas pelo p\u00fablico expressivo ou pela estrutura grandiosa montada. O que mais repercutiu entre aqueles que estiveram nos bastidores foram os coment\u00e1rios extremamente positivos sobre a postura dele diante dos funcion\u00e1rios, prestadores de servi\u00e7o e equipe t\u00e9cnica que [&hellip;]<\/p>\n","protected":false},"author":1,"featured_media":17408,"comment_status":"open","ping_status":"open","sticky":false,"template":"","format":"standard","meta":{"cybocfi_hide_featured_image":"","_jetpack_memberships_contains_paid_content":false,"footnotes":""},"categories":[1],"tags":[],"class_list":["post-17407","post","type-post","status-publish","format-standard","has-post-thumbnail","hentry","category-diversos"],"yoast_head":"<!-- This site is optimized with the Yoast SEO plugin v25.6 - https:\/\/yoast.com\/wordpress\/plugins\/seo\/ -->\n<title>Humildade nos bastidores marca passagem de Deive Leonardo por Natal - Blog do Bispo<\/title>\n<meta name=\"robots\" content=\"index, follow, max-snippet:-1, max-image-preview:large, max-video-preview:-1\" \/>\n<link rel=\"canonical\" href=\"https:\/\/blogdobispo.com.br\/?p=17407\" \/>\n<meta property=\"og:locale\" content=\"pt_BR\" \/>\n<meta property=\"og:type\" content=\"article\" \/>\n<meta property=\"og:title\" content=\"Humildade nos bastidores marca passagem de Deive Leonardo por Natal - Blog do Bispo\" \/>\n<meta property=\"og:description\" content=\"Ontem, em Natal, durante a realiza\u00e7\u00e3o do evento A Cruzada, o evangelista Deive Leonardo n\u00e3o chamou aten\u00e7\u00e3o apenas pelo p\u00fablico expressivo ou pela estrutura grandiosa montada. O que mais repercutiu entre aqueles que estiveram nos bastidores foram os coment\u00e1rios extremamente positivos sobre a postura dele diante dos funcion\u00e1rios, prestadores de servi\u00e7o e equipe t\u00e9cnica que [&hellip;]\" \/>\n<meta property=\"og:url\" content=\"https:\/\/blogdobispo.com.br\/?p=17407\" \/>\n<meta property=\"og:site_name\" content=\"Blog do Bispo\" \/>\n<meta property=\"article:published_time\" content=\"2025-08-28T12:45:28+00:00\" \/>\n<meta property=\"article:modified_time\" content=\"2025-08-28T12:49:30+00:00\" \/>\n<meta property=\"og:image\" content=\"https:\/\/i0.wp.com\/blogdobispo.com.br\/wp-content\/uploads\/2025\/08\/Deive-Leonardo-em-Natal.webp?fit=1600%2C1066&ssl=1\" \/>\n\t<meta property=\"og:image:width\" content=\"1600\" \/>\n\t<meta property=\"og:image:height\" content=\"1066\" \/>\n\t<meta property=\"og:image:type\" content=\"image\/webp\" \/>\n<meta name=\"author\" content=\"Jefferson Sterfeno\" \/>\n<meta name=\"twitter:card\" content=\"summary_large_image\" \/>\n<meta name=\"twitter:label1\" content=\"Escrito por\" \/>\n\t<meta name=\"twitter:data1\" content=\"Jefferson Sterfeno\" \/>\n\t<meta name=\"twitter:label2\" content=\"Est. tempo de leitura\" \/>\n\t<meta name=\"twitter:data2\" content=\"2 minutos\" \/>\n<script type=\"application\/ld+json\" class=\"yoast-schema-graph\">{\"@context\":\"https:\/\/schema.org\",\"@graph\":[{\"@type\":\"Article\",\"@id\":\"https:\/\/blogdobispo.com.br\/?p=17407#article\",\"isPartOf\":{\"@id\":\"https:\/\/blogdobispo.com.br\/?p=17407\"},\"author\":{\"name\":\"Jefferson Sterfeno\",\"@id\":\"https:\/\/blogdobispo.com.br\/#\/schema\/person\/e2209cc0e6cea5c5233d033e997b373f\"},\"headline\":\"Humildade nos bastidores marca passagem de Deive Leonardo por Natal\",\"datePublished\":\"2025-08-28T12:45:28+00:00\",\"dateModified\":\"2025-08-28T12:49:30+00:00\",\"mainEntityOfPage\":{\"@id\":\"https:\/\/blogdobispo.com.br\/?p=17407\"},\"wordCount\":235,\"commentCount\":0,\"publisher\":{\"@id\":\"https:\/\/blogdobispo.com.br\/#organization\"},\"image\":{\"@id\":\"https:\/\/blogdobispo.com.br\/?p=17407#primaryimage\"},\"thumbnailUrl\":\"https:\/\/i0.wp.com\/blogdobispo.com.br\/wp-content\/uploads\/2025\/08\/Deive-Leonardo-em-Natal.webp?fit=1600%2C1066&ssl=1\",\"articleSection\":[\"diversos\"],\"inLanguage\":\"pt-BR\",\"potentialAction\":[{\"@type\":\"CommentAction\",\"name\":\"Comment\",\"target\":[\"https:\/\/blogdobispo.com.br\/?p=17407#respond\"]}]},{\"@type\":\"WebPage\",\"@id\":\"https:\/\/blogdobispo.com.br\/?p=17407\",\"url\":\"https:\/\/blogdobispo.com.br\/?p=17407\",\"name\":\"Humildade nos bastidores marca passagem de Deive Leonardo por Natal - Blog do Bispo\",\"isPartOf\":{\"@id\":\"https:\/\/blogdobispo.com.br\/#website\"},\"primaryImageOfPage\":{\"@id\":\"https:\/\/blogdobispo.com.br\/?p=17407#primaryimage\"},\"image\":{\"@id\":\"https:\/\/blogdobispo.com.br\/?p=17407#primaryimage\"},\"thumbnailUrl\":\"https:\/\/i0.wp.com\/blogdobispo.com.br\/wp-content\/uploads\/2025\/08\/Deive-Leonardo-em-Natal.webp?fit=1600%2C1066&ssl=1\",\"datePublished\":\"2025-08-28T12:45:28+00:00\",\"dateModified\":\"2025-08-28T12:49:30+00:00\",\"breadcrumb\":{\"@id\":\"https:\/\/blogdobispo.com.br\/?p=17407#breadcrumb\"},\"inLanguage\":\"pt-BR\",\"potentialAction\":[{\"@type\":\"ReadAction\",\"target\":[\"https:\/\/blogdobispo.com.br\/?p=17407\"]}]},{\"@type\":\"ImageObject\",\"inLanguage\":\"pt-BR\",\"@id\":\"https:\/\/blogdobispo.com.br\/?p=17407#primaryimage\",\"url\":\"https:\/\/i0.wp.com\/blogdobispo.com.br\/wp-content\/uploads\/2025\/08\/Deive-Leonardo-em-Natal.webp?fit=1600%2C1066&ssl=1\",\"contentUrl\":\"https:\/\/i0.wp.com\/blogdobispo.com.br\/wp-content\/uploads\/2025\/08\/Deive-Leonardo-em-Natal.webp?fit=1600%2C1066&ssl=1\",\"width\":1600,\"height\":1066},{\"@type\":\"BreadcrumbList\",\"@id\":\"https:\/\/blogdobispo.com.br\/?p=17407#breadcrumb\",\"itemListElement\":[{\"@type\":\"ListItem\",\"position\":1,\"name\":\"In\u00edcio\",\"item\":\"https:\/\/blogdobispo.com.br\/\"},{\"@type\":\"ListItem\",\"position\":2,\"name\":\"Humildade nos bastidores marca passagem de Deive Leonardo por Natal\"}]},{\"@type\":\"WebSite\",\"@id\":\"https:\/\/blogdobispo.com.br\/#website\",\"url\":\"https:\/\/blogdobispo.com.br\/\",\"name\":\"Blog do Bispo\",\"description\":\"Comprometido apenas com o leitor\",\"publisher\":{\"@id\":\"https:\/\/blogdobispo.com.br\/#organization\"},\"potentialAction\":[{\"@type\":\"SearchAction\",\"target\":{\"@type\":\"EntryPoint\",\"urlTemplate\":\"https:\/\/blogdobispo.com.br\/?s={search_term_string}\"},\"query-input\":{\"@type\":\"PropertyValueSpecification\",\"valueRequired\":true,\"valueName\":\"search_term_string\"}}],\"inLanguage\":\"pt-BR\"},{\"@type\":\"Organization\",\"@id\":\"https:\/\/blogdobispo.com.br\/#organization\",\"name\":\"Blog do Bispo\",\"url\":\"https:\/\/blogdobispo.com.br\/\",\"logo\":{\"@type\":\"ImageObject\",\"inLanguage\":\"pt-BR\",\"@id\":\"https:\/\/blogdobispo.com.br\/#\/schema\/logo\/image\/\",\"url\":\"http:\/\/blogdobispo.com.br\/wp-content\/uploads\/2023\/05\/cropped-headear.png\",\"contentUrl\":\"http:\/\/blogdobispo.com.br\/wp-content\/uploads\/2023\/05\/cropped-headear.png\",\"width\":1500,\"height\":399,\"caption\":\"Blog do Bispo\"},\"image\":{\"@id\":\"https:\/\/blogdobispo.com.br\/#\/schema\/logo\/image\/\"}},{\"@type\":\"Person\",\"@id\":\"https:\/\/blogdobispo.com.br\/#\/schema\/person\/e2209cc0e6cea5c5233d033e997b373f\",\"name\":\"Jefferson Sterfeno\",\"image\":{\"@type\":\"ImageObject\",\"inLanguage\":\"pt-BR\",\"@id\":\"https:\/\/blogdobispo.com.br\/#\/schema\/person\/image\/\",\"url\":\"https:\/\/secure.gravatar.com\/avatar\/0534e84764641168a677026b6d57a3f51dc7ac4db0b4f6186d9cb330d4ee1160?s=96&d=mm&r=g\",\"contentUrl\":\"https:\/\/secure.gravatar.com\/avatar\/0534e84764641168a677026b6d57a3f51dc7ac4db0b4f6186d9cb330d4ee1160?s=96&d=mm&r=g\",\"caption\":\"Jefferson Sterfeno\"},\"sameAs\":[\"http:\/\/blogdobispo.com.br\"],\"url\":\"https:\/\/blogdobispo.com.br\/?author=1\"}]}<\/script>\n<!-- \/ Yoast SEO plugin. -->","yoast_head_json":{"title":"Humildade nos bastidores marca passagem de Deive Leonardo por Natal - Blog do Bispo","robots":{"index":"index","follow":"follow","max-snippet":"max-snippet:-1","max-image-preview":"max-image-preview:large","max-video-preview":"max-video-preview:-1"},"canonical":"https:\/\/blogdobispo.com.br\/?p=17407","og_locale":"pt_BR","og_type":"article","og_title":"Humildade nos bastidores marca passagem de Deive Leonardo por Natal - Blog do Bispo","og_description":"Ontem, em Natal, durante a realiza\u00e7\u00e3o do evento A Cruzada, o evangelista Deive Leonardo n\u00e3o chamou aten\u00e7\u00e3o apenas pelo p\u00fablico expressivo ou pela estrutura grandiosa montada. O que mais repercutiu entre aqueles que estiveram nos bastidores foram os coment\u00e1rios extremamente positivos sobre a postura dele diante dos funcion\u00e1rios, prestadores de servi\u00e7o e equipe t\u00e9cnica que [&hellip;]","og_url":"https:\/\/blogdobispo.com.br\/?p=17407","og_site_name":"Blog do Bispo","article_published_time":"2025-08-28T12:45:28+00:00","article_modified_time":"2025-08-28T12:49:30+00:00","og_image":[{"width":1600,"height":1066,"url":"https:\/\/i0.wp.com\/blogdobispo.com.br\/wp-content\/uploads\/2025\/08\/Deive-Leonardo-em-Natal.webp?fit=1600%2C1066&ssl=1","type":"image\/webp"}],"author":"Jefferson Sterfeno","twitter_card":"summary_large_image","twitter_misc":{"Escrito por":"Jefferson Sterfeno","Est. tempo de leitura":"2 minutos"},"schema":{"@context":"https:\/\/schema.org","@graph":[{"@type":"Article","@id":"https:\/\/blogdobispo.com.br\/?p=17407#article","isPartOf":{"@id":"https:\/\/blogdobispo.com.br\/?p=17407"},"author":{"name":"Jefferson Sterfeno","@id":"https:\/\/blogdobispo.com.br\/#\/schema\/person\/e2209cc0e6cea5c5233d033e997b373f"},"headline":"Humildade nos bastidores marca passagem de Deive Leonardo por Natal","datePublished":"2025-08-28T12:45:28+00:00","dateModified":"2025-08-28T12:49:30+00:00","mainEntityOfPage":{"@id":"https:\/\/blogdobispo.com.br\/?p=17407"},"wordCount":235,"commentCount":0,"publisher":{"@id":"https:\/\/blogdobispo.com.br\/#organization"},"image":{"@id":"https:\/\/blogdobispo.com.br\/?p=17407#primaryimage"},"thumbnailUrl":"https:\/\/i0.wp.com\/blogdobispo.com.br\/wp-content\/uploads\/2025\/08\/Deive-Leonardo-em-Natal.webp?fit=1600%2C1066&ssl=1","articleSection":["diversos"],"inLanguage":"pt-BR","potentialAction":[{"@type":"CommentAction","name":"Comment","target":["https:\/\/blogdobispo.com.br\/?p=17407#respond"]}]},{"@type":"WebPage","@id":"https:\/\/blogdobispo.com.br\/?p=17407","url":"https:\/\/blogdobispo.com.br\/?p=17407","name":"Humildade nos bastidores marca passagem de Deive Leonardo por Natal - Blog do Bispo","isPartOf":{"@id":"https:\/\/blogdobispo.com.br\/#website"},"primaryImageOfPage":{"@id":"https:\/\/blogdobispo.com.br\/?p=17407#primaryimage"},"image":{"@id":"https:\/\/blogdobispo.com.br\/?p=17407#primaryimage"},"thumbnailUrl":"https:\/\/i0.wp.com\/blogdobispo.com.br\/wp-content\/uploads\/2025\/08\/Deive-Leonardo-em-Natal.webp?fit=1600%2C1066&ssl=1","datePublished":"2025-08-28T12:45:28+00:00","dateModified":"2025-08-28T12:49:30+00:00","breadcrumb":{"@id":"https:\/\/blogdobispo.com.br\/?p=17407#breadcrumb"},"inLanguage":"pt-BR","potentialAction":[{"@type":"ReadAction","target":["https:\/\/blogdobispo.com.br\/?p=17407"]}]},{"@type":"ImageObject","inLanguage":"pt-BR","@id":"https:\/\/blogdobispo.com.br\/?p=17407#primaryimage","url":"https:\/\/i0.wp.com\/blogdobispo.com.br\/wp-content\/uploads\/2025\/08\/Deive-Leonardo-em-Natal.webp?fit=1600%2C1066&ssl=1","contentUrl":"https:\/\/i0.wp.com\/blogdobispo.com.br\/wp-content\/uploads\/2025\/08\/Deive-Leonardo-em-Natal.webp?fit=1600%2C1066&ssl=1","width":1600,"height":1066},{"@type":"BreadcrumbList","@id":"https:\/\/blogdobispo.com.br\/?p=17407#breadcrumb","itemListElement":[{"@type":"ListItem","position":1,"name":"In\u00edcio","item":"https:\/\/blogdobispo.com.br\/"},{"@type":"ListItem","position":2,"name":"Humildade nos bastidores marca passagem de Deive Leonardo por Natal"}]},{"@type":"WebSite","@id":"https:\/\/blogdobispo.com.br\/#website","url":"https:\/\/blogdobispo.com.br\/","name":"Blog do Bispo","description":"Comprometido apenas com o leitor","publisher":{"@id":"https:\/\/blogdobispo.com.br\/#organization"},"potentialAction":[{"@type":"SearchAction","target":{"@type":"EntryPoint","urlTemplate":"https:\/\/blogdobispo.com.br\/?s={search_term_string}"},"query-input":{"@type":"PropertyValueSpecification","valueRequired":true,"valueName":"search_term_string"}}],"inLanguage":"pt-BR"},{"@type":"Organization","@id":"https:\/\/blogdobispo.com.br\/#organization","name":"Blog do Bispo","url":"https:\/\/blogdobispo.com.br\/","logo":{"@type":"ImageObject","inLanguage":"pt-BR","@id":"https:\/\/blogdobispo.com.br\/#\/schema\/logo\/image\/","url":"http:\/\/blogdobispo.com.br\/wp-content\/uploads\/2023\/05\/cropped-headear.png","contentUrl":"http:\/\/blogdobispo.com.br\/wp-content\/uploads\/2023\/05\/cropped-headear.png","width":1500,"height":399,"caption":"Blog do Bispo"},"image":{"@id":"https:\/\/blogdobispo.com.br\/#\/schema\/logo\/image\/"}},{"@type":"Person","@id":"https:\/\/blogdobispo.com.br\/#\/schema\/person\/e2209cc0e6cea5c5233d033e997b373f","name":"Jefferson Sterfeno","image":{"@type":"ImageObject","inLanguage":"pt-BR","@id":"https:\/\/blogdobispo.com.br\/#\/schema\/person\/image\/","url":"https:\/\/secure.gravatar.com\/avatar\/0534e84764641168a677026b6d57a3f51dc7ac4db0b4f6186d9cb330d4ee1160?s=96&d=mm&r=g","contentUrl":"https:\/\/secure.gravatar.com\/avatar\/0534e84764641168a677026b6d57a3f51dc7ac4db0b4f6186d9cb330d4ee1160?s=96&d=mm&r=g","caption":"Jefferson Sterfeno"},"sameAs":["http:\/\/blogdobispo.com.br"],"url":"https:\/\/blogdobispo.com.br\/?author=1"}]}},"featured_image_urls":{"full":["https:\/\/i0.wp.com\/blogdobispo.com.br\/wp-content\/uploads\/2025\/08\/Deive-Leonardo-em-Natal.webp?fit=1600%2C1066&ssl=1",1600,1066,false],"thumbnail":["https:\/\/i0.wp.com\/blogdobispo.com.br\/wp-content\/uploads\/2025\/08\/Deive-Leonardo-em-Natal.webp?resize=150%2C150&ssl=1",150,150,true],"medium":["https:\/\/i0.wp.com\/blogdobispo.com.br\/wp-content\/uploads\/2025\/08\/Deive-Leonardo-em-Natal.webp?fit=300%2C200&ssl=1",300,200,true],"medium_large":["https:\/\/i0.wp.com\/blogdobispo.com.br\/wp-content\/uploads\/2025\/08\/Deive-Leonardo-em-Natal.webp?fit=768%2C512&ssl=1",768,512,true],"large":["https:\/\/i0.wp.com\/blogdobispo.com.br\/wp-content\/uploads\/2025\/08\/Deive-Leonardo-em-Natal.webp?fit=800%2C533&ssl=1",800,533,true],"1536x1536":["https:\/\/i0.wp.com\/blogdobispo.com.br\/wp-content\/uploads\/2025\/08\/Deive-Leonardo-em-Natal.webp?fit=1536%2C1023&ssl=1",1536,1023,true],"2048x2048":["https:\/\/i0.wp.com\/blogdobispo.com.br\/wp-content\/uploads\/2025\/08\/Deive-Leonardo-em-Natal.webp?fit=1600%2C1066&ssl=1",1600,1066,true]},"author_info":{"display_name":"Jefferson Sterfeno","author_link":"https:\/\/blogdobispo.com.br\/?author=1"},"category_info":"<a href=\"https:\/\/blogdobispo.com.br\/?cat=1\" rel=\"category\">diversos<\/a>","tag_info":"diversos","comment_count":"0","jetpack_featured_media_url":"https:\/\/i0.wp.com\/blogdobispo.com.br\/wp-content\/uploads\/2025\/08\/Deive-Leonardo-em-Natal.webp?fit=1600%2C1066&ssl=1","jetpack_sharing_enabled":true,"_links":{"self":[{"href":"https:\/\/blogdobispo.com.br\/index.php?rest_route=\/wp\/v2\/posts\/17407","targetHints":{"allow":["GET"]}}],"collection":[{"href":"https:\/\/blogdobispo.com.br\/index.php?rest_route=\/wp\/v2\/posts"}],"about":[{"href":"https:\/\/blogdobispo.com.br\/index.php?rest_route=\/wp\/v2\/types\/post"}],"author":[{"embeddable":true,"href":"https:\/\/blogdobispo.com.br\/index.php?rest_route=\/wp\/v2\/users\/1"}],"replies":[{"embeddable":true,"href":"https:\/\/blogdobispo.com.br\/index.php?rest_route=%2Fwp%2Fv2%2Fcomments&post=17407"}],"version-history":[{"count":2,"href":"https:\/\/blogdobispo.com.br\/index.php?rest_route=\/wp\/v2\/posts\/17407\/revisions"}],"predecessor-version":[{"id":17410,"href":"https:\/\/blogdobispo.com.br\/index.php?rest_route=\/wp\/v2\/posts\/17407\/revisions\/17410"}],"wp:featuredmedia":[{"embeddable":true,"href":"https:\/\/blogdobispo.com.br\/index.php?rest_route=\/wp\/v2\/media\/17408"}],"wp:attachment":[{"href":"https:\/\/blogdobispo.com.br\/index.php?rest_route=%2Fwp%2Fv2%2Fmedia&parent=17407"}],"wp:term":[{"taxonomy":"category","embeddable":true,"href":"https:\/\/blogdobispo.com.br\/index.php?rest_route=%2Fwp%2Fv2%2Fcategories&post=17407"},{"taxonomy":"post_tag","embeddable":true,"href":"https:\/\/blogdobispo.com.br\/index.php?rest_route=%2Fwp%2Fv2%2Ftags&post=17407"}],"curies":[{"name":"wp","href":"https:\/\/api.w.org\/{rel}","templated":true}]}}