{"id":17404,"date":"2025-08-28T12:40:54","date_gmt":"2025-08-28T12:40:54","guid":{"rendered":"https:\/\/blogdobispo.com.br\/?p=17404"},"modified":"2025-08-28T12:51:49","modified_gmt":"2025-08-28T12:51:49","slug":"alvaro-dias-chama-governo-fatima-bezerra-de-mediocre-e-diz-que-pt-e-do-mal","status":"publish","type":"post","link":"https:\/\/blogdobispo.com.br\/?p=17404","title":{"rendered":"\u00c1lvaro Dias chama governo F\u00e1tima Bezerra de \u201cmed\u00edocre\u201d e diz que \u201cPT \u00e9 do mal\u201d"},"content":{"rendered":"<p>O ex-prefeito de Natal,&nbsp;<strong>\u00c1lvaro Dias<\/strong>&nbsp;(Republicanos), criticou a atual gest\u00e3o do Rio Grande do Norte e chamou o governo de F\u00e1tima Bezerra (PT) de \u201cmed\u00edocre\u201d. Segundo \u00c1lvaro, que \u00e9 pr\u00e9-candidato ao governo do Estado, a gest\u00e3o de F\u00e1tima dificulta as obras que acontecem na cidade potiguar, e isso acontecia principalmente quando Dias ainda era prefeito de Natal. \u201cPT \u00e9 um partido do mal, que s\u00f3 procura dificultar as coisas\u201d, alegou nesta quarta-feira (27), em entrevista ao programa Rep\u00f3rter 98, da r\u00e1dio 98FM.<\/p>\n<p>Para \u00c1lvaro, o estado sofre em sa\u00fade, mobilidade e turismo. O pr\u00e9-candidato ao governo do RN tamb\u00e9m acusou F\u00e1tima de n\u00e3o repassar recursos estaduais da sa\u00fade para o munic\u00edpio de Natal. \u201cAs UPA\u2019s t\u00eam 30% do governo federal e 30% do governo estadual. S\u00f3 que esses 30% do governo estadual nunca chega. Ela nunca faz esse repasse. Ela nunca cumpre a sua obriga\u00e7\u00e3o\u201d, alegou.<\/p>\n<p>Durante a entrevista ao programa, Dias citou, o que ele afirma ser um \u201cdescaso\u201d com o Rio Grande do Norte. Na oportunidade, ele mencionou que no Hospital Monsenhor Walfredo Gurgel os pacientes ficam em corredores.<\/p>\n<p>\u201cVoc\u00ea v\u00ea o pr\u00f3prio Walfredo Gurgel, que a governadora se comprometeu em acabar com os pacientes nos corredores, continua da mesma forma. Recentemente eu estive l\u00e1 para visitar um amigo, e as filas de pacientes em macas nos corredores persistem\u201d, afirma.<\/p>\n<p>Portal 98 FM<\/p>\n","protected":false},"excerpt":{"rendered":"<p>O ex-prefeito de Natal,&nbsp;\u00c1lvaro Dias&nbsp;(Republicanos), criticou a atual gest\u00e3o do Rio Grande do Norte e chamou o governo de F\u00e1tima Bezerra (PT) de \u201cmed\u00edocre\u201d. Segundo \u00c1lvaro, que \u00e9 pr\u00e9-candidato ao governo do Estado, a gest\u00e3o de F\u00e1tima dificulta as obras que acontecem na cidade potiguar, e isso acontecia principalmente quando Dias ainda era prefeito de [&hellip;]<\/p>\n","protected":false},"author":1,"featured_media":17405,"comment_status":"open","ping_status":"open","sticky":false,"template":"","format":"standard","meta":{"cybocfi_hide_featured_image":"","_jetpack_memberships_contains_paid_content":false,"footnotes":""},"categories":[1],"tags":[],"class_list":["post-17404","post","type-post","status-publish","format-standard","has-post-thumbnail","hentry","category-diversos"],"yoast_head":"<!-- This site is optimized with the Yoast SEO plugin v25.6 - https:\/\/yoast.com\/wordpress\/plugins\/seo\/ -->\n<title>\u00c1lvaro Dias chama governo F\u00e1tima Bezerra de \u201cmed\u00edocre\u201d e diz que \u201cPT \u00e9 do mal\u201d - Blog do Bispo<\/title>\n<meta name=\"robots\" content=\"index, follow, max-snippet:-1, max-image-preview:large, max-video-preview:-1\" \/>\n<link rel=\"canonical\" href=\"https:\/\/blogdobispo.com.br\/?p=17404\" \/>\n<meta property=\"og:locale\" content=\"pt_BR\" \/>\n<meta property=\"og:type\" content=\"article\" \/>\n<meta property=\"og:title\" content=\"\u00c1lvaro Dias chama governo F\u00e1tima Bezerra de \u201cmed\u00edocre\u201d e diz que \u201cPT \u00e9 do mal\u201d - Blog do Bispo\" \/>\n<meta property=\"og:description\" content=\"O ex-prefeito de Natal,&nbsp;\u00c1lvaro Dias&nbsp;(Republicanos), criticou a atual gest\u00e3o do Rio Grande do Norte e chamou o governo de F\u00e1tima Bezerra (PT) de \u201cmed\u00edocre\u201d. Segundo \u00c1lvaro, que \u00e9 pr\u00e9-candidato ao governo do Estado, a gest\u00e3o de F\u00e1tima dificulta as obras que acontecem na cidade potiguar, e isso acontecia principalmente quando Dias ainda era prefeito de [&hellip;]\" \/>\n<meta property=\"og:url\" content=\"https:\/\/blogdobispo.com.br\/?p=17404\" \/>\n<meta property=\"og:site_name\" content=\"Blog do Bispo\" \/>\n<meta property=\"article:published_time\" content=\"2025-08-28T12:40:54+00:00\" \/>\n<meta property=\"article:modified_time\" content=\"2025-08-28T12:51:49+00:00\" \/>\n<meta property=\"og:image\" content=\"https:\/\/i0.wp.com\/blogdobispo.com.br\/wp-content\/uploads\/2025\/08\/thdtrhdrh.webp?fit=810%2C540&ssl=1\" \/>\n\t<meta property=\"og:image:width\" content=\"810\" \/>\n\t<meta property=\"og:image:height\" content=\"540\" \/>\n\t<meta property=\"og:image:type\" content=\"image\/webp\" \/>\n<meta name=\"author\" content=\"Jefferson Sterfeno\" \/>\n<meta name=\"twitter:card\" content=\"summary_large_image\" \/>\n<meta name=\"twitter:label1\" content=\"Escrito por\" \/>\n\t<meta name=\"twitter:data1\" content=\"Jefferson Sterfeno\" \/>\n\t<meta name=\"twitter:label2\" content=\"Est. tempo de leitura\" \/>\n\t<meta name=\"twitter:data2\" content=\"2 minutos\" \/>\n<script type=\"application\/ld+json\" class=\"yoast-schema-graph\">{\"@context\":\"https:\/\/schema.org\",\"@graph\":[{\"@type\":\"Article\",\"@id\":\"https:\/\/blogdobispo.com.br\/?p=17404#article\",\"isPartOf\":{\"@id\":\"https:\/\/blogdobispo.com.br\/?p=17404\"},\"author\":{\"name\":\"Jefferson Sterfeno\",\"@id\":\"https:\/\/blogdobispo.com.br\/#\/schema\/person\/e2209cc0e6cea5c5233d033e997b373f\"},\"headline\":\"\u00c1lvaro Dias chama governo F\u00e1tima Bezerra de \u201cmed\u00edocre\u201d e diz que \u201cPT \u00e9 do mal\u201d\",\"datePublished\":\"2025-08-28T12:40:54+00:00\",\"dateModified\":\"2025-08-28T12:51:49+00:00\",\"mainEntityOfPage\":{\"@id\":\"https:\/\/blogdobispo.com.br\/?p=17404\"},\"wordCount\":255,\"commentCount\":0,\"publisher\":{\"@id\":\"https:\/\/blogdobispo.com.br\/#organization\"},\"image\":{\"@id\":\"https:\/\/blogdobispo.com.br\/?p=17404#primaryimage\"},\"thumbnailUrl\":\"https:\/\/i0.wp.com\/blogdobispo.com.br\/wp-content\/uploads\/2025\/08\/thdtrhdrh.webp?fit=810%2C540&ssl=1\",\"articleSection\":[\"diversos\"],\"inLanguage\":\"pt-BR\",\"potentialAction\":[{\"@type\":\"CommentAction\",\"name\":\"Comment\",\"target\":[\"https:\/\/blogdobispo.com.br\/?p=17404#respond\"]}]},{\"@type\":\"WebPage\",\"@id\":\"https:\/\/blogdobispo.com.br\/?p=17404\",\"url\":\"https:\/\/blogdobispo.com.br\/?p=17404\",\"name\":\"\u00c1lvaro Dias chama governo F\u00e1tima Bezerra de \u201cmed\u00edocre\u201d e diz que \u201cPT \u00e9 do mal\u201d - Blog do Bispo\",\"isPartOf\":{\"@id\":\"https:\/\/blogdobispo.com.br\/#website\"},\"primaryImageOfPage\":{\"@id\":\"https:\/\/blogdobispo.com.br\/?p=17404#primaryimage\"},\"image\":{\"@id\":\"https:\/\/blogdobispo.com.br\/?p=17404#primaryimage\"},\"thumbnailUrl\":\"https:\/\/i0.wp.com\/blogdobispo.com.br\/wp-content\/uploads\/2025\/08\/thdtrhdrh.webp?fit=810%2C540&ssl=1\",\"datePublished\":\"2025-08-28T12:40:54+00:00\",\"dateModified\":\"2025-08-28T12:51:49+00:00\",\"breadcrumb\":{\"@id\":\"https:\/\/blogdobispo.com.br\/?p=17404#breadcrumb\"},\"inLanguage\":\"pt-BR\",\"potentialAction\":[{\"@type\":\"ReadAction\",\"target\":[\"https:\/\/blogdobispo.com.br\/?p=17404\"]}]},{\"@type\":\"ImageObject\",\"inLanguage\":\"pt-BR\",\"@id\":\"https:\/\/blogdobispo.com.br\/?p=17404#primaryimage\",\"url\":\"https:\/\/i0.wp.com\/blogdobispo.com.br\/wp-content\/uploads\/2025\/08\/thdtrhdrh.webp?fit=810%2C540&ssl=1\",\"contentUrl\":\"https:\/\/i0.wp.com\/blogdobispo.com.br\/wp-content\/uploads\/2025\/08\/thdtrhdrh.webp?fit=810%2C540&ssl=1\",\"width\":810,\"height\":540},{\"@type\":\"BreadcrumbList\",\"@id\":\"https:\/\/blogdobispo.com.br\/?p=17404#breadcrumb\",\"itemListElement\":[{\"@type\":\"ListItem\",\"position\":1,\"name\":\"In\u00edcio\",\"item\":\"https:\/\/blogdobispo.com.br\/\"},{\"@type\":\"ListItem\",\"position\":2,\"name\":\"\u00c1lvaro Dias chama governo F\u00e1tima Bezerra de \u201cmed\u00edocre\u201d e diz que \u201cPT \u00e9 do mal\u201d\"}]},{\"@type\":\"WebSite\",\"@id\":\"https:\/\/blogdobispo.com.br\/#website\",\"url\":\"https:\/\/blogdobispo.com.br\/\",\"name\":\"Blog do Bispo\",\"description\":\"Comprometido apenas com o leitor\",\"publisher\":{\"@id\":\"https:\/\/blogdobispo.com.br\/#organization\"},\"potentialAction\":[{\"@type\":\"SearchAction\",\"target\":{\"@type\":\"EntryPoint\",\"urlTemplate\":\"https:\/\/blogdobispo.com.br\/?s={search_term_string}\"},\"query-input\":{\"@type\":\"PropertyValueSpecification\",\"valueRequired\":true,\"valueName\":\"search_term_string\"}}],\"inLanguage\":\"pt-BR\"},{\"@type\":\"Organization\",\"@id\":\"https:\/\/blogdobispo.com.br\/#organization\",\"name\":\"Blog do Bispo\",\"url\":\"https:\/\/blogdobispo.com.br\/\",\"logo\":{\"@type\":\"ImageObject\",\"inLanguage\":\"pt-BR\",\"@id\":\"https:\/\/blogdobispo.com.br\/#\/schema\/logo\/image\/\",\"url\":\"http:\/\/blogdobispo.com.br\/wp-content\/uploads\/2023\/05\/cropped-headear.png\",\"contentUrl\":\"http:\/\/blogdobispo.com.br\/wp-content\/uploads\/2023\/05\/cropped-headear.png\",\"width\":1500,\"height\":399,\"caption\":\"Blog do Bispo\"},\"image\":{\"@id\":\"https:\/\/blogdobispo.com.br\/#\/schema\/logo\/image\/\"}},{\"@type\":\"Person\",\"@id\":\"https:\/\/blogdobispo.com.br\/#\/schema\/person\/e2209cc0e6cea5c5233d033e997b373f\",\"name\":\"Jefferson Sterfeno\",\"image\":{\"@type\":\"ImageObject\",\"inLanguage\":\"pt-BR\",\"@id\":\"https:\/\/blogdobispo.com.br\/#\/schema\/person\/image\/\",\"url\":\"https:\/\/secure.gravatar.com\/avatar\/0534e84764641168a677026b6d57a3f51dc7ac4db0b4f6186d9cb330d4ee1160?s=96&d=mm&r=g\",\"contentUrl\":\"https:\/\/secure.gravatar.com\/avatar\/0534e84764641168a677026b6d57a3f51dc7ac4db0b4f6186d9cb330d4ee1160?s=96&d=mm&r=g\",\"caption\":\"Jefferson Sterfeno\"},\"sameAs\":[\"http:\/\/blogdobispo.com.br\"],\"url\":\"https:\/\/blogdobispo.com.br\/?author=1\"}]}<\/script>\n<!-- \/ Yoast SEO plugin. -->","yoast_head_json":{"title":"\u00c1lvaro Dias chama governo F\u00e1tima Bezerra de \u201cmed\u00edocre\u201d e diz que \u201cPT \u00e9 do mal\u201d - Blog do Bispo","robots":{"index":"index","follow":"follow","max-snippet":"max-snippet:-1","max-image-preview":"max-image-preview:large","max-video-preview":"max-video-preview:-1"},"canonical":"https:\/\/blogdobispo.com.br\/?p=17404","og_locale":"pt_BR","og_type":"article","og_title":"\u00c1lvaro Dias chama governo F\u00e1tima Bezerra de \u201cmed\u00edocre\u201d e diz que \u201cPT \u00e9 do mal\u201d - Blog do Bispo","og_description":"O ex-prefeito de Natal,&nbsp;\u00c1lvaro Dias&nbsp;(Republicanos), criticou a atual gest\u00e3o do Rio Grande do Norte e chamou o governo de F\u00e1tima Bezerra (PT) de \u201cmed\u00edocre\u201d. Segundo \u00c1lvaro, que \u00e9 pr\u00e9-candidato ao governo do Estado, a gest\u00e3o de F\u00e1tima dificulta as obras que acontecem na cidade potiguar, e isso acontecia principalmente quando Dias ainda era prefeito de [&hellip;]","og_url":"https:\/\/blogdobispo.com.br\/?p=17404","og_site_name":"Blog do Bispo","article_published_time":"2025-08-28T12:40:54+00:00","article_modified_time":"2025-08-28T12:51:49+00:00","og_image":[{"width":810,"height":540,"url":"https:\/\/i0.wp.com\/blogdobispo.com.br\/wp-content\/uploads\/2025\/08\/thdtrhdrh.webp?fit=810%2C540&ssl=1","type":"image\/webp"}],"author":"Jefferson Sterfeno","twitter_card":"summary_large_image","twitter_misc":{"Escrito por":"Jefferson Sterfeno","Est. tempo de leitura":"2 minutos"},"schema":{"@context":"https:\/\/schema.org","@graph":[{"@type":"Article","@id":"https:\/\/blogdobispo.com.br\/?p=17404#article","isPartOf":{"@id":"https:\/\/blogdobispo.com.br\/?p=17404"},"author":{"name":"Jefferson Sterfeno","@id":"https:\/\/blogdobispo.com.br\/#\/schema\/person\/e2209cc0e6cea5c5233d033e997b373f"},"headline":"\u00c1lvaro Dias chama governo F\u00e1tima Bezerra de \u201cmed\u00edocre\u201d e diz que \u201cPT \u00e9 do mal\u201d","datePublished":"2025-08-28T12:40:54+00:00","dateModified":"2025-08-28T12:51:49+00:00","mainEntityOfPage":{"@id":"https:\/\/blogdobispo.com.br\/?p=17404"},"wordCount":255,"commentCount":0,"publisher":{"@id":"https:\/\/blogdobispo.com.br\/#organization"},"image":{"@id":"https:\/\/blogdobispo.com.br\/?p=17404#primaryimage"},"thumbnailUrl":"https:\/\/i0.wp.com\/blogdobispo.com.br\/wp-content\/uploads\/2025\/08\/thdtrhdrh.webp?fit=810%2C540&ssl=1","articleSection":["diversos"],"inLanguage":"pt-BR","potentialAction":[{"@type":"CommentAction","name":"Comment","target":["https:\/\/blogdobispo.com.br\/?p=17404#respond"]}]},{"@type":"WebPage","@id":"https:\/\/blogdobispo.com.br\/?p=17404","url":"https:\/\/blogdobispo.com.br\/?p=17404","name":"\u00c1lvaro Dias chama governo F\u00e1tima Bezerra de \u201cmed\u00edocre\u201d e diz que \u201cPT \u00e9 do mal\u201d - Blog do Bispo","isPartOf":{"@id":"https:\/\/blogdobispo.com.br\/#website"},"primaryImageOfPage":{"@id":"https:\/\/blogdobispo.com.br\/?p=17404#primaryimage"},"image":{"@id":"https:\/\/blogdobispo.com.br\/?p=17404#primaryimage"},"thumbnailUrl":"https:\/\/i0.wp.com\/blogdobispo.com.br\/wp-content\/uploads\/2025\/08\/thdtrhdrh.webp?fit=810%2C540&ssl=1","datePublished":"2025-08-28T12:40:54+00:00","dateModified":"2025-08-28T12:51:49+00:00","breadcrumb":{"@id":"https:\/\/blogdobispo.com.br\/?p=17404#breadcrumb"},"inLanguage":"pt-BR","potentialAction":[{"@type":"ReadAction","target":["https:\/\/blogdobispo.com.br\/?p=17404"]}]},{"@type":"ImageObject","inLanguage":"pt-BR","@id":"https:\/\/blogdobispo.com.br\/?p=17404#primaryimage","url":"https:\/\/i0.wp.com\/blogdobispo.com.br\/wp-content\/uploads\/2025\/08\/thdtrhdrh.webp?fit=810%2C540&ssl=1","contentUrl":"https:\/\/i0.wp.com\/blogdobispo.com.br\/wp-content\/uploads\/2025\/08\/thdtrhdrh.webp?fit=810%2C540&ssl=1","width":810,"height":540},{"@type":"BreadcrumbList","@id":"https:\/\/blogdobispo.com.br\/?p=17404#breadcrumb","itemListElement":[{"@type":"ListItem","position":1,"name":"In\u00edcio","item":"https:\/\/blogdobispo.com.br\/"},{"@type":"ListItem","position":2,"name":"\u00c1lvaro Dias chama governo F\u00e1tima Bezerra de \u201cmed\u00edocre\u201d e diz que \u201cPT \u00e9 do mal\u201d"}]},{"@type":"WebSite","@id":"https:\/\/blogdobispo.com.br\/#website","url":"https:\/\/blogdobispo.com.br\/","name":"Blog do Bispo","description":"Comprometido apenas com o leitor","publisher":{"@id":"https:\/\/blogdobispo.com.br\/#organization"},"potentialAction":[{"@type":"SearchAction","target":{"@type":"EntryPoint","urlTemplate":"https:\/\/blogdobispo.com.br\/?s={search_term_string}"},"query-input":{"@type":"PropertyValueSpecification","valueRequired":true,"valueName":"search_term_string"}}],"inLanguage":"pt-BR"},{"@type":"Organization","@id":"https:\/\/blogdobispo.com.br\/#organization","name":"Blog do Bispo","url":"https:\/\/blogdobispo.com.br\/","logo":{"@type":"ImageObject","inLanguage":"pt-BR","@id":"https:\/\/blogdobispo.com.br\/#\/schema\/logo\/image\/","url":"http:\/\/blogdobispo.com.br\/wp-content\/uploads\/2023\/05\/cropped-headear.png","contentUrl":"http:\/\/blogdobispo.com.br\/wp-content\/uploads\/2023\/05\/cropped-headear.png","width":1500,"height":399,"caption":"Blog do Bispo"},"image":{"@id":"https:\/\/blogdobispo.com.br\/#\/schema\/logo\/image\/"}},{"@type":"Person","@id":"https:\/\/blogdobispo.com.br\/#\/schema\/person\/e2209cc0e6cea5c5233d033e997b373f","name":"Jefferson Sterfeno","image":{"@type":"ImageObject","inLanguage":"pt-BR","@id":"https:\/\/blogdobispo.com.br\/#\/schema\/person\/image\/","url":"https:\/\/secure.gravatar.com\/avatar\/0534e84764641168a677026b6d57a3f51dc7ac4db0b4f6186d9cb330d4ee1160?s=96&d=mm&r=g","contentUrl":"https:\/\/secure.gravatar.com\/avatar\/0534e84764641168a677026b6d57a3f51dc7ac4db0b4f6186d9cb330d4ee1160?s=96&d=mm&r=g","caption":"Jefferson Sterfeno"},"sameAs":["http:\/\/blogdobispo.com.br"],"url":"https:\/\/blogdobispo.com.br\/?author=1"}]}},"featured_image_urls":{"full":["https:\/\/i0.wp.com\/blogdobispo.com.br\/wp-content\/uploads\/2025\/08\/thdtrhdrh.webp?fit=810%2C540&ssl=1",810,540,false],"thumbnail":["https:\/\/i0.wp.com\/blogdobispo.com.br\/wp-content\/uploads\/2025\/08\/thdtrhdrh.webp?resize=150%2C150&ssl=1",150,150,true],"medium":["https:\/\/i0.wp.com\/blogdobispo.com.br\/wp-content\/uploads\/2025\/08\/thdtrhdrh.webp?fit=300%2C200&ssl=1",300,200,true],"medium_large":["https:\/\/i0.wp.com\/blogdobispo.com.br\/wp-content\/uploads\/2025\/08\/thdtrhdrh.webp?fit=768%2C512&ssl=1",768,512,true],"large":["https:\/\/i0.wp.com\/blogdobispo.com.br\/wp-content\/uploads\/2025\/08\/thdtrhdrh.webp?fit=800%2C533&ssl=1",800,533,true],"1536x1536":["https:\/\/i0.wp.com\/blogdobispo.com.br\/wp-content\/uploads\/2025\/08\/thdtrhdrh.webp?fit=810%2C540&ssl=1",810,540,true],"2048x2048":["https:\/\/i0.wp.com\/blogdobispo.com.br\/wp-content\/uploads\/2025\/08\/thdtrhdrh.webp?fit=810%2C540&ssl=1",810,540,true]},"author_info":{"display_name":"Jefferson Sterfeno","author_link":"https:\/\/blogdobispo.com.br\/?author=1"},"category_info":"<a href=\"https:\/\/blogdobispo.com.br\/?cat=1\" rel=\"category\">diversos<\/a>","tag_info":"diversos","comment_count":"0","jetpack_featured_media_url":"https:\/\/i0.wp.com\/blogdobispo.com.br\/wp-content\/uploads\/2025\/08\/thdtrhdrh.webp?fit=810%2C540&ssl=1","jetpack_sharing_enabled":true,"_links":{"self":[{"href":"https:\/\/blogdobispo.com.br\/index.php?rest_route=\/wp\/v2\/posts\/17404","targetHints":{"allow":["GET"]}}],"collection":[{"href":"https:\/\/blogdobispo.com.br\/index.php?rest_route=\/wp\/v2\/posts"}],"about":[{"href":"https:\/\/blogdobispo.com.br\/index.php?rest_route=\/wp\/v2\/types\/post"}],"author":[{"embeddable":true,"href":"https:\/\/blogdobispo.com.br\/index.php?rest_route=\/wp\/v2\/users\/1"}],"replies":[{"embeddable":true,"href":"https:\/\/blogdobispo.com.br\/index.php?rest_route=%2Fwp%2Fv2%2Fcomments&post=17404"}],"version-history":[{"count":2,"href":"https:\/\/blogdobispo.com.br\/index.php?rest_route=\/wp\/v2\/posts\/17404\/revisions"}],"predecessor-version":[{"id":17411,"href":"https:\/\/blogdobispo.com.br\/index.php?rest_route=\/wp\/v2\/posts\/17404\/revisions\/17411"}],"wp:featuredmedia":[{"embeddable":true,"href":"https:\/\/blogdobispo.com.br\/index.php?rest_route=\/wp\/v2\/media\/17405"}],"wp:attachment":[{"href":"https:\/\/blogdobispo.com.br\/index.php?rest_route=%2Fwp%2Fv2%2Fmedia&parent=17404"}],"wp:term":[{"taxonomy":"category","embeddable":true,"href":"https:\/\/blogdobispo.com.br\/index.php?rest_route=%2Fwp%2Fv2%2Fcategories&post=17404"},{"taxonomy":"post_tag","embeddable":true,"href":"https:\/\/blogdobispo.com.br\/index.php?rest_route=%2Fwp%2Fv2%2Ftags&post=17404"}],"curies":[{"name":"wp","href":"https:\/\/api.w.org\/{rel}","templated":true}]}}