{"id":17401,"date":"2025-08-28T12:38:05","date_gmt":"2025-08-28T12:38:05","guid":{"rendered":"https:\/\/blogdobispo.com.br\/?p=17401"},"modified":"2025-08-28T12:52:01","modified_gmt":"2025-08-28T12:52:01","slug":"vivaldo-costa-alerta-para-gravidade-da-seca-e-defende-uniao-de-esforcos","status":"publish","type":"post","link":"https:\/\/blogdobispo.com.br\/?p=17401","title":{"rendered":"Vivaldo Costa alerta para gravidade da seca e defende uni\u00e3o de esfor\u00e7os"},"content":{"rendered":"<p>O deputado Vivaldo Costa (PV) chamou a aten\u00e7\u00e3o, durante a sess\u00e3o plen\u00e1ria da Assembleia Legislativa do RN desta quarta-feira (27), para a gravidade da seca que atinge diversas regi\u00f5es do estado. Segundo o parlamentar, a situa\u00e7\u00e3o \u00e9 uma das mais severas j\u00e1 registradas e exige a\u00e7\u00f5es conjuntas do governo federal, estadual e das prefeituras municipais.<\/p>\n<p>\u201cN\u00e3o \u00e9 com medidas isoladas que vamos ajudar o agricultor. \u00c9 preciso unir todo mundo, porque a situa\u00e7\u00e3o \u00e9 cada dia mais grave e o agricultor e o pecuarista n\u00e3o t\u00eam como, sozinhos, escapar desse sofrimento\u201d, afirmou.<\/p>\n<p>Com base em dados divulgados pela imprensa, o deputado destacou que ao menos dez cidades do Serid\u00f3 e do Oeste j\u00e1 se encontram em risco de colapso h\u00eddrico, podendo afetar mais de 108 mil pessoas. Entre os munic\u00edpios citados est\u00e3o Ouro Branco, S\u00e3o Jos\u00e9 do Serid\u00f3, Jardim do Serid\u00f3, Carna\u00faba dos Dantas, Parelhas e Equador, al\u00e9m de Lu\u00eds Gomes, Riacho de Santana, \u00c1gua Nova e Tenente Ananias.<\/p>\n<p>Vivaldo Costa ressaltou ainda a import\u00e2ncia da bacia leiteira do Serid\u00f3, que considera a maior do estado e uma das principais alternativas econ\u00f4micas da regi\u00e3o ap\u00f3s o fim do ciclo do algod\u00e3o. Para ele, o setor precisa ser encarado com prioridade pelas pol\u00edticas p\u00fablicas. \u201cExiste um preconceito contra o pecuarista, como se fossem todos ricos. Mas \u00e9 a bacia leiteira que gera emprego, que mant\u00e9m o homem no campo. \u00c9 dela que depende a sobreviv\u00eancia de milhares de fam\u00edlias do Serid\u00f3\u201d, destacou.<\/p>\n<p>Ao final, o parlamentar refor\u00e7ou o apelo \u00e0 governadora F\u00e1tima Bezerra (PT), ao presidente Lula (PT) e aos prefeitos potiguares para que unam for\u00e7as em defesa dos agricultores familiares e pecuaristas. \u201cO Serid\u00f3 sobrevive pelo instinto de resist\u00eancia de seu povo. Mas, diante da seca que enfrentamos, \u00e9 preciso que o poder p\u00fablico aja com urg\u00eancia e de forma integrada para evitar um colapso ainda maior\u201d, concluiu.<\/p>\n","protected":false},"excerpt":{"rendered":"<p>O deputado Vivaldo Costa (PV) chamou a aten\u00e7\u00e3o, durante a sess\u00e3o plen\u00e1ria da Assembleia Legislativa do RN desta quarta-feira (27), para a gravidade da seca que atinge diversas regi\u00f5es do estado. Segundo o parlamentar, a situa\u00e7\u00e3o \u00e9 uma das mais severas j\u00e1 registradas e exige a\u00e7\u00f5es conjuntas do governo federal, estadual e das prefeituras municipais. [&hellip;]<\/p>\n","protected":false},"author":1,"featured_media":17402,"comment_status":"open","ping_status":"open","sticky":false,"template":"","format":"standard","meta":{"cybocfi_hide_featured_image":"","_jetpack_memberships_contains_paid_content":false,"footnotes":""},"categories":[1],"tags":[],"class_list":["post-17401","post","type-post","status-publish","format-standard","has-post-thumbnail","hentry","category-diversos"],"yoast_head":"<!-- This site is optimized with the Yoast SEO plugin v25.6 - https:\/\/yoast.com\/wordpress\/plugins\/seo\/ -->\n<title>Vivaldo Costa alerta para gravidade da seca e defende uni\u00e3o de esfor\u00e7os - Blog do Bispo<\/title>\n<meta name=\"robots\" content=\"index, follow, max-snippet:-1, max-image-preview:large, max-video-preview:-1\" \/>\n<link rel=\"canonical\" href=\"https:\/\/blogdobispo.com.br\/?p=17401\" \/>\n<meta property=\"og:locale\" content=\"pt_BR\" \/>\n<meta property=\"og:type\" content=\"article\" \/>\n<meta property=\"og:title\" content=\"Vivaldo Costa alerta para gravidade da seca e defende uni\u00e3o de esfor\u00e7os - Blog do Bispo\" \/>\n<meta property=\"og:description\" content=\"O deputado Vivaldo Costa (PV) chamou a aten\u00e7\u00e3o, durante a sess\u00e3o plen\u00e1ria da Assembleia Legislativa do RN desta quarta-feira (27), para a gravidade da seca que atinge diversas regi\u00f5es do estado. Segundo o parlamentar, a situa\u00e7\u00e3o \u00e9 uma das mais severas j\u00e1 registradas e exige a\u00e7\u00f5es conjuntas do governo federal, estadual e das prefeituras municipais. [&hellip;]\" \/>\n<meta property=\"og:url\" content=\"https:\/\/blogdobispo.com.br\/?p=17401\" \/>\n<meta property=\"og:site_name\" content=\"Blog do Bispo\" \/>\n<meta property=\"article:published_time\" content=\"2025-08-28T12:38:05+00:00\" \/>\n<meta property=\"article:modified_time\" content=\"2025-08-28T12:52:01+00:00\" \/>\n<meta property=\"og:image\" content=\"https:\/\/i0.wp.com\/blogdobispo.com.br\/wp-content\/uploads\/2025\/08\/3edd3e0d146c7277e6d02bf9cf4d31ee.webp?fit=750%2C355&ssl=1\" \/>\n\t<meta property=\"og:image:width\" content=\"750\" \/>\n\t<meta property=\"og:image:height\" content=\"355\" \/>\n\t<meta property=\"og:image:type\" content=\"image\/webp\" \/>\n<meta name=\"author\" content=\"Jefferson Sterfeno\" \/>\n<meta name=\"twitter:card\" content=\"summary_large_image\" \/>\n<meta name=\"twitter:label1\" content=\"Escrito por\" \/>\n\t<meta name=\"twitter:data1\" content=\"Jefferson Sterfeno\" \/>\n\t<meta name=\"twitter:label2\" content=\"Est. tempo de leitura\" \/>\n\t<meta name=\"twitter:data2\" content=\"3 minutos\" \/>\n<script type=\"application\/ld+json\" class=\"yoast-schema-graph\">{\"@context\":\"https:\/\/schema.org\",\"@graph\":[{\"@type\":\"Article\",\"@id\":\"https:\/\/blogdobispo.com.br\/?p=17401#article\",\"isPartOf\":{\"@id\":\"https:\/\/blogdobispo.com.br\/?p=17401\"},\"author\":{\"name\":\"Jefferson Sterfeno\",\"@id\":\"https:\/\/blogdobispo.com.br\/#\/schema\/person\/e2209cc0e6cea5c5233d033e997b373f\"},\"headline\":\"Vivaldo Costa alerta para gravidade da seca e defende uni\u00e3o de esfor\u00e7os\",\"datePublished\":\"2025-08-28T12:38:05+00:00\",\"dateModified\":\"2025-08-28T12:52:01+00:00\",\"mainEntityOfPage\":{\"@id\":\"https:\/\/blogdobispo.com.br\/?p=17401\"},\"wordCount\":345,\"commentCount\":0,\"publisher\":{\"@id\":\"https:\/\/blogdobispo.com.br\/#organization\"},\"image\":{\"@id\":\"https:\/\/blogdobispo.com.br\/?p=17401#primaryimage\"},\"thumbnailUrl\":\"https:\/\/i0.wp.com\/blogdobispo.com.br\/wp-content\/uploads\/2025\/08\/3edd3e0d146c7277e6d02bf9cf4d31ee.webp?fit=750%2C355&ssl=1\",\"articleSection\":[\"diversos\"],\"inLanguage\":\"pt-BR\",\"potentialAction\":[{\"@type\":\"CommentAction\",\"name\":\"Comment\",\"target\":[\"https:\/\/blogdobispo.com.br\/?p=17401#respond\"]}]},{\"@type\":\"WebPage\",\"@id\":\"https:\/\/blogdobispo.com.br\/?p=17401\",\"url\":\"https:\/\/blogdobispo.com.br\/?p=17401\",\"name\":\"Vivaldo Costa alerta para gravidade da seca e defende uni\u00e3o de esfor\u00e7os - Blog do Bispo\",\"isPartOf\":{\"@id\":\"https:\/\/blogdobispo.com.br\/#website\"},\"primaryImageOfPage\":{\"@id\":\"https:\/\/blogdobispo.com.br\/?p=17401#primaryimage\"},\"image\":{\"@id\":\"https:\/\/blogdobispo.com.br\/?p=17401#primaryimage\"},\"thumbnailUrl\":\"https:\/\/i0.wp.com\/blogdobispo.com.br\/wp-content\/uploads\/2025\/08\/3edd3e0d146c7277e6d02bf9cf4d31ee.webp?fit=750%2C355&ssl=1\",\"datePublished\":\"2025-08-28T12:38:05+00:00\",\"dateModified\":\"2025-08-28T12:52:01+00:00\",\"breadcrumb\":{\"@id\":\"https:\/\/blogdobispo.com.br\/?p=17401#breadcrumb\"},\"inLanguage\":\"pt-BR\",\"potentialAction\":[{\"@type\":\"ReadAction\",\"target\":[\"https:\/\/blogdobispo.com.br\/?p=17401\"]}]},{\"@type\":\"ImageObject\",\"inLanguage\":\"pt-BR\",\"@id\":\"https:\/\/blogdobispo.com.br\/?p=17401#primaryimage\",\"url\":\"https:\/\/i0.wp.com\/blogdobispo.com.br\/wp-content\/uploads\/2025\/08\/3edd3e0d146c7277e6d02bf9cf4d31ee.webp?fit=750%2C355&ssl=1\",\"contentUrl\":\"https:\/\/i0.wp.com\/blogdobispo.com.br\/wp-content\/uploads\/2025\/08\/3edd3e0d146c7277e6d02bf9cf4d31ee.webp?fit=750%2C355&ssl=1\",\"width\":750,\"height\":355},{\"@type\":\"BreadcrumbList\",\"@id\":\"https:\/\/blogdobispo.com.br\/?p=17401#breadcrumb\",\"itemListElement\":[{\"@type\":\"ListItem\",\"position\":1,\"name\":\"In\u00edcio\",\"item\":\"https:\/\/blogdobispo.com.br\/\"},{\"@type\":\"ListItem\",\"position\":2,\"name\":\"Vivaldo Costa alerta para gravidade da seca e defende uni\u00e3o de esfor\u00e7os\"}]},{\"@type\":\"WebSite\",\"@id\":\"https:\/\/blogdobispo.com.br\/#website\",\"url\":\"https:\/\/blogdobispo.com.br\/\",\"name\":\"Blog do Bispo\",\"description\":\"Comprometido apenas com o leitor\",\"publisher\":{\"@id\":\"https:\/\/blogdobispo.com.br\/#organization\"},\"potentialAction\":[{\"@type\":\"SearchAction\",\"target\":{\"@type\":\"EntryPoint\",\"urlTemplate\":\"https:\/\/blogdobispo.com.br\/?s={search_term_string}\"},\"query-input\":{\"@type\":\"PropertyValueSpecification\",\"valueRequired\":true,\"valueName\":\"search_term_string\"}}],\"inLanguage\":\"pt-BR\"},{\"@type\":\"Organization\",\"@id\":\"https:\/\/blogdobispo.com.br\/#organization\",\"name\":\"Blog do Bispo\",\"url\":\"https:\/\/blogdobispo.com.br\/\",\"logo\":{\"@type\":\"ImageObject\",\"inLanguage\":\"pt-BR\",\"@id\":\"https:\/\/blogdobispo.com.br\/#\/schema\/logo\/image\/\",\"url\":\"http:\/\/blogdobispo.com.br\/wp-content\/uploads\/2023\/05\/cropped-headear.png\",\"contentUrl\":\"http:\/\/blogdobispo.com.br\/wp-content\/uploads\/2023\/05\/cropped-headear.png\",\"width\":1500,\"height\":399,\"caption\":\"Blog do Bispo\"},\"image\":{\"@id\":\"https:\/\/blogdobispo.com.br\/#\/schema\/logo\/image\/\"}},{\"@type\":\"Person\",\"@id\":\"https:\/\/blogdobispo.com.br\/#\/schema\/person\/e2209cc0e6cea5c5233d033e997b373f\",\"name\":\"Jefferson Sterfeno\",\"image\":{\"@type\":\"ImageObject\",\"inLanguage\":\"pt-BR\",\"@id\":\"https:\/\/blogdobispo.com.br\/#\/schema\/person\/image\/\",\"url\":\"https:\/\/secure.gravatar.com\/avatar\/0534e84764641168a677026b6d57a3f51dc7ac4db0b4f6186d9cb330d4ee1160?s=96&d=mm&r=g\",\"contentUrl\":\"https:\/\/secure.gravatar.com\/avatar\/0534e84764641168a677026b6d57a3f51dc7ac4db0b4f6186d9cb330d4ee1160?s=96&d=mm&r=g\",\"caption\":\"Jefferson Sterfeno\"},\"sameAs\":[\"http:\/\/blogdobispo.com.br\"],\"url\":\"https:\/\/blogdobispo.com.br\/?author=1\"}]}<\/script>\n<!-- \/ Yoast SEO plugin. -->","yoast_head_json":{"title":"Vivaldo Costa alerta para gravidade da seca e defende uni\u00e3o de esfor\u00e7os - Blog do Bispo","robots":{"index":"index","follow":"follow","max-snippet":"max-snippet:-1","max-image-preview":"max-image-preview:large","max-video-preview":"max-video-preview:-1"},"canonical":"https:\/\/blogdobispo.com.br\/?p=17401","og_locale":"pt_BR","og_type":"article","og_title":"Vivaldo Costa alerta para gravidade da seca e defende uni\u00e3o de esfor\u00e7os - Blog do Bispo","og_description":"O deputado Vivaldo Costa (PV) chamou a aten\u00e7\u00e3o, durante a sess\u00e3o plen\u00e1ria da Assembleia Legislativa do RN desta quarta-feira (27), para a gravidade da seca que atinge diversas regi\u00f5es do estado. Segundo o parlamentar, a situa\u00e7\u00e3o \u00e9 uma das mais severas j\u00e1 registradas e exige a\u00e7\u00f5es conjuntas do governo federal, estadual e das prefeituras municipais. [&hellip;]","og_url":"https:\/\/blogdobispo.com.br\/?p=17401","og_site_name":"Blog do Bispo","article_published_time":"2025-08-28T12:38:05+00:00","article_modified_time":"2025-08-28T12:52:01+00:00","og_image":[{"width":750,"height":355,"url":"https:\/\/i0.wp.com\/blogdobispo.com.br\/wp-content\/uploads\/2025\/08\/3edd3e0d146c7277e6d02bf9cf4d31ee.webp?fit=750%2C355&ssl=1","type":"image\/webp"}],"author":"Jefferson Sterfeno","twitter_card":"summary_large_image","twitter_misc":{"Escrito por":"Jefferson Sterfeno","Est. tempo de leitura":"3 minutos"},"schema":{"@context":"https:\/\/schema.org","@graph":[{"@type":"Article","@id":"https:\/\/blogdobispo.com.br\/?p=17401#article","isPartOf":{"@id":"https:\/\/blogdobispo.com.br\/?p=17401"},"author":{"name":"Jefferson Sterfeno","@id":"https:\/\/blogdobispo.com.br\/#\/schema\/person\/e2209cc0e6cea5c5233d033e997b373f"},"headline":"Vivaldo Costa alerta para gravidade da seca e defende uni\u00e3o de esfor\u00e7os","datePublished":"2025-08-28T12:38:05+00:00","dateModified":"2025-08-28T12:52:01+00:00","mainEntityOfPage":{"@id":"https:\/\/blogdobispo.com.br\/?p=17401"},"wordCount":345,"commentCount":0,"publisher":{"@id":"https:\/\/blogdobispo.com.br\/#organization"},"image":{"@id":"https:\/\/blogdobispo.com.br\/?p=17401#primaryimage"},"thumbnailUrl":"https:\/\/i0.wp.com\/blogdobispo.com.br\/wp-content\/uploads\/2025\/08\/3edd3e0d146c7277e6d02bf9cf4d31ee.webp?fit=750%2C355&ssl=1","articleSection":["diversos"],"inLanguage":"pt-BR","potentialAction":[{"@type":"CommentAction","name":"Comment","target":["https:\/\/blogdobispo.com.br\/?p=17401#respond"]}]},{"@type":"WebPage","@id":"https:\/\/blogdobispo.com.br\/?p=17401","url":"https:\/\/blogdobispo.com.br\/?p=17401","name":"Vivaldo Costa alerta para gravidade da seca e defende uni\u00e3o de esfor\u00e7os - Blog do Bispo","isPartOf":{"@id":"https:\/\/blogdobispo.com.br\/#website"},"primaryImageOfPage":{"@id":"https:\/\/blogdobispo.com.br\/?p=17401#primaryimage"},"image":{"@id":"https:\/\/blogdobispo.com.br\/?p=17401#primaryimage"},"thumbnailUrl":"https:\/\/i0.wp.com\/blogdobispo.com.br\/wp-content\/uploads\/2025\/08\/3edd3e0d146c7277e6d02bf9cf4d31ee.webp?fit=750%2C355&ssl=1","datePublished":"2025-08-28T12:38:05+00:00","dateModified":"2025-08-28T12:52:01+00:00","breadcrumb":{"@id":"https:\/\/blogdobispo.com.br\/?p=17401#breadcrumb"},"inLanguage":"pt-BR","potentialAction":[{"@type":"ReadAction","target":["https:\/\/blogdobispo.com.br\/?p=17401"]}]},{"@type":"ImageObject","inLanguage":"pt-BR","@id":"https:\/\/blogdobispo.com.br\/?p=17401#primaryimage","url":"https:\/\/i0.wp.com\/blogdobispo.com.br\/wp-content\/uploads\/2025\/08\/3edd3e0d146c7277e6d02bf9cf4d31ee.webp?fit=750%2C355&ssl=1","contentUrl":"https:\/\/i0.wp.com\/blogdobispo.com.br\/wp-content\/uploads\/2025\/08\/3edd3e0d146c7277e6d02bf9cf4d31ee.webp?fit=750%2C355&ssl=1","width":750,"height":355},{"@type":"BreadcrumbList","@id":"https:\/\/blogdobispo.com.br\/?p=17401#breadcrumb","itemListElement":[{"@type":"ListItem","position":1,"name":"In\u00edcio","item":"https:\/\/blogdobispo.com.br\/"},{"@type":"ListItem","position":2,"name":"Vivaldo Costa alerta para gravidade da seca e defende uni\u00e3o de esfor\u00e7os"}]},{"@type":"WebSite","@id":"https:\/\/blogdobispo.com.br\/#website","url":"https:\/\/blogdobispo.com.br\/","name":"Blog do Bispo","description":"Comprometido apenas com o leitor","publisher":{"@id":"https:\/\/blogdobispo.com.br\/#organization"},"potentialAction":[{"@type":"SearchAction","target":{"@type":"EntryPoint","urlTemplate":"https:\/\/blogdobispo.com.br\/?s={search_term_string}"},"query-input":{"@type":"PropertyValueSpecification","valueRequired":true,"valueName":"search_term_string"}}],"inLanguage":"pt-BR"},{"@type":"Organization","@id":"https:\/\/blogdobispo.com.br\/#organization","name":"Blog do Bispo","url":"https:\/\/blogdobispo.com.br\/","logo":{"@type":"ImageObject","inLanguage":"pt-BR","@id":"https:\/\/blogdobispo.com.br\/#\/schema\/logo\/image\/","url":"http:\/\/blogdobispo.com.br\/wp-content\/uploads\/2023\/05\/cropped-headear.png","contentUrl":"http:\/\/blogdobispo.com.br\/wp-content\/uploads\/2023\/05\/cropped-headear.png","width":1500,"height":399,"caption":"Blog do Bispo"},"image":{"@id":"https:\/\/blogdobispo.com.br\/#\/schema\/logo\/image\/"}},{"@type":"Person","@id":"https:\/\/blogdobispo.com.br\/#\/schema\/person\/e2209cc0e6cea5c5233d033e997b373f","name":"Jefferson Sterfeno","image":{"@type":"ImageObject","inLanguage":"pt-BR","@id":"https:\/\/blogdobispo.com.br\/#\/schema\/person\/image\/","url":"https:\/\/secure.gravatar.com\/avatar\/0534e84764641168a677026b6d57a3f51dc7ac4db0b4f6186d9cb330d4ee1160?s=96&d=mm&r=g","contentUrl":"https:\/\/secure.gravatar.com\/avatar\/0534e84764641168a677026b6d57a3f51dc7ac4db0b4f6186d9cb330d4ee1160?s=96&d=mm&r=g","caption":"Jefferson Sterfeno"},"sameAs":["http:\/\/blogdobispo.com.br"],"url":"https:\/\/blogdobispo.com.br\/?author=1"}]}},"featured_image_urls":{"full":["https:\/\/i0.wp.com\/blogdobispo.com.br\/wp-content\/uploads\/2025\/08\/3edd3e0d146c7277e6d02bf9cf4d31ee.webp?fit=750%2C355&ssl=1",750,355,false],"thumbnail":["https:\/\/i0.wp.com\/blogdobispo.com.br\/wp-content\/uploads\/2025\/08\/3edd3e0d146c7277e6d02bf9cf4d31ee.webp?resize=150%2C150&ssl=1",150,150,true],"medium":["https:\/\/i0.wp.com\/blogdobispo.com.br\/wp-content\/uploads\/2025\/08\/3edd3e0d146c7277e6d02bf9cf4d31ee.webp?fit=300%2C142&ssl=1",300,142,true],"medium_large":["https:\/\/i0.wp.com\/blogdobispo.com.br\/wp-content\/uploads\/2025\/08\/3edd3e0d146c7277e6d02bf9cf4d31ee.webp?fit=750%2C355&ssl=1",750,355,true],"large":["https:\/\/i0.wp.com\/blogdobispo.com.br\/wp-content\/uploads\/2025\/08\/3edd3e0d146c7277e6d02bf9cf4d31ee.webp?fit=750%2C355&ssl=1",750,355,true],"1536x1536":["https:\/\/i0.wp.com\/blogdobispo.com.br\/wp-content\/uploads\/2025\/08\/3edd3e0d146c7277e6d02bf9cf4d31ee.webp?fit=750%2C355&ssl=1",750,355,true],"2048x2048":["https:\/\/i0.wp.com\/blogdobispo.com.br\/wp-content\/uploads\/2025\/08\/3edd3e0d146c7277e6d02bf9cf4d31ee.webp?fit=750%2C355&ssl=1",750,355,true]},"author_info":{"display_name":"Jefferson Sterfeno","author_link":"https:\/\/blogdobispo.com.br\/?author=1"},"category_info":"<a href=\"https:\/\/blogdobispo.com.br\/?cat=1\" rel=\"category\">diversos<\/a>","tag_info":"diversos","comment_count":"0","jetpack_featured_media_url":"https:\/\/i0.wp.com\/blogdobispo.com.br\/wp-content\/uploads\/2025\/08\/3edd3e0d146c7277e6d02bf9cf4d31ee.webp?fit=750%2C355&ssl=1","jetpack_sharing_enabled":true,"_links":{"self":[{"href":"https:\/\/blogdobispo.com.br\/index.php?rest_route=\/wp\/v2\/posts\/17401","targetHints":{"allow":["GET"]}}],"collection":[{"href":"https:\/\/blogdobispo.com.br\/index.php?rest_route=\/wp\/v2\/posts"}],"about":[{"href":"https:\/\/blogdobispo.com.br\/index.php?rest_route=\/wp\/v2\/types\/post"}],"author":[{"embeddable":true,"href":"https:\/\/blogdobispo.com.br\/index.php?rest_route=\/wp\/v2\/users\/1"}],"replies":[{"embeddable":true,"href":"https:\/\/blogdobispo.com.br\/index.php?rest_route=%2Fwp%2Fv2%2Fcomments&post=17401"}],"version-history":[{"count":2,"href":"https:\/\/blogdobispo.com.br\/index.php?rest_route=\/wp\/v2\/posts\/17401\/revisions"}],"predecessor-version":[{"id":17412,"href":"https:\/\/blogdobispo.com.br\/index.php?rest_route=\/wp\/v2\/posts\/17401\/revisions\/17412"}],"wp:featuredmedia":[{"embeddable":true,"href":"https:\/\/blogdobispo.com.br\/index.php?rest_route=\/wp\/v2\/media\/17402"}],"wp:attachment":[{"href":"https:\/\/blogdobispo.com.br\/index.php?rest_route=%2Fwp%2Fv2%2Fmedia&parent=17401"}],"wp:term":[{"taxonomy":"category","embeddable":true,"href":"https:\/\/blogdobispo.com.br\/index.php?rest_route=%2Fwp%2Fv2%2Fcategories&post=17401"},{"taxonomy":"post_tag","embeddable":true,"href":"https:\/\/blogdobispo.com.br\/index.php?rest_route=%2Fwp%2Fv2%2Ftags&post=17401"}],"curies":[{"name":"wp","href":"https:\/\/api.w.org\/{rel}","templated":true}]}}