{"id":17399,"date":"2025-08-27T17:33:46","date_gmt":"2025-08-27T17:33:46","guid":{"rendered":"https:\/\/blogdobispo.com.br\/?p=17399"},"modified":"2025-08-27T17:33:46","modified_gmt":"2025-08-27T17:33:46","slug":"pesquisa-insppe-governo-estimulada-grande-natal-rogerio-marinho-tem-211-allyson-bezerra-171-e-alvaro-dias-13","status":"publish","type":"post","link":"https:\/\/blogdobispo.com.br\/?p=17399","title":{"rendered":"PESQUISA INSPPE\/ GOVERNO\/ ESTIMULADA\/ GRANDE NATAL: Rog\u00e9rio Marinho tem 21,1%, Allyson Bezerra 17,1% e \u00c1lvaro Dias 13%"},"content":{"rendered":"\n<figure class=\"wp-block-image size-large\"><img data-recalc-dims=\"1\" fetchpriority=\"high\" decoding=\"async\" width=\"800\" height=\"389\" src=\"https:\/\/i0.wp.com\/blogdobispo.com.br\/wp-content\/uploads\/2025\/08\/img_6250.jpg?resize=800%2C389&#038;ssl=1\" class=\"wp-image-17398\" srcset=\"https:\/\/i0.wp.com\/blogdobispo.com.br\/wp-content\/uploads\/2025\/08\/img_6250.jpg?w=825&amp;ssl=1 825w, https:\/\/i0.wp.com\/blogdobispo.com.br\/wp-content\/uploads\/2025\/08\/img_6250.jpg?resize=300%2C146&amp;ssl=1 300w, https:\/\/i0.wp.com\/blogdobispo.com.br\/wp-content\/uploads\/2025\/08\/img_6250.jpg?resize=768%2C373&amp;ssl=1 768w\" sizes=\"(max-width: 800px) 100vw, 800px\" \/><\/figure>\n\n\n\n<p>O Instituto Potiguar de Pesquisas Estat\u00edsticas (Insppe) divulgou os resultados de sua mais recente pesquisa de opini\u00e3o p\u00fablica sobre a elei\u00e7\u00e3o estadual de 2026 realizada na Regi\u00e3o Metropolitana de Natal.<\/p>\n\n\n\n<p>Na disputa para o Governo do RN, na pesquisa estimulada Rog\u00e9rio Marinho tem 21,1%, Allyson Bezerra 17,1% e \u00c1lvaro Dias 13%. Na sequ\u00eancia, Cadu Xavier aparece com 7,1% e Ezequiel Ferreira com 2,2%.<\/p>\n\n\n\n<p>10% votariam em branco\/nulo e 5,8% n\u00e3o souberam responder. 23,7% n\u00e3o votariam em nenhum.<\/p>\n\n\n\n<p>Foram realizadas 1.035 entrevistas presenciais, nos dias 22 e 24 de agosto de 2026, com n\u00edvel de confian\u00e7a de 95% e margem de erro de 3,0 pontos percentuais para a Regi\u00e3o Metropolitana de Natal.<\/p>\n","protected":false},"excerpt":{"rendered":"<p>O Instituto Potiguar de Pesquisas Estat\u00edsticas (Insppe) divulgou os resultados de sua mais recente pesquisa de opini\u00e3o p\u00fablica sobre a elei\u00e7\u00e3o estadual de 2026 realizada na Regi\u00e3o Metropolitana de Natal. Na disputa para o Governo do RN, na pesquisa estimulada Rog\u00e9rio Marinho tem 21,1%, Allyson Bezerra 17,1% e \u00c1lvaro Dias 13%. Na sequ\u00eancia, Cadu Xavier [&hellip;]<\/p>\n","protected":false},"author":1,"featured_media":0,"comment_status":"open","ping_status":"open","sticky":false,"template":"","format":"standard","meta":{"cybocfi_hide_featured_image":"","_jetpack_memberships_contains_paid_content":false,"footnotes":""},"categories":[1],"tags":[],"class_list":["post-17399","post","type-post","status-publish","format-standard","hentry","category-diversos"],"yoast_head":"<!-- This site is optimized with the Yoast SEO plugin v25.6 - https:\/\/yoast.com\/wordpress\/plugins\/seo\/ -->\n<title>PESQUISA INSPPE\/ GOVERNO\/ ESTIMULADA\/ GRANDE NATAL: Rog\u00e9rio Marinho tem 21,1%, Allyson Bezerra 17,1% e \u00c1lvaro Dias 13% - Blog do Bispo<\/title>\n<meta name=\"robots\" content=\"index, follow, max-snippet:-1, max-image-preview:large, max-video-preview:-1\" \/>\n<link rel=\"canonical\" href=\"https:\/\/blogdobispo.com.br\/?p=17399\" \/>\n<meta property=\"og:locale\" content=\"pt_BR\" \/>\n<meta property=\"og:type\" content=\"article\" \/>\n<meta property=\"og:title\" content=\"PESQUISA INSPPE\/ GOVERNO\/ ESTIMULADA\/ GRANDE NATAL: Rog\u00e9rio Marinho tem 21,1%, Allyson Bezerra 17,1% e \u00c1lvaro Dias 13% - Blog do Bispo\" \/>\n<meta property=\"og:description\" content=\"O Instituto Potiguar de Pesquisas Estat\u00edsticas (Insppe) divulgou os resultados de sua mais recente pesquisa de opini\u00e3o p\u00fablica sobre a elei\u00e7\u00e3o estadual de 2026 realizada na Regi\u00e3o Metropolitana de Natal. Na disputa para o Governo do RN, na pesquisa estimulada Rog\u00e9rio Marinho tem 21,1%, Allyson Bezerra 17,1% e \u00c1lvaro Dias 13%. Na sequ\u00eancia, Cadu Xavier [&hellip;]\" \/>\n<meta property=\"og:url\" content=\"https:\/\/blogdobispo.com.br\/?p=17399\" \/>\n<meta property=\"og:site_name\" content=\"Blog do Bispo\" \/>\n<meta property=\"article:published_time\" content=\"2025-08-27T17:33:46+00:00\" \/>\n<meta property=\"og:image\" content=\"https:\/\/blogdobispo.com.br\/wp-content\/uploads\/2025\/08\/img_6250.jpg\" \/>\n<meta name=\"author\" content=\"Jefferson Sterfeno\" \/>\n<meta name=\"twitter:card\" content=\"summary_large_image\" \/>\n<meta name=\"twitter:label1\" content=\"Escrito por\" \/>\n\t<meta name=\"twitter:data1\" content=\"Jefferson Sterfeno\" \/>\n\t<meta name=\"twitter:label2\" content=\"Est. tempo de leitura\" \/>\n\t<meta name=\"twitter:data2\" content=\"1 minuto\" \/>\n<script type=\"application\/ld+json\" class=\"yoast-schema-graph\">{\"@context\":\"https:\/\/schema.org\",\"@graph\":[{\"@type\":\"Article\",\"@id\":\"https:\/\/blogdobispo.com.br\/?p=17399#article\",\"isPartOf\":{\"@id\":\"https:\/\/blogdobispo.com.br\/?p=17399\"},\"author\":{\"name\":\"Jefferson Sterfeno\",\"@id\":\"https:\/\/blogdobispo.com.br\/#\/schema\/person\/e2209cc0e6cea5c5233d033e997b373f\"},\"headline\":\"PESQUISA INSPPE\/ GOVERNO\/ ESTIMULADA\/ GRANDE NATAL: Rog\u00e9rio Marinho tem 21,1%, Allyson Bezerra 17,1% e \u00c1lvaro Dias 13%\",\"datePublished\":\"2025-08-27T17:33:46+00:00\",\"mainEntityOfPage\":{\"@id\":\"https:\/\/blogdobispo.com.br\/?p=17399\"},\"wordCount\":124,\"commentCount\":0,\"publisher\":{\"@id\":\"https:\/\/blogdobispo.com.br\/#organization\"},\"image\":{\"@id\":\"https:\/\/blogdobispo.com.br\/?p=17399#primaryimage\"},\"thumbnailUrl\":\"https:\/\/blogdobispo.com.br\/wp-content\/uploads\/2025\/08\/img_6250.jpg\",\"articleSection\":[\"diversos\"],\"inLanguage\":\"pt-BR\",\"potentialAction\":[{\"@type\":\"CommentAction\",\"name\":\"Comment\",\"target\":[\"https:\/\/blogdobispo.com.br\/?p=17399#respond\"]}]},{\"@type\":\"WebPage\",\"@id\":\"https:\/\/blogdobispo.com.br\/?p=17399\",\"url\":\"https:\/\/blogdobispo.com.br\/?p=17399\",\"name\":\"PESQUISA INSPPE\/ GOVERNO\/ ESTIMULADA\/ GRANDE NATAL: Rog\u00e9rio Marinho tem 21,1%, Allyson Bezerra 17,1% e \u00c1lvaro Dias 13% - Blog do Bispo\",\"isPartOf\":{\"@id\":\"https:\/\/blogdobispo.com.br\/#website\"},\"primaryImageOfPage\":{\"@id\":\"https:\/\/blogdobispo.com.br\/?p=17399#primaryimage\"},\"image\":{\"@id\":\"https:\/\/blogdobispo.com.br\/?p=17399#primaryimage\"},\"thumbnailUrl\":\"https:\/\/blogdobispo.com.br\/wp-content\/uploads\/2025\/08\/img_6250.jpg\",\"datePublished\":\"2025-08-27T17:33:46+00:00\",\"breadcrumb\":{\"@id\":\"https:\/\/blogdobispo.com.br\/?p=17399#breadcrumb\"},\"inLanguage\":\"pt-BR\",\"potentialAction\":[{\"@type\":\"ReadAction\",\"target\":[\"https:\/\/blogdobispo.com.br\/?p=17399\"]}]},{\"@type\":\"ImageObject\",\"inLanguage\":\"pt-BR\",\"@id\":\"https:\/\/blogdobispo.com.br\/?p=17399#primaryimage\",\"url\":\"https:\/\/blogdobispo.com.br\/wp-content\/uploads\/2025\/08\/img_6250.jpg\",\"contentUrl\":\"https:\/\/blogdobispo.com.br\/wp-content\/uploads\/2025\/08\/img_6250.jpg\"},{\"@type\":\"BreadcrumbList\",\"@id\":\"https:\/\/blogdobispo.com.br\/?p=17399#breadcrumb\",\"itemListElement\":[{\"@type\":\"ListItem\",\"position\":1,\"name\":\"In\u00edcio\",\"item\":\"https:\/\/blogdobispo.com.br\/\"},{\"@type\":\"ListItem\",\"position\":2,\"name\":\"PESQUISA INSPPE\/ GOVERNO\/ ESTIMULADA\/ GRANDE NATAL: Rog\u00e9rio Marinho tem 21,1%, Allyson Bezerra 17,1% e \u00c1lvaro Dias 13%\"}]},{\"@type\":\"WebSite\",\"@id\":\"https:\/\/blogdobispo.com.br\/#website\",\"url\":\"https:\/\/blogdobispo.com.br\/\",\"name\":\"Blog do Bispo\",\"description\":\"Comprometido apenas com o leitor\",\"publisher\":{\"@id\":\"https:\/\/blogdobispo.com.br\/#organization\"},\"potentialAction\":[{\"@type\":\"SearchAction\",\"target\":{\"@type\":\"EntryPoint\",\"urlTemplate\":\"https:\/\/blogdobispo.com.br\/?s={search_term_string}\"},\"query-input\":{\"@type\":\"PropertyValueSpecification\",\"valueRequired\":true,\"valueName\":\"search_term_string\"}}],\"inLanguage\":\"pt-BR\"},{\"@type\":\"Organization\",\"@id\":\"https:\/\/blogdobispo.com.br\/#organization\",\"name\":\"Blog do Bispo\",\"url\":\"https:\/\/blogdobispo.com.br\/\",\"logo\":{\"@type\":\"ImageObject\",\"inLanguage\":\"pt-BR\",\"@id\":\"https:\/\/blogdobispo.com.br\/#\/schema\/logo\/image\/\",\"url\":\"http:\/\/blogdobispo.com.br\/wp-content\/uploads\/2023\/05\/cropped-headear.png\",\"contentUrl\":\"http:\/\/blogdobispo.com.br\/wp-content\/uploads\/2023\/05\/cropped-headear.png\",\"width\":1500,\"height\":399,\"caption\":\"Blog do Bispo\"},\"image\":{\"@id\":\"https:\/\/blogdobispo.com.br\/#\/schema\/logo\/image\/\"}},{\"@type\":\"Person\",\"@id\":\"https:\/\/blogdobispo.com.br\/#\/schema\/person\/e2209cc0e6cea5c5233d033e997b373f\",\"name\":\"Jefferson Sterfeno\",\"image\":{\"@type\":\"ImageObject\",\"inLanguage\":\"pt-BR\",\"@id\":\"https:\/\/blogdobispo.com.br\/#\/schema\/person\/image\/\",\"url\":\"https:\/\/secure.gravatar.com\/avatar\/0534e84764641168a677026b6d57a3f51dc7ac4db0b4f6186d9cb330d4ee1160?s=96&d=mm&r=g\",\"contentUrl\":\"https:\/\/secure.gravatar.com\/avatar\/0534e84764641168a677026b6d57a3f51dc7ac4db0b4f6186d9cb330d4ee1160?s=96&d=mm&r=g\",\"caption\":\"Jefferson Sterfeno\"},\"sameAs\":[\"http:\/\/blogdobispo.com.br\"],\"url\":\"https:\/\/blogdobispo.com.br\/?author=1\"}]}<\/script>\n<!-- \/ Yoast SEO plugin. -->","yoast_head_json":{"title":"PESQUISA INSPPE\/ GOVERNO\/ ESTIMULADA\/ GRANDE NATAL: Rog\u00e9rio Marinho tem 21,1%, Allyson Bezerra 17,1% e \u00c1lvaro Dias 13% - Blog do Bispo","robots":{"index":"index","follow":"follow","max-snippet":"max-snippet:-1","max-image-preview":"max-image-preview:large","max-video-preview":"max-video-preview:-1"},"canonical":"https:\/\/blogdobispo.com.br\/?p=17399","og_locale":"pt_BR","og_type":"article","og_title":"PESQUISA INSPPE\/ GOVERNO\/ ESTIMULADA\/ GRANDE NATAL: Rog\u00e9rio Marinho tem 21,1%, Allyson Bezerra 17,1% e \u00c1lvaro Dias 13% - Blog do Bispo","og_description":"O Instituto Potiguar de Pesquisas Estat\u00edsticas (Insppe) divulgou os resultados de sua mais recente pesquisa de opini\u00e3o p\u00fablica sobre a elei\u00e7\u00e3o estadual de 2026 realizada na Regi\u00e3o Metropolitana de Natal. Na disputa para o Governo do RN, na pesquisa estimulada Rog\u00e9rio Marinho tem 21,1%, Allyson Bezerra 17,1% e \u00c1lvaro Dias 13%. Na sequ\u00eancia, Cadu Xavier [&hellip;]","og_url":"https:\/\/blogdobispo.com.br\/?p=17399","og_site_name":"Blog do Bispo","article_published_time":"2025-08-27T17:33:46+00:00","og_image":[{"url":"https:\/\/blogdobispo.com.br\/wp-content\/uploads\/2025\/08\/img_6250.jpg","type":"","width":"","height":""}],"author":"Jefferson Sterfeno","twitter_card":"summary_large_image","twitter_misc":{"Escrito por":"Jefferson Sterfeno","Est. tempo de leitura":"1 minuto"},"schema":{"@context":"https:\/\/schema.org","@graph":[{"@type":"Article","@id":"https:\/\/blogdobispo.com.br\/?p=17399#article","isPartOf":{"@id":"https:\/\/blogdobispo.com.br\/?p=17399"},"author":{"name":"Jefferson Sterfeno","@id":"https:\/\/blogdobispo.com.br\/#\/schema\/person\/e2209cc0e6cea5c5233d033e997b373f"},"headline":"PESQUISA INSPPE\/ GOVERNO\/ ESTIMULADA\/ GRANDE NATAL: Rog\u00e9rio Marinho tem 21,1%, Allyson Bezerra 17,1% e \u00c1lvaro Dias 13%","datePublished":"2025-08-27T17:33:46+00:00","mainEntityOfPage":{"@id":"https:\/\/blogdobispo.com.br\/?p=17399"},"wordCount":124,"commentCount":0,"publisher":{"@id":"https:\/\/blogdobispo.com.br\/#organization"},"image":{"@id":"https:\/\/blogdobispo.com.br\/?p=17399#primaryimage"},"thumbnailUrl":"https:\/\/blogdobispo.com.br\/wp-content\/uploads\/2025\/08\/img_6250.jpg","articleSection":["diversos"],"inLanguage":"pt-BR","potentialAction":[{"@type":"CommentAction","name":"Comment","target":["https:\/\/blogdobispo.com.br\/?p=17399#respond"]}]},{"@type":"WebPage","@id":"https:\/\/blogdobispo.com.br\/?p=17399","url":"https:\/\/blogdobispo.com.br\/?p=17399","name":"PESQUISA INSPPE\/ GOVERNO\/ ESTIMULADA\/ GRANDE NATAL: Rog\u00e9rio Marinho tem 21,1%, Allyson Bezerra 17,1% e \u00c1lvaro Dias 13% - Blog do Bispo","isPartOf":{"@id":"https:\/\/blogdobispo.com.br\/#website"},"primaryImageOfPage":{"@id":"https:\/\/blogdobispo.com.br\/?p=17399#primaryimage"},"image":{"@id":"https:\/\/blogdobispo.com.br\/?p=17399#primaryimage"},"thumbnailUrl":"https:\/\/blogdobispo.com.br\/wp-content\/uploads\/2025\/08\/img_6250.jpg","datePublished":"2025-08-27T17:33:46+00:00","breadcrumb":{"@id":"https:\/\/blogdobispo.com.br\/?p=17399#breadcrumb"},"inLanguage":"pt-BR","potentialAction":[{"@type":"ReadAction","target":["https:\/\/blogdobispo.com.br\/?p=17399"]}]},{"@type":"ImageObject","inLanguage":"pt-BR","@id":"https:\/\/blogdobispo.com.br\/?p=17399#primaryimage","url":"https:\/\/blogdobispo.com.br\/wp-content\/uploads\/2025\/08\/img_6250.jpg","contentUrl":"https:\/\/blogdobispo.com.br\/wp-content\/uploads\/2025\/08\/img_6250.jpg"},{"@type":"BreadcrumbList","@id":"https:\/\/blogdobispo.com.br\/?p=17399#breadcrumb","itemListElement":[{"@type":"ListItem","position":1,"name":"In\u00edcio","item":"https:\/\/blogdobispo.com.br\/"},{"@type":"ListItem","position":2,"name":"PESQUISA INSPPE\/ GOVERNO\/ ESTIMULADA\/ GRANDE NATAL: Rog\u00e9rio Marinho tem 21,1%, Allyson Bezerra 17,1% e \u00c1lvaro Dias 13%"}]},{"@type":"WebSite","@id":"https:\/\/blogdobispo.com.br\/#website","url":"https:\/\/blogdobispo.com.br\/","name":"Blog do Bispo","description":"Comprometido apenas com o leitor","publisher":{"@id":"https:\/\/blogdobispo.com.br\/#organization"},"potentialAction":[{"@type":"SearchAction","target":{"@type":"EntryPoint","urlTemplate":"https:\/\/blogdobispo.com.br\/?s={search_term_string}"},"query-input":{"@type":"PropertyValueSpecification","valueRequired":true,"valueName":"search_term_string"}}],"inLanguage":"pt-BR"},{"@type":"Organization","@id":"https:\/\/blogdobispo.com.br\/#organization","name":"Blog do Bispo","url":"https:\/\/blogdobispo.com.br\/","logo":{"@type":"ImageObject","inLanguage":"pt-BR","@id":"https:\/\/blogdobispo.com.br\/#\/schema\/logo\/image\/","url":"http:\/\/blogdobispo.com.br\/wp-content\/uploads\/2023\/05\/cropped-headear.png","contentUrl":"http:\/\/blogdobispo.com.br\/wp-content\/uploads\/2023\/05\/cropped-headear.png","width":1500,"height":399,"caption":"Blog do Bispo"},"image":{"@id":"https:\/\/blogdobispo.com.br\/#\/schema\/logo\/image\/"}},{"@type":"Person","@id":"https:\/\/blogdobispo.com.br\/#\/schema\/person\/e2209cc0e6cea5c5233d033e997b373f","name":"Jefferson Sterfeno","image":{"@type":"ImageObject","inLanguage":"pt-BR","@id":"https:\/\/blogdobispo.com.br\/#\/schema\/person\/image\/","url":"https:\/\/secure.gravatar.com\/avatar\/0534e84764641168a677026b6d57a3f51dc7ac4db0b4f6186d9cb330d4ee1160?s=96&d=mm&r=g","contentUrl":"https:\/\/secure.gravatar.com\/avatar\/0534e84764641168a677026b6d57a3f51dc7ac4db0b4f6186d9cb330d4ee1160?s=96&d=mm&r=g","caption":"Jefferson Sterfeno"},"sameAs":["http:\/\/blogdobispo.com.br"],"url":"https:\/\/blogdobispo.com.br\/?author=1"}]}},"featured_image_urls":{"full":"","thumbnail":"","medium":"","medium_large":"","large":"","1536x1536":"","2048x2048":""},"author_info":{"display_name":"Jefferson Sterfeno","author_link":"https:\/\/blogdobispo.com.br\/?author=1"},"category_info":"<a href=\"https:\/\/blogdobispo.com.br\/?cat=1\" rel=\"category\">diversos<\/a>","tag_info":"diversos","comment_count":"0","jetpack_featured_media_url":"","jetpack_sharing_enabled":true,"_links":{"self":[{"href":"https:\/\/blogdobispo.com.br\/index.php?rest_route=\/wp\/v2\/posts\/17399","targetHints":{"allow":["GET"]}}],"collection":[{"href":"https:\/\/blogdobispo.com.br\/index.php?rest_route=\/wp\/v2\/posts"}],"about":[{"href":"https:\/\/blogdobispo.com.br\/index.php?rest_route=\/wp\/v2\/types\/post"}],"author":[{"embeddable":true,"href":"https:\/\/blogdobispo.com.br\/index.php?rest_route=\/wp\/v2\/users\/1"}],"replies":[{"embeddable":true,"href":"https:\/\/blogdobispo.com.br\/index.php?rest_route=%2Fwp%2Fv2%2Fcomments&post=17399"}],"version-history":[{"count":0,"href":"https:\/\/blogdobispo.com.br\/index.php?rest_route=\/wp\/v2\/posts\/17399\/revisions"}],"wp:attachment":[{"href":"https:\/\/blogdobispo.com.br\/index.php?rest_route=%2Fwp%2Fv2%2Fmedia&parent=17399"}],"wp:term":[{"taxonomy":"category","embeddable":true,"href":"https:\/\/blogdobispo.com.br\/index.php?rest_route=%2Fwp%2Fv2%2Fcategories&post=17399"},{"taxonomy":"post_tag","embeddable":true,"href":"https:\/\/blogdobispo.com.br\/index.php?rest_route=%2Fwp%2Fv2%2Ftags&post=17399"}],"curies":[{"name":"wp","href":"https:\/\/api.w.org\/{rel}","templated":true}]}}