{"id":17397,"date":"2025-08-27T17:31:08","date_gmt":"2025-08-27T17:31:08","guid":{"rendered":"https:\/\/blogdobispo.com.br\/?p=17397"},"modified":"2025-08-27T17:31:08","modified_gmt":"2025-08-27T17:31:08","slug":"assembleia-aprova-projetos-de-lei-de-ubaldo-que-reconhecem-patrimonios-do-rn","status":"publish","type":"post","link":"https:\/\/blogdobispo.com.br\/?p=17397","title":{"rendered":"Assembleia aprova projetos de lei de Ubaldo que reconhecem patrim\u00f4nios do RN"},"content":{"rendered":"\n<figure class=\"wp-block-image size-large\"><img data-recalc-dims=\"1\" fetchpriority=\"high\" decoding=\"async\" width=\"800\" height=\"533\" src=\"https:\/\/i0.wp.com\/blogdobispo.com.br\/wp-content\/uploads\/2025\/08\/bb31b8fa-be71-44a3-bede-6d5eb2a4887b-1024x682.jpg?resize=800%2C533&#038;ssl=1\" class=\"wp-image-17396\" srcset=\"https:\/\/i0.wp.com\/blogdobispo.com.br\/wp-content\/uploads\/2025\/08\/bb31b8fa-be71-44a3-bede-6d5eb2a4887b.jpg?resize=1024%2C682&amp;ssl=1 1024w, https:\/\/i0.wp.com\/blogdobispo.com.br\/wp-content\/uploads\/2025\/08\/bb31b8fa-be71-44a3-bede-6d5eb2a4887b.jpg?resize=300%2C200&amp;ssl=1 300w, https:\/\/i0.wp.com\/blogdobispo.com.br\/wp-content\/uploads\/2025\/08\/bb31b8fa-be71-44a3-bede-6d5eb2a4887b.jpg?resize=768%2C512&amp;ssl=1 768w, https:\/\/i0.wp.com\/blogdobispo.com.br\/wp-content\/uploads\/2025\/08\/bb31b8fa-be71-44a3-bede-6d5eb2a4887b.jpg?w=1280&amp;ssl=1 1280w\" sizes=\"(max-width: 800px) 100vw, 800px\" \/><\/figure>\n\n\n\n<p><\/p>\n\n\n\n<p>Na sess\u00e3o ordin\u00e1ria desta ter\u00e7a-feira (26), a Assembleia Legislativa do Rio Grande do Norte aprovou cinco projetos de lei de autoria do deputado estadual Ubaldo Fernandes que reconhecem oficialmente como patrim\u00f4nios culturais, religiosos, gastron\u00f4micos e econ\u00f4micos importantes refer\u00eancias do Estado.<\/p>\n\n\n\n<p>Entre os projetos aprovados, est\u00e1 o PL n\u00ba 212\/2025, que Reconhece como Patrim\u00f4niocCultural, Hist\u00f3rico, Art\u00edstico,<br \/>Econ\u00f4mico Material do estado do Rio Grande do Norte a Tecelagem da cidade de Jardim de Piranhas.<\/p>\n\n\n\n<p>Tamb\u00e9m foi aprovado o PL n\u00ba 184\/2025, que reconhece como Patrim\u00f4nio Cultural, Religioso, Hist\u00f3rico e Arquitet\u00f4nico a Par\u00f3quia de Santa Rita de C\u00e1ssia, em Santa Cruz. Com quase dois s\u00e9culos de hist\u00f3ria, a par\u00f3quia \u00e9 refer\u00eancia no turismo religioso nacional e recebe milhares de fi\u00e9is e visitantes todos os anos.<\/p>\n\n\n\n<p>O plen\u00e1rio ainda aprovou dois projetos que celebram o carnaval potiguar. O PL n\u00ba 65\/2025 reconhece como Patrim\u00f4nio Cultural do RN o Gr\u00eamio Recreativo Escola de Samba Malandros do Samba, fundado em 1958 e com 37 t\u00edtulos do carnaval de Natal. J\u00e1 o PL n\u00ba 64\/2025 concede o mesmo reconhecimento \u00e0 Associa\u00e7\u00e3o Recreativa Carnavalesca e Cultural Escola de Samba Balan\u00e7o do Morro, fundada em 1966 e campe\u00e3 28 vezes. Ambas s\u00e3o importantes espa\u00e7os de preserva\u00e7\u00e3o da cultura popular.<\/p>\n\n\n\n<p>Por fim, o PL n\u00ba 531\/2024 reconhece como Patrim\u00f4nio Cultural, Econ\u00f4mico e Gastron\u00f4mico o Bar 21, na praia de Genipabu, um ponto tur\u00edstico e gastron\u00f4mico de destaque que une culin\u00e1ria t\u00edpica, lazer e fortalecimento da economia local.<\/p>\n\n\n\n<p>Para o deputado Ubaldo Fernandes, as aprova\u00e7\u00f5es representam um passo importante na valoriza\u00e7\u00e3o da identidade potiguar: \u201cCada um desses reconhecimentos preserva parte da nossa hist\u00f3ria e cultura, protege tradi\u00e7\u00f5es e fortalece atividades que geram emprego, renda e orgulho para o nosso povo. \u00c9 a Assembleia Legislativa cumprindo seu papel de guardar e promover o patrim\u00f4nio do Rio Grande do Norte.\u201d<\/p>\n","protected":false},"excerpt":{"rendered":"<p>Na sess\u00e3o ordin\u00e1ria desta ter\u00e7a-feira (26), a Assembleia Legislativa do Rio Grande do Norte aprovou cinco projetos de lei de autoria do deputado estadual Ubaldo Fernandes que reconhecem oficialmente como patrim\u00f4nios culturais, religiosos, gastron\u00f4micos e econ\u00f4micos importantes refer\u00eancias do Estado. Entre os projetos aprovados, est\u00e1 o PL n\u00ba 212\/2025, que Reconhece como Patrim\u00f4niocCultural, Hist\u00f3rico, Art\u00edstico,Econ\u00f4mico [&hellip;]<\/p>\n","protected":false},"author":1,"featured_media":17396,"comment_status":"open","ping_status":"open","sticky":false,"template":"","format":"standard","meta":{"cybocfi_hide_featured_image":"","_jetpack_memberships_contains_paid_content":false,"footnotes":""},"categories":[1],"tags":[],"class_list":["post-17397","post","type-post","status-publish","format-standard","has-post-thumbnail","hentry","category-diversos"],"yoast_head":"<!-- This site is optimized with the Yoast SEO plugin v25.6 - https:\/\/yoast.com\/wordpress\/plugins\/seo\/ -->\n<title>Assembleia aprova projetos de lei de Ubaldo que reconhecem patrim\u00f4nios do RN - Blog do Bispo<\/title>\n<meta name=\"robots\" content=\"index, follow, max-snippet:-1, max-image-preview:large, max-video-preview:-1\" \/>\n<link rel=\"canonical\" href=\"https:\/\/blogdobispo.com.br\/?p=17397\" \/>\n<meta property=\"og:locale\" content=\"pt_BR\" \/>\n<meta property=\"og:type\" content=\"article\" \/>\n<meta property=\"og:title\" content=\"Assembleia aprova projetos de lei de Ubaldo que reconhecem patrim\u00f4nios do RN - Blog do Bispo\" \/>\n<meta property=\"og:description\" content=\"Na sess\u00e3o ordin\u00e1ria desta ter\u00e7a-feira (26), a Assembleia Legislativa do Rio Grande do Norte aprovou cinco projetos de lei de autoria do deputado estadual Ubaldo Fernandes que reconhecem oficialmente como patrim\u00f4nios culturais, religiosos, gastron\u00f4micos e econ\u00f4micos importantes refer\u00eancias do Estado. Entre os projetos aprovados, est\u00e1 o PL n\u00ba 212\/2025, que Reconhece como Patrim\u00f4niocCultural, Hist\u00f3rico, Art\u00edstico,Econ\u00f4mico [&hellip;]\" \/>\n<meta property=\"og:url\" content=\"https:\/\/blogdobispo.com.br\/?p=17397\" \/>\n<meta property=\"og:site_name\" content=\"Blog do Bispo\" \/>\n<meta property=\"article:published_time\" content=\"2025-08-27T17:31:08+00:00\" \/>\n<meta property=\"og:image\" content=\"https:\/\/blogdobispo.com.br\/wp-content\/uploads\/2025\/08\/bb31b8fa-be71-44a3-bede-6d5eb2a4887b-1024x682.jpg\" \/>\n<meta name=\"author\" content=\"Jefferson Sterfeno\" \/>\n<meta name=\"twitter:card\" content=\"summary_large_image\" \/>\n<meta name=\"twitter:label1\" content=\"Escrito por\" \/>\n\t<meta name=\"twitter:data1\" content=\"Jefferson Sterfeno\" \/>\n\t<meta name=\"twitter:label2\" content=\"Est. tempo de leitura\" \/>\n\t<meta name=\"twitter:data2\" content=\"2 minutos\" \/>\n<script type=\"application\/ld+json\" class=\"yoast-schema-graph\">{\"@context\":\"https:\/\/schema.org\",\"@graph\":[{\"@type\":\"Article\",\"@id\":\"https:\/\/blogdobispo.com.br\/?p=17397#article\",\"isPartOf\":{\"@id\":\"https:\/\/blogdobispo.com.br\/?p=17397\"},\"author\":{\"name\":\"Jefferson Sterfeno\",\"@id\":\"https:\/\/blogdobispo.com.br\/#\/schema\/person\/e2209cc0e6cea5c5233d033e997b373f\"},\"headline\":\"Assembleia aprova projetos de lei de Ubaldo que reconhecem patrim\u00f4nios do RN\",\"datePublished\":\"2025-08-27T17:31:08+00:00\",\"mainEntityOfPage\":{\"@id\":\"https:\/\/blogdobispo.com.br\/?p=17397\"},\"wordCount\":339,\"commentCount\":0,\"publisher\":{\"@id\":\"https:\/\/blogdobispo.com.br\/#organization\"},\"image\":{\"@id\":\"https:\/\/blogdobispo.com.br\/?p=17397#primaryimage\"},\"thumbnailUrl\":\"https:\/\/i0.wp.com\/blogdobispo.com.br\/wp-content\/uploads\/2025\/08\/bb31b8fa-be71-44a3-bede-6d5eb2a4887b.jpg?fit=1280%2C853&ssl=1\",\"articleSection\":[\"diversos\"],\"inLanguage\":\"pt-BR\",\"potentialAction\":[{\"@type\":\"CommentAction\",\"name\":\"Comment\",\"target\":[\"https:\/\/blogdobispo.com.br\/?p=17397#respond\"]}]},{\"@type\":\"WebPage\",\"@id\":\"https:\/\/blogdobispo.com.br\/?p=17397\",\"url\":\"https:\/\/blogdobispo.com.br\/?p=17397\",\"name\":\"Assembleia aprova projetos de lei de Ubaldo que reconhecem patrim\u00f4nios do RN - Blog do Bispo\",\"isPartOf\":{\"@id\":\"https:\/\/blogdobispo.com.br\/#website\"},\"primaryImageOfPage\":{\"@id\":\"https:\/\/blogdobispo.com.br\/?p=17397#primaryimage\"},\"image\":{\"@id\":\"https:\/\/blogdobispo.com.br\/?p=17397#primaryimage\"},\"thumbnailUrl\":\"https:\/\/i0.wp.com\/blogdobispo.com.br\/wp-content\/uploads\/2025\/08\/bb31b8fa-be71-44a3-bede-6d5eb2a4887b.jpg?fit=1280%2C853&ssl=1\",\"datePublished\":\"2025-08-27T17:31:08+00:00\",\"breadcrumb\":{\"@id\":\"https:\/\/blogdobispo.com.br\/?p=17397#breadcrumb\"},\"inLanguage\":\"pt-BR\",\"potentialAction\":[{\"@type\":\"ReadAction\",\"target\":[\"https:\/\/blogdobispo.com.br\/?p=17397\"]}]},{\"@type\":\"ImageObject\",\"inLanguage\":\"pt-BR\",\"@id\":\"https:\/\/blogdobispo.com.br\/?p=17397#primaryimage\",\"url\":\"https:\/\/i0.wp.com\/blogdobispo.com.br\/wp-content\/uploads\/2025\/08\/bb31b8fa-be71-44a3-bede-6d5eb2a4887b.jpg?fit=1280%2C853&ssl=1\",\"contentUrl\":\"https:\/\/i0.wp.com\/blogdobispo.com.br\/wp-content\/uploads\/2025\/08\/bb31b8fa-be71-44a3-bede-6d5eb2a4887b.jpg?fit=1280%2C853&ssl=1\",\"width\":1280,\"height\":853},{\"@type\":\"BreadcrumbList\",\"@id\":\"https:\/\/blogdobispo.com.br\/?p=17397#breadcrumb\",\"itemListElement\":[{\"@type\":\"ListItem\",\"position\":1,\"name\":\"In\u00edcio\",\"item\":\"https:\/\/blogdobispo.com.br\/\"},{\"@type\":\"ListItem\",\"position\":2,\"name\":\"Assembleia aprova projetos de lei de Ubaldo que reconhecem patrim\u00f4nios do RN\"}]},{\"@type\":\"WebSite\",\"@id\":\"https:\/\/blogdobispo.com.br\/#website\",\"url\":\"https:\/\/blogdobispo.com.br\/\",\"name\":\"Blog do Bispo\",\"description\":\"Comprometido apenas com o leitor\",\"publisher\":{\"@id\":\"https:\/\/blogdobispo.com.br\/#organization\"},\"potentialAction\":[{\"@type\":\"SearchAction\",\"target\":{\"@type\":\"EntryPoint\",\"urlTemplate\":\"https:\/\/blogdobispo.com.br\/?s={search_term_string}\"},\"query-input\":{\"@type\":\"PropertyValueSpecification\",\"valueRequired\":true,\"valueName\":\"search_term_string\"}}],\"inLanguage\":\"pt-BR\"},{\"@type\":\"Organization\",\"@id\":\"https:\/\/blogdobispo.com.br\/#organization\",\"name\":\"Blog do Bispo\",\"url\":\"https:\/\/blogdobispo.com.br\/\",\"logo\":{\"@type\":\"ImageObject\",\"inLanguage\":\"pt-BR\",\"@id\":\"https:\/\/blogdobispo.com.br\/#\/schema\/logo\/image\/\",\"url\":\"http:\/\/blogdobispo.com.br\/wp-content\/uploads\/2023\/05\/cropped-headear.png\",\"contentUrl\":\"http:\/\/blogdobispo.com.br\/wp-content\/uploads\/2023\/05\/cropped-headear.png\",\"width\":1500,\"height\":399,\"caption\":\"Blog do Bispo\"},\"image\":{\"@id\":\"https:\/\/blogdobispo.com.br\/#\/schema\/logo\/image\/\"}},{\"@type\":\"Person\",\"@id\":\"https:\/\/blogdobispo.com.br\/#\/schema\/person\/e2209cc0e6cea5c5233d033e997b373f\",\"name\":\"Jefferson Sterfeno\",\"image\":{\"@type\":\"ImageObject\",\"inLanguage\":\"pt-BR\",\"@id\":\"https:\/\/blogdobispo.com.br\/#\/schema\/person\/image\/\",\"url\":\"https:\/\/secure.gravatar.com\/avatar\/0534e84764641168a677026b6d57a3f51dc7ac4db0b4f6186d9cb330d4ee1160?s=96&d=mm&r=g\",\"contentUrl\":\"https:\/\/secure.gravatar.com\/avatar\/0534e84764641168a677026b6d57a3f51dc7ac4db0b4f6186d9cb330d4ee1160?s=96&d=mm&r=g\",\"caption\":\"Jefferson Sterfeno\"},\"sameAs\":[\"http:\/\/blogdobispo.com.br\"],\"url\":\"https:\/\/blogdobispo.com.br\/?author=1\"}]}<\/script>\n<!-- \/ Yoast SEO plugin. -->","yoast_head_json":{"title":"Assembleia aprova projetos de lei de Ubaldo que reconhecem patrim\u00f4nios do RN - Blog do Bispo","robots":{"index":"index","follow":"follow","max-snippet":"max-snippet:-1","max-image-preview":"max-image-preview:large","max-video-preview":"max-video-preview:-1"},"canonical":"https:\/\/blogdobispo.com.br\/?p=17397","og_locale":"pt_BR","og_type":"article","og_title":"Assembleia aprova projetos de lei de Ubaldo que reconhecem patrim\u00f4nios do RN - Blog do Bispo","og_description":"Na sess\u00e3o ordin\u00e1ria desta ter\u00e7a-feira (26), a Assembleia Legislativa do Rio Grande do Norte aprovou cinco projetos de lei de autoria do deputado estadual Ubaldo Fernandes que reconhecem oficialmente como patrim\u00f4nios culturais, religiosos, gastron\u00f4micos e econ\u00f4micos importantes refer\u00eancias do Estado. Entre os projetos aprovados, est\u00e1 o PL n\u00ba 212\/2025, que Reconhece como Patrim\u00f4niocCultural, Hist\u00f3rico, Art\u00edstico,Econ\u00f4mico [&hellip;]","og_url":"https:\/\/blogdobispo.com.br\/?p=17397","og_site_name":"Blog do Bispo","article_published_time":"2025-08-27T17:31:08+00:00","og_image":[{"url":"https:\/\/blogdobispo.com.br\/wp-content\/uploads\/2025\/08\/bb31b8fa-be71-44a3-bede-6d5eb2a4887b-1024x682.jpg","type":"","width":"","height":""}],"author":"Jefferson Sterfeno","twitter_card":"summary_large_image","twitter_misc":{"Escrito por":"Jefferson Sterfeno","Est. tempo de leitura":"2 minutos"},"schema":{"@context":"https:\/\/schema.org","@graph":[{"@type":"Article","@id":"https:\/\/blogdobispo.com.br\/?p=17397#article","isPartOf":{"@id":"https:\/\/blogdobispo.com.br\/?p=17397"},"author":{"name":"Jefferson Sterfeno","@id":"https:\/\/blogdobispo.com.br\/#\/schema\/person\/e2209cc0e6cea5c5233d033e997b373f"},"headline":"Assembleia aprova projetos de lei de Ubaldo que reconhecem patrim\u00f4nios do RN","datePublished":"2025-08-27T17:31:08+00:00","mainEntityOfPage":{"@id":"https:\/\/blogdobispo.com.br\/?p=17397"},"wordCount":339,"commentCount":0,"publisher":{"@id":"https:\/\/blogdobispo.com.br\/#organization"},"image":{"@id":"https:\/\/blogdobispo.com.br\/?p=17397#primaryimage"},"thumbnailUrl":"https:\/\/i0.wp.com\/blogdobispo.com.br\/wp-content\/uploads\/2025\/08\/bb31b8fa-be71-44a3-bede-6d5eb2a4887b.jpg?fit=1280%2C853&ssl=1","articleSection":["diversos"],"inLanguage":"pt-BR","potentialAction":[{"@type":"CommentAction","name":"Comment","target":["https:\/\/blogdobispo.com.br\/?p=17397#respond"]}]},{"@type":"WebPage","@id":"https:\/\/blogdobispo.com.br\/?p=17397","url":"https:\/\/blogdobispo.com.br\/?p=17397","name":"Assembleia aprova projetos de lei de Ubaldo que reconhecem patrim\u00f4nios do RN - Blog do Bispo","isPartOf":{"@id":"https:\/\/blogdobispo.com.br\/#website"},"primaryImageOfPage":{"@id":"https:\/\/blogdobispo.com.br\/?p=17397#primaryimage"},"image":{"@id":"https:\/\/blogdobispo.com.br\/?p=17397#primaryimage"},"thumbnailUrl":"https:\/\/i0.wp.com\/blogdobispo.com.br\/wp-content\/uploads\/2025\/08\/bb31b8fa-be71-44a3-bede-6d5eb2a4887b.jpg?fit=1280%2C853&ssl=1","datePublished":"2025-08-27T17:31:08+00:00","breadcrumb":{"@id":"https:\/\/blogdobispo.com.br\/?p=17397#breadcrumb"},"inLanguage":"pt-BR","potentialAction":[{"@type":"ReadAction","target":["https:\/\/blogdobispo.com.br\/?p=17397"]}]},{"@type":"ImageObject","inLanguage":"pt-BR","@id":"https:\/\/blogdobispo.com.br\/?p=17397#primaryimage","url":"https:\/\/i0.wp.com\/blogdobispo.com.br\/wp-content\/uploads\/2025\/08\/bb31b8fa-be71-44a3-bede-6d5eb2a4887b.jpg?fit=1280%2C853&ssl=1","contentUrl":"https:\/\/i0.wp.com\/blogdobispo.com.br\/wp-content\/uploads\/2025\/08\/bb31b8fa-be71-44a3-bede-6d5eb2a4887b.jpg?fit=1280%2C853&ssl=1","width":1280,"height":853},{"@type":"BreadcrumbList","@id":"https:\/\/blogdobispo.com.br\/?p=17397#breadcrumb","itemListElement":[{"@type":"ListItem","position":1,"name":"In\u00edcio","item":"https:\/\/blogdobispo.com.br\/"},{"@type":"ListItem","position":2,"name":"Assembleia aprova projetos de lei de Ubaldo que reconhecem patrim\u00f4nios do RN"}]},{"@type":"WebSite","@id":"https:\/\/blogdobispo.com.br\/#website","url":"https:\/\/blogdobispo.com.br\/","name":"Blog do Bispo","description":"Comprometido apenas com o leitor","publisher":{"@id":"https:\/\/blogdobispo.com.br\/#organization"},"potentialAction":[{"@type":"SearchAction","target":{"@type":"EntryPoint","urlTemplate":"https:\/\/blogdobispo.com.br\/?s={search_term_string}"},"query-input":{"@type":"PropertyValueSpecification","valueRequired":true,"valueName":"search_term_string"}}],"inLanguage":"pt-BR"},{"@type":"Organization","@id":"https:\/\/blogdobispo.com.br\/#organization","name":"Blog do Bispo","url":"https:\/\/blogdobispo.com.br\/","logo":{"@type":"ImageObject","inLanguage":"pt-BR","@id":"https:\/\/blogdobispo.com.br\/#\/schema\/logo\/image\/","url":"http:\/\/blogdobispo.com.br\/wp-content\/uploads\/2023\/05\/cropped-headear.png","contentUrl":"http:\/\/blogdobispo.com.br\/wp-content\/uploads\/2023\/05\/cropped-headear.png","width":1500,"height":399,"caption":"Blog do Bispo"},"image":{"@id":"https:\/\/blogdobispo.com.br\/#\/schema\/logo\/image\/"}},{"@type":"Person","@id":"https:\/\/blogdobispo.com.br\/#\/schema\/person\/e2209cc0e6cea5c5233d033e997b373f","name":"Jefferson Sterfeno","image":{"@type":"ImageObject","inLanguage":"pt-BR","@id":"https:\/\/blogdobispo.com.br\/#\/schema\/person\/image\/","url":"https:\/\/secure.gravatar.com\/avatar\/0534e84764641168a677026b6d57a3f51dc7ac4db0b4f6186d9cb330d4ee1160?s=96&d=mm&r=g","contentUrl":"https:\/\/secure.gravatar.com\/avatar\/0534e84764641168a677026b6d57a3f51dc7ac4db0b4f6186d9cb330d4ee1160?s=96&d=mm&r=g","caption":"Jefferson Sterfeno"},"sameAs":["http:\/\/blogdobispo.com.br"],"url":"https:\/\/blogdobispo.com.br\/?author=1"}]}},"featured_image_urls":{"full":["https:\/\/i0.wp.com\/blogdobispo.com.br\/wp-content\/uploads\/2025\/08\/bb31b8fa-be71-44a3-bede-6d5eb2a4887b.jpg?fit=1280%2C853&ssl=1",1280,853,false],"thumbnail":["https:\/\/i0.wp.com\/blogdobispo.com.br\/wp-content\/uploads\/2025\/08\/bb31b8fa-be71-44a3-bede-6d5eb2a4887b.jpg?resize=150%2C150&ssl=1",150,150,true],"medium":["https:\/\/i0.wp.com\/blogdobispo.com.br\/wp-content\/uploads\/2025\/08\/bb31b8fa-be71-44a3-bede-6d5eb2a4887b.jpg?fit=300%2C200&ssl=1",300,200,true],"medium_large":["https:\/\/i0.wp.com\/blogdobispo.com.br\/wp-content\/uploads\/2025\/08\/bb31b8fa-be71-44a3-bede-6d5eb2a4887b.jpg?fit=768%2C512&ssl=1",768,512,true],"large":["https:\/\/i0.wp.com\/blogdobispo.com.br\/wp-content\/uploads\/2025\/08\/bb31b8fa-be71-44a3-bede-6d5eb2a4887b.jpg?fit=800%2C533&ssl=1",800,533,true],"1536x1536":["https:\/\/i0.wp.com\/blogdobispo.com.br\/wp-content\/uploads\/2025\/08\/bb31b8fa-be71-44a3-bede-6d5eb2a4887b.jpg?fit=1280%2C853&ssl=1",1280,853,true],"2048x2048":["https:\/\/i0.wp.com\/blogdobispo.com.br\/wp-content\/uploads\/2025\/08\/bb31b8fa-be71-44a3-bede-6d5eb2a4887b.jpg?fit=1280%2C853&ssl=1",1280,853,true]},"author_info":{"display_name":"Jefferson Sterfeno","author_link":"https:\/\/blogdobispo.com.br\/?author=1"},"category_info":"<a href=\"https:\/\/blogdobispo.com.br\/?cat=1\" rel=\"category\">diversos<\/a>","tag_info":"diversos","comment_count":"0","jetpack_featured_media_url":"https:\/\/i0.wp.com\/blogdobispo.com.br\/wp-content\/uploads\/2025\/08\/bb31b8fa-be71-44a3-bede-6d5eb2a4887b.jpg?fit=1280%2C853&ssl=1","jetpack_sharing_enabled":true,"_links":{"self":[{"href":"https:\/\/blogdobispo.com.br\/index.php?rest_route=\/wp\/v2\/posts\/17397","targetHints":{"allow":["GET"]}}],"collection":[{"href":"https:\/\/blogdobispo.com.br\/index.php?rest_route=\/wp\/v2\/posts"}],"about":[{"href":"https:\/\/blogdobispo.com.br\/index.php?rest_route=\/wp\/v2\/types\/post"}],"author":[{"embeddable":true,"href":"https:\/\/blogdobispo.com.br\/index.php?rest_route=\/wp\/v2\/users\/1"}],"replies":[{"embeddable":true,"href":"https:\/\/blogdobispo.com.br\/index.php?rest_route=%2Fwp%2Fv2%2Fcomments&post=17397"}],"version-history":[{"count":0,"href":"https:\/\/blogdobispo.com.br\/index.php?rest_route=\/wp\/v2\/posts\/17397\/revisions"}],"wp:featuredmedia":[{"embeddable":true,"href":"https:\/\/blogdobispo.com.br\/index.php?rest_route=\/wp\/v2\/media\/17396"}],"wp:attachment":[{"href":"https:\/\/blogdobispo.com.br\/index.php?rest_route=%2Fwp%2Fv2%2Fmedia&parent=17397"}],"wp:term":[{"taxonomy":"category","embeddable":true,"href":"https:\/\/blogdobispo.com.br\/index.php?rest_route=%2Fwp%2Fv2%2Fcategories&post=17397"},{"taxonomy":"post_tag","embeddable":true,"href":"https:\/\/blogdobispo.com.br\/index.php?rest_route=%2Fwp%2Fv2%2Ftags&post=17397"}],"curies":[{"name":"wp","href":"https:\/\/api.w.org\/{rel}","templated":true}]}}