{"id":17389,"date":"2025-08-27T17:13:49","date_gmt":"2025-08-27T17:13:49","guid":{"rendered":"https:\/\/blogdobispo.com.br\/?p=17389"},"modified":"2025-08-27T17:15:52","modified_gmt":"2025-08-27T17:15:52","slug":"justica-determina-exclusao-de-fake-news-contra-vereadora-camila-araujo","status":"publish","type":"post","link":"https:\/\/blogdobispo.com.br\/?p=17389","title":{"rendered":"Justi\u00e7a determina exclus\u00e3o de fake news contra vereadora Camila Ara\u00fajo"},"content":{"rendered":"<p>&nbsp;<\/p>\n<p>A Justi\u00e7a do Rio Grande do Norte reconheceu como inver\u00eddicas publica\u00e7\u00f5es feitas por blogs ligados \u00e0 oposi\u00e7\u00e3o na C\u00e2mara Municipal de Natal e determinou a imediata exclus\u00e3o dos conte\u00fados que atacavam a vereadora Camila Ara\u00fajo. A decis\u00e3o foi proferida pela 16\u00aa Vara C\u00edvel de Natal nesta quarta-feira (27), em car\u00e1ter de tutela de urg\u00eancia.<\/p>\n<p>Segundo a senten\u00e7a, os r\u00e9us publicaram em seus blogs e redes sociais, no \u00faltimo dia 22 de agosto, que a parlamentar teria destinado emenda impositiva ao pr\u00f3prio esposo \u2013 informa\u00e7\u00e3o considerada mentirosa e difamat\u00f3ria. Nos autos, Camila comprovou que a emenda parlamentar n\u00ba 14\/2024 foi regularmente direcionada \u00e0 Secretaria Municipal de Esporte e Lazer, beneficiando a empresa N\u00facleo de Desenvolvimento Social, e n\u00e3o ao Conselho Comunit\u00e1rio do Bairro Nordeste, presidido por seu c\u00f4njuge. Vale ressaltar que conselhos comunit\u00e1rios nem poderiam receber esse tipo de recurso p\u00fablico.<\/p>\n<p>O juiz Andr\u00e9 Lu\u00eds de Medeiros Pereira destacou que os documentos apresentados pela defesa demonstram a falsidade da acusa\u00e7\u00e3o e que as publica\u00e7\u00f5es configuram \u201cinforma\u00e7\u00e3o inver\u00eddica apta a ofender a honra e a imagem da autora\u201d. Ele determinou que os blogueiros respons\u00e1veis apaguem as postagens no prazo de 24 horas, sob pena de multa di\u00e1ria de R$ 1.000, limitada a R$ 30 mil<\/p>\n<p>A decis\u00e3o ressalta que a medida n\u00e3o configura censura pr\u00e9via, mas sim a necess\u00e1ria prote\u00e7\u00e3o aos direitos da personalidade, como honra e imagem, diante da dissemina\u00e7\u00e3o de conte\u00fados comprovadamente falsos.<\/p>\n<p>Essa \u00e9 a segunda vez que a Justi\u00e7a obriga<img data-recalc-dims=\"1\" fetchpriority=\"high\" decoding=\"async\" src=\"https:\/\/i0.wp.com\/blogdobispo.com.br\/wp-content\/uploads\/2025\/08\/img_6247-1.jpg?resize=624%2C491&#038;ssl=1\" class=\"size-full wp-image-17392\" width=\"624\" height=\"491\" srcset=\"https:\/\/i0.wp.com\/blogdobispo.com.br\/wp-content\/uploads\/2025\/08\/img_6247-1.jpg?w=624&amp;ssl=1 624w, https:\/\/i0.wp.com\/blogdobispo.com.br\/wp-content\/uploads\/2025\/08\/img_6247-1.jpg?resize=300%2C236&amp;ssl=1 300w\" sizes=\"(max-width: 624px) 100vw, 624px\" \/> os mesmos blogueiros a retirarem do ar informa\u00e7\u00f5es caluniosas contra a vereadora, que se diz alvo de uma ofensiva difamat\u00f3rio por parte de blogueiros ligados a mandatos petistas.<\/p>\n","protected":false},"excerpt":{"rendered":"<p>&nbsp; A Justi\u00e7a do Rio Grande do Norte reconheceu como inver\u00eddicas publica\u00e7\u00f5es feitas por blogs ligados \u00e0 oposi\u00e7\u00e3o na C\u00e2mara Municipal de Natal e determinou a imediata exclus\u00e3o dos conte\u00fados que atacavam a vereadora Camila Ara\u00fajo. A decis\u00e3o foi proferida pela 16\u00aa Vara C\u00edvel de Natal nesta quarta-feira (27), em car\u00e1ter de tutela de urg\u00eancia. [&hellip;]<\/p>\n","protected":false},"author":1,"featured_media":17391,"comment_status":"open","ping_status":"open","sticky":false,"template":"","format":"standard","meta":{"cybocfi_hide_featured_image":"","_jetpack_memberships_contains_paid_content":false,"footnotes":""},"categories":[1],"tags":[],"class_list":["post-17389","post","type-post","status-publish","format-standard","has-post-thumbnail","hentry","category-diversos"],"yoast_head":"<!-- This site is optimized with the Yoast SEO plugin v25.6 - https:\/\/yoast.com\/wordpress\/plugins\/seo\/ -->\n<title>Justi\u00e7a determina exclus\u00e3o de fake news contra vereadora Camila Ara\u00fajo - Blog do Bispo<\/title>\n<meta name=\"robots\" content=\"index, follow, max-snippet:-1, max-image-preview:large, max-video-preview:-1\" \/>\n<link rel=\"canonical\" href=\"https:\/\/blogdobispo.com.br\/?p=17389\" \/>\n<meta property=\"og:locale\" content=\"pt_BR\" \/>\n<meta property=\"og:type\" content=\"article\" \/>\n<meta property=\"og:title\" content=\"Justi\u00e7a determina exclus\u00e3o de fake news contra vereadora Camila Ara\u00fajo - Blog do Bispo\" \/>\n<meta property=\"og:description\" content=\"&nbsp; A Justi\u00e7a do Rio Grande do Norte reconheceu como inver\u00eddicas publica\u00e7\u00f5es feitas por blogs ligados \u00e0 oposi\u00e7\u00e3o na C\u00e2mara Municipal de Natal e determinou a imediata exclus\u00e3o dos conte\u00fados que atacavam a vereadora Camila Ara\u00fajo. A decis\u00e3o foi proferida pela 16\u00aa Vara C\u00edvel de Natal nesta quarta-feira (27), em car\u00e1ter de tutela de urg\u00eancia. [&hellip;]\" \/>\n<meta property=\"og:url\" content=\"https:\/\/blogdobispo.com.br\/?p=17389\" \/>\n<meta property=\"og:site_name\" content=\"Blog do Bispo\" \/>\n<meta property=\"article:published_time\" content=\"2025-08-27T17:13:49+00:00\" \/>\n<meta property=\"article:modified_time\" content=\"2025-08-27T17:15:52+00:00\" \/>\n<meta property=\"og:image\" content=\"https:\/\/blogdobispo.com.br\/wp-content\/uploads\/2025\/08\/img_6247-1.jpg\" \/>\n<meta name=\"author\" content=\"Jefferson Sterfeno\" \/>\n<meta name=\"twitter:card\" content=\"summary_large_image\" \/>\n<meta name=\"twitter:label1\" content=\"Escrito por\" \/>\n\t<meta name=\"twitter:data1\" content=\"Jefferson Sterfeno\" \/>\n\t<meta name=\"twitter:label2\" content=\"Est. tempo de leitura\" \/>\n\t<meta name=\"twitter:data2\" content=\"2 minutos\" \/>\n<script type=\"application\/ld+json\" class=\"yoast-schema-graph\">{\"@context\":\"https:\/\/schema.org\",\"@graph\":[{\"@type\":\"Article\",\"@id\":\"https:\/\/blogdobispo.com.br\/?p=17389#article\",\"isPartOf\":{\"@id\":\"https:\/\/blogdobispo.com.br\/?p=17389\"},\"author\":{\"name\":\"Jefferson Sterfeno\",\"@id\":\"https:\/\/blogdobispo.com.br\/#\/schema\/person\/e2209cc0e6cea5c5233d033e997b373f\"},\"headline\":\"Justi\u00e7a determina exclus\u00e3o de fake news contra vereadora Camila Ara\u00fajo\",\"datePublished\":\"2025-08-27T17:13:49+00:00\",\"dateModified\":\"2025-08-27T17:15:52+00:00\",\"mainEntityOfPage\":{\"@id\":\"https:\/\/blogdobispo.com.br\/?p=17389\"},\"wordCount\":313,\"commentCount\":0,\"publisher\":{\"@id\":\"https:\/\/blogdobispo.com.br\/#organization\"},\"image\":{\"@id\":\"https:\/\/blogdobispo.com.br\/?p=17389#primaryimage\"},\"thumbnailUrl\":\"https:\/\/i0.wp.com\/blogdobispo.com.br\/wp-content\/uploads\/2025\/08\/img_6247.jpg?fit=624%2C491&ssl=1\",\"articleSection\":[\"diversos\"],\"inLanguage\":\"pt-BR\",\"potentialAction\":[{\"@type\":\"CommentAction\",\"name\":\"Comment\",\"target\":[\"https:\/\/blogdobispo.com.br\/?p=17389#respond\"]}]},{\"@type\":\"WebPage\",\"@id\":\"https:\/\/blogdobispo.com.br\/?p=17389\",\"url\":\"https:\/\/blogdobispo.com.br\/?p=17389\",\"name\":\"Justi\u00e7a determina exclus\u00e3o de fake news contra vereadora Camila Ara\u00fajo - Blog do Bispo\",\"isPartOf\":{\"@id\":\"https:\/\/blogdobispo.com.br\/#website\"},\"primaryImageOfPage\":{\"@id\":\"https:\/\/blogdobispo.com.br\/?p=17389#primaryimage\"},\"image\":{\"@id\":\"https:\/\/blogdobispo.com.br\/?p=17389#primaryimage\"},\"thumbnailUrl\":\"https:\/\/i0.wp.com\/blogdobispo.com.br\/wp-content\/uploads\/2025\/08\/img_6247.jpg?fit=624%2C491&ssl=1\",\"datePublished\":\"2025-08-27T17:13:49+00:00\",\"dateModified\":\"2025-08-27T17:15:52+00:00\",\"breadcrumb\":{\"@id\":\"https:\/\/blogdobispo.com.br\/?p=17389#breadcrumb\"},\"inLanguage\":\"pt-BR\",\"potentialAction\":[{\"@type\":\"ReadAction\",\"target\":[\"https:\/\/blogdobispo.com.br\/?p=17389\"]}]},{\"@type\":\"ImageObject\",\"inLanguage\":\"pt-BR\",\"@id\":\"https:\/\/blogdobispo.com.br\/?p=17389#primaryimage\",\"url\":\"https:\/\/i0.wp.com\/blogdobispo.com.br\/wp-content\/uploads\/2025\/08\/img_6247.jpg?fit=624%2C491&ssl=1\",\"contentUrl\":\"https:\/\/i0.wp.com\/blogdobispo.com.br\/wp-content\/uploads\/2025\/08\/img_6247.jpg?fit=624%2C491&ssl=1\",\"width\":624,\"height\":491},{\"@type\":\"BreadcrumbList\",\"@id\":\"https:\/\/blogdobispo.com.br\/?p=17389#breadcrumb\",\"itemListElement\":[{\"@type\":\"ListItem\",\"position\":1,\"name\":\"In\u00edcio\",\"item\":\"https:\/\/blogdobispo.com.br\/\"},{\"@type\":\"ListItem\",\"position\":2,\"name\":\"Justi\u00e7a determina exclus\u00e3o de fake news contra vereadora Camila Ara\u00fajo\"}]},{\"@type\":\"WebSite\",\"@id\":\"https:\/\/blogdobispo.com.br\/#website\",\"url\":\"https:\/\/blogdobispo.com.br\/\",\"name\":\"Blog do Bispo\",\"description\":\"Comprometido apenas com o leitor\",\"publisher\":{\"@id\":\"https:\/\/blogdobispo.com.br\/#organization\"},\"potentialAction\":[{\"@type\":\"SearchAction\",\"target\":{\"@type\":\"EntryPoint\",\"urlTemplate\":\"https:\/\/blogdobispo.com.br\/?s={search_term_string}\"},\"query-input\":{\"@type\":\"PropertyValueSpecification\",\"valueRequired\":true,\"valueName\":\"search_term_string\"}}],\"inLanguage\":\"pt-BR\"},{\"@type\":\"Organization\",\"@id\":\"https:\/\/blogdobispo.com.br\/#organization\",\"name\":\"Blog do Bispo\",\"url\":\"https:\/\/blogdobispo.com.br\/\",\"logo\":{\"@type\":\"ImageObject\",\"inLanguage\":\"pt-BR\",\"@id\":\"https:\/\/blogdobispo.com.br\/#\/schema\/logo\/image\/\",\"url\":\"http:\/\/blogdobispo.com.br\/wp-content\/uploads\/2023\/05\/cropped-headear.png\",\"contentUrl\":\"http:\/\/blogdobispo.com.br\/wp-content\/uploads\/2023\/05\/cropped-headear.png\",\"width\":1500,\"height\":399,\"caption\":\"Blog do Bispo\"},\"image\":{\"@id\":\"https:\/\/blogdobispo.com.br\/#\/schema\/logo\/image\/\"}},{\"@type\":\"Person\",\"@id\":\"https:\/\/blogdobispo.com.br\/#\/schema\/person\/e2209cc0e6cea5c5233d033e997b373f\",\"name\":\"Jefferson Sterfeno\",\"image\":{\"@type\":\"ImageObject\",\"inLanguage\":\"pt-BR\",\"@id\":\"https:\/\/blogdobispo.com.br\/#\/schema\/person\/image\/\",\"url\":\"https:\/\/secure.gravatar.com\/avatar\/0534e84764641168a677026b6d57a3f51dc7ac4db0b4f6186d9cb330d4ee1160?s=96&d=mm&r=g\",\"contentUrl\":\"https:\/\/secure.gravatar.com\/avatar\/0534e84764641168a677026b6d57a3f51dc7ac4db0b4f6186d9cb330d4ee1160?s=96&d=mm&r=g\",\"caption\":\"Jefferson Sterfeno\"},\"sameAs\":[\"http:\/\/blogdobispo.com.br\"],\"url\":\"https:\/\/blogdobispo.com.br\/?author=1\"}]}<\/script>\n<!-- \/ Yoast SEO plugin. -->","yoast_head_json":{"title":"Justi\u00e7a determina exclus\u00e3o de fake news contra vereadora Camila Ara\u00fajo - Blog do Bispo","robots":{"index":"index","follow":"follow","max-snippet":"max-snippet:-1","max-image-preview":"max-image-preview:large","max-video-preview":"max-video-preview:-1"},"canonical":"https:\/\/blogdobispo.com.br\/?p=17389","og_locale":"pt_BR","og_type":"article","og_title":"Justi\u00e7a determina exclus\u00e3o de fake news contra vereadora Camila Ara\u00fajo - Blog do Bispo","og_description":"&nbsp; A Justi\u00e7a do Rio Grande do Norte reconheceu como inver\u00eddicas publica\u00e7\u00f5es feitas por blogs ligados \u00e0 oposi\u00e7\u00e3o na C\u00e2mara Municipal de Natal e determinou a imediata exclus\u00e3o dos conte\u00fados que atacavam a vereadora Camila Ara\u00fajo. A decis\u00e3o foi proferida pela 16\u00aa Vara C\u00edvel de Natal nesta quarta-feira (27), em car\u00e1ter de tutela de urg\u00eancia. [&hellip;]","og_url":"https:\/\/blogdobispo.com.br\/?p=17389","og_site_name":"Blog do Bispo","article_published_time":"2025-08-27T17:13:49+00:00","article_modified_time":"2025-08-27T17:15:52+00:00","og_image":[{"url":"https:\/\/blogdobispo.com.br\/wp-content\/uploads\/2025\/08\/img_6247-1.jpg","type":"","width":"","height":""}],"author":"Jefferson Sterfeno","twitter_card":"summary_large_image","twitter_misc":{"Escrito por":"Jefferson Sterfeno","Est. tempo de leitura":"2 minutos"},"schema":{"@context":"https:\/\/schema.org","@graph":[{"@type":"Article","@id":"https:\/\/blogdobispo.com.br\/?p=17389#article","isPartOf":{"@id":"https:\/\/blogdobispo.com.br\/?p=17389"},"author":{"name":"Jefferson Sterfeno","@id":"https:\/\/blogdobispo.com.br\/#\/schema\/person\/e2209cc0e6cea5c5233d033e997b373f"},"headline":"Justi\u00e7a determina exclus\u00e3o de fake news contra vereadora Camila Ara\u00fajo","datePublished":"2025-08-27T17:13:49+00:00","dateModified":"2025-08-27T17:15:52+00:00","mainEntityOfPage":{"@id":"https:\/\/blogdobispo.com.br\/?p=17389"},"wordCount":313,"commentCount":0,"publisher":{"@id":"https:\/\/blogdobispo.com.br\/#organization"},"image":{"@id":"https:\/\/blogdobispo.com.br\/?p=17389#primaryimage"},"thumbnailUrl":"https:\/\/i0.wp.com\/blogdobispo.com.br\/wp-content\/uploads\/2025\/08\/img_6247.jpg?fit=624%2C491&ssl=1","articleSection":["diversos"],"inLanguage":"pt-BR","potentialAction":[{"@type":"CommentAction","name":"Comment","target":["https:\/\/blogdobispo.com.br\/?p=17389#respond"]}]},{"@type":"WebPage","@id":"https:\/\/blogdobispo.com.br\/?p=17389","url":"https:\/\/blogdobispo.com.br\/?p=17389","name":"Justi\u00e7a determina exclus\u00e3o de fake news contra vereadora Camila Ara\u00fajo - Blog do Bispo","isPartOf":{"@id":"https:\/\/blogdobispo.com.br\/#website"},"primaryImageOfPage":{"@id":"https:\/\/blogdobispo.com.br\/?p=17389#primaryimage"},"image":{"@id":"https:\/\/blogdobispo.com.br\/?p=17389#primaryimage"},"thumbnailUrl":"https:\/\/i0.wp.com\/blogdobispo.com.br\/wp-content\/uploads\/2025\/08\/img_6247.jpg?fit=624%2C491&ssl=1","datePublished":"2025-08-27T17:13:49+00:00","dateModified":"2025-08-27T17:15:52+00:00","breadcrumb":{"@id":"https:\/\/blogdobispo.com.br\/?p=17389#breadcrumb"},"inLanguage":"pt-BR","potentialAction":[{"@type":"ReadAction","target":["https:\/\/blogdobispo.com.br\/?p=17389"]}]},{"@type":"ImageObject","inLanguage":"pt-BR","@id":"https:\/\/blogdobispo.com.br\/?p=17389#primaryimage","url":"https:\/\/i0.wp.com\/blogdobispo.com.br\/wp-content\/uploads\/2025\/08\/img_6247.jpg?fit=624%2C491&ssl=1","contentUrl":"https:\/\/i0.wp.com\/blogdobispo.com.br\/wp-content\/uploads\/2025\/08\/img_6247.jpg?fit=624%2C491&ssl=1","width":624,"height":491},{"@type":"BreadcrumbList","@id":"https:\/\/blogdobispo.com.br\/?p=17389#breadcrumb","itemListElement":[{"@type":"ListItem","position":1,"name":"In\u00edcio","item":"https:\/\/blogdobispo.com.br\/"},{"@type":"ListItem","position":2,"name":"Justi\u00e7a determina exclus\u00e3o de fake news contra vereadora Camila Ara\u00fajo"}]},{"@type":"WebSite","@id":"https:\/\/blogdobispo.com.br\/#website","url":"https:\/\/blogdobispo.com.br\/","name":"Blog do Bispo","description":"Comprometido apenas com o leitor","publisher":{"@id":"https:\/\/blogdobispo.com.br\/#organization"},"potentialAction":[{"@type":"SearchAction","target":{"@type":"EntryPoint","urlTemplate":"https:\/\/blogdobispo.com.br\/?s={search_term_string}"},"query-input":{"@type":"PropertyValueSpecification","valueRequired":true,"valueName":"search_term_string"}}],"inLanguage":"pt-BR"},{"@type":"Organization","@id":"https:\/\/blogdobispo.com.br\/#organization","name":"Blog do Bispo","url":"https:\/\/blogdobispo.com.br\/","logo":{"@type":"ImageObject","inLanguage":"pt-BR","@id":"https:\/\/blogdobispo.com.br\/#\/schema\/logo\/image\/","url":"http:\/\/blogdobispo.com.br\/wp-content\/uploads\/2023\/05\/cropped-headear.png","contentUrl":"http:\/\/blogdobispo.com.br\/wp-content\/uploads\/2023\/05\/cropped-headear.png","width":1500,"height":399,"caption":"Blog do Bispo"},"image":{"@id":"https:\/\/blogdobispo.com.br\/#\/schema\/logo\/image\/"}},{"@type":"Person","@id":"https:\/\/blogdobispo.com.br\/#\/schema\/person\/e2209cc0e6cea5c5233d033e997b373f","name":"Jefferson Sterfeno","image":{"@type":"ImageObject","inLanguage":"pt-BR","@id":"https:\/\/blogdobispo.com.br\/#\/schema\/person\/image\/","url":"https:\/\/secure.gravatar.com\/avatar\/0534e84764641168a677026b6d57a3f51dc7ac4db0b4f6186d9cb330d4ee1160?s=96&d=mm&r=g","contentUrl":"https:\/\/secure.gravatar.com\/avatar\/0534e84764641168a677026b6d57a3f51dc7ac4db0b4f6186d9cb330d4ee1160?s=96&d=mm&r=g","caption":"Jefferson Sterfeno"},"sameAs":["http:\/\/blogdobispo.com.br"],"url":"https:\/\/blogdobispo.com.br\/?author=1"}]}},"featured_image_urls":{"full":["https:\/\/i0.wp.com\/blogdobispo.com.br\/wp-content\/uploads\/2025\/08\/img_6247.jpg?fit=624%2C491&ssl=1",624,491,false],"thumbnail":["https:\/\/i0.wp.com\/blogdobispo.com.br\/wp-content\/uploads\/2025\/08\/img_6247.jpg?resize=150%2C150&ssl=1",150,150,true],"medium":["https:\/\/i0.wp.com\/blogdobispo.com.br\/wp-content\/uploads\/2025\/08\/img_6247.jpg?fit=300%2C236&ssl=1",300,236,true],"medium_large":["https:\/\/i0.wp.com\/blogdobispo.com.br\/wp-content\/uploads\/2025\/08\/img_6247.jpg?fit=624%2C491&ssl=1",624,491,true],"large":["https:\/\/i0.wp.com\/blogdobispo.com.br\/wp-content\/uploads\/2025\/08\/img_6247.jpg?fit=624%2C491&ssl=1",624,491,true],"1536x1536":["https:\/\/i0.wp.com\/blogdobispo.com.br\/wp-content\/uploads\/2025\/08\/img_6247.jpg?fit=624%2C491&ssl=1",624,491,true],"2048x2048":["https:\/\/i0.wp.com\/blogdobispo.com.br\/wp-content\/uploads\/2025\/08\/img_6247.jpg?fit=624%2C491&ssl=1",624,491,true]},"author_info":{"display_name":"Jefferson Sterfeno","author_link":"https:\/\/blogdobispo.com.br\/?author=1"},"category_info":"<a href=\"https:\/\/blogdobispo.com.br\/?cat=1\" rel=\"category\">diversos<\/a>","tag_info":"diversos","comment_count":"0","jetpack_featured_media_url":"https:\/\/i0.wp.com\/blogdobispo.com.br\/wp-content\/uploads\/2025\/08\/img_6247.jpg?fit=624%2C491&ssl=1","jetpack_sharing_enabled":true,"_links":{"self":[{"href":"https:\/\/blogdobispo.com.br\/index.php?rest_route=\/wp\/v2\/posts\/17389","targetHints":{"allow":["GET"]}}],"collection":[{"href":"https:\/\/blogdobispo.com.br\/index.php?rest_route=\/wp\/v2\/posts"}],"about":[{"href":"https:\/\/blogdobispo.com.br\/index.php?rest_route=\/wp\/v2\/types\/post"}],"author":[{"embeddable":true,"href":"https:\/\/blogdobispo.com.br\/index.php?rest_route=\/wp\/v2\/users\/1"}],"replies":[{"embeddable":true,"href":"https:\/\/blogdobispo.com.br\/index.php?rest_route=%2Fwp%2Fv2%2Fcomments&post=17389"}],"version-history":[{"count":2,"href":"https:\/\/blogdobispo.com.br\/index.php?rest_route=\/wp\/v2\/posts\/17389\/revisions"}],"predecessor-version":[{"id":17393,"href":"https:\/\/blogdobispo.com.br\/index.php?rest_route=\/wp\/v2\/posts\/17389\/revisions\/17393"}],"wp:featuredmedia":[{"embeddable":true,"href":"https:\/\/blogdobispo.com.br\/index.php?rest_route=\/wp\/v2\/media\/17391"}],"wp:attachment":[{"href":"https:\/\/blogdobispo.com.br\/index.php?rest_route=%2Fwp%2Fv2%2Fmedia&parent=17389"}],"wp:term":[{"taxonomy":"category","embeddable":true,"href":"https:\/\/blogdobispo.com.br\/index.php?rest_route=%2Fwp%2Fv2%2Fcategories&post=17389"},{"taxonomy":"post_tag","embeddable":true,"href":"https:\/\/blogdobispo.com.br\/index.php?rest_route=%2Fwp%2Fv2%2Ftags&post=17389"}],"curies":[{"name":"wp","href":"https:\/\/api.w.org\/{rel}","templated":true}]}}