{"id":17348,"date":"2025-08-25T13:14:57","date_gmt":"2025-08-25T13:14:57","guid":{"rendered":"https:\/\/blogdobispo.com.br\/?p=17348"},"modified":"2025-08-25T13:14:57","modified_gmt":"2025-08-25T13:14:57","slug":"evento-mulheres-que-marcam-se-consolida-como-um-dos-maiores-encontros-de-empreendedorismo-do-nordeste","status":"publish","type":"post","link":"https:\/\/blogdobispo.com.br\/?p=17348","title":{"rendered":"Evento &#8216;Mulheres que Marcam&#8217; se consolida como um dos maiores encontros de empreendedorismo do nordeste"},"content":{"rendered":"\n<figure class=\"wp-block-image size-large\"><img data-recalc-dims=\"1\" fetchpriority=\"high\" decoding=\"async\" width=\"800\" height=\"534\" src=\"https:\/\/i0.wp.com\/blogdobispo.com.br\/wp-content\/uploads\/2025\/08\/55b2a18e-01b2-479e-8570-af17d6a9b8ac-1024x684.jpg?resize=800%2C534&#038;ssl=1\" class=\"wp-image-17347\" srcset=\"https:\/\/i0.wp.com\/blogdobispo.com.br\/wp-content\/uploads\/2025\/08\/55b2a18e-01b2-479e-8570-af17d6a9b8ac.jpg?resize=1024%2C684&amp;ssl=1 1024w, https:\/\/i0.wp.com\/blogdobispo.com.br\/wp-content\/uploads\/2025\/08\/55b2a18e-01b2-479e-8570-af17d6a9b8ac.jpg?resize=300%2C200&amp;ssl=1 300w, https:\/\/i0.wp.com\/blogdobispo.com.br\/wp-content\/uploads\/2025\/08\/55b2a18e-01b2-479e-8570-af17d6a9b8ac.jpg?resize=768%2C513&amp;ssl=1 768w, https:\/\/i0.wp.com\/blogdobispo.com.br\/wp-content\/uploads\/2025\/08\/55b2a18e-01b2-479e-8570-af17d6a9b8ac.jpg?resize=1536%2C1025&amp;ssl=1 1536w, https:\/\/i0.wp.com\/blogdobispo.com.br\/wp-content\/uploads\/2025\/08\/55b2a18e-01b2-479e-8570-af17d6a9b8ac.jpg?w=1600&amp;ssl=1 1600w\" sizes=\"(max-width: 800px) 100vw, 800px\" \/><\/figure>\n\n\n\n<p><\/p>\n\n\n\n<p><em>Mais de mil mulheres participaram da 9\u00aa edi\u00e7\u00e3o em Natal, que movimenta a economia potiguar e fortalece a lideran\u00e7a feminina<\/em><\/p>\n\n\n\n<p>Mais de mil mulheres se reuniram no \u00faltimo domingo (17), no Teatro Riachuelo, em Natal, para participar da 9\u00aa edi\u00e7\u00e3o do Encontro Mulheres que Marcam, j\u00e1 reconhecido como um dos maiores eventos de empreendedorismo do Nordeste. Com foco em posicionamento de marca pessoal e lideran\u00e7a feminina, o encontro refor\u00e7a sua relev\u00e2ncia ao inspirar mulheres e movimentar a economia do Rio Grande do Norte, impulsionando neg\u00f3cios comandados por empreendedoras em diferentes \u00e1reas.<\/p>\n\n\n\n<p><em>Empreendedorismo feminino como motor da economia<\/em><\/p>\n\n\n\n<p>Dividido em tr\u00eas pilares centrais \u2014 Identificar, Posicionar e Comunicar \u2014, o evento proporcionou uma imers\u00e3o estrat\u00e9gica para fortalecer a marca pessoal e a lideran\u00e7a feminina. Ao atrair participantes de v\u00e1rias cidades, o encontro ultrapassa fronteiras e se consolida como vitrine de protagonismo e de impacto econ\u00f4mico para Natal e para o estado.<\/p>\n\n\n\n<p>Para a idealizadora e fundadora do projeto, K\u00eania Raissa, a import\u00e2ncia vai muito al\u00e9m do aprendizado. \u201cCada edi\u00e7\u00e3o \u00e9 um espa\u00e7o para que mulheres percebam seu valor, expandam sua rede de contatos e fortale\u00e7am seus neg\u00f3cios. Ver participantes de outras cidades voltando para casa motivadas mostra que estamos impactando a economia e empoderando mulheres em todos os n\u00edveis\u201d, afirmou.<\/p>\n\n\n\n<p><em>Conte\u00fado, conex\u00f5es e experi\u00eancias<\/em><\/p>\n\n\n\n<p>Entre os momentos mais aguardados, a estrategista de marketing digital Duda Vieira trouxe a palestra \u201cO poder da comunidade para criar autoridade e diferencia\u00e7\u00e3o de marca pessoal\u201d, que atraiu grande aten\u00e7\u00e3o do p\u00fablico. Ap\u00f3s a apresenta\u00e7\u00e3o, ela interagiu com as participantes e posou para fotos.<\/p>\n\n\n\n<p>No dia seguinte, Duda participou ainda de um Talk Show no Restaurante Nau, reunindo executivas da Rede Mulheres que Marcam em um encontro exclusivo, repleto de insights e trocas de experi\u00eancias.<\/p>\n\n\n\n<p><em>Um evento que movimenta Natal<\/em><\/p>\n\n\n\n<p>O Encontro Mulheres que Marcam j\u00e1 \u00e9 apontado como um catalisador da economia local. A presen\u00e7a de mais de mil participantes impacta n\u00e3o apenas o setor de eventos, mas tamb\u00e9m \u00e1reas como turismo, hotelaria, gastronomia e transporte. Al\u00e9m disso, pequenos, m\u00e9dios e grandes neg\u00f3cios liderados por mulheres encontram no encontro uma oportunidade para expans\u00e3o e novas parcerias.<\/p>\n\n\n\n<p>Especialistas destacam que iniciativas deste porte ampliam o acesso a conhecimento, reduzem desigualdades de g\u00eanero no mercado e fortalecem a presen\u00e7a feminina no mundo dos neg\u00f3cios.<\/p>\n\n\n\n<p><em>Expectativas para a 10\u00aa Edi\u00e7\u00e3o<\/em><\/p>\n\n\n\n<p>Animada com o crescimento do projeto, K\u00eania Raissa confirmou que a pr\u00f3xima edi\u00e7\u00e3o ser\u00e1 ainda maior, com data a ser divulgada em breve. A expectativa \u00e9 atrair um p\u00fablico ainda mais expressivo, ampliando o impacto econ\u00f4mico e social que o evento j\u00e1 exerce no estado.<\/p>\n\n\n\n<p>\u201cEstamos preparando algo grandioso, para que cada mulher saia n\u00e3o apenas com conhecimento, mas com ferramentas reais para transformar sua trajet\u00f3ria e seus neg\u00f3cios\u201d, adiantou a fundadora.<\/p>\n\n\n\n<p><em>Confira mais detalhes pelo o Instagram, acesse:<\/em> @redemulheresquemarcam<\/p>\n","protected":false},"excerpt":{"rendered":"<p>Mais de mil mulheres participaram da 9\u00aa edi\u00e7\u00e3o em Natal, que movimenta a economia potiguar e fortalece a lideran\u00e7a feminina Mais de mil mulheres se reuniram no \u00faltimo domingo (17), no Teatro Riachuelo, em Natal, para participar da 9\u00aa edi\u00e7\u00e3o do Encontro Mulheres que Marcam, j\u00e1 reconhecido como um dos maiores eventos de empreendedorismo do [&hellip;]<\/p>\n","protected":false},"author":1,"featured_media":17347,"comment_status":"open","ping_status":"open","sticky":false,"template":"","format":"standard","meta":{"cybocfi_hide_featured_image":"","_jetpack_memberships_contains_paid_content":false,"footnotes":""},"categories":[1],"tags":[],"class_list":["post-17348","post","type-post","status-publish","format-standard","has-post-thumbnail","hentry","category-diversos"],"yoast_head":"<!-- This site is optimized with the Yoast SEO plugin v25.6 - https:\/\/yoast.com\/wordpress\/plugins\/seo\/ -->\n<title>Evento &#039;Mulheres que Marcam&#039; se consolida como um dos maiores encontros de empreendedorismo do nordeste - Blog do Bispo<\/title>\n<meta name=\"robots\" content=\"index, follow, max-snippet:-1, max-image-preview:large, max-video-preview:-1\" \/>\n<link rel=\"canonical\" href=\"https:\/\/blogdobispo.com.br\/?p=17348\" \/>\n<meta property=\"og:locale\" content=\"pt_BR\" \/>\n<meta property=\"og:type\" content=\"article\" \/>\n<meta property=\"og:title\" content=\"Evento &#039;Mulheres que Marcam&#039; se consolida como um dos maiores encontros de empreendedorismo do nordeste - Blog do Bispo\" \/>\n<meta property=\"og:description\" content=\"Mais de mil mulheres participaram da 9\u00aa edi\u00e7\u00e3o em Natal, que movimenta a economia potiguar e fortalece a lideran\u00e7a feminina Mais de mil mulheres se reuniram no \u00faltimo domingo (17), no Teatro Riachuelo, em Natal, para participar da 9\u00aa edi\u00e7\u00e3o do Encontro Mulheres que Marcam, j\u00e1 reconhecido como um dos maiores eventos de empreendedorismo do [&hellip;]\" \/>\n<meta property=\"og:url\" content=\"https:\/\/blogdobispo.com.br\/?p=17348\" \/>\n<meta property=\"og:site_name\" content=\"Blog do Bispo\" \/>\n<meta property=\"article:published_time\" content=\"2025-08-25T13:14:57+00:00\" \/>\n<meta property=\"og:image\" content=\"https:\/\/blogdobispo.com.br\/wp-content\/uploads\/2025\/08\/55b2a18e-01b2-479e-8570-af17d6a9b8ac-1024x684.jpg\" \/>\n<meta name=\"author\" content=\"Jefferson Sterfeno\" \/>\n<meta name=\"twitter:card\" content=\"summary_large_image\" \/>\n<meta name=\"twitter:label1\" content=\"Escrito por\" \/>\n\t<meta name=\"twitter:data1\" content=\"Jefferson Sterfeno\" \/>\n\t<meta name=\"twitter:label2\" content=\"Est. tempo de leitura\" \/>\n\t<meta name=\"twitter:data2\" content=\"3 minutos\" \/>\n<script type=\"application\/ld+json\" class=\"yoast-schema-graph\">{\"@context\":\"https:\/\/schema.org\",\"@graph\":[{\"@type\":\"Article\",\"@id\":\"https:\/\/blogdobispo.com.br\/?p=17348#article\",\"isPartOf\":{\"@id\":\"https:\/\/blogdobispo.com.br\/?p=17348\"},\"author\":{\"name\":\"Jefferson Sterfeno\",\"@id\":\"https:\/\/blogdobispo.com.br\/#\/schema\/person\/e2209cc0e6cea5c5233d033e997b373f\"},\"headline\":\"Evento &#8216;Mulheres que Marcam&#8217; se consolida como um dos maiores encontros de empreendedorismo do nordeste\",\"datePublished\":\"2025-08-25T13:14:57+00:00\",\"mainEntityOfPage\":{\"@id\":\"https:\/\/blogdobispo.com.br\/?p=17348\"},\"wordCount\":517,\"commentCount\":0,\"publisher\":{\"@id\":\"https:\/\/blogdobispo.com.br\/#organization\"},\"image\":{\"@id\":\"https:\/\/blogdobispo.com.br\/?p=17348#primaryimage\"},\"thumbnailUrl\":\"https:\/\/i0.wp.com\/blogdobispo.com.br\/wp-content\/uploads\/2025\/08\/55b2a18e-01b2-479e-8570-af17d6a9b8ac.jpg?fit=1600%2C1068&ssl=1\",\"articleSection\":[\"diversos\"],\"inLanguage\":\"pt-BR\",\"potentialAction\":[{\"@type\":\"CommentAction\",\"name\":\"Comment\",\"target\":[\"https:\/\/blogdobispo.com.br\/?p=17348#respond\"]}]},{\"@type\":\"WebPage\",\"@id\":\"https:\/\/blogdobispo.com.br\/?p=17348\",\"url\":\"https:\/\/blogdobispo.com.br\/?p=17348\",\"name\":\"Evento 'Mulheres que Marcam' se consolida como um dos maiores encontros de empreendedorismo do nordeste - Blog do Bispo\",\"isPartOf\":{\"@id\":\"https:\/\/blogdobispo.com.br\/#website\"},\"primaryImageOfPage\":{\"@id\":\"https:\/\/blogdobispo.com.br\/?p=17348#primaryimage\"},\"image\":{\"@id\":\"https:\/\/blogdobispo.com.br\/?p=17348#primaryimage\"},\"thumbnailUrl\":\"https:\/\/i0.wp.com\/blogdobispo.com.br\/wp-content\/uploads\/2025\/08\/55b2a18e-01b2-479e-8570-af17d6a9b8ac.jpg?fit=1600%2C1068&ssl=1\",\"datePublished\":\"2025-08-25T13:14:57+00:00\",\"breadcrumb\":{\"@id\":\"https:\/\/blogdobispo.com.br\/?p=17348#breadcrumb\"},\"inLanguage\":\"pt-BR\",\"potentialAction\":[{\"@type\":\"ReadAction\",\"target\":[\"https:\/\/blogdobispo.com.br\/?p=17348\"]}]},{\"@type\":\"ImageObject\",\"inLanguage\":\"pt-BR\",\"@id\":\"https:\/\/blogdobispo.com.br\/?p=17348#primaryimage\",\"url\":\"https:\/\/i0.wp.com\/blogdobispo.com.br\/wp-content\/uploads\/2025\/08\/55b2a18e-01b2-479e-8570-af17d6a9b8ac.jpg?fit=1600%2C1068&ssl=1\",\"contentUrl\":\"https:\/\/i0.wp.com\/blogdobispo.com.br\/wp-content\/uploads\/2025\/08\/55b2a18e-01b2-479e-8570-af17d6a9b8ac.jpg?fit=1600%2C1068&ssl=1\",\"width\":1600,\"height\":1068},{\"@type\":\"BreadcrumbList\",\"@id\":\"https:\/\/blogdobispo.com.br\/?p=17348#breadcrumb\",\"itemListElement\":[{\"@type\":\"ListItem\",\"position\":1,\"name\":\"In\u00edcio\",\"item\":\"https:\/\/blogdobispo.com.br\/\"},{\"@type\":\"ListItem\",\"position\":2,\"name\":\"Evento &#8216;Mulheres que Marcam&#8217; se consolida como um dos maiores encontros de empreendedorismo do nordeste\"}]},{\"@type\":\"WebSite\",\"@id\":\"https:\/\/blogdobispo.com.br\/#website\",\"url\":\"https:\/\/blogdobispo.com.br\/\",\"name\":\"Blog do Bispo\",\"description\":\"Comprometido apenas com o leitor\",\"publisher\":{\"@id\":\"https:\/\/blogdobispo.com.br\/#organization\"},\"potentialAction\":[{\"@type\":\"SearchAction\",\"target\":{\"@type\":\"EntryPoint\",\"urlTemplate\":\"https:\/\/blogdobispo.com.br\/?s={search_term_string}\"},\"query-input\":{\"@type\":\"PropertyValueSpecification\",\"valueRequired\":true,\"valueName\":\"search_term_string\"}}],\"inLanguage\":\"pt-BR\"},{\"@type\":\"Organization\",\"@id\":\"https:\/\/blogdobispo.com.br\/#organization\",\"name\":\"Blog do Bispo\",\"url\":\"https:\/\/blogdobispo.com.br\/\",\"logo\":{\"@type\":\"ImageObject\",\"inLanguage\":\"pt-BR\",\"@id\":\"https:\/\/blogdobispo.com.br\/#\/schema\/logo\/image\/\",\"url\":\"http:\/\/blogdobispo.com.br\/wp-content\/uploads\/2023\/05\/cropped-headear.png\",\"contentUrl\":\"http:\/\/blogdobispo.com.br\/wp-content\/uploads\/2023\/05\/cropped-headear.png\",\"width\":1500,\"height\":399,\"caption\":\"Blog do Bispo\"},\"image\":{\"@id\":\"https:\/\/blogdobispo.com.br\/#\/schema\/logo\/image\/\"}},{\"@type\":\"Person\",\"@id\":\"https:\/\/blogdobispo.com.br\/#\/schema\/person\/e2209cc0e6cea5c5233d033e997b373f\",\"name\":\"Jefferson Sterfeno\",\"image\":{\"@type\":\"ImageObject\",\"inLanguage\":\"pt-BR\",\"@id\":\"https:\/\/blogdobispo.com.br\/#\/schema\/person\/image\/\",\"url\":\"https:\/\/secure.gravatar.com\/avatar\/0534e84764641168a677026b6d57a3f51dc7ac4db0b4f6186d9cb330d4ee1160?s=96&d=mm&r=g\",\"contentUrl\":\"https:\/\/secure.gravatar.com\/avatar\/0534e84764641168a677026b6d57a3f51dc7ac4db0b4f6186d9cb330d4ee1160?s=96&d=mm&r=g\",\"caption\":\"Jefferson Sterfeno\"},\"sameAs\":[\"http:\/\/blogdobispo.com.br\"],\"url\":\"https:\/\/blogdobispo.com.br\/?author=1\"}]}<\/script>\n<!-- \/ Yoast SEO plugin. -->","yoast_head_json":{"title":"Evento 'Mulheres que Marcam' se consolida como um dos maiores encontros de empreendedorismo do nordeste - Blog do Bispo","robots":{"index":"index","follow":"follow","max-snippet":"max-snippet:-1","max-image-preview":"max-image-preview:large","max-video-preview":"max-video-preview:-1"},"canonical":"https:\/\/blogdobispo.com.br\/?p=17348","og_locale":"pt_BR","og_type":"article","og_title":"Evento 'Mulheres que Marcam' se consolida como um dos maiores encontros de empreendedorismo do nordeste - Blog do Bispo","og_description":"Mais de mil mulheres participaram da 9\u00aa edi\u00e7\u00e3o em Natal, que movimenta a economia potiguar e fortalece a lideran\u00e7a feminina Mais de mil mulheres se reuniram no \u00faltimo domingo (17), no Teatro Riachuelo, em Natal, para participar da 9\u00aa edi\u00e7\u00e3o do Encontro Mulheres que Marcam, j\u00e1 reconhecido como um dos maiores eventos de empreendedorismo do [&hellip;]","og_url":"https:\/\/blogdobispo.com.br\/?p=17348","og_site_name":"Blog do Bispo","article_published_time":"2025-08-25T13:14:57+00:00","og_image":[{"url":"https:\/\/blogdobispo.com.br\/wp-content\/uploads\/2025\/08\/55b2a18e-01b2-479e-8570-af17d6a9b8ac-1024x684.jpg","type":"","width":"","height":""}],"author":"Jefferson Sterfeno","twitter_card":"summary_large_image","twitter_misc":{"Escrito por":"Jefferson Sterfeno","Est. tempo de leitura":"3 minutos"},"schema":{"@context":"https:\/\/schema.org","@graph":[{"@type":"Article","@id":"https:\/\/blogdobispo.com.br\/?p=17348#article","isPartOf":{"@id":"https:\/\/blogdobispo.com.br\/?p=17348"},"author":{"name":"Jefferson Sterfeno","@id":"https:\/\/blogdobispo.com.br\/#\/schema\/person\/e2209cc0e6cea5c5233d033e997b373f"},"headline":"Evento &#8216;Mulheres que Marcam&#8217; se consolida como um dos maiores encontros de empreendedorismo do nordeste","datePublished":"2025-08-25T13:14:57+00:00","mainEntityOfPage":{"@id":"https:\/\/blogdobispo.com.br\/?p=17348"},"wordCount":517,"commentCount":0,"publisher":{"@id":"https:\/\/blogdobispo.com.br\/#organization"},"image":{"@id":"https:\/\/blogdobispo.com.br\/?p=17348#primaryimage"},"thumbnailUrl":"https:\/\/i0.wp.com\/blogdobispo.com.br\/wp-content\/uploads\/2025\/08\/55b2a18e-01b2-479e-8570-af17d6a9b8ac.jpg?fit=1600%2C1068&ssl=1","articleSection":["diversos"],"inLanguage":"pt-BR","potentialAction":[{"@type":"CommentAction","name":"Comment","target":["https:\/\/blogdobispo.com.br\/?p=17348#respond"]}]},{"@type":"WebPage","@id":"https:\/\/blogdobispo.com.br\/?p=17348","url":"https:\/\/blogdobispo.com.br\/?p=17348","name":"Evento 'Mulheres que Marcam' se consolida como um dos maiores encontros de empreendedorismo do nordeste - Blog do Bispo","isPartOf":{"@id":"https:\/\/blogdobispo.com.br\/#website"},"primaryImageOfPage":{"@id":"https:\/\/blogdobispo.com.br\/?p=17348#primaryimage"},"image":{"@id":"https:\/\/blogdobispo.com.br\/?p=17348#primaryimage"},"thumbnailUrl":"https:\/\/i0.wp.com\/blogdobispo.com.br\/wp-content\/uploads\/2025\/08\/55b2a18e-01b2-479e-8570-af17d6a9b8ac.jpg?fit=1600%2C1068&ssl=1","datePublished":"2025-08-25T13:14:57+00:00","breadcrumb":{"@id":"https:\/\/blogdobispo.com.br\/?p=17348#breadcrumb"},"inLanguage":"pt-BR","potentialAction":[{"@type":"ReadAction","target":["https:\/\/blogdobispo.com.br\/?p=17348"]}]},{"@type":"ImageObject","inLanguage":"pt-BR","@id":"https:\/\/blogdobispo.com.br\/?p=17348#primaryimage","url":"https:\/\/i0.wp.com\/blogdobispo.com.br\/wp-content\/uploads\/2025\/08\/55b2a18e-01b2-479e-8570-af17d6a9b8ac.jpg?fit=1600%2C1068&ssl=1","contentUrl":"https:\/\/i0.wp.com\/blogdobispo.com.br\/wp-content\/uploads\/2025\/08\/55b2a18e-01b2-479e-8570-af17d6a9b8ac.jpg?fit=1600%2C1068&ssl=1","width":1600,"height":1068},{"@type":"BreadcrumbList","@id":"https:\/\/blogdobispo.com.br\/?p=17348#breadcrumb","itemListElement":[{"@type":"ListItem","position":1,"name":"In\u00edcio","item":"https:\/\/blogdobispo.com.br\/"},{"@type":"ListItem","position":2,"name":"Evento &#8216;Mulheres que Marcam&#8217; se consolida como um dos maiores encontros de empreendedorismo do nordeste"}]},{"@type":"WebSite","@id":"https:\/\/blogdobispo.com.br\/#website","url":"https:\/\/blogdobispo.com.br\/","name":"Blog do Bispo","description":"Comprometido apenas com o leitor","publisher":{"@id":"https:\/\/blogdobispo.com.br\/#organization"},"potentialAction":[{"@type":"SearchAction","target":{"@type":"EntryPoint","urlTemplate":"https:\/\/blogdobispo.com.br\/?s={search_term_string}"},"query-input":{"@type":"PropertyValueSpecification","valueRequired":true,"valueName":"search_term_string"}}],"inLanguage":"pt-BR"},{"@type":"Organization","@id":"https:\/\/blogdobispo.com.br\/#organization","name":"Blog do Bispo","url":"https:\/\/blogdobispo.com.br\/","logo":{"@type":"ImageObject","inLanguage":"pt-BR","@id":"https:\/\/blogdobispo.com.br\/#\/schema\/logo\/image\/","url":"http:\/\/blogdobispo.com.br\/wp-content\/uploads\/2023\/05\/cropped-headear.png","contentUrl":"http:\/\/blogdobispo.com.br\/wp-content\/uploads\/2023\/05\/cropped-headear.png","width":1500,"height":399,"caption":"Blog do Bispo"},"image":{"@id":"https:\/\/blogdobispo.com.br\/#\/schema\/logo\/image\/"}},{"@type":"Person","@id":"https:\/\/blogdobispo.com.br\/#\/schema\/person\/e2209cc0e6cea5c5233d033e997b373f","name":"Jefferson Sterfeno","image":{"@type":"ImageObject","inLanguage":"pt-BR","@id":"https:\/\/blogdobispo.com.br\/#\/schema\/person\/image\/","url":"https:\/\/secure.gravatar.com\/avatar\/0534e84764641168a677026b6d57a3f51dc7ac4db0b4f6186d9cb330d4ee1160?s=96&d=mm&r=g","contentUrl":"https:\/\/secure.gravatar.com\/avatar\/0534e84764641168a677026b6d57a3f51dc7ac4db0b4f6186d9cb330d4ee1160?s=96&d=mm&r=g","caption":"Jefferson Sterfeno"},"sameAs":["http:\/\/blogdobispo.com.br"],"url":"https:\/\/blogdobispo.com.br\/?author=1"}]}},"featured_image_urls":{"full":["https:\/\/i0.wp.com\/blogdobispo.com.br\/wp-content\/uploads\/2025\/08\/55b2a18e-01b2-479e-8570-af17d6a9b8ac.jpg?fit=1600%2C1068&ssl=1",1600,1068,false],"thumbnail":["https:\/\/i0.wp.com\/blogdobispo.com.br\/wp-content\/uploads\/2025\/08\/55b2a18e-01b2-479e-8570-af17d6a9b8ac.jpg?resize=150%2C150&ssl=1",150,150,true],"medium":["https:\/\/i0.wp.com\/blogdobispo.com.br\/wp-content\/uploads\/2025\/08\/55b2a18e-01b2-479e-8570-af17d6a9b8ac.jpg?fit=300%2C200&ssl=1",300,200,true],"medium_large":["https:\/\/i0.wp.com\/blogdobispo.com.br\/wp-content\/uploads\/2025\/08\/55b2a18e-01b2-479e-8570-af17d6a9b8ac.jpg?fit=768%2C513&ssl=1",768,513,true],"large":["https:\/\/i0.wp.com\/blogdobispo.com.br\/wp-content\/uploads\/2025\/08\/55b2a18e-01b2-479e-8570-af17d6a9b8ac.jpg?fit=800%2C534&ssl=1",800,534,true],"1536x1536":["https:\/\/i0.wp.com\/blogdobispo.com.br\/wp-content\/uploads\/2025\/08\/55b2a18e-01b2-479e-8570-af17d6a9b8ac.jpg?fit=1536%2C1025&ssl=1",1536,1025,true],"2048x2048":["https:\/\/i0.wp.com\/blogdobispo.com.br\/wp-content\/uploads\/2025\/08\/55b2a18e-01b2-479e-8570-af17d6a9b8ac.jpg?fit=1600%2C1068&ssl=1",1600,1068,true]},"author_info":{"display_name":"Jefferson Sterfeno","author_link":"https:\/\/blogdobispo.com.br\/?author=1"},"category_info":"<a href=\"https:\/\/blogdobispo.com.br\/?cat=1\" rel=\"category\">diversos<\/a>","tag_info":"diversos","comment_count":"0","jetpack_featured_media_url":"https:\/\/i0.wp.com\/blogdobispo.com.br\/wp-content\/uploads\/2025\/08\/55b2a18e-01b2-479e-8570-af17d6a9b8ac.jpg?fit=1600%2C1068&ssl=1","jetpack_sharing_enabled":true,"_links":{"self":[{"href":"https:\/\/blogdobispo.com.br\/index.php?rest_route=\/wp\/v2\/posts\/17348","targetHints":{"allow":["GET"]}}],"collection":[{"href":"https:\/\/blogdobispo.com.br\/index.php?rest_route=\/wp\/v2\/posts"}],"about":[{"href":"https:\/\/blogdobispo.com.br\/index.php?rest_route=\/wp\/v2\/types\/post"}],"author":[{"embeddable":true,"href":"https:\/\/blogdobispo.com.br\/index.php?rest_route=\/wp\/v2\/users\/1"}],"replies":[{"embeddable":true,"href":"https:\/\/blogdobispo.com.br\/index.php?rest_route=%2Fwp%2Fv2%2Fcomments&post=17348"}],"version-history":[{"count":0,"href":"https:\/\/blogdobispo.com.br\/index.php?rest_route=\/wp\/v2\/posts\/17348\/revisions"}],"wp:featuredmedia":[{"embeddable":true,"href":"https:\/\/blogdobispo.com.br\/index.php?rest_route=\/wp\/v2\/media\/17347"}],"wp:attachment":[{"href":"https:\/\/blogdobispo.com.br\/index.php?rest_route=%2Fwp%2Fv2%2Fmedia&parent=17348"}],"wp:term":[{"taxonomy":"category","embeddable":true,"href":"https:\/\/blogdobispo.com.br\/index.php?rest_route=%2Fwp%2Fv2%2Fcategories&post=17348"},{"taxonomy":"post_tag","embeddable":true,"href":"https:\/\/blogdobispo.com.br\/index.php?rest_route=%2Fwp%2Fv2%2Ftags&post=17348"}],"curies":[{"name":"wp","href":"https:\/\/api.w.org\/{rel}","templated":true}]}}