{"id":17341,"date":"2025-08-25T12:42:04","date_gmt":"2025-08-25T12:42:04","guid":{"rendered":"https:\/\/blogdobispo.com.br\/?p=17341"},"modified":"2025-08-25T12:42:04","modified_gmt":"2025-08-25T12:42:04","slug":"rafael-motta-e-transferido-para-hospital-em-sao-paulo-quadro-segue-estavel","status":"publish","type":"post","link":"https:\/\/blogdobispo.com.br\/?p=17341","title":{"rendered":"Rafael Motta \u00e9 transferido para hospital em S\u00e3o Paulo; quadro segue est\u00e1vel"},"content":{"rendered":"<div id=\"td-outer-wrap\" class=\"td-theme-wrap\">\n<div id=\"tdb-autoload-article\" data-autoload=\"off\" data-autoload-org-post-id=\"854990\" data-autoload-tpl-id=\"1752\" data-autoload-type=\"\" data-autoload-count=\"5\" data-autoload-scroll-percent=\"50\">\n<div class=\"td-main-content-wrap td-container-wrap\">\n<div class=\"tdc-content-wrap\">\n<article id=\"template-id-1752\" class=\"post-1752 tdb_templates type-tdb_templates status-publish post\">\n<div id=\"tdi_77\" class=\"tdc-zone\">\n<div class=\"tdc_zone tdi_78  wpb_row td-pb-row\">\n<div id=\"tdi_103\" class=\"tdc-row stretch_row_1200 td-stretch-content\">\n<div class=\"vc_row tdi_104  wpb_row td-pb-row\">\n<div class=\"vc_column tdi_106  wpb_column vc_column_container tdc-column td-pb-span8\">\n<div class=\"wpb_wrapper\">\n<div class=\"td_block_wrap tdb_single_content tdi_114 td-pb-border-top td_block_template_1 td-post-content tagdiv-type\" data-td-block-uid=\"tdi_114\">\n<div class=\"tdb-block-inner td-fix-index\">\n<p>O ex-deputado federal Rafael Motta foi transferido para um hospital em S\u00e3o Paulo , onde ir\u00e1 continuar o tratamento de forma espec\u00edfica e intensiva ap\u00f3s sofrer um acidente durante a pr\u00e1tica de kitesurf em Natal, na \u00faltima sexta-feira (22). Ele est\u00e1 internado na Unidade de Terapia Intensiva (UTI) do Hospital Vila Nova Star, na capital paulista. O quadro do ex-parlamentar \u00e9 est\u00e1vel.<\/p>\n<div class=\"autozep-ov\">\n<div id=\"notsy_container_206265295\" class=\"TRI_VIDEO\" data-notsy-container-index=\"1\" data-notsy-mapped-container=\"1\">\n<div id=\"video_25760-container\" class=\"nts-container\" data-mobile=\"0\">\n<div id=\"video_25760-sub-container\" class=\"ym-video--sub-container\">\n<div id=\"video_25760-placeholder\"><\/div>\n<div id=\"video_25760-float-container\" class=\"nts-float-container\">\n<div class=\"ym-video--player-container\">\n<div id=\"video_25760\" class=\"video-js vjs-default-skin vjs-big-play-centered vjs-paused video_25760-dimensions vjs-fluid vjs-controls-enabled vjs-workinghover vjs-v7 vjs-user-active\" lang=\"pt-br\" tabindex=\"-1\" role=\"region\" aria-label=\"Video Player\">\n<div class=\"vjs-poster\" aria-disabled=\"false\"><\/div>\n<div class=\"vjs-text-track-display\" aria-live=\"off\" aria-atomic=\"true\">\n<div><\/div>\n<\/div>\n<\/div>\n<\/div>\n<\/div>\n<\/div>\n<\/div>\n<\/div>\n<\/div>\n<p>As informa\u00e7\u00f5es foram repassadas pelo \u00faltimo boletim m\u00e9dico divulgado pela assessoria do ex-parlamentar na manh\u00e3 desta segunda-feira (25). \u201cEle se encontra est\u00e1vel e j\u00e1 est\u00e1 internado na UTI do Hospital Vila Nova Star, em S\u00e3o Paulo. Seguimos confiantes e pedimos que continuemos em ora\u00e7\u00e3o pela sua plena recupera\u00e7\u00e3o\u201d, finalizou o comunicado.<\/p>\n<p>&nbsp;<\/p>\n<p>Motta sofreu um acidente durante a pr\u00e1tica de kitesurf na tarde de sexta-feira (22), nas imedia\u00e7\u00f5es do Forte dos Reis Magos. Ele foi encaminhado ao Hospital Walfredo Gurgel, em Natal, onde passou por exames de imagem.<\/p>\n<p>No \u00faltimo s\u00e1bado (23), o pol\u00edtico foi submetido a uma cirurgia tor\u00e1cica para \u201ccorre\u00e7\u00e3o de uma les\u00e3o no br\u00f4nquio, considerada a mais cr\u00edtica do quadro\u201d. O procedimento foi realizado com sucesso e sem intercorr\u00eancias.<\/p>\n<p><strong>Leia o \u00faltimo boletim m\u00e9dico\u00a0<\/strong><\/p>\n<p><em>BOLETIM M\u00c9DICO \u2013 RAFAEL MOTTA<\/em><\/p>\n<p><em>Informamos que a transfer\u00eancia aerom\u00e9dica de Rafael Motta foi realizada com sucesso, sem qualquer intercorr\u00eancia. Ele se encontra est\u00e1vel e j\u00e1 est\u00e1 internado na UTI do Hospital Vila Nova Star, em S\u00e3o Paulo.<\/em><\/p>\n<p><em>Seguimos confiantes e pedimos que continuemos em ora\u00e7\u00e3o pela sua plena recupera\u00e7\u00e3o.<\/em><\/p>\n<p><em>S\u00e3o Paulo, 25 de agosto de 2025<\/em><\/p>\n<\/div>\n<\/div>\n<div class=\"td_block_wrap tdb_single_post_share tdi_115  td-pb-border-top td_block_template_1\" data-td-block-uid=\"tdi_115\">\n<div id=\"tdi_115\" class=\"td-post-sharing tdb-block td-ps-bg td-ps-notext td-ps-rounded td-post-sharing-style3\">\n<div class=\"td-post-sharing-visible\">\n<div class=\"td-social-but-icon\"><\/div>\n<div class=\"td-social-but-icon\"><\/div>\n<div class=\"td-social-but-icon\"><\/div>\n<div class=\"td-social-but-icon\"><\/div>\n<\/div>\n<\/div>\n<\/div>\n<div class=\"wpb_wrapper td_block_wrap vc_raw_html tdi_117\">\n<div class=\"td-fix-index\">\n<div id=\"article-billboard03-desktop\"><\/div>\n<div class=\"autozep-outer\">\n<div id=\"tribunadonorte\/article-billboard03-desktop\" class=\"autozep-div\"><\/div>\n<\/div>\n<div id=\"article-billboard03-mobile\"><\/div>\n<\/div>\n<\/div>\n<div class=\"clearfix\"><\/div>\n<\/div>\n<\/div>\n<div class=\"vc_column tdi_119  wpb_column vc_column_container tdc-column td-pb-span4 td-is-sticky\">\n<div class=\"wpb_wrapper\" data-sticky-enabled-on=\"W3RydWUsdHJ1ZSx0cnVlLHRydWVd\" data-sticky-offset=\"20\" data-sticky-is-width-auto=\"W2ZhbHNlLGZhbHNlLGZhbHNlLGZhbHNlXQ==\">\n<div class=\"clearfix\"><\/div>\n<div class=\"wpb_wrapper td_block_wrap vc_raw_html tdi_123\">\n<div class=\"td-fix-index\">\n<div id=\"article-side01-desktop\"><\/div>\n<div class=\"autozep-outer\">\n<div id=\"tribunadonorte\/article-side01-desktop\" class=\"autozep-div\" data-google-query-id=\"CKLJqNX9pY8DFaFN3QIdmssKNw\">\n<div id=\"google_ads_iframe_\/1007775\/tribunadonorte\/article-side01-desktop_0__container__\"><\/div>\n<\/div>\n<\/div>\n<\/div>\n<\/div>\n<div class=\"td_block_wrap td_block_title tdi_124 td-pb-border-top td_block_template_5 td-fix-index\" data-td-block-uid=\"tdi_124\">\n<div class=\"td-block-title-wrap\"><\/div>\n<\/div>\n<\/div>\n<\/div>\n<\/div>\n<\/div>\n<\/div>\n<\/div>\n<\/article>\n<\/div>\n<\/div>\n<\/div>\n<div class=\"td-footer-template-wrap\">\n<div class=\"td-footer-wrap\">\n<div id=\"tdi_160\" class=\"tdc-zone\">\n<div class=\"tdc_zone tdi_161  wpb_row td-pb-row tdc-element-style\">\n<div id=\"tdi_180\" class=\"tdc-row stretch_row_1200 td-stretch-content\">\n<div class=\"vc_row tdi_181  wpb_row td-pb-row tdc-element-style tdc-row-content-vert-center\">\n<div class=\"vc_column tdi_186  wpb_column vc_column_container tdc-column td-pb-span9\">\n<div class=\"wpb_wrapper\">\n<div class=\"tdm_block td_block_wrap tdm_block_socials tdi_187 tdm-content-horiz-left td-pb-border-top td_block_template_1\" data-td-block-uid=\"tdi_187\">\n<div class=\"tdm-social-wrapper tds-social1 tdi_188\">\n<div class=\"tdm-social-item-wrap\"><\/div>\n<p>Tribuna do Norte<\/p><\/div>\n<\/div>\n<\/div>\n<\/div>\n<\/div>\n<\/div>\n<\/div>\n<\/div>\n<\/div>\n<\/div>\n<\/div>\n<div id=\"mwl-root\"><\/div>\n<p><iframe title=\"Advertisement\" data-mce-fragment=\"1\"><\/iframe><img data-recalc-dims=\"1\" fetchpriority=\"high\" decoding=\"async\" class=\"alignnone size-medium wp-image-17342\" src=\"https:\/\/i0.wp.com\/blogdobispo.com.br\/wp-content\/uploads\/2025\/08\/20240712_3PO3_FT_REPRODUCAO-DO-INSTAGRAM-e1756125087707-1068x885-1.webp?resize=300%2C249\" alt=\"\" width=\"300\" height=\"249\" srcset=\"https:\/\/i0.wp.com\/blogdobispo.com.br\/wp-content\/uploads\/2025\/08\/20240712_3PO3_FT_REPRODUCAO-DO-INSTAGRAM-e1756125087707-1068x885-1.webp?resize=300%2C249&amp;ssl=1 300w, https:\/\/i0.wp.com\/blogdobispo.com.br\/wp-content\/uploads\/2025\/08\/20240712_3PO3_FT_REPRODUCAO-DO-INSTAGRAM-e1756125087707-1068x885-1.webp?resize=1024%2C849&amp;ssl=1 1024w, https:\/\/i0.wp.com\/blogdobispo.com.br\/wp-content\/uploads\/2025\/08\/20240712_3PO3_FT_REPRODUCAO-DO-INSTAGRAM-e1756125087707-1068x885-1.webp?resize=768%2C636&amp;ssl=1 768w, https:\/\/i0.wp.com\/blogdobispo.com.br\/wp-content\/uploads\/2025\/08\/20240712_3PO3_FT_REPRODUCAO-DO-INSTAGRAM-e1756125087707-1068x885-1.webp?w=1068&amp;ssl=1 1068w\" sizes=\"(max-width: 300px) 100vw, 300px\" \/><\/p>\n","protected":false},"excerpt":{"rendered":"<p>O ex-deputado federal Rafael Motta foi transferido para um hospital em S\u00e3o Paulo , onde ir\u00e1 continuar o tratamento de forma espec\u00edfica e intensiva ap\u00f3s sofrer um acidente durante a pr\u00e1tica de kitesurf em Natal, na \u00faltima sexta-feira (22). Ele est\u00e1 internado na Unidade de Terapia Intensiva (UTI) do Hospital Vila Nova Star, na capital [&hellip;]<\/p>\n","protected":false},"author":1,"featured_media":17342,"comment_status":"open","ping_status":"open","sticky":false,"template":"","format":"standard","meta":{"cybocfi_hide_featured_image":"","_jetpack_memberships_contains_paid_content":false,"footnotes":""},"categories":[1],"tags":[],"class_list":["post-17341","post","type-post","status-publish","format-standard","has-post-thumbnail","hentry","category-diversos"],"yoast_head":"<!-- This site is optimized with the Yoast SEO plugin v25.6 - https:\/\/yoast.com\/wordpress\/plugins\/seo\/ -->\n<title>Rafael Motta \u00e9 transferido para hospital em S\u00e3o Paulo; quadro segue est\u00e1vel - Blog do Bispo<\/title>\n<meta name=\"robots\" content=\"index, follow, max-snippet:-1, max-image-preview:large, max-video-preview:-1\" \/>\n<link rel=\"canonical\" href=\"https:\/\/blogdobispo.com.br\/?p=17341\" \/>\n<meta property=\"og:locale\" content=\"pt_BR\" \/>\n<meta property=\"og:type\" content=\"article\" \/>\n<meta property=\"og:title\" content=\"Rafael Motta \u00e9 transferido para hospital em S\u00e3o Paulo; quadro segue est\u00e1vel - Blog do Bispo\" \/>\n<meta property=\"og:description\" content=\"O ex-deputado federal Rafael Motta foi transferido para um hospital em S\u00e3o Paulo , onde ir\u00e1 continuar o tratamento de forma espec\u00edfica e intensiva ap\u00f3s sofrer um acidente durante a pr\u00e1tica de kitesurf em Natal, na \u00faltima sexta-feira (22). Ele est\u00e1 internado na Unidade de Terapia Intensiva (UTI) do Hospital Vila Nova Star, na capital [&hellip;]\" \/>\n<meta property=\"og:url\" content=\"https:\/\/blogdobispo.com.br\/?p=17341\" \/>\n<meta property=\"og:site_name\" content=\"Blog do Bispo\" \/>\n<meta property=\"article:published_time\" content=\"2025-08-25T12:42:04+00:00\" \/>\n<meta property=\"og:image\" content=\"http:\/\/blogdobispo.com.br\/wp-content\/uploads\/2025\/08\/20240712_3PO3_FT_REPRODUCAO-DO-INSTAGRAM-e1756125087707-1068x885-1.webp\" \/>\n\t<meta property=\"og:image:width\" content=\"1068\" \/>\n\t<meta property=\"og:image:height\" content=\"885\" \/>\n\t<meta property=\"og:image:type\" content=\"image\/webp\" \/>\n<meta name=\"author\" content=\"Jefferson Sterfeno\" \/>\n<meta name=\"twitter:card\" content=\"summary_large_image\" \/>\n<meta name=\"twitter:label1\" content=\"Escrito por\" \/>\n\t<meta name=\"twitter:data1\" content=\"Jefferson Sterfeno\" \/>\n\t<meta name=\"twitter:label2\" content=\"Est. tempo de leitura\" \/>\n\t<meta name=\"twitter:data2\" content=\"2 minutos\" \/>\n<script type=\"application\/ld+json\" class=\"yoast-schema-graph\">{\"@context\":\"https:\/\/schema.org\",\"@graph\":[{\"@type\":\"Article\",\"@id\":\"https:\/\/blogdobispo.com.br\/?p=17341#article\",\"isPartOf\":{\"@id\":\"https:\/\/blogdobispo.com.br\/?p=17341\"},\"author\":{\"name\":\"Jefferson Sterfeno\",\"@id\":\"https:\/\/blogdobispo.com.br\/#\/schema\/person\/e2209cc0e6cea5c5233d033e997b373f\"},\"headline\":\"Rafael Motta \u00e9 transferido para hospital em S\u00e3o Paulo; quadro segue est\u00e1vel\",\"datePublished\":\"2025-08-25T12:42:04+00:00\",\"mainEntityOfPage\":{\"@id\":\"https:\/\/blogdobispo.com.br\/?p=17341\"},\"wordCount\":284,\"commentCount\":0,\"publisher\":{\"@id\":\"https:\/\/blogdobispo.com.br\/#organization\"},\"image\":{\"@id\":\"https:\/\/blogdobispo.com.br\/?p=17341#primaryimage\"},\"thumbnailUrl\":\"https:\/\/i0.wp.com\/blogdobispo.com.br\/wp-content\/uploads\/2025\/08\/20240712_3PO3_FT_REPRODUCAO-DO-INSTAGRAM-e1756125087707-1068x885-1.webp?fit=1068%2C885&ssl=1\",\"articleSection\":[\"diversos\"],\"inLanguage\":\"pt-BR\",\"potentialAction\":[{\"@type\":\"CommentAction\",\"name\":\"Comment\",\"target\":[\"https:\/\/blogdobispo.com.br\/?p=17341#respond\"]}]},{\"@type\":\"WebPage\",\"@id\":\"https:\/\/blogdobispo.com.br\/?p=17341\",\"url\":\"https:\/\/blogdobispo.com.br\/?p=17341\",\"name\":\"Rafael Motta \u00e9 transferido para hospital em S\u00e3o Paulo; quadro segue est\u00e1vel - Blog do Bispo\",\"isPartOf\":{\"@id\":\"https:\/\/blogdobispo.com.br\/#website\"},\"primaryImageOfPage\":{\"@id\":\"https:\/\/blogdobispo.com.br\/?p=17341#primaryimage\"},\"image\":{\"@id\":\"https:\/\/blogdobispo.com.br\/?p=17341#primaryimage\"},\"thumbnailUrl\":\"https:\/\/i0.wp.com\/blogdobispo.com.br\/wp-content\/uploads\/2025\/08\/20240712_3PO3_FT_REPRODUCAO-DO-INSTAGRAM-e1756125087707-1068x885-1.webp?fit=1068%2C885&ssl=1\",\"datePublished\":\"2025-08-25T12:42:04+00:00\",\"breadcrumb\":{\"@id\":\"https:\/\/blogdobispo.com.br\/?p=17341#breadcrumb\"},\"inLanguage\":\"pt-BR\",\"potentialAction\":[{\"@type\":\"ReadAction\",\"target\":[\"https:\/\/blogdobispo.com.br\/?p=17341\"]}]},{\"@type\":\"ImageObject\",\"inLanguage\":\"pt-BR\",\"@id\":\"https:\/\/blogdobispo.com.br\/?p=17341#primaryimage\",\"url\":\"https:\/\/i0.wp.com\/blogdobispo.com.br\/wp-content\/uploads\/2025\/08\/20240712_3PO3_FT_REPRODUCAO-DO-INSTAGRAM-e1756125087707-1068x885-1.webp?fit=1068%2C885&ssl=1\",\"contentUrl\":\"https:\/\/i0.wp.com\/blogdobispo.com.br\/wp-content\/uploads\/2025\/08\/20240712_3PO3_FT_REPRODUCAO-DO-INSTAGRAM-e1756125087707-1068x885-1.webp?fit=1068%2C885&ssl=1\",\"width\":1068,\"height\":885},{\"@type\":\"BreadcrumbList\",\"@id\":\"https:\/\/blogdobispo.com.br\/?p=17341#breadcrumb\",\"itemListElement\":[{\"@type\":\"ListItem\",\"position\":1,\"name\":\"In\u00edcio\",\"item\":\"https:\/\/blogdobispo.com.br\/\"},{\"@type\":\"ListItem\",\"position\":2,\"name\":\"Rafael Motta \u00e9 transferido para hospital em S\u00e3o Paulo; quadro segue est\u00e1vel\"}]},{\"@type\":\"WebSite\",\"@id\":\"https:\/\/blogdobispo.com.br\/#website\",\"url\":\"https:\/\/blogdobispo.com.br\/\",\"name\":\"Blog do Bispo\",\"description\":\"Comprometido apenas com o leitor\",\"publisher\":{\"@id\":\"https:\/\/blogdobispo.com.br\/#organization\"},\"potentialAction\":[{\"@type\":\"SearchAction\",\"target\":{\"@type\":\"EntryPoint\",\"urlTemplate\":\"https:\/\/blogdobispo.com.br\/?s={search_term_string}\"},\"query-input\":{\"@type\":\"PropertyValueSpecification\",\"valueRequired\":true,\"valueName\":\"search_term_string\"}}],\"inLanguage\":\"pt-BR\"},{\"@type\":\"Organization\",\"@id\":\"https:\/\/blogdobispo.com.br\/#organization\",\"name\":\"Blog do Bispo\",\"url\":\"https:\/\/blogdobispo.com.br\/\",\"logo\":{\"@type\":\"ImageObject\",\"inLanguage\":\"pt-BR\",\"@id\":\"https:\/\/blogdobispo.com.br\/#\/schema\/logo\/image\/\",\"url\":\"http:\/\/blogdobispo.com.br\/wp-content\/uploads\/2023\/05\/cropped-headear.png\",\"contentUrl\":\"http:\/\/blogdobispo.com.br\/wp-content\/uploads\/2023\/05\/cropped-headear.png\",\"width\":1500,\"height\":399,\"caption\":\"Blog do Bispo\"},\"image\":{\"@id\":\"https:\/\/blogdobispo.com.br\/#\/schema\/logo\/image\/\"}},{\"@type\":\"Person\",\"@id\":\"https:\/\/blogdobispo.com.br\/#\/schema\/person\/e2209cc0e6cea5c5233d033e997b373f\",\"name\":\"Jefferson Sterfeno\",\"image\":{\"@type\":\"ImageObject\",\"inLanguage\":\"pt-BR\",\"@id\":\"https:\/\/blogdobispo.com.br\/#\/schema\/person\/image\/\",\"url\":\"https:\/\/secure.gravatar.com\/avatar\/0534e84764641168a677026b6d57a3f51dc7ac4db0b4f6186d9cb330d4ee1160?s=96&d=mm&r=g\",\"contentUrl\":\"https:\/\/secure.gravatar.com\/avatar\/0534e84764641168a677026b6d57a3f51dc7ac4db0b4f6186d9cb330d4ee1160?s=96&d=mm&r=g\",\"caption\":\"Jefferson Sterfeno\"},\"sameAs\":[\"http:\/\/blogdobispo.com.br\"],\"url\":\"https:\/\/blogdobispo.com.br\/?author=1\"}]}<\/script>\n<!-- \/ Yoast SEO plugin. -->","yoast_head_json":{"title":"Rafael Motta \u00e9 transferido para hospital em S\u00e3o Paulo; quadro segue est\u00e1vel - Blog do Bispo","robots":{"index":"index","follow":"follow","max-snippet":"max-snippet:-1","max-image-preview":"max-image-preview:large","max-video-preview":"max-video-preview:-1"},"canonical":"https:\/\/blogdobispo.com.br\/?p=17341","og_locale":"pt_BR","og_type":"article","og_title":"Rafael Motta \u00e9 transferido para hospital em S\u00e3o Paulo; quadro segue est\u00e1vel - Blog do Bispo","og_description":"O ex-deputado federal Rafael Motta foi transferido para um hospital em S\u00e3o Paulo , onde ir\u00e1 continuar o tratamento de forma espec\u00edfica e intensiva ap\u00f3s sofrer um acidente durante a pr\u00e1tica de kitesurf em Natal, na \u00faltima sexta-feira (22). Ele est\u00e1 internado na Unidade de Terapia Intensiva (UTI) do Hospital Vila Nova Star, na capital [&hellip;]","og_url":"https:\/\/blogdobispo.com.br\/?p=17341","og_site_name":"Blog do Bispo","article_published_time":"2025-08-25T12:42:04+00:00","og_image":[{"width":1068,"height":885,"url":"http:\/\/blogdobispo.com.br\/wp-content\/uploads\/2025\/08\/20240712_3PO3_FT_REPRODUCAO-DO-INSTAGRAM-e1756125087707-1068x885-1.webp","type":"image\/webp"}],"author":"Jefferson Sterfeno","twitter_card":"summary_large_image","twitter_misc":{"Escrito por":"Jefferson Sterfeno","Est. tempo de leitura":"2 minutos"},"schema":{"@context":"https:\/\/schema.org","@graph":[{"@type":"Article","@id":"https:\/\/blogdobispo.com.br\/?p=17341#article","isPartOf":{"@id":"https:\/\/blogdobispo.com.br\/?p=17341"},"author":{"name":"Jefferson Sterfeno","@id":"https:\/\/blogdobispo.com.br\/#\/schema\/person\/e2209cc0e6cea5c5233d033e997b373f"},"headline":"Rafael Motta \u00e9 transferido para hospital em S\u00e3o Paulo; quadro segue est\u00e1vel","datePublished":"2025-08-25T12:42:04+00:00","mainEntityOfPage":{"@id":"https:\/\/blogdobispo.com.br\/?p=17341"},"wordCount":284,"commentCount":0,"publisher":{"@id":"https:\/\/blogdobispo.com.br\/#organization"},"image":{"@id":"https:\/\/blogdobispo.com.br\/?p=17341#primaryimage"},"thumbnailUrl":"https:\/\/i0.wp.com\/blogdobispo.com.br\/wp-content\/uploads\/2025\/08\/20240712_3PO3_FT_REPRODUCAO-DO-INSTAGRAM-e1756125087707-1068x885-1.webp?fit=1068%2C885&ssl=1","articleSection":["diversos"],"inLanguage":"pt-BR","potentialAction":[{"@type":"CommentAction","name":"Comment","target":["https:\/\/blogdobispo.com.br\/?p=17341#respond"]}]},{"@type":"WebPage","@id":"https:\/\/blogdobispo.com.br\/?p=17341","url":"https:\/\/blogdobispo.com.br\/?p=17341","name":"Rafael Motta \u00e9 transferido para hospital em S\u00e3o Paulo; quadro segue est\u00e1vel - Blog do Bispo","isPartOf":{"@id":"https:\/\/blogdobispo.com.br\/#website"},"primaryImageOfPage":{"@id":"https:\/\/blogdobispo.com.br\/?p=17341#primaryimage"},"image":{"@id":"https:\/\/blogdobispo.com.br\/?p=17341#primaryimage"},"thumbnailUrl":"https:\/\/i0.wp.com\/blogdobispo.com.br\/wp-content\/uploads\/2025\/08\/20240712_3PO3_FT_REPRODUCAO-DO-INSTAGRAM-e1756125087707-1068x885-1.webp?fit=1068%2C885&ssl=1","datePublished":"2025-08-25T12:42:04+00:00","breadcrumb":{"@id":"https:\/\/blogdobispo.com.br\/?p=17341#breadcrumb"},"inLanguage":"pt-BR","potentialAction":[{"@type":"ReadAction","target":["https:\/\/blogdobispo.com.br\/?p=17341"]}]},{"@type":"ImageObject","inLanguage":"pt-BR","@id":"https:\/\/blogdobispo.com.br\/?p=17341#primaryimage","url":"https:\/\/i0.wp.com\/blogdobispo.com.br\/wp-content\/uploads\/2025\/08\/20240712_3PO3_FT_REPRODUCAO-DO-INSTAGRAM-e1756125087707-1068x885-1.webp?fit=1068%2C885&ssl=1","contentUrl":"https:\/\/i0.wp.com\/blogdobispo.com.br\/wp-content\/uploads\/2025\/08\/20240712_3PO3_FT_REPRODUCAO-DO-INSTAGRAM-e1756125087707-1068x885-1.webp?fit=1068%2C885&ssl=1","width":1068,"height":885},{"@type":"BreadcrumbList","@id":"https:\/\/blogdobispo.com.br\/?p=17341#breadcrumb","itemListElement":[{"@type":"ListItem","position":1,"name":"In\u00edcio","item":"https:\/\/blogdobispo.com.br\/"},{"@type":"ListItem","position":2,"name":"Rafael Motta \u00e9 transferido para hospital em S\u00e3o Paulo; quadro segue est\u00e1vel"}]},{"@type":"WebSite","@id":"https:\/\/blogdobispo.com.br\/#website","url":"https:\/\/blogdobispo.com.br\/","name":"Blog do Bispo","description":"Comprometido apenas com o leitor","publisher":{"@id":"https:\/\/blogdobispo.com.br\/#organization"},"potentialAction":[{"@type":"SearchAction","target":{"@type":"EntryPoint","urlTemplate":"https:\/\/blogdobispo.com.br\/?s={search_term_string}"},"query-input":{"@type":"PropertyValueSpecification","valueRequired":true,"valueName":"search_term_string"}}],"inLanguage":"pt-BR"},{"@type":"Organization","@id":"https:\/\/blogdobispo.com.br\/#organization","name":"Blog do Bispo","url":"https:\/\/blogdobispo.com.br\/","logo":{"@type":"ImageObject","inLanguage":"pt-BR","@id":"https:\/\/blogdobispo.com.br\/#\/schema\/logo\/image\/","url":"http:\/\/blogdobispo.com.br\/wp-content\/uploads\/2023\/05\/cropped-headear.png","contentUrl":"http:\/\/blogdobispo.com.br\/wp-content\/uploads\/2023\/05\/cropped-headear.png","width":1500,"height":399,"caption":"Blog do Bispo"},"image":{"@id":"https:\/\/blogdobispo.com.br\/#\/schema\/logo\/image\/"}},{"@type":"Person","@id":"https:\/\/blogdobispo.com.br\/#\/schema\/person\/e2209cc0e6cea5c5233d033e997b373f","name":"Jefferson Sterfeno","image":{"@type":"ImageObject","inLanguage":"pt-BR","@id":"https:\/\/blogdobispo.com.br\/#\/schema\/person\/image\/","url":"https:\/\/secure.gravatar.com\/avatar\/0534e84764641168a677026b6d57a3f51dc7ac4db0b4f6186d9cb330d4ee1160?s=96&d=mm&r=g","contentUrl":"https:\/\/secure.gravatar.com\/avatar\/0534e84764641168a677026b6d57a3f51dc7ac4db0b4f6186d9cb330d4ee1160?s=96&d=mm&r=g","caption":"Jefferson Sterfeno"},"sameAs":["http:\/\/blogdobispo.com.br"],"url":"https:\/\/blogdobispo.com.br\/?author=1"}]}},"featured_image_urls":{"full":["https:\/\/i0.wp.com\/blogdobispo.com.br\/wp-content\/uploads\/2025\/08\/20240712_3PO3_FT_REPRODUCAO-DO-INSTAGRAM-e1756125087707-1068x885-1.webp?fit=1068%2C885&ssl=1",1068,885,false],"thumbnail":["https:\/\/i0.wp.com\/blogdobispo.com.br\/wp-content\/uploads\/2025\/08\/20240712_3PO3_FT_REPRODUCAO-DO-INSTAGRAM-e1756125087707-1068x885-1.webp?resize=150%2C150&ssl=1",150,150,true],"medium":["https:\/\/i0.wp.com\/blogdobispo.com.br\/wp-content\/uploads\/2025\/08\/20240712_3PO3_FT_REPRODUCAO-DO-INSTAGRAM-e1756125087707-1068x885-1.webp?fit=300%2C249&ssl=1",300,249,true],"medium_large":["https:\/\/i0.wp.com\/blogdobispo.com.br\/wp-content\/uploads\/2025\/08\/20240712_3PO3_FT_REPRODUCAO-DO-INSTAGRAM-e1756125087707-1068x885-1.webp?fit=768%2C636&ssl=1",768,636,true],"large":["https:\/\/i0.wp.com\/blogdobispo.com.br\/wp-content\/uploads\/2025\/08\/20240712_3PO3_FT_REPRODUCAO-DO-INSTAGRAM-e1756125087707-1068x885-1.webp?fit=800%2C663&ssl=1",800,663,true],"1536x1536":["https:\/\/i0.wp.com\/blogdobispo.com.br\/wp-content\/uploads\/2025\/08\/20240712_3PO3_FT_REPRODUCAO-DO-INSTAGRAM-e1756125087707-1068x885-1.webp?fit=1068%2C885&ssl=1",1068,885,true],"2048x2048":["https:\/\/i0.wp.com\/blogdobispo.com.br\/wp-content\/uploads\/2025\/08\/20240712_3PO3_FT_REPRODUCAO-DO-INSTAGRAM-e1756125087707-1068x885-1.webp?fit=1068%2C885&ssl=1",1068,885,true]},"author_info":{"display_name":"Jefferson Sterfeno","author_link":"https:\/\/blogdobispo.com.br\/?author=1"},"category_info":"<a href=\"https:\/\/blogdobispo.com.br\/?cat=1\" rel=\"category\">diversos<\/a>","tag_info":"diversos","comment_count":"0","jetpack_featured_media_url":"https:\/\/i0.wp.com\/blogdobispo.com.br\/wp-content\/uploads\/2025\/08\/20240712_3PO3_FT_REPRODUCAO-DO-INSTAGRAM-e1756125087707-1068x885-1.webp?fit=1068%2C885&ssl=1","jetpack_sharing_enabled":true,"_links":{"self":[{"href":"https:\/\/blogdobispo.com.br\/index.php?rest_route=\/wp\/v2\/posts\/17341","targetHints":{"allow":["GET"]}}],"collection":[{"href":"https:\/\/blogdobispo.com.br\/index.php?rest_route=\/wp\/v2\/posts"}],"about":[{"href":"https:\/\/blogdobispo.com.br\/index.php?rest_route=\/wp\/v2\/types\/post"}],"author":[{"embeddable":true,"href":"https:\/\/blogdobispo.com.br\/index.php?rest_route=\/wp\/v2\/users\/1"}],"replies":[{"embeddable":true,"href":"https:\/\/blogdobispo.com.br\/index.php?rest_route=%2Fwp%2Fv2%2Fcomments&post=17341"}],"version-history":[{"count":1,"href":"https:\/\/blogdobispo.com.br\/index.php?rest_route=\/wp\/v2\/posts\/17341\/revisions"}],"predecessor-version":[{"id":17343,"href":"https:\/\/blogdobispo.com.br\/index.php?rest_route=\/wp\/v2\/posts\/17341\/revisions\/17343"}],"wp:featuredmedia":[{"embeddable":true,"href":"https:\/\/blogdobispo.com.br\/index.php?rest_route=\/wp\/v2\/media\/17342"}],"wp:attachment":[{"href":"https:\/\/blogdobispo.com.br\/index.php?rest_route=%2Fwp%2Fv2%2Fmedia&parent=17341"}],"wp:term":[{"taxonomy":"category","embeddable":true,"href":"https:\/\/blogdobispo.com.br\/index.php?rest_route=%2Fwp%2Fv2%2Fcategories&post=17341"},{"taxonomy":"post_tag","embeddable":true,"href":"https:\/\/blogdobispo.com.br\/index.php?rest_route=%2Fwp%2Fv2%2Ftags&post=17341"}],"curies":[{"name":"wp","href":"https:\/\/api.w.org\/{rel}","templated":true}]}}