{"id":17337,"date":"2025-08-24T16:47:48","date_gmt":"2025-08-24T16:47:48","guid":{"rendered":"https:\/\/blogdobispo.com.br\/?p=17337"},"modified":"2025-08-24T16:48:41","modified_gmt":"2025-08-24T16:48:41","slug":"projeto-enem-nota-1000-idealizado-por-eriko-jacome-inicia-novo-ciclo-com-aulas-gratuitas-todos-os-sabados","status":"publish","type":"post","link":"https:\/\/blogdobispo.com.br\/?p=17337","title":{"rendered":"Projeto ENEM Nota 1000 idealizado por Eriko J\u00e1come inicia novo ciclo com aulas gratuitas todos os s\u00e1bados"},"content":{"rendered":"\n<figure class=\"wp-block-image size-large\"><img data-recalc-dims=\"1\" fetchpriority=\"high\" decoding=\"async\" width=\"800\" height=\"533\" src=\"https:\/\/i0.wp.com\/blogdobispo.com.br\/wp-content\/uploads\/2025\/08\/710fb8c5-4c13-478a-9be7-035c19f6783a-1-1-1024x682.jpg?resize=800%2C533&#038;ssl=1\" class=\"wp-image-17338\" srcset=\"https:\/\/i0.wp.com\/blogdobispo.com.br\/wp-content\/uploads\/2025\/08\/710fb8c5-4c13-478a-9be7-035c19f6783a-1-1.jpg?resize=1024%2C682&amp;ssl=1 1024w, https:\/\/i0.wp.com\/blogdobispo.com.br\/wp-content\/uploads\/2025\/08\/710fb8c5-4c13-478a-9be7-035c19f6783a-1-1.jpg?resize=300%2C200&amp;ssl=1 300w, https:\/\/i0.wp.com\/blogdobispo.com.br\/wp-content\/uploads\/2025\/08\/710fb8c5-4c13-478a-9be7-035c19f6783a-1-1.jpg?resize=768%2C512&amp;ssl=1 768w, https:\/\/i0.wp.com\/blogdobispo.com.br\/wp-content\/uploads\/2025\/08\/710fb8c5-4c13-478a-9be7-035c19f6783a-1-1.jpg?resize=1536%2C1024&amp;ssl=1 1536w, https:\/\/i0.wp.com\/blogdobispo.com.br\/wp-content\/uploads\/2025\/08\/710fb8c5-4c13-478a-9be7-035c19f6783a-1-1.jpg?w=2000&amp;ssl=1 2000w, https:\/\/i0.wp.com\/blogdobispo.com.br\/wp-content\/uploads\/2025\/08\/710fb8c5-4c13-478a-9be7-035c19f6783a-1-1.jpg?w=1600 1600w\" sizes=\"(max-width: 800px) 100vw, 800px\" \/><\/figure>\n\n\n\n<p><\/p>\n\n\n\n<p>O Projeto ENEM Nota 1000, realizado por Eriko J\u00e1come, deu in\u00edcio a um novo ciclo de atividades neste s\u00e1bado, dia 23. Desde sua cria\u00e7\u00e3o em 2012, a iniciativa tem se consolidado como uma refer\u00eancia em prepara\u00e7\u00e3o gratuita para o Exame Nacional do Ensino M\u00e9dio (ENEM), promovendo a democratiza\u00e7\u00e3o do acesso ao ensino superior por meio da educa\u00e7\u00e3o.<\/p>\n\n\n\n<p>Agora com atua\u00e7\u00e3o em toda cidade, o projeto oferece aulas preparat\u00f3rias de forma totalmente gratuita, atendendo centenas de estudantes anualmente. Ao longo dos anos, tornou-se uma importante ferramenta, ampliando oportunidades e contribuindo diretamente para a forma\u00e7\u00e3o acad\u00eamica e cidad\u00e3 de jovens em busca de uma vaga na universidade.<\/p>\n\n\n\n<p>\u201cA prepara\u00e7\u00e3o para o ENEM deve ser um direito de todos, e n\u00e3o um privil\u00e9gio de poucos. Ao longo dos anos, esse projeto j\u00e1 era oferecido em parceria com meu primo, hoje nosso trabalho se estendeu para as quatros zonas de Natal se consolidou como uma ferramenta de inclus\u00e3o e igualdade de oportunidades, contribuindo diretamente para o acesso de jovens ao ensino superior\u201d, destaca Eriko J\u00e1come.<\/p>\n\n\n\n<p>As aulas ocorrer\u00e3o aos s\u00e1bados, durante todo o ano letivo, em institui\u00e7\u00f5es de ensino parceiras como Col\u00e9gio Hip\u00f3crates, Expansivo Col\u00e9gio e Curso, IAP Cursos e demais e outros demais col\u00e9gios parceiros que cedem, gratuitamente, seus espa\u00e7os f\u00edsicos. A cada encontro, dois professores convidados abordar\u00e3o conte\u00fados de diferentes disciplinas, com uma metodologia focada nas exig\u00eancias do ENEM. O material did\u00e1tico \u00e9 exclusivo, elaborado com base nos temas mais recorrentes da prova, e distribu\u00eddo sem custos aos participantes.<\/p>\n\n\n\n<p>A aula inaugural aconteceu no Col\u00e9gio Hip\u00f3crates \u2013 Unidade Zona Sul e contar\u00e1 com a participa\u00e7\u00e3o dos professores Samuel Damasceno (Qu\u00edmica) e Rodrigo Samir (Matem\u00e1tica). A expectativa para este primeiro encontro \u00e9 alta, diante da relev\u00e2ncia do projeto.<\/p>\n","protected":false},"excerpt":{"rendered":"<p>O Projeto ENEM Nota 1000, realizado por Eriko J\u00e1come, deu in\u00edcio a um novo ciclo de atividades neste s\u00e1bado, dia 23. Desde sua cria\u00e7\u00e3o em 2012, a iniciativa tem se consolidado como uma refer\u00eancia em prepara\u00e7\u00e3o gratuita para o Exame Nacional do Ensino M\u00e9dio (ENEM), promovendo a democratiza\u00e7\u00e3o do acesso ao ensino superior por meio [&hellip;]<\/p>\n","protected":false},"author":1,"featured_media":17336,"comment_status":"open","ping_status":"open","sticky":false,"template":"","format":"standard","meta":{"cybocfi_hide_featured_image":"","_jetpack_memberships_contains_paid_content":false,"footnotes":""},"categories":[1],"tags":[],"class_list":["post-17337","post","type-post","status-publish","format-standard","has-post-thumbnail","hentry","category-diversos"],"yoast_head":"<!-- This site is optimized with the Yoast SEO plugin v25.6 - https:\/\/yoast.com\/wordpress\/plugins\/seo\/ -->\n<title>Projeto ENEM Nota 1000 idealizado por Eriko J\u00e1come inicia novo ciclo com aulas gratuitas todos os s\u00e1bados - Blog do Bispo<\/title>\n<meta name=\"robots\" content=\"index, follow, max-snippet:-1, max-image-preview:large, max-video-preview:-1\" \/>\n<link rel=\"canonical\" href=\"https:\/\/blogdobispo.com.br\/?p=17337\" \/>\n<meta property=\"og:locale\" content=\"pt_BR\" \/>\n<meta property=\"og:type\" content=\"article\" \/>\n<meta property=\"og:title\" content=\"Projeto ENEM Nota 1000 idealizado por Eriko J\u00e1come inicia novo ciclo com aulas gratuitas todos os s\u00e1bados - Blog do Bispo\" \/>\n<meta property=\"og:description\" content=\"O Projeto ENEM Nota 1000, realizado por Eriko J\u00e1come, deu in\u00edcio a um novo ciclo de atividades neste s\u00e1bado, dia 23. Desde sua cria\u00e7\u00e3o em 2012, a iniciativa tem se consolidado como uma refer\u00eancia em prepara\u00e7\u00e3o gratuita para o Exame Nacional do Ensino M\u00e9dio (ENEM), promovendo a democratiza\u00e7\u00e3o do acesso ao ensino superior por meio [&hellip;]\" \/>\n<meta property=\"og:url\" content=\"https:\/\/blogdobispo.com.br\/?p=17337\" \/>\n<meta property=\"og:site_name\" content=\"Blog do Bispo\" \/>\n<meta property=\"article:published_time\" content=\"2025-08-24T16:47:48+00:00\" \/>\n<meta property=\"article:modified_time\" content=\"2025-08-24T16:48:41+00:00\" \/>\n<meta property=\"og:image\" content=\"https:\/\/i0.wp.com\/blogdobispo.com.br\/wp-content\/uploads\/2025\/08\/710fb8c5-4c13-478a-9be7-035c19f6783a-1.jpg?fit=2000%2C1333&ssl=1\" \/>\n\t<meta property=\"og:image:width\" content=\"2000\" \/>\n\t<meta property=\"og:image:height\" content=\"1333\" \/>\n\t<meta property=\"og:image:type\" content=\"image\/jpeg\" \/>\n<meta name=\"author\" content=\"Jefferson Sterfeno\" \/>\n<meta name=\"twitter:card\" content=\"summary_large_image\" \/>\n<meta name=\"twitter:label1\" content=\"Escrito por\" \/>\n\t<meta name=\"twitter:data1\" content=\"Jefferson Sterfeno\" \/>\n\t<meta name=\"twitter:label2\" content=\"Est. tempo de leitura\" \/>\n\t<meta name=\"twitter:data2\" content=\"2 minutos\" \/>\n<script type=\"application\/ld+json\" class=\"yoast-schema-graph\">{\"@context\":\"https:\/\/schema.org\",\"@graph\":[{\"@type\":\"Article\",\"@id\":\"https:\/\/blogdobispo.com.br\/?p=17337#article\",\"isPartOf\":{\"@id\":\"https:\/\/blogdobispo.com.br\/?p=17337\"},\"author\":{\"name\":\"Jefferson Sterfeno\",\"@id\":\"https:\/\/blogdobispo.com.br\/#\/schema\/person\/e2209cc0e6cea5c5233d033e997b373f\"},\"headline\":\"Projeto ENEM Nota 1000 idealizado por Eriko J\u00e1come inicia novo ciclo com aulas gratuitas todos os s\u00e1bados\",\"datePublished\":\"2025-08-24T16:47:48+00:00\",\"dateModified\":\"2025-08-24T16:48:41+00:00\",\"mainEntityOfPage\":{\"@id\":\"https:\/\/blogdobispo.com.br\/?p=17337\"},\"wordCount\":335,\"commentCount\":0,\"publisher\":{\"@id\":\"https:\/\/blogdobispo.com.br\/#organization\"},\"image\":{\"@id\":\"https:\/\/blogdobispo.com.br\/?p=17337#primaryimage\"},\"thumbnailUrl\":\"https:\/\/i0.wp.com\/blogdobispo.com.br\/wp-content\/uploads\/2025\/08\/710fb8c5-4c13-478a-9be7-035c19f6783a-1.jpg?fit=2000%2C1333&ssl=1\",\"articleSection\":[\"diversos\"],\"inLanguage\":\"pt-BR\",\"potentialAction\":[{\"@type\":\"CommentAction\",\"name\":\"Comment\",\"target\":[\"https:\/\/blogdobispo.com.br\/?p=17337#respond\"]}]},{\"@type\":\"WebPage\",\"@id\":\"https:\/\/blogdobispo.com.br\/?p=17337\",\"url\":\"https:\/\/blogdobispo.com.br\/?p=17337\",\"name\":\"Projeto ENEM Nota 1000 idealizado por Eriko J\u00e1come inicia novo ciclo com aulas gratuitas todos os s\u00e1bados - Blog do Bispo\",\"isPartOf\":{\"@id\":\"https:\/\/blogdobispo.com.br\/#website\"},\"primaryImageOfPage\":{\"@id\":\"https:\/\/blogdobispo.com.br\/?p=17337#primaryimage\"},\"image\":{\"@id\":\"https:\/\/blogdobispo.com.br\/?p=17337#primaryimage\"},\"thumbnailUrl\":\"https:\/\/i0.wp.com\/blogdobispo.com.br\/wp-content\/uploads\/2025\/08\/710fb8c5-4c13-478a-9be7-035c19f6783a-1.jpg?fit=2000%2C1333&ssl=1\",\"datePublished\":\"2025-08-24T16:47:48+00:00\",\"dateModified\":\"2025-08-24T16:48:41+00:00\",\"breadcrumb\":{\"@id\":\"https:\/\/blogdobispo.com.br\/?p=17337#breadcrumb\"},\"inLanguage\":\"pt-BR\",\"potentialAction\":[{\"@type\":\"ReadAction\",\"target\":[\"https:\/\/blogdobispo.com.br\/?p=17337\"]}]},{\"@type\":\"ImageObject\",\"inLanguage\":\"pt-BR\",\"@id\":\"https:\/\/blogdobispo.com.br\/?p=17337#primaryimage\",\"url\":\"https:\/\/i0.wp.com\/blogdobispo.com.br\/wp-content\/uploads\/2025\/08\/710fb8c5-4c13-478a-9be7-035c19f6783a-1.jpg?fit=2000%2C1333&ssl=1\",\"contentUrl\":\"https:\/\/i0.wp.com\/blogdobispo.com.br\/wp-content\/uploads\/2025\/08\/710fb8c5-4c13-478a-9be7-035c19f6783a-1.jpg?fit=2000%2C1333&ssl=1\",\"width\":2000,\"height\":1333},{\"@type\":\"BreadcrumbList\",\"@id\":\"https:\/\/blogdobispo.com.br\/?p=17337#breadcrumb\",\"itemListElement\":[{\"@type\":\"ListItem\",\"position\":1,\"name\":\"In\u00edcio\",\"item\":\"https:\/\/blogdobispo.com.br\/\"},{\"@type\":\"ListItem\",\"position\":2,\"name\":\"Projeto ENEM Nota 1000 idealizado por Eriko J\u00e1come inicia novo ciclo com aulas gratuitas todos os s\u00e1bados\"}]},{\"@type\":\"WebSite\",\"@id\":\"https:\/\/blogdobispo.com.br\/#website\",\"url\":\"https:\/\/blogdobispo.com.br\/\",\"name\":\"Blog do Bispo\",\"description\":\"Comprometido apenas com o leitor\",\"publisher\":{\"@id\":\"https:\/\/blogdobispo.com.br\/#organization\"},\"potentialAction\":[{\"@type\":\"SearchAction\",\"target\":{\"@type\":\"EntryPoint\",\"urlTemplate\":\"https:\/\/blogdobispo.com.br\/?s={search_term_string}\"},\"query-input\":{\"@type\":\"PropertyValueSpecification\",\"valueRequired\":true,\"valueName\":\"search_term_string\"}}],\"inLanguage\":\"pt-BR\"},{\"@type\":\"Organization\",\"@id\":\"https:\/\/blogdobispo.com.br\/#organization\",\"name\":\"Blog do Bispo\",\"url\":\"https:\/\/blogdobispo.com.br\/\",\"logo\":{\"@type\":\"ImageObject\",\"inLanguage\":\"pt-BR\",\"@id\":\"https:\/\/blogdobispo.com.br\/#\/schema\/logo\/image\/\",\"url\":\"http:\/\/blogdobispo.com.br\/wp-content\/uploads\/2023\/05\/cropped-headear.png\",\"contentUrl\":\"http:\/\/blogdobispo.com.br\/wp-content\/uploads\/2023\/05\/cropped-headear.png\",\"width\":1500,\"height\":399,\"caption\":\"Blog do Bispo\"},\"image\":{\"@id\":\"https:\/\/blogdobispo.com.br\/#\/schema\/logo\/image\/\"}},{\"@type\":\"Person\",\"@id\":\"https:\/\/blogdobispo.com.br\/#\/schema\/person\/e2209cc0e6cea5c5233d033e997b373f\",\"name\":\"Jefferson Sterfeno\",\"image\":{\"@type\":\"ImageObject\",\"inLanguage\":\"pt-BR\",\"@id\":\"https:\/\/blogdobispo.com.br\/#\/schema\/person\/image\/\",\"url\":\"https:\/\/secure.gravatar.com\/avatar\/0534e84764641168a677026b6d57a3f51dc7ac4db0b4f6186d9cb330d4ee1160?s=96&d=mm&r=g\",\"contentUrl\":\"https:\/\/secure.gravatar.com\/avatar\/0534e84764641168a677026b6d57a3f51dc7ac4db0b4f6186d9cb330d4ee1160?s=96&d=mm&r=g\",\"caption\":\"Jefferson Sterfeno\"},\"sameAs\":[\"http:\/\/blogdobispo.com.br\"],\"url\":\"https:\/\/blogdobispo.com.br\/?author=1\"}]}<\/script>\n<!-- \/ Yoast SEO plugin. -->","yoast_head_json":{"title":"Projeto ENEM Nota 1000 idealizado por Eriko J\u00e1come inicia novo ciclo com aulas gratuitas todos os s\u00e1bados - Blog do Bispo","robots":{"index":"index","follow":"follow","max-snippet":"max-snippet:-1","max-image-preview":"max-image-preview:large","max-video-preview":"max-video-preview:-1"},"canonical":"https:\/\/blogdobispo.com.br\/?p=17337","og_locale":"pt_BR","og_type":"article","og_title":"Projeto ENEM Nota 1000 idealizado por Eriko J\u00e1come inicia novo ciclo com aulas gratuitas todos os s\u00e1bados - Blog do Bispo","og_description":"O Projeto ENEM Nota 1000, realizado por Eriko J\u00e1come, deu in\u00edcio a um novo ciclo de atividades neste s\u00e1bado, dia 23. Desde sua cria\u00e7\u00e3o em 2012, a iniciativa tem se consolidado como uma refer\u00eancia em prepara\u00e7\u00e3o gratuita para o Exame Nacional do Ensino M\u00e9dio (ENEM), promovendo a democratiza\u00e7\u00e3o do acesso ao ensino superior por meio [&hellip;]","og_url":"https:\/\/blogdobispo.com.br\/?p=17337","og_site_name":"Blog do Bispo","article_published_time":"2025-08-24T16:47:48+00:00","article_modified_time":"2025-08-24T16:48:41+00:00","og_image":[{"width":2000,"height":1333,"url":"https:\/\/i0.wp.com\/blogdobispo.com.br\/wp-content\/uploads\/2025\/08\/710fb8c5-4c13-478a-9be7-035c19f6783a-1.jpg?fit=2000%2C1333&ssl=1","type":"image\/jpeg"}],"author":"Jefferson Sterfeno","twitter_card":"summary_large_image","twitter_misc":{"Escrito por":"Jefferson Sterfeno","Est. tempo de leitura":"2 minutos"},"schema":{"@context":"https:\/\/schema.org","@graph":[{"@type":"Article","@id":"https:\/\/blogdobispo.com.br\/?p=17337#article","isPartOf":{"@id":"https:\/\/blogdobispo.com.br\/?p=17337"},"author":{"name":"Jefferson Sterfeno","@id":"https:\/\/blogdobispo.com.br\/#\/schema\/person\/e2209cc0e6cea5c5233d033e997b373f"},"headline":"Projeto ENEM Nota 1000 idealizado por Eriko J\u00e1come inicia novo ciclo com aulas gratuitas todos os s\u00e1bados","datePublished":"2025-08-24T16:47:48+00:00","dateModified":"2025-08-24T16:48:41+00:00","mainEntityOfPage":{"@id":"https:\/\/blogdobispo.com.br\/?p=17337"},"wordCount":335,"commentCount":0,"publisher":{"@id":"https:\/\/blogdobispo.com.br\/#organization"},"image":{"@id":"https:\/\/blogdobispo.com.br\/?p=17337#primaryimage"},"thumbnailUrl":"https:\/\/i0.wp.com\/blogdobispo.com.br\/wp-content\/uploads\/2025\/08\/710fb8c5-4c13-478a-9be7-035c19f6783a-1.jpg?fit=2000%2C1333&ssl=1","articleSection":["diversos"],"inLanguage":"pt-BR","potentialAction":[{"@type":"CommentAction","name":"Comment","target":["https:\/\/blogdobispo.com.br\/?p=17337#respond"]}]},{"@type":"WebPage","@id":"https:\/\/blogdobispo.com.br\/?p=17337","url":"https:\/\/blogdobispo.com.br\/?p=17337","name":"Projeto ENEM Nota 1000 idealizado por Eriko J\u00e1come inicia novo ciclo com aulas gratuitas todos os s\u00e1bados - Blog do Bispo","isPartOf":{"@id":"https:\/\/blogdobispo.com.br\/#website"},"primaryImageOfPage":{"@id":"https:\/\/blogdobispo.com.br\/?p=17337#primaryimage"},"image":{"@id":"https:\/\/blogdobispo.com.br\/?p=17337#primaryimage"},"thumbnailUrl":"https:\/\/i0.wp.com\/blogdobispo.com.br\/wp-content\/uploads\/2025\/08\/710fb8c5-4c13-478a-9be7-035c19f6783a-1.jpg?fit=2000%2C1333&ssl=1","datePublished":"2025-08-24T16:47:48+00:00","dateModified":"2025-08-24T16:48:41+00:00","breadcrumb":{"@id":"https:\/\/blogdobispo.com.br\/?p=17337#breadcrumb"},"inLanguage":"pt-BR","potentialAction":[{"@type":"ReadAction","target":["https:\/\/blogdobispo.com.br\/?p=17337"]}]},{"@type":"ImageObject","inLanguage":"pt-BR","@id":"https:\/\/blogdobispo.com.br\/?p=17337#primaryimage","url":"https:\/\/i0.wp.com\/blogdobispo.com.br\/wp-content\/uploads\/2025\/08\/710fb8c5-4c13-478a-9be7-035c19f6783a-1.jpg?fit=2000%2C1333&ssl=1","contentUrl":"https:\/\/i0.wp.com\/blogdobispo.com.br\/wp-content\/uploads\/2025\/08\/710fb8c5-4c13-478a-9be7-035c19f6783a-1.jpg?fit=2000%2C1333&ssl=1","width":2000,"height":1333},{"@type":"BreadcrumbList","@id":"https:\/\/blogdobispo.com.br\/?p=17337#breadcrumb","itemListElement":[{"@type":"ListItem","position":1,"name":"In\u00edcio","item":"https:\/\/blogdobispo.com.br\/"},{"@type":"ListItem","position":2,"name":"Projeto ENEM Nota 1000 idealizado por Eriko J\u00e1come inicia novo ciclo com aulas gratuitas todos os s\u00e1bados"}]},{"@type":"WebSite","@id":"https:\/\/blogdobispo.com.br\/#website","url":"https:\/\/blogdobispo.com.br\/","name":"Blog do Bispo","description":"Comprometido apenas com o leitor","publisher":{"@id":"https:\/\/blogdobispo.com.br\/#organization"},"potentialAction":[{"@type":"SearchAction","target":{"@type":"EntryPoint","urlTemplate":"https:\/\/blogdobispo.com.br\/?s={search_term_string}"},"query-input":{"@type":"PropertyValueSpecification","valueRequired":true,"valueName":"search_term_string"}}],"inLanguage":"pt-BR"},{"@type":"Organization","@id":"https:\/\/blogdobispo.com.br\/#organization","name":"Blog do Bispo","url":"https:\/\/blogdobispo.com.br\/","logo":{"@type":"ImageObject","inLanguage":"pt-BR","@id":"https:\/\/blogdobispo.com.br\/#\/schema\/logo\/image\/","url":"http:\/\/blogdobispo.com.br\/wp-content\/uploads\/2023\/05\/cropped-headear.png","contentUrl":"http:\/\/blogdobispo.com.br\/wp-content\/uploads\/2023\/05\/cropped-headear.png","width":1500,"height":399,"caption":"Blog do Bispo"},"image":{"@id":"https:\/\/blogdobispo.com.br\/#\/schema\/logo\/image\/"}},{"@type":"Person","@id":"https:\/\/blogdobispo.com.br\/#\/schema\/person\/e2209cc0e6cea5c5233d033e997b373f","name":"Jefferson Sterfeno","image":{"@type":"ImageObject","inLanguage":"pt-BR","@id":"https:\/\/blogdobispo.com.br\/#\/schema\/person\/image\/","url":"https:\/\/secure.gravatar.com\/avatar\/0534e84764641168a677026b6d57a3f51dc7ac4db0b4f6186d9cb330d4ee1160?s=96&d=mm&r=g","contentUrl":"https:\/\/secure.gravatar.com\/avatar\/0534e84764641168a677026b6d57a3f51dc7ac4db0b4f6186d9cb330d4ee1160?s=96&d=mm&r=g","caption":"Jefferson Sterfeno"},"sameAs":["http:\/\/blogdobispo.com.br"],"url":"https:\/\/blogdobispo.com.br\/?author=1"}]}},"featured_image_urls":{"full":["https:\/\/i0.wp.com\/blogdobispo.com.br\/wp-content\/uploads\/2025\/08\/710fb8c5-4c13-478a-9be7-035c19f6783a-1.jpg?fit=2000%2C1333&ssl=1",2000,1333,false],"thumbnail":["https:\/\/i0.wp.com\/blogdobispo.com.br\/wp-content\/uploads\/2025\/08\/710fb8c5-4c13-478a-9be7-035c19f6783a-1.jpg?resize=150%2C150&ssl=1",150,150,true],"medium":["https:\/\/i0.wp.com\/blogdobispo.com.br\/wp-content\/uploads\/2025\/08\/710fb8c5-4c13-478a-9be7-035c19f6783a-1.jpg?fit=300%2C200&ssl=1",300,200,true],"medium_large":["https:\/\/i0.wp.com\/blogdobispo.com.br\/wp-content\/uploads\/2025\/08\/710fb8c5-4c13-478a-9be7-035c19f6783a-1.jpg?fit=768%2C512&ssl=1",768,512,true],"large":["https:\/\/i0.wp.com\/blogdobispo.com.br\/wp-content\/uploads\/2025\/08\/710fb8c5-4c13-478a-9be7-035c19f6783a-1.jpg?fit=800%2C533&ssl=1",800,533,true],"1536x1536":["https:\/\/i0.wp.com\/blogdobispo.com.br\/wp-content\/uploads\/2025\/08\/710fb8c5-4c13-478a-9be7-035c19f6783a-1.jpg?fit=1536%2C1024&ssl=1",1536,1024,true],"2048x2048":["https:\/\/i0.wp.com\/blogdobispo.com.br\/wp-content\/uploads\/2025\/08\/710fb8c5-4c13-478a-9be7-035c19f6783a-1.jpg?fit=2000%2C1333&ssl=1",2000,1333,true]},"author_info":{"display_name":"Jefferson Sterfeno","author_link":"https:\/\/blogdobispo.com.br\/?author=1"},"category_info":"<a href=\"https:\/\/blogdobispo.com.br\/?cat=1\" rel=\"category\">diversos<\/a>","tag_info":"diversos","comment_count":"0","jetpack_featured_media_url":"https:\/\/i0.wp.com\/blogdobispo.com.br\/wp-content\/uploads\/2025\/08\/710fb8c5-4c13-478a-9be7-035c19f6783a-1.jpg?fit=2000%2C1333&ssl=1","jetpack_sharing_enabled":true,"_links":{"self":[{"href":"https:\/\/blogdobispo.com.br\/index.php?rest_route=\/wp\/v2\/posts\/17337","targetHints":{"allow":["GET"]}}],"collection":[{"href":"https:\/\/blogdobispo.com.br\/index.php?rest_route=\/wp\/v2\/posts"}],"about":[{"href":"https:\/\/blogdobispo.com.br\/index.php?rest_route=\/wp\/v2\/types\/post"}],"author":[{"embeddable":true,"href":"https:\/\/blogdobispo.com.br\/index.php?rest_route=\/wp\/v2\/users\/1"}],"replies":[{"embeddable":true,"href":"https:\/\/blogdobispo.com.br\/index.php?rest_route=%2Fwp%2Fv2%2Fcomments&post=17337"}],"version-history":[{"count":1,"href":"https:\/\/blogdobispo.com.br\/index.php?rest_route=\/wp\/v2\/posts\/17337\/revisions"}],"predecessor-version":[{"id":17339,"href":"https:\/\/blogdobispo.com.br\/index.php?rest_route=\/wp\/v2\/posts\/17337\/revisions\/17339"}],"wp:featuredmedia":[{"embeddable":true,"href":"https:\/\/blogdobispo.com.br\/index.php?rest_route=\/wp\/v2\/media\/17336"}],"wp:attachment":[{"href":"https:\/\/blogdobispo.com.br\/index.php?rest_route=%2Fwp%2Fv2%2Fmedia&parent=17337"}],"wp:term":[{"taxonomy":"category","embeddable":true,"href":"https:\/\/blogdobispo.com.br\/index.php?rest_route=%2Fwp%2Fv2%2Fcategories&post=17337"},{"taxonomy":"post_tag","embeddable":true,"href":"https:\/\/blogdobispo.com.br\/index.php?rest_route=%2Fwp%2Fv2%2Ftags&post=17337"}],"curies":[{"name":"wp","href":"https:\/\/api.w.org\/{rel}","templated":true}]}}