{"id":17320,"date":"2025-08-22T17:08:30","date_gmt":"2025-08-22T17:08:30","guid":{"rendered":"https:\/\/blogdobispo.com.br\/?p=17320"},"modified":"2025-08-22T17:08:30","modified_gmt":"2025-08-22T17:08:30","slug":"camara-de-parnamirim-oferece-curso-gratuito-de-cuidador-de-idosos-para-gerar-emprego-e-renda","status":"publish","type":"post","link":"https:\/\/blogdobispo.com.br\/?p=17320","title":{"rendered":"C\u00e2mara de Parnamirim oferece curso gratuito de cuidador de idosos para gerar emprego e renda"},"content":{"rendered":"<div>A Casa Legislativa parnamirinense realizou, nesta quarta-feira (20), a aula inaugural do curso de Cuidador de Idosos, promovido pela Escola do Legislativo Prof\u00aa Eva L\u00facia por meio do Projeto Novos Horizontes. A primeira aula aconteceu na Escola Municipal Em\u00e9rito Nestor Lima, em Passagem de Areia, onde todas as atividades ser\u00e3o realizadas.<\/div>\n<div><\/div>\n<div>O presidente da C\u00e2mara, vereador Dr. C\u00e9sar Maia, esteve presente na abertura e destacou a import\u00e2ncia de investir em qualifica\u00e7\u00e3o profissional voltada para pessoas em situa\u00e7\u00e3o de vulnerabilidade, ressaltando que a iniciativa contribui para a gera\u00e7\u00e3o de emprego e renda no munic\u00edpio.<\/div>\n<div><\/div>\n<div>A capacita\u00e7\u00e3o \u00e9 fruto de uma parceria entre a Escola do Legislativo e a Secretaria Municipal de Educa\u00e7\u00e3o. As aulas acontecem de segunda a sexta-feira, no per\u00edodo noturno, das 18h \u00e0s 22h, facilitando o acesso de quem j\u00e1 trabalha durante o dia.<\/div>\n<div><\/div>\n<div>O curso disponibilizou 25 vagas na primeira turma, todas j\u00e1 preenchidas. A previs\u00e3o \u00e9 de que as atividades sejam conclu\u00eddas na segunda semana de outubro, quando ter\u00e1 in\u00edcio a segunda turma, que tamb\u00e9m j\u00e1 est\u00e1 com vagas esgotadas. As inscri\u00e7\u00f5es ocorreram no CRAS de Passagem de Areia, mesmo bairro onde as aulas est\u00e3o sendo realizadas.<\/div>\n<div><\/div>\n<div>O Projeto Novos Horizontes, da C\u00e2mara Municipal de Parnamirim, foi criado para ampliar o acesso da popula\u00e7\u00e3o a conhecimentos e habilidades que fortalecem a inser\u00e7\u00e3o no mercado de trabalho e promovem a transforma\u00e7\u00e3o social.<\/div>\n","protected":false},"excerpt":{"rendered":"<p>A Casa Legislativa parnamirinense realizou, nesta quarta-feira (20), a aula inaugural do curso de Cuidador de Idosos, promovido pela Escola do Legislativo Prof\u00aa Eva L\u00facia por meio do Projeto Novos Horizontes. A primeira aula aconteceu na Escola Municipal Em\u00e9rito Nestor Lima, em Passagem de Areia, onde todas as atividades ser\u00e3o realizadas. O presidente da C\u00e2mara, [&hellip;]<\/p>\n","protected":false},"author":1,"featured_media":17321,"comment_status":"open","ping_status":"open","sticky":false,"template":"","format":"standard","meta":{"cybocfi_hide_featured_image":"","_jetpack_memberships_contains_paid_content":false,"footnotes":""},"categories":[1],"tags":[],"class_list":["post-17320","post","type-post","status-publish","format-standard","has-post-thumbnail","hentry","category-diversos"],"yoast_head":"<!-- This site is optimized with the Yoast SEO plugin v25.6 - https:\/\/yoast.com\/wordpress\/plugins\/seo\/ -->\n<title>C\u00e2mara de Parnamirim oferece curso gratuito de cuidador de idosos para gerar emprego e renda - Blog do Bispo<\/title>\n<meta name=\"robots\" content=\"index, follow, max-snippet:-1, max-image-preview:large, max-video-preview:-1\" \/>\n<link rel=\"canonical\" href=\"https:\/\/blogdobispo.com.br\/?p=17320\" \/>\n<meta property=\"og:locale\" content=\"pt_BR\" \/>\n<meta property=\"og:type\" content=\"article\" \/>\n<meta property=\"og:title\" content=\"C\u00e2mara de Parnamirim oferece curso gratuito de cuidador de idosos para gerar emprego e renda - Blog do Bispo\" \/>\n<meta property=\"og:description\" content=\"A Casa Legislativa parnamirinense realizou, nesta quarta-feira (20), a aula inaugural do curso de Cuidador de Idosos, promovido pela Escola do Legislativo Prof\u00aa Eva L\u00facia por meio do Projeto Novos Horizontes. A primeira aula aconteceu na Escola Municipal Em\u00e9rito Nestor Lima, em Passagem de Areia, onde todas as atividades ser\u00e3o realizadas. O presidente da C\u00e2mara, [&hellip;]\" \/>\n<meta property=\"og:url\" content=\"https:\/\/blogdobispo.com.br\/?p=17320\" \/>\n<meta property=\"og:site_name\" content=\"Blog do Bispo\" \/>\n<meta property=\"article:published_time\" content=\"2025-08-22T17:08:30+00:00\" \/>\n<meta property=\"og:image\" content=\"http:\/\/blogdobispo.com.br\/wp-content\/uploads\/2025\/08\/f4e4f0b4-4fd1-4841-ab39-fa60a8bf5ae2.jpeg\" \/>\n\t<meta property=\"og:image:width\" content=\"640\" \/>\n\t<meta property=\"og:image:height\" content=\"426\" \/>\n\t<meta property=\"og:image:type\" content=\"image\/jpeg\" \/>\n<meta name=\"author\" content=\"Jefferson Sterfeno\" \/>\n<meta name=\"twitter:card\" content=\"summary_large_image\" \/>\n<meta name=\"twitter:label1\" content=\"Escrito por\" \/>\n\t<meta name=\"twitter:data1\" content=\"Jefferson Sterfeno\" \/>\n\t<meta name=\"twitter:label2\" content=\"Est. tempo de leitura\" \/>\n\t<meta name=\"twitter:data2\" content=\"2 minutos\" \/>\n<script type=\"application\/ld+json\" class=\"yoast-schema-graph\">{\"@context\":\"https:\/\/schema.org\",\"@graph\":[{\"@type\":\"Article\",\"@id\":\"https:\/\/blogdobispo.com.br\/?p=17320#article\",\"isPartOf\":{\"@id\":\"https:\/\/blogdobispo.com.br\/?p=17320\"},\"author\":{\"name\":\"Jefferson Sterfeno\",\"@id\":\"https:\/\/blogdobispo.com.br\/#\/schema\/person\/e2209cc0e6cea5c5233d033e997b373f\"},\"headline\":\"C\u00e2mara de Parnamirim oferece curso gratuito de cuidador de idosos para gerar emprego e renda\",\"datePublished\":\"2025-08-22T17:08:30+00:00\",\"mainEntityOfPage\":{\"@id\":\"https:\/\/blogdobispo.com.br\/?p=17320\"},\"wordCount\":259,\"commentCount\":0,\"publisher\":{\"@id\":\"https:\/\/blogdobispo.com.br\/#organization\"},\"image\":{\"@id\":\"https:\/\/blogdobispo.com.br\/?p=17320#primaryimage\"},\"thumbnailUrl\":\"https:\/\/i0.wp.com\/blogdobispo.com.br\/wp-content\/uploads\/2025\/08\/f4e4f0b4-4fd1-4841-ab39-fa60a8bf5ae2.jpeg?fit=640%2C426&ssl=1\",\"articleSection\":[\"diversos\"],\"inLanguage\":\"pt-BR\",\"potentialAction\":[{\"@type\":\"CommentAction\",\"name\":\"Comment\",\"target\":[\"https:\/\/blogdobispo.com.br\/?p=17320#respond\"]}]},{\"@type\":\"WebPage\",\"@id\":\"https:\/\/blogdobispo.com.br\/?p=17320\",\"url\":\"https:\/\/blogdobispo.com.br\/?p=17320\",\"name\":\"C\u00e2mara de Parnamirim oferece curso gratuito de cuidador de idosos para gerar emprego e renda - Blog do Bispo\",\"isPartOf\":{\"@id\":\"https:\/\/blogdobispo.com.br\/#website\"},\"primaryImageOfPage\":{\"@id\":\"https:\/\/blogdobispo.com.br\/?p=17320#primaryimage\"},\"image\":{\"@id\":\"https:\/\/blogdobispo.com.br\/?p=17320#primaryimage\"},\"thumbnailUrl\":\"https:\/\/i0.wp.com\/blogdobispo.com.br\/wp-content\/uploads\/2025\/08\/f4e4f0b4-4fd1-4841-ab39-fa60a8bf5ae2.jpeg?fit=640%2C426&ssl=1\",\"datePublished\":\"2025-08-22T17:08:30+00:00\",\"breadcrumb\":{\"@id\":\"https:\/\/blogdobispo.com.br\/?p=17320#breadcrumb\"},\"inLanguage\":\"pt-BR\",\"potentialAction\":[{\"@type\":\"ReadAction\",\"target\":[\"https:\/\/blogdobispo.com.br\/?p=17320\"]}]},{\"@type\":\"ImageObject\",\"inLanguage\":\"pt-BR\",\"@id\":\"https:\/\/blogdobispo.com.br\/?p=17320#primaryimage\",\"url\":\"https:\/\/i0.wp.com\/blogdobispo.com.br\/wp-content\/uploads\/2025\/08\/f4e4f0b4-4fd1-4841-ab39-fa60a8bf5ae2.jpeg?fit=640%2C426&ssl=1\",\"contentUrl\":\"https:\/\/i0.wp.com\/blogdobispo.com.br\/wp-content\/uploads\/2025\/08\/f4e4f0b4-4fd1-4841-ab39-fa60a8bf5ae2.jpeg?fit=640%2C426&ssl=1\",\"width\":640,\"height\":426},{\"@type\":\"BreadcrumbList\",\"@id\":\"https:\/\/blogdobispo.com.br\/?p=17320#breadcrumb\",\"itemListElement\":[{\"@type\":\"ListItem\",\"position\":1,\"name\":\"In\u00edcio\",\"item\":\"https:\/\/blogdobispo.com.br\/\"},{\"@type\":\"ListItem\",\"position\":2,\"name\":\"C\u00e2mara de Parnamirim oferece curso gratuito de cuidador de idosos para gerar emprego e renda\"}]},{\"@type\":\"WebSite\",\"@id\":\"https:\/\/blogdobispo.com.br\/#website\",\"url\":\"https:\/\/blogdobispo.com.br\/\",\"name\":\"Blog do Bispo\",\"description\":\"Comprometido apenas com o leitor\",\"publisher\":{\"@id\":\"https:\/\/blogdobispo.com.br\/#organization\"},\"potentialAction\":[{\"@type\":\"SearchAction\",\"target\":{\"@type\":\"EntryPoint\",\"urlTemplate\":\"https:\/\/blogdobispo.com.br\/?s={search_term_string}\"},\"query-input\":{\"@type\":\"PropertyValueSpecification\",\"valueRequired\":true,\"valueName\":\"search_term_string\"}}],\"inLanguage\":\"pt-BR\"},{\"@type\":\"Organization\",\"@id\":\"https:\/\/blogdobispo.com.br\/#organization\",\"name\":\"Blog do Bispo\",\"url\":\"https:\/\/blogdobispo.com.br\/\",\"logo\":{\"@type\":\"ImageObject\",\"inLanguage\":\"pt-BR\",\"@id\":\"https:\/\/blogdobispo.com.br\/#\/schema\/logo\/image\/\",\"url\":\"http:\/\/blogdobispo.com.br\/wp-content\/uploads\/2023\/05\/cropped-headear.png\",\"contentUrl\":\"http:\/\/blogdobispo.com.br\/wp-content\/uploads\/2023\/05\/cropped-headear.png\",\"width\":1500,\"height\":399,\"caption\":\"Blog do Bispo\"},\"image\":{\"@id\":\"https:\/\/blogdobispo.com.br\/#\/schema\/logo\/image\/\"}},{\"@type\":\"Person\",\"@id\":\"https:\/\/blogdobispo.com.br\/#\/schema\/person\/e2209cc0e6cea5c5233d033e997b373f\",\"name\":\"Jefferson Sterfeno\",\"image\":{\"@type\":\"ImageObject\",\"inLanguage\":\"pt-BR\",\"@id\":\"https:\/\/blogdobispo.com.br\/#\/schema\/person\/image\/\",\"url\":\"https:\/\/secure.gravatar.com\/avatar\/0534e84764641168a677026b6d57a3f51dc7ac4db0b4f6186d9cb330d4ee1160?s=96&d=mm&r=g\",\"contentUrl\":\"https:\/\/secure.gravatar.com\/avatar\/0534e84764641168a677026b6d57a3f51dc7ac4db0b4f6186d9cb330d4ee1160?s=96&d=mm&r=g\",\"caption\":\"Jefferson Sterfeno\"},\"sameAs\":[\"http:\/\/blogdobispo.com.br\"],\"url\":\"https:\/\/blogdobispo.com.br\/?author=1\"}]}<\/script>\n<!-- \/ Yoast SEO plugin. -->","yoast_head_json":{"title":"C\u00e2mara de Parnamirim oferece curso gratuito de cuidador de idosos para gerar emprego e renda - Blog do Bispo","robots":{"index":"index","follow":"follow","max-snippet":"max-snippet:-1","max-image-preview":"max-image-preview:large","max-video-preview":"max-video-preview:-1"},"canonical":"https:\/\/blogdobispo.com.br\/?p=17320","og_locale":"pt_BR","og_type":"article","og_title":"C\u00e2mara de Parnamirim oferece curso gratuito de cuidador de idosos para gerar emprego e renda - Blog do Bispo","og_description":"A Casa Legislativa parnamirinense realizou, nesta quarta-feira (20), a aula inaugural do curso de Cuidador de Idosos, promovido pela Escola do Legislativo Prof\u00aa Eva L\u00facia por meio do Projeto Novos Horizontes. A primeira aula aconteceu na Escola Municipal Em\u00e9rito Nestor Lima, em Passagem de Areia, onde todas as atividades ser\u00e3o realizadas. O presidente da C\u00e2mara, [&hellip;]","og_url":"https:\/\/blogdobispo.com.br\/?p=17320","og_site_name":"Blog do Bispo","article_published_time":"2025-08-22T17:08:30+00:00","og_image":[{"width":640,"height":426,"url":"http:\/\/blogdobispo.com.br\/wp-content\/uploads\/2025\/08\/f4e4f0b4-4fd1-4841-ab39-fa60a8bf5ae2.jpeg","type":"image\/jpeg"}],"author":"Jefferson Sterfeno","twitter_card":"summary_large_image","twitter_misc":{"Escrito por":"Jefferson Sterfeno","Est. tempo de leitura":"2 minutos"},"schema":{"@context":"https:\/\/schema.org","@graph":[{"@type":"Article","@id":"https:\/\/blogdobispo.com.br\/?p=17320#article","isPartOf":{"@id":"https:\/\/blogdobispo.com.br\/?p=17320"},"author":{"name":"Jefferson Sterfeno","@id":"https:\/\/blogdobispo.com.br\/#\/schema\/person\/e2209cc0e6cea5c5233d033e997b373f"},"headline":"C\u00e2mara de Parnamirim oferece curso gratuito de cuidador de idosos para gerar emprego e renda","datePublished":"2025-08-22T17:08:30+00:00","mainEntityOfPage":{"@id":"https:\/\/blogdobispo.com.br\/?p=17320"},"wordCount":259,"commentCount":0,"publisher":{"@id":"https:\/\/blogdobispo.com.br\/#organization"},"image":{"@id":"https:\/\/blogdobispo.com.br\/?p=17320#primaryimage"},"thumbnailUrl":"https:\/\/i0.wp.com\/blogdobispo.com.br\/wp-content\/uploads\/2025\/08\/f4e4f0b4-4fd1-4841-ab39-fa60a8bf5ae2.jpeg?fit=640%2C426&ssl=1","articleSection":["diversos"],"inLanguage":"pt-BR","potentialAction":[{"@type":"CommentAction","name":"Comment","target":["https:\/\/blogdobispo.com.br\/?p=17320#respond"]}]},{"@type":"WebPage","@id":"https:\/\/blogdobispo.com.br\/?p=17320","url":"https:\/\/blogdobispo.com.br\/?p=17320","name":"C\u00e2mara de Parnamirim oferece curso gratuito de cuidador de idosos para gerar emprego e renda - Blog do Bispo","isPartOf":{"@id":"https:\/\/blogdobispo.com.br\/#website"},"primaryImageOfPage":{"@id":"https:\/\/blogdobispo.com.br\/?p=17320#primaryimage"},"image":{"@id":"https:\/\/blogdobispo.com.br\/?p=17320#primaryimage"},"thumbnailUrl":"https:\/\/i0.wp.com\/blogdobispo.com.br\/wp-content\/uploads\/2025\/08\/f4e4f0b4-4fd1-4841-ab39-fa60a8bf5ae2.jpeg?fit=640%2C426&ssl=1","datePublished":"2025-08-22T17:08:30+00:00","breadcrumb":{"@id":"https:\/\/blogdobispo.com.br\/?p=17320#breadcrumb"},"inLanguage":"pt-BR","potentialAction":[{"@type":"ReadAction","target":["https:\/\/blogdobispo.com.br\/?p=17320"]}]},{"@type":"ImageObject","inLanguage":"pt-BR","@id":"https:\/\/blogdobispo.com.br\/?p=17320#primaryimage","url":"https:\/\/i0.wp.com\/blogdobispo.com.br\/wp-content\/uploads\/2025\/08\/f4e4f0b4-4fd1-4841-ab39-fa60a8bf5ae2.jpeg?fit=640%2C426&ssl=1","contentUrl":"https:\/\/i0.wp.com\/blogdobispo.com.br\/wp-content\/uploads\/2025\/08\/f4e4f0b4-4fd1-4841-ab39-fa60a8bf5ae2.jpeg?fit=640%2C426&ssl=1","width":640,"height":426},{"@type":"BreadcrumbList","@id":"https:\/\/blogdobispo.com.br\/?p=17320#breadcrumb","itemListElement":[{"@type":"ListItem","position":1,"name":"In\u00edcio","item":"https:\/\/blogdobispo.com.br\/"},{"@type":"ListItem","position":2,"name":"C\u00e2mara de Parnamirim oferece curso gratuito de cuidador de idosos para gerar emprego e renda"}]},{"@type":"WebSite","@id":"https:\/\/blogdobispo.com.br\/#website","url":"https:\/\/blogdobispo.com.br\/","name":"Blog do Bispo","description":"Comprometido apenas com o leitor","publisher":{"@id":"https:\/\/blogdobispo.com.br\/#organization"},"potentialAction":[{"@type":"SearchAction","target":{"@type":"EntryPoint","urlTemplate":"https:\/\/blogdobispo.com.br\/?s={search_term_string}"},"query-input":{"@type":"PropertyValueSpecification","valueRequired":true,"valueName":"search_term_string"}}],"inLanguage":"pt-BR"},{"@type":"Organization","@id":"https:\/\/blogdobispo.com.br\/#organization","name":"Blog do Bispo","url":"https:\/\/blogdobispo.com.br\/","logo":{"@type":"ImageObject","inLanguage":"pt-BR","@id":"https:\/\/blogdobispo.com.br\/#\/schema\/logo\/image\/","url":"http:\/\/blogdobispo.com.br\/wp-content\/uploads\/2023\/05\/cropped-headear.png","contentUrl":"http:\/\/blogdobispo.com.br\/wp-content\/uploads\/2023\/05\/cropped-headear.png","width":1500,"height":399,"caption":"Blog do Bispo"},"image":{"@id":"https:\/\/blogdobispo.com.br\/#\/schema\/logo\/image\/"}},{"@type":"Person","@id":"https:\/\/blogdobispo.com.br\/#\/schema\/person\/e2209cc0e6cea5c5233d033e997b373f","name":"Jefferson Sterfeno","image":{"@type":"ImageObject","inLanguage":"pt-BR","@id":"https:\/\/blogdobispo.com.br\/#\/schema\/person\/image\/","url":"https:\/\/secure.gravatar.com\/avatar\/0534e84764641168a677026b6d57a3f51dc7ac4db0b4f6186d9cb330d4ee1160?s=96&d=mm&r=g","contentUrl":"https:\/\/secure.gravatar.com\/avatar\/0534e84764641168a677026b6d57a3f51dc7ac4db0b4f6186d9cb330d4ee1160?s=96&d=mm&r=g","caption":"Jefferson Sterfeno"},"sameAs":["http:\/\/blogdobispo.com.br"],"url":"https:\/\/blogdobispo.com.br\/?author=1"}]}},"featured_image_urls":{"full":["https:\/\/i0.wp.com\/blogdobispo.com.br\/wp-content\/uploads\/2025\/08\/f4e4f0b4-4fd1-4841-ab39-fa60a8bf5ae2.jpeg?fit=640%2C426&ssl=1",640,426,false],"thumbnail":["https:\/\/i0.wp.com\/blogdobispo.com.br\/wp-content\/uploads\/2025\/08\/f4e4f0b4-4fd1-4841-ab39-fa60a8bf5ae2.jpeg?resize=150%2C150&ssl=1",150,150,true],"medium":["https:\/\/i0.wp.com\/blogdobispo.com.br\/wp-content\/uploads\/2025\/08\/f4e4f0b4-4fd1-4841-ab39-fa60a8bf5ae2.jpeg?fit=300%2C200&ssl=1",300,200,true],"medium_large":["https:\/\/i0.wp.com\/blogdobispo.com.br\/wp-content\/uploads\/2025\/08\/f4e4f0b4-4fd1-4841-ab39-fa60a8bf5ae2.jpeg?fit=640%2C426&ssl=1",640,426,true],"large":["https:\/\/i0.wp.com\/blogdobispo.com.br\/wp-content\/uploads\/2025\/08\/f4e4f0b4-4fd1-4841-ab39-fa60a8bf5ae2.jpeg?fit=640%2C426&ssl=1",640,426,true],"1536x1536":["https:\/\/i0.wp.com\/blogdobispo.com.br\/wp-content\/uploads\/2025\/08\/f4e4f0b4-4fd1-4841-ab39-fa60a8bf5ae2.jpeg?fit=640%2C426&ssl=1",640,426,true],"2048x2048":["https:\/\/i0.wp.com\/blogdobispo.com.br\/wp-content\/uploads\/2025\/08\/f4e4f0b4-4fd1-4841-ab39-fa60a8bf5ae2.jpeg?fit=640%2C426&ssl=1",640,426,true]},"author_info":{"display_name":"Jefferson Sterfeno","author_link":"https:\/\/blogdobispo.com.br\/?author=1"},"category_info":"<a href=\"https:\/\/blogdobispo.com.br\/?cat=1\" rel=\"category\">diversos<\/a>","tag_info":"diversos","comment_count":"0","jetpack_featured_media_url":"https:\/\/i0.wp.com\/blogdobispo.com.br\/wp-content\/uploads\/2025\/08\/f4e4f0b4-4fd1-4841-ab39-fa60a8bf5ae2.jpeg?fit=640%2C426&ssl=1","jetpack_sharing_enabled":true,"_links":{"self":[{"href":"https:\/\/blogdobispo.com.br\/index.php?rest_route=\/wp\/v2\/posts\/17320","targetHints":{"allow":["GET"]}}],"collection":[{"href":"https:\/\/blogdobispo.com.br\/index.php?rest_route=\/wp\/v2\/posts"}],"about":[{"href":"https:\/\/blogdobispo.com.br\/index.php?rest_route=\/wp\/v2\/types\/post"}],"author":[{"embeddable":true,"href":"https:\/\/blogdobispo.com.br\/index.php?rest_route=\/wp\/v2\/users\/1"}],"replies":[{"embeddable":true,"href":"https:\/\/blogdobispo.com.br\/index.php?rest_route=%2Fwp%2Fv2%2Fcomments&post=17320"}],"version-history":[{"count":1,"href":"https:\/\/blogdobispo.com.br\/index.php?rest_route=\/wp\/v2\/posts\/17320\/revisions"}],"predecessor-version":[{"id":17322,"href":"https:\/\/blogdobispo.com.br\/index.php?rest_route=\/wp\/v2\/posts\/17320\/revisions\/17322"}],"wp:featuredmedia":[{"embeddable":true,"href":"https:\/\/blogdobispo.com.br\/index.php?rest_route=\/wp\/v2\/media\/17321"}],"wp:attachment":[{"href":"https:\/\/blogdobispo.com.br\/index.php?rest_route=%2Fwp%2Fv2%2Fmedia&parent=17320"}],"wp:term":[{"taxonomy":"category","embeddable":true,"href":"https:\/\/blogdobispo.com.br\/index.php?rest_route=%2Fwp%2Fv2%2Fcategories&post=17320"},{"taxonomy":"post_tag","embeddable":true,"href":"https:\/\/blogdobispo.com.br\/index.php?rest_route=%2Fwp%2Fv2%2Ftags&post=17320"}],"curies":[{"name":"wp","href":"https:\/\/api.w.org\/{rel}","templated":true}]}}