{"id":17317,"date":"2025-08-22T16:19:47","date_gmt":"2025-08-22T16:19:47","guid":{"rendered":"https:\/\/blogdobispo.com.br\/?p=17317"},"modified":"2025-08-22T16:19:47","modified_gmt":"2025-08-22T16:19:47","slug":"a-hipocrisia-de-allyson-bezerra-do-combate-as-oligarquias-a-familiocracia-que-tanto-criticou","status":"publish","type":"post","link":"https:\/\/blogdobispo.com.br\/?p=17317","title":{"rendered":"A hipocrisia de Allyson Bezerra: Do combate \u00e0s oligarquias \u00e0 \u201cfamiliocracia\u201d que tanto criticou"},"content":{"rendered":"<h3 data-start=\"131\" data-end=\"224\"><\/h3>\n<p data-start=\"226\" data-end=\"517\">O prefeito de Mossor\u00f3, <strong data-start=\"249\" data-end=\"283\">Allyson Bezerra (Uni\u00e3o Brasil)<\/strong>, parece ter se perdido no pr\u00f3prio discurso. O jovem gestor que ganhou espa\u00e7o pol\u00edtico se apresentando como o <strong data-start=\"393\" data-end=\"424\">antagonista das oligarquias<\/strong> que dominaram a cidade por d\u00e9cadas agora repete exatamente as pr\u00e1ticas que dizia combater.<\/p>\n<p data-start=\"519\" data-end=\"810\">A movimenta\u00e7\u00e3o nos bastidores \u00e9 clara: Alysson articula a candidatura da esposa, <strong data-start=\"600\" data-end=\"620\">Cinthia Pinheiro<\/strong>, para a Assembleia Legislativa em 2026. O problema \u00e9 que, quando estava na oposi\u00e7\u00e3o, esse tipo de projeto familiar era tachado por ele de \u201coligarquia\u201d, \u201cfamiliocracia\u201d e \u201cvelha pol\u00edtica\u201d.<\/p>\n<p data-start=\"812\" data-end=\"1073\">A mudan\u00e7a de postura revela um <strong data-start=\"843\" data-end=\"881\">Allyson pragm\u00e1tico e contradit\u00f3rio<\/strong>. O prefeito que se dizia a voz da renova\u00e7\u00e3o agora joga com as mesmas cartas que sempre criticou, abrindo espa\u00e7o para que a sua gest\u00e3o seja comparada justamente \u00e0quelas que prometeu superar.<\/p>\n<p data-start=\"1075\" data-end=\"1443\">Em Mossor\u00f3, a leitura \u00e9 inevit\u00e1vel: Alysson, ao tentar consolidar poder por meio da candidatura da esposa, mostra que, no fim das contas, n\u00e3o \u00e9 t\u00e3o diferente dos velhos caciques. A m\u00e1scara da \u201cnova pol\u00edtica\u201d come\u00e7a a escorregar, e o discurso moralista de outrora se desfaz diante da pr\u00e1tica real de quem, ao que tudo indica, <strong data-start=\"1400\" data-end=\"1440\">quer fundar a sua pr\u00f3pria oligarquia<\/strong>.<\/p>\n<p data-start=\"1075\" data-end=\"1443\"><img data-recalc-dims=\"1\" fetchpriority=\"high\" decoding=\"async\" class=\"alignnone size-medium wp-image-17318\" src=\"https:\/\/i0.wp.com\/blogdobispo.com.br\/wp-content\/uploads\/2025\/08\/17-57-31-prefeito-e-primeira-dama-930x698-1.jpg?resize=300%2C225\" alt=\"\" width=\"300\" height=\"225\" srcset=\"https:\/\/i0.wp.com\/blogdobispo.com.br\/wp-content\/uploads\/2025\/08\/17-57-31-prefeito-e-primeira-dama-930x698-1.jpg?resize=300%2C225&amp;ssl=1 300w, https:\/\/i0.wp.com\/blogdobispo.com.br\/wp-content\/uploads\/2025\/08\/17-57-31-prefeito-e-primeira-dama-930x698-1.jpg?resize=768%2C576&amp;ssl=1 768w, https:\/\/i0.wp.com\/blogdobispo.com.br\/wp-content\/uploads\/2025\/08\/17-57-31-prefeito-e-primeira-dama-930x698-1.jpg?w=930&amp;ssl=1 930w\" sizes=\"(max-width: 300px) 100vw, 300px\" \/><\/p>\n","protected":false},"excerpt":{"rendered":"<p>O prefeito de Mossor\u00f3, Allyson Bezerra (Uni\u00e3o Brasil), parece ter se perdido no pr\u00f3prio discurso. O jovem gestor que ganhou espa\u00e7o pol\u00edtico se apresentando como o antagonista das oligarquias que dominaram a cidade por d\u00e9cadas agora repete exatamente as pr\u00e1ticas que dizia combater. A movimenta\u00e7\u00e3o nos bastidores \u00e9 clara: Alysson articula a candidatura da esposa, [&hellip;]<\/p>\n","protected":false},"author":1,"featured_media":17318,"comment_status":"open","ping_status":"open","sticky":false,"template":"","format":"standard","meta":{"cybocfi_hide_featured_image":"","_jetpack_memberships_contains_paid_content":false,"footnotes":""},"categories":[1],"tags":[],"class_list":["post-17317","post","type-post","status-publish","format-standard","has-post-thumbnail","hentry","category-diversos"],"yoast_head":"<!-- This site is optimized with the Yoast SEO plugin v25.6 - https:\/\/yoast.com\/wordpress\/plugins\/seo\/ -->\n<title>A hipocrisia de Allyson Bezerra: Do combate \u00e0s oligarquias \u00e0 \u201cfamiliocracia\u201d que tanto criticou - Blog do Bispo<\/title>\n<meta name=\"robots\" content=\"index, follow, max-snippet:-1, max-image-preview:large, max-video-preview:-1\" \/>\n<link rel=\"canonical\" href=\"https:\/\/blogdobispo.com.br\/?p=17317\" \/>\n<meta property=\"og:locale\" content=\"pt_BR\" \/>\n<meta property=\"og:type\" content=\"article\" \/>\n<meta property=\"og:title\" content=\"A hipocrisia de Allyson Bezerra: Do combate \u00e0s oligarquias \u00e0 \u201cfamiliocracia\u201d que tanto criticou - Blog do Bispo\" \/>\n<meta property=\"og:description\" content=\"O prefeito de Mossor\u00f3, Allyson Bezerra (Uni\u00e3o Brasil), parece ter se perdido no pr\u00f3prio discurso. O jovem gestor que ganhou espa\u00e7o pol\u00edtico se apresentando como o antagonista das oligarquias que dominaram a cidade por d\u00e9cadas agora repete exatamente as pr\u00e1ticas que dizia combater. A movimenta\u00e7\u00e3o nos bastidores \u00e9 clara: Alysson articula a candidatura da esposa, [&hellip;]\" \/>\n<meta property=\"og:url\" content=\"https:\/\/blogdobispo.com.br\/?p=17317\" \/>\n<meta property=\"og:site_name\" content=\"Blog do Bispo\" \/>\n<meta property=\"article:published_time\" content=\"2025-08-22T16:19:47+00:00\" \/>\n<meta property=\"og:image\" content=\"http:\/\/blogdobispo.com.br\/wp-content\/uploads\/2025\/08\/17-57-31-prefeito-e-primeira-dama-930x698-1.jpg\" \/>\n\t<meta property=\"og:image:width\" content=\"930\" \/>\n\t<meta property=\"og:image:height\" content=\"698\" \/>\n\t<meta property=\"og:image:type\" content=\"image\/jpeg\" \/>\n<meta name=\"author\" content=\"Jefferson Sterfeno\" \/>\n<meta name=\"twitter:card\" content=\"summary_large_image\" \/>\n<meta name=\"twitter:label1\" content=\"Escrito por\" \/>\n\t<meta name=\"twitter:data1\" content=\"Jefferson Sterfeno\" \/>\n\t<meta name=\"twitter:label2\" content=\"Est. tempo de leitura\" \/>\n\t<meta name=\"twitter:data2\" content=\"2 minutos\" \/>\n<script type=\"application\/ld+json\" class=\"yoast-schema-graph\">{\"@context\":\"https:\/\/schema.org\",\"@graph\":[{\"@type\":\"Article\",\"@id\":\"https:\/\/blogdobispo.com.br\/?p=17317#article\",\"isPartOf\":{\"@id\":\"https:\/\/blogdobispo.com.br\/?p=17317\"},\"author\":{\"name\":\"Jefferson Sterfeno\",\"@id\":\"https:\/\/blogdobispo.com.br\/#\/schema\/person\/e2209cc0e6cea5c5233d033e997b373f\"},\"headline\":\"A hipocrisia de Allyson Bezerra: Do combate \u00e0s oligarquias \u00e0 \u201cfamiliocracia\u201d que tanto criticou\",\"datePublished\":\"2025-08-22T16:19:47+00:00\",\"mainEntityOfPage\":{\"@id\":\"https:\/\/blogdobispo.com.br\/?p=17317\"},\"wordCount\":221,\"commentCount\":0,\"publisher\":{\"@id\":\"https:\/\/blogdobispo.com.br\/#organization\"},\"image\":{\"@id\":\"https:\/\/blogdobispo.com.br\/?p=17317#primaryimage\"},\"thumbnailUrl\":\"https:\/\/i0.wp.com\/blogdobispo.com.br\/wp-content\/uploads\/2025\/08\/17-57-31-prefeito-e-primeira-dama-930x698-1.jpg?fit=930%2C698&ssl=1\",\"articleSection\":[\"diversos\"],\"inLanguage\":\"pt-BR\",\"potentialAction\":[{\"@type\":\"CommentAction\",\"name\":\"Comment\",\"target\":[\"https:\/\/blogdobispo.com.br\/?p=17317#respond\"]}]},{\"@type\":\"WebPage\",\"@id\":\"https:\/\/blogdobispo.com.br\/?p=17317\",\"url\":\"https:\/\/blogdobispo.com.br\/?p=17317\",\"name\":\"A hipocrisia de Allyson Bezerra: Do combate \u00e0s oligarquias \u00e0 \u201cfamiliocracia\u201d que tanto criticou - Blog do Bispo\",\"isPartOf\":{\"@id\":\"https:\/\/blogdobispo.com.br\/#website\"},\"primaryImageOfPage\":{\"@id\":\"https:\/\/blogdobispo.com.br\/?p=17317#primaryimage\"},\"image\":{\"@id\":\"https:\/\/blogdobispo.com.br\/?p=17317#primaryimage\"},\"thumbnailUrl\":\"https:\/\/i0.wp.com\/blogdobispo.com.br\/wp-content\/uploads\/2025\/08\/17-57-31-prefeito-e-primeira-dama-930x698-1.jpg?fit=930%2C698&ssl=1\",\"datePublished\":\"2025-08-22T16:19:47+00:00\",\"breadcrumb\":{\"@id\":\"https:\/\/blogdobispo.com.br\/?p=17317#breadcrumb\"},\"inLanguage\":\"pt-BR\",\"potentialAction\":[{\"@type\":\"ReadAction\",\"target\":[\"https:\/\/blogdobispo.com.br\/?p=17317\"]}]},{\"@type\":\"ImageObject\",\"inLanguage\":\"pt-BR\",\"@id\":\"https:\/\/blogdobispo.com.br\/?p=17317#primaryimage\",\"url\":\"https:\/\/i0.wp.com\/blogdobispo.com.br\/wp-content\/uploads\/2025\/08\/17-57-31-prefeito-e-primeira-dama-930x698-1.jpg?fit=930%2C698&ssl=1\",\"contentUrl\":\"https:\/\/i0.wp.com\/blogdobispo.com.br\/wp-content\/uploads\/2025\/08\/17-57-31-prefeito-e-primeira-dama-930x698-1.jpg?fit=930%2C698&ssl=1\",\"width\":930,\"height\":698},{\"@type\":\"BreadcrumbList\",\"@id\":\"https:\/\/blogdobispo.com.br\/?p=17317#breadcrumb\",\"itemListElement\":[{\"@type\":\"ListItem\",\"position\":1,\"name\":\"In\u00edcio\",\"item\":\"https:\/\/blogdobispo.com.br\/\"},{\"@type\":\"ListItem\",\"position\":2,\"name\":\"A hipocrisia de Allyson Bezerra: Do combate \u00e0s oligarquias \u00e0 \u201cfamiliocracia\u201d que tanto criticou\"}]},{\"@type\":\"WebSite\",\"@id\":\"https:\/\/blogdobispo.com.br\/#website\",\"url\":\"https:\/\/blogdobispo.com.br\/\",\"name\":\"Blog do Bispo\",\"description\":\"Comprometido apenas com o leitor\",\"publisher\":{\"@id\":\"https:\/\/blogdobispo.com.br\/#organization\"},\"potentialAction\":[{\"@type\":\"SearchAction\",\"target\":{\"@type\":\"EntryPoint\",\"urlTemplate\":\"https:\/\/blogdobispo.com.br\/?s={search_term_string}\"},\"query-input\":{\"@type\":\"PropertyValueSpecification\",\"valueRequired\":true,\"valueName\":\"search_term_string\"}}],\"inLanguage\":\"pt-BR\"},{\"@type\":\"Organization\",\"@id\":\"https:\/\/blogdobispo.com.br\/#organization\",\"name\":\"Blog do Bispo\",\"url\":\"https:\/\/blogdobispo.com.br\/\",\"logo\":{\"@type\":\"ImageObject\",\"inLanguage\":\"pt-BR\",\"@id\":\"https:\/\/blogdobispo.com.br\/#\/schema\/logo\/image\/\",\"url\":\"http:\/\/blogdobispo.com.br\/wp-content\/uploads\/2023\/05\/cropped-headear.png\",\"contentUrl\":\"http:\/\/blogdobispo.com.br\/wp-content\/uploads\/2023\/05\/cropped-headear.png\",\"width\":1500,\"height\":399,\"caption\":\"Blog do Bispo\"},\"image\":{\"@id\":\"https:\/\/blogdobispo.com.br\/#\/schema\/logo\/image\/\"}},{\"@type\":\"Person\",\"@id\":\"https:\/\/blogdobispo.com.br\/#\/schema\/person\/e2209cc0e6cea5c5233d033e997b373f\",\"name\":\"Jefferson Sterfeno\",\"image\":{\"@type\":\"ImageObject\",\"inLanguage\":\"pt-BR\",\"@id\":\"https:\/\/blogdobispo.com.br\/#\/schema\/person\/image\/\",\"url\":\"https:\/\/secure.gravatar.com\/avatar\/0534e84764641168a677026b6d57a3f51dc7ac4db0b4f6186d9cb330d4ee1160?s=96&d=mm&r=g\",\"contentUrl\":\"https:\/\/secure.gravatar.com\/avatar\/0534e84764641168a677026b6d57a3f51dc7ac4db0b4f6186d9cb330d4ee1160?s=96&d=mm&r=g\",\"caption\":\"Jefferson Sterfeno\"},\"sameAs\":[\"http:\/\/blogdobispo.com.br\"],\"url\":\"https:\/\/blogdobispo.com.br\/?author=1\"}]}<\/script>\n<!-- \/ Yoast SEO plugin. -->","yoast_head_json":{"title":"A hipocrisia de Allyson Bezerra: Do combate \u00e0s oligarquias \u00e0 \u201cfamiliocracia\u201d que tanto criticou - Blog do Bispo","robots":{"index":"index","follow":"follow","max-snippet":"max-snippet:-1","max-image-preview":"max-image-preview:large","max-video-preview":"max-video-preview:-1"},"canonical":"https:\/\/blogdobispo.com.br\/?p=17317","og_locale":"pt_BR","og_type":"article","og_title":"A hipocrisia de Allyson Bezerra: Do combate \u00e0s oligarquias \u00e0 \u201cfamiliocracia\u201d que tanto criticou - Blog do Bispo","og_description":"O prefeito de Mossor\u00f3, Allyson Bezerra (Uni\u00e3o Brasil), parece ter se perdido no pr\u00f3prio discurso. O jovem gestor que ganhou espa\u00e7o pol\u00edtico se apresentando como o antagonista das oligarquias que dominaram a cidade por d\u00e9cadas agora repete exatamente as pr\u00e1ticas que dizia combater. A movimenta\u00e7\u00e3o nos bastidores \u00e9 clara: Alysson articula a candidatura da esposa, [&hellip;]","og_url":"https:\/\/blogdobispo.com.br\/?p=17317","og_site_name":"Blog do Bispo","article_published_time":"2025-08-22T16:19:47+00:00","og_image":[{"width":930,"height":698,"url":"http:\/\/blogdobispo.com.br\/wp-content\/uploads\/2025\/08\/17-57-31-prefeito-e-primeira-dama-930x698-1.jpg","type":"image\/jpeg"}],"author":"Jefferson Sterfeno","twitter_card":"summary_large_image","twitter_misc":{"Escrito por":"Jefferson Sterfeno","Est. tempo de leitura":"2 minutos"},"schema":{"@context":"https:\/\/schema.org","@graph":[{"@type":"Article","@id":"https:\/\/blogdobispo.com.br\/?p=17317#article","isPartOf":{"@id":"https:\/\/blogdobispo.com.br\/?p=17317"},"author":{"name":"Jefferson Sterfeno","@id":"https:\/\/blogdobispo.com.br\/#\/schema\/person\/e2209cc0e6cea5c5233d033e997b373f"},"headline":"A hipocrisia de Allyson Bezerra: Do combate \u00e0s oligarquias \u00e0 \u201cfamiliocracia\u201d que tanto criticou","datePublished":"2025-08-22T16:19:47+00:00","mainEntityOfPage":{"@id":"https:\/\/blogdobispo.com.br\/?p=17317"},"wordCount":221,"commentCount":0,"publisher":{"@id":"https:\/\/blogdobispo.com.br\/#organization"},"image":{"@id":"https:\/\/blogdobispo.com.br\/?p=17317#primaryimage"},"thumbnailUrl":"https:\/\/i0.wp.com\/blogdobispo.com.br\/wp-content\/uploads\/2025\/08\/17-57-31-prefeito-e-primeira-dama-930x698-1.jpg?fit=930%2C698&ssl=1","articleSection":["diversos"],"inLanguage":"pt-BR","potentialAction":[{"@type":"CommentAction","name":"Comment","target":["https:\/\/blogdobispo.com.br\/?p=17317#respond"]}]},{"@type":"WebPage","@id":"https:\/\/blogdobispo.com.br\/?p=17317","url":"https:\/\/blogdobispo.com.br\/?p=17317","name":"A hipocrisia de Allyson Bezerra: Do combate \u00e0s oligarquias \u00e0 \u201cfamiliocracia\u201d que tanto criticou - Blog do Bispo","isPartOf":{"@id":"https:\/\/blogdobispo.com.br\/#website"},"primaryImageOfPage":{"@id":"https:\/\/blogdobispo.com.br\/?p=17317#primaryimage"},"image":{"@id":"https:\/\/blogdobispo.com.br\/?p=17317#primaryimage"},"thumbnailUrl":"https:\/\/i0.wp.com\/blogdobispo.com.br\/wp-content\/uploads\/2025\/08\/17-57-31-prefeito-e-primeira-dama-930x698-1.jpg?fit=930%2C698&ssl=1","datePublished":"2025-08-22T16:19:47+00:00","breadcrumb":{"@id":"https:\/\/blogdobispo.com.br\/?p=17317#breadcrumb"},"inLanguage":"pt-BR","potentialAction":[{"@type":"ReadAction","target":["https:\/\/blogdobispo.com.br\/?p=17317"]}]},{"@type":"ImageObject","inLanguage":"pt-BR","@id":"https:\/\/blogdobispo.com.br\/?p=17317#primaryimage","url":"https:\/\/i0.wp.com\/blogdobispo.com.br\/wp-content\/uploads\/2025\/08\/17-57-31-prefeito-e-primeira-dama-930x698-1.jpg?fit=930%2C698&ssl=1","contentUrl":"https:\/\/i0.wp.com\/blogdobispo.com.br\/wp-content\/uploads\/2025\/08\/17-57-31-prefeito-e-primeira-dama-930x698-1.jpg?fit=930%2C698&ssl=1","width":930,"height":698},{"@type":"BreadcrumbList","@id":"https:\/\/blogdobispo.com.br\/?p=17317#breadcrumb","itemListElement":[{"@type":"ListItem","position":1,"name":"In\u00edcio","item":"https:\/\/blogdobispo.com.br\/"},{"@type":"ListItem","position":2,"name":"A hipocrisia de Allyson Bezerra: Do combate \u00e0s oligarquias \u00e0 \u201cfamiliocracia\u201d que tanto criticou"}]},{"@type":"WebSite","@id":"https:\/\/blogdobispo.com.br\/#website","url":"https:\/\/blogdobispo.com.br\/","name":"Blog do Bispo","description":"Comprometido apenas com o leitor","publisher":{"@id":"https:\/\/blogdobispo.com.br\/#organization"},"potentialAction":[{"@type":"SearchAction","target":{"@type":"EntryPoint","urlTemplate":"https:\/\/blogdobispo.com.br\/?s={search_term_string}"},"query-input":{"@type":"PropertyValueSpecification","valueRequired":true,"valueName":"search_term_string"}}],"inLanguage":"pt-BR"},{"@type":"Organization","@id":"https:\/\/blogdobispo.com.br\/#organization","name":"Blog do Bispo","url":"https:\/\/blogdobispo.com.br\/","logo":{"@type":"ImageObject","inLanguage":"pt-BR","@id":"https:\/\/blogdobispo.com.br\/#\/schema\/logo\/image\/","url":"http:\/\/blogdobispo.com.br\/wp-content\/uploads\/2023\/05\/cropped-headear.png","contentUrl":"http:\/\/blogdobispo.com.br\/wp-content\/uploads\/2023\/05\/cropped-headear.png","width":1500,"height":399,"caption":"Blog do Bispo"},"image":{"@id":"https:\/\/blogdobispo.com.br\/#\/schema\/logo\/image\/"}},{"@type":"Person","@id":"https:\/\/blogdobispo.com.br\/#\/schema\/person\/e2209cc0e6cea5c5233d033e997b373f","name":"Jefferson Sterfeno","image":{"@type":"ImageObject","inLanguage":"pt-BR","@id":"https:\/\/blogdobispo.com.br\/#\/schema\/person\/image\/","url":"https:\/\/secure.gravatar.com\/avatar\/0534e84764641168a677026b6d57a3f51dc7ac4db0b4f6186d9cb330d4ee1160?s=96&d=mm&r=g","contentUrl":"https:\/\/secure.gravatar.com\/avatar\/0534e84764641168a677026b6d57a3f51dc7ac4db0b4f6186d9cb330d4ee1160?s=96&d=mm&r=g","caption":"Jefferson Sterfeno"},"sameAs":["http:\/\/blogdobispo.com.br"],"url":"https:\/\/blogdobispo.com.br\/?author=1"}]}},"featured_image_urls":{"full":["https:\/\/i0.wp.com\/blogdobispo.com.br\/wp-content\/uploads\/2025\/08\/17-57-31-prefeito-e-primeira-dama-930x698-1.jpg?fit=930%2C698&ssl=1",930,698,false],"thumbnail":["https:\/\/i0.wp.com\/blogdobispo.com.br\/wp-content\/uploads\/2025\/08\/17-57-31-prefeito-e-primeira-dama-930x698-1.jpg?resize=150%2C150&ssl=1",150,150,true],"medium":["https:\/\/i0.wp.com\/blogdobispo.com.br\/wp-content\/uploads\/2025\/08\/17-57-31-prefeito-e-primeira-dama-930x698-1.jpg?fit=300%2C225&ssl=1",300,225,true],"medium_large":["https:\/\/i0.wp.com\/blogdobispo.com.br\/wp-content\/uploads\/2025\/08\/17-57-31-prefeito-e-primeira-dama-930x698-1.jpg?fit=768%2C576&ssl=1",768,576,true],"large":["https:\/\/i0.wp.com\/blogdobispo.com.br\/wp-content\/uploads\/2025\/08\/17-57-31-prefeito-e-primeira-dama-930x698-1.jpg?fit=800%2C600&ssl=1",800,600,true],"1536x1536":["https:\/\/i0.wp.com\/blogdobispo.com.br\/wp-content\/uploads\/2025\/08\/17-57-31-prefeito-e-primeira-dama-930x698-1.jpg?fit=930%2C698&ssl=1",930,698,true],"2048x2048":["https:\/\/i0.wp.com\/blogdobispo.com.br\/wp-content\/uploads\/2025\/08\/17-57-31-prefeito-e-primeira-dama-930x698-1.jpg?fit=930%2C698&ssl=1",930,698,true]},"author_info":{"display_name":"Jefferson Sterfeno","author_link":"https:\/\/blogdobispo.com.br\/?author=1"},"category_info":"<a href=\"https:\/\/blogdobispo.com.br\/?cat=1\" rel=\"category\">diversos<\/a>","tag_info":"diversos","comment_count":"0","jetpack_featured_media_url":"https:\/\/i0.wp.com\/blogdobispo.com.br\/wp-content\/uploads\/2025\/08\/17-57-31-prefeito-e-primeira-dama-930x698-1.jpg?fit=930%2C698&ssl=1","jetpack_sharing_enabled":true,"_links":{"self":[{"href":"https:\/\/blogdobispo.com.br\/index.php?rest_route=\/wp\/v2\/posts\/17317","targetHints":{"allow":["GET"]}}],"collection":[{"href":"https:\/\/blogdobispo.com.br\/index.php?rest_route=\/wp\/v2\/posts"}],"about":[{"href":"https:\/\/blogdobispo.com.br\/index.php?rest_route=\/wp\/v2\/types\/post"}],"author":[{"embeddable":true,"href":"https:\/\/blogdobispo.com.br\/index.php?rest_route=\/wp\/v2\/users\/1"}],"replies":[{"embeddable":true,"href":"https:\/\/blogdobispo.com.br\/index.php?rest_route=%2Fwp%2Fv2%2Fcomments&post=17317"}],"version-history":[{"count":1,"href":"https:\/\/blogdobispo.com.br\/index.php?rest_route=\/wp\/v2\/posts\/17317\/revisions"}],"predecessor-version":[{"id":17319,"href":"https:\/\/blogdobispo.com.br\/index.php?rest_route=\/wp\/v2\/posts\/17317\/revisions\/17319"}],"wp:featuredmedia":[{"embeddable":true,"href":"https:\/\/blogdobispo.com.br\/index.php?rest_route=\/wp\/v2\/media\/17318"}],"wp:attachment":[{"href":"https:\/\/blogdobispo.com.br\/index.php?rest_route=%2Fwp%2Fv2%2Fmedia&parent=17317"}],"wp:term":[{"taxonomy":"category","embeddable":true,"href":"https:\/\/blogdobispo.com.br\/index.php?rest_route=%2Fwp%2Fv2%2Fcategories&post=17317"},{"taxonomy":"post_tag","embeddable":true,"href":"https:\/\/blogdobispo.com.br\/index.php?rest_route=%2Fwp%2Fv2%2Ftags&post=17317"}],"curies":[{"name":"wp","href":"https:\/\/api.w.org\/{rel}","templated":true}]}}