{"id":17307,"date":"2025-08-21T23:32:00","date_gmt":"2025-08-21T23:32:00","guid":{"rendered":"https:\/\/blogdobispo.com.br\/?p=17307"},"modified":"2025-08-21T23:32:00","modified_gmt":"2025-08-21T23:32:00","slug":"deputado-dr-kerginaldo-fiscaliza-setor-de-queimados-do-hospital-walfredo-gurgel","status":"publish","type":"post","link":"https:\/\/blogdobispo.com.br\/?p=17307","title":{"rendered":"Deputado Dr. Kerginaldo fiscaliza setor de queimados do Hospital Walfredo Gurgel"},"content":{"rendered":"\n<figure class=\"wp-block-image size-large\"><img data-recalc-dims=\"1\" fetchpriority=\"high\" decoding=\"async\" width=\"800\" height=\"532\" src=\"https:\/\/i0.wp.com\/blogdobispo.com.br\/wp-content\/uploads\/2025\/08\/b8b5231b-04ef-44a9-b42f-417e5e81d954-1024x681.jpg?resize=800%2C532&#038;ssl=1\" class=\"wp-image-17306\" srcset=\"https:\/\/i0.wp.com\/blogdobispo.com.br\/wp-content\/uploads\/2025\/08\/b8b5231b-04ef-44a9-b42f-417e5e81d954.jpg?resize=1024%2C681&amp;ssl=1 1024w, https:\/\/i0.wp.com\/blogdobispo.com.br\/wp-content\/uploads\/2025\/08\/b8b5231b-04ef-44a9-b42f-417e5e81d954.jpg?resize=300%2C200&amp;ssl=1 300w, https:\/\/i0.wp.com\/blogdobispo.com.br\/wp-content\/uploads\/2025\/08\/b8b5231b-04ef-44a9-b42f-417e5e81d954.jpg?resize=768%2C511&amp;ssl=1 768w, https:\/\/i0.wp.com\/blogdobispo.com.br\/wp-content\/uploads\/2025\/08\/b8b5231b-04ef-44a9-b42f-417e5e81d954.jpg?resize=1536%2C1021&amp;ssl=1 1536w, https:\/\/i0.wp.com\/blogdobispo.com.br\/wp-content\/uploads\/2025\/08\/b8b5231b-04ef-44a9-b42f-417e5e81d954.jpg?w=1600&amp;ssl=1 1600w\" sizes=\"(max-width: 800px) 100vw, 800px\" \/><\/figure>\n\n\n\n<p><\/p>\n\n\n\n<p>O deputado estadual Dr. Kerginaldo, vice-presidente da Comiss\u00e3o de Sa\u00fade da Assembleia Legislativa do Rio Grande do Norte, esteve nesta quinta-feira (21) no Hospital Monsenhor Walfredo Gurgel, em Natal, onde realizou uma fiscaliza\u00e7\u00e3o no Centro de Tratamento de Queimados (CTQ).<\/p>\n\n\n\n<p>Durante a visita, o parlamentar constatou a situa\u00e7\u00e3o de abandono e a necessidade urgente de reformas na unidade, que \u00e9 refer\u00eancia no atendimento a pacientes v\u00edtimas de queimaduras em todo o estado. M\u00e9dicos e entidades da \u00e1rea da sa\u00fade j\u00e1 vinham denunciando as condi\u00e7\u00f5es prec\u00e1rias do setor, que comprometem tanto o trabalho dos profissionais quanto a assist\u00eancia adequada aos pacientes.<\/p>\n\n\n\n<p>Na ocasi\u00e3o, Dr. Kerginaldo destacou a gravidade da situa\u00e7\u00e3o:<\/p>\n\n\n\n<p>\u201cPode faltar tudo no Walfredo, menos estrutura para o setor de queimados. Isso porque ele \u00e9 o \u00fanico em todo o Rio Grande do Norte. N\u00e3o existe na rede privada, n\u00e3o existe em hospitais conveniados a planos de sa\u00fade. Qualquer pessoa que sofra queimaduras graves, independente de ter ou n\u00e3o plano, vem para c\u00e1. \u00c9 inadmiss\u00edvel que um servi\u00e7o t\u00e3o essencial esteja nessas condi\u00e7\u00f5es. Vou cobrar provid\u00eancias imediatas para garantir dignidade aos pacientes e condi\u00e7\u00f5es de trabalho aos profissionais.\u201d<\/p>\n\n\n\n<p>O deputado refor\u00e7ou ainda que a fiscaliza\u00e7\u00e3o faz parte de uma s\u00e9rie de a\u00e7\u00f5es que a Assembleia Legislativa vem promovendo para acompanhar de perto a realidade da sa\u00fade p\u00fablica potiguar e buscar solu\u00e7\u00f5es urgentes para os problemas enfrentados pela rede.<\/p>\n","protected":false},"excerpt":{"rendered":"<p>O deputado estadual Dr. Kerginaldo, vice-presidente da Comiss\u00e3o de Sa\u00fade da Assembleia Legislativa do Rio Grande do Norte, esteve nesta quinta-feira (21) no Hospital Monsenhor Walfredo Gurgel, em Natal, onde realizou uma fiscaliza\u00e7\u00e3o no Centro de Tratamento de Queimados (CTQ). Durante a visita, o parlamentar constatou a situa\u00e7\u00e3o de abandono e a necessidade urgente de [&hellip;]<\/p>\n","protected":false},"author":1,"featured_media":17306,"comment_status":"open","ping_status":"open","sticky":false,"template":"","format":"standard","meta":{"cybocfi_hide_featured_image":"","_jetpack_memberships_contains_paid_content":false,"footnotes":""},"categories":[1],"tags":[],"class_list":["post-17307","post","type-post","status-publish","format-standard","has-post-thumbnail","hentry","category-diversos"],"yoast_head":"<!-- This site is optimized with the Yoast SEO plugin v25.6 - https:\/\/yoast.com\/wordpress\/plugins\/seo\/ -->\n<title>Deputado Dr. Kerginaldo fiscaliza setor de queimados do Hospital Walfredo Gurgel - Blog do Bispo<\/title>\n<meta name=\"robots\" content=\"index, follow, max-snippet:-1, max-image-preview:large, max-video-preview:-1\" \/>\n<link rel=\"canonical\" href=\"https:\/\/blogdobispo.com.br\/?p=17307\" \/>\n<meta property=\"og:locale\" content=\"pt_BR\" \/>\n<meta property=\"og:type\" content=\"article\" \/>\n<meta property=\"og:title\" content=\"Deputado Dr. Kerginaldo fiscaliza setor de queimados do Hospital Walfredo Gurgel - Blog do Bispo\" \/>\n<meta property=\"og:description\" content=\"O deputado estadual Dr. Kerginaldo, vice-presidente da Comiss\u00e3o de Sa\u00fade da Assembleia Legislativa do Rio Grande do Norte, esteve nesta quinta-feira (21) no Hospital Monsenhor Walfredo Gurgel, em Natal, onde realizou uma fiscaliza\u00e7\u00e3o no Centro de Tratamento de Queimados (CTQ). Durante a visita, o parlamentar constatou a situa\u00e7\u00e3o de abandono e a necessidade urgente de [&hellip;]\" \/>\n<meta property=\"og:url\" content=\"https:\/\/blogdobispo.com.br\/?p=17307\" \/>\n<meta property=\"og:site_name\" content=\"Blog do Bispo\" \/>\n<meta property=\"article:published_time\" content=\"2025-08-21T23:32:00+00:00\" \/>\n<meta property=\"og:image\" content=\"https:\/\/blogdobispo.com.br\/wp-content\/uploads\/2025\/08\/b8b5231b-04ef-44a9-b42f-417e5e81d954-1024x681.jpg\" \/>\n<meta name=\"author\" content=\"Jefferson Sterfeno\" \/>\n<meta name=\"twitter:card\" content=\"summary_large_image\" \/>\n<meta name=\"twitter:label1\" content=\"Escrito por\" \/>\n\t<meta name=\"twitter:data1\" content=\"Jefferson Sterfeno\" \/>\n\t<meta name=\"twitter:label2\" content=\"Est. tempo de leitura\" \/>\n\t<meta name=\"twitter:data2\" content=\"1 minuto\" \/>\n<script type=\"application\/ld+json\" class=\"yoast-schema-graph\">{\"@context\":\"https:\/\/schema.org\",\"@graph\":[{\"@type\":\"Article\",\"@id\":\"https:\/\/blogdobispo.com.br\/?p=17307#article\",\"isPartOf\":{\"@id\":\"https:\/\/blogdobispo.com.br\/?p=17307\"},\"author\":{\"name\":\"Jefferson Sterfeno\",\"@id\":\"https:\/\/blogdobispo.com.br\/#\/schema\/person\/e2209cc0e6cea5c5233d033e997b373f\"},\"headline\":\"Deputado Dr. Kerginaldo fiscaliza setor de queimados do Hospital Walfredo Gurgel\",\"datePublished\":\"2025-08-21T23:32:00+00:00\",\"mainEntityOfPage\":{\"@id\":\"https:\/\/blogdobispo.com.br\/?p=17307\"},\"wordCount\":265,\"commentCount\":0,\"publisher\":{\"@id\":\"https:\/\/blogdobispo.com.br\/#organization\"},\"image\":{\"@id\":\"https:\/\/blogdobispo.com.br\/?p=17307#primaryimage\"},\"thumbnailUrl\":\"https:\/\/i0.wp.com\/blogdobispo.com.br\/wp-content\/uploads\/2025\/08\/b8b5231b-04ef-44a9-b42f-417e5e81d954.jpg?fit=1600%2C1064&ssl=1\",\"articleSection\":[\"diversos\"],\"inLanguage\":\"pt-BR\",\"potentialAction\":[{\"@type\":\"CommentAction\",\"name\":\"Comment\",\"target\":[\"https:\/\/blogdobispo.com.br\/?p=17307#respond\"]}]},{\"@type\":\"WebPage\",\"@id\":\"https:\/\/blogdobispo.com.br\/?p=17307\",\"url\":\"https:\/\/blogdobispo.com.br\/?p=17307\",\"name\":\"Deputado Dr. Kerginaldo fiscaliza setor de queimados do Hospital Walfredo Gurgel - Blog do Bispo\",\"isPartOf\":{\"@id\":\"https:\/\/blogdobispo.com.br\/#website\"},\"primaryImageOfPage\":{\"@id\":\"https:\/\/blogdobispo.com.br\/?p=17307#primaryimage\"},\"image\":{\"@id\":\"https:\/\/blogdobispo.com.br\/?p=17307#primaryimage\"},\"thumbnailUrl\":\"https:\/\/i0.wp.com\/blogdobispo.com.br\/wp-content\/uploads\/2025\/08\/b8b5231b-04ef-44a9-b42f-417e5e81d954.jpg?fit=1600%2C1064&ssl=1\",\"datePublished\":\"2025-08-21T23:32:00+00:00\",\"breadcrumb\":{\"@id\":\"https:\/\/blogdobispo.com.br\/?p=17307#breadcrumb\"},\"inLanguage\":\"pt-BR\",\"potentialAction\":[{\"@type\":\"ReadAction\",\"target\":[\"https:\/\/blogdobispo.com.br\/?p=17307\"]}]},{\"@type\":\"ImageObject\",\"inLanguage\":\"pt-BR\",\"@id\":\"https:\/\/blogdobispo.com.br\/?p=17307#primaryimage\",\"url\":\"https:\/\/i0.wp.com\/blogdobispo.com.br\/wp-content\/uploads\/2025\/08\/b8b5231b-04ef-44a9-b42f-417e5e81d954.jpg?fit=1600%2C1064&ssl=1\",\"contentUrl\":\"https:\/\/i0.wp.com\/blogdobispo.com.br\/wp-content\/uploads\/2025\/08\/b8b5231b-04ef-44a9-b42f-417e5e81d954.jpg?fit=1600%2C1064&ssl=1\",\"width\":1600,\"height\":1064},{\"@type\":\"BreadcrumbList\",\"@id\":\"https:\/\/blogdobispo.com.br\/?p=17307#breadcrumb\",\"itemListElement\":[{\"@type\":\"ListItem\",\"position\":1,\"name\":\"In\u00edcio\",\"item\":\"https:\/\/blogdobispo.com.br\/\"},{\"@type\":\"ListItem\",\"position\":2,\"name\":\"Deputado Dr. Kerginaldo fiscaliza setor de queimados do Hospital Walfredo Gurgel\"}]},{\"@type\":\"WebSite\",\"@id\":\"https:\/\/blogdobispo.com.br\/#website\",\"url\":\"https:\/\/blogdobispo.com.br\/\",\"name\":\"Blog do Bispo\",\"description\":\"Comprometido apenas com o leitor\",\"publisher\":{\"@id\":\"https:\/\/blogdobispo.com.br\/#organization\"},\"potentialAction\":[{\"@type\":\"SearchAction\",\"target\":{\"@type\":\"EntryPoint\",\"urlTemplate\":\"https:\/\/blogdobispo.com.br\/?s={search_term_string}\"},\"query-input\":{\"@type\":\"PropertyValueSpecification\",\"valueRequired\":true,\"valueName\":\"search_term_string\"}}],\"inLanguage\":\"pt-BR\"},{\"@type\":\"Organization\",\"@id\":\"https:\/\/blogdobispo.com.br\/#organization\",\"name\":\"Blog do Bispo\",\"url\":\"https:\/\/blogdobispo.com.br\/\",\"logo\":{\"@type\":\"ImageObject\",\"inLanguage\":\"pt-BR\",\"@id\":\"https:\/\/blogdobispo.com.br\/#\/schema\/logo\/image\/\",\"url\":\"http:\/\/blogdobispo.com.br\/wp-content\/uploads\/2023\/05\/cropped-headear.png\",\"contentUrl\":\"http:\/\/blogdobispo.com.br\/wp-content\/uploads\/2023\/05\/cropped-headear.png\",\"width\":1500,\"height\":399,\"caption\":\"Blog do Bispo\"},\"image\":{\"@id\":\"https:\/\/blogdobispo.com.br\/#\/schema\/logo\/image\/\"}},{\"@type\":\"Person\",\"@id\":\"https:\/\/blogdobispo.com.br\/#\/schema\/person\/e2209cc0e6cea5c5233d033e997b373f\",\"name\":\"Jefferson Sterfeno\",\"image\":{\"@type\":\"ImageObject\",\"inLanguage\":\"pt-BR\",\"@id\":\"https:\/\/blogdobispo.com.br\/#\/schema\/person\/image\/\",\"url\":\"https:\/\/secure.gravatar.com\/avatar\/0534e84764641168a677026b6d57a3f51dc7ac4db0b4f6186d9cb330d4ee1160?s=96&d=mm&r=g\",\"contentUrl\":\"https:\/\/secure.gravatar.com\/avatar\/0534e84764641168a677026b6d57a3f51dc7ac4db0b4f6186d9cb330d4ee1160?s=96&d=mm&r=g\",\"caption\":\"Jefferson Sterfeno\"},\"sameAs\":[\"http:\/\/blogdobispo.com.br\"],\"url\":\"https:\/\/blogdobispo.com.br\/?author=1\"}]}<\/script>\n<!-- \/ Yoast SEO plugin. -->","yoast_head_json":{"title":"Deputado Dr. Kerginaldo fiscaliza setor de queimados do Hospital Walfredo Gurgel - Blog do Bispo","robots":{"index":"index","follow":"follow","max-snippet":"max-snippet:-1","max-image-preview":"max-image-preview:large","max-video-preview":"max-video-preview:-1"},"canonical":"https:\/\/blogdobispo.com.br\/?p=17307","og_locale":"pt_BR","og_type":"article","og_title":"Deputado Dr. Kerginaldo fiscaliza setor de queimados do Hospital Walfredo Gurgel - Blog do Bispo","og_description":"O deputado estadual Dr. Kerginaldo, vice-presidente da Comiss\u00e3o de Sa\u00fade da Assembleia Legislativa do Rio Grande do Norte, esteve nesta quinta-feira (21) no Hospital Monsenhor Walfredo Gurgel, em Natal, onde realizou uma fiscaliza\u00e7\u00e3o no Centro de Tratamento de Queimados (CTQ). Durante a visita, o parlamentar constatou a situa\u00e7\u00e3o de abandono e a necessidade urgente de [&hellip;]","og_url":"https:\/\/blogdobispo.com.br\/?p=17307","og_site_name":"Blog do Bispo","article_published_time":"2025-08-21T23:32:00+00:00","og_image":[{"url":"https:\/\/blogdobispo.com.br\/wp-content\/uploads\/2025\/08\/b8b5231b-04ef-44a9-b42f-417e5e81d954-1024x681.jpg","type":"","width":"","height":""}],"author":"Jefferson Sterfeno","twitter_card":"summary_large_image","twitter_misc":{"Escrito por":"Jefferson Sterfeno","Est. tempo de leitura":"1 minuto"},"schema":{"@context":"https:\/\/schema.org","@graph":[{"@type":"Article","@id":"https:\/\/blogdobispo.com.br\/?p=17307#article","isPartOf":{"@id":"https:\/\/blogdobispo.com.br\/?p=17307"},"author":{"name":"Jefferson Sterfeno","@id":"https:\/\/blogdobispo.com.br\/#\/schema\/person\/e2209cc0e6cea5c5233d033e997b373f"},"headline":"Deputado Dr. Kerginaldo fiscaliza setor de queimados do Hospital Walfredo Gurgel","datePublished":"2025-08-21T23:32:00+00:00","mainEntityOfPage":{"@id":"https:\/\/blogdobispo.com.br\/?p=17307"},"wordCount":265,"commentCount":0,"publisher":{"@id":"https:\/\/blogdobispo.com.br\/#organization"},"image":{"@id":"https:\/\/blogdobispo.com.br\/?p=17307#primaryimage"},"thumbnailUrl":"https:\/\/i0.wp.com\/blogdobispo.com.br\/wp-content\/uploads\/2025\/08\/b8b5231b-04ef-44a9-b42f-417e5e81d954.jpg?fit=1600%2C1064&ssl=1","articleSection":["diversos"],"inLanguage":"pt-BR","potentialAction":[{"@type":"CommentAction","name":"Comment","target":["https:\/\/blogdobispo.com.br\/?p=17307#respond"]}]},{"@type":"WebPage","@id":"https:\/\/blogdobispo.com.br\/?p=17307","url":"https:\/\/blogdobispo.com.br\/?p=17307","name":"Deputado Dr. Kerginaldo fiscaliza setor de queimados do Hospital Walfredo Gurgel - Blog do Bispo","isPartOf":{"@id":"https:\/\/blogdobispo.com.br\/#website"},"primaryImageOfPage":{"@id":"https:\/\/blogdobispo.com.br\/?p=17307#primaryimage"},"image":{"@id":"https:\/\/blogdobispo.com.br\/?p=17307#primaryimage"},"thumbnailUrl":"https:\/\/i0.wp.com\/blogdobispo.com.br\/wp-content\/uploads\/2025\/08\/b8b5231b-04ef-44a9-b42f-417e5e81d954.jpg?fit=1600%2C1064&ssl=1","datePublished":"2025-08-21T23:32:00+00:00","breadcrumb":{"@id":"https:\/\/blogdobispo.com.br\/?p=17307#breadcrumb"},"inLanguage":"pt-BR","potentialAction":[{"@type":"ReadAction","target":["https:\/\/blogdobispo.com.br\/?p=17307"]}]},{"@type":"ImageObject","inLanguage":"pt-BR","@id":"https:\/\/blogdobispo.com.br\/?p=17307#primaryimage","url":"https:\/\/i0.wp.com\/blogdobispo.com.br\/wp-content\/uploads\/2025\/08\/b8b5231b-04ef-44a9-b42f-417e5e81d954.jpg?fit=1600%2C1064&ssl=1","contentUrl":"https:\/\/i0.wp.com\/blogdobispo.com.br\/wp-content\/uploads\/2025\/08\/b8b5231b-04ef-44a9-b42f-417e5e81d954.jpg?fit=1600%2C1064&ssl=1","width":1600,"height":1064},{"@type":"BreadcrumbList","@id":"https:\/\/blogdobispo.com.br\/?p=17307#breadcrumb","itemListElement":[{"@type":"ListItem","position":1,"name":"In\u00edcio","item":"https:\/\/blogdobispo.com.br\/"},{"@type":"ListItem","position":2,"name":"Deputado Dr. Kerginaldo fiscaliza setor de queimados do Hospital Walfredo Gurgel"}]},{"@type":"WebSite","@id":"https:\/\/blogdobispo.com.br\/#website","url":"https:\/\/blogdobispo.com.br\/","name":"Blog do Bispo","description":"Comprometido apenas com o leitor","publisher":{"@id":"https:\/\/blogdobispo.com.br\/#organization"},"potentialAction":[{"@type":"SearchAction","target":{"@type":"EntryPoint","urlTemplate":"https:\/\/blogdobispo.com.br\/?s={search_term_string}"},"query-input":{"@type":"PropertyValueSpecification","valueRequired":true,"valueName":"search_term_string"}}],"inLanguage":"pt-BR"},{"@type":"Organization","@id":"https:\/\/blogdobispo.com.br\/#organization","name":"Blog do Bispo","url":"https:\/\/blogdobispo.com.br\/","logo":{"@type":"ImageObject","inLanguage":"pt-BR","@id":"https:\/\/blogdobispo.com.br\/#\/schema\/logo\/image\/","url":"http:\/\/blogdobispo.com.br\/wp-content\/uploads\/2023\/05\/cropped-headear.png","contentUrl":"http:\/\/blogdobispo.com.br\/wp-content\/uploads\/2023\/05\/cropped-headear.png","width":1500,"height":399,"caption":"Blog do Bispo"},"image":{"@id":"https:\/\/blogdobispo.com.br\/#\/schema\/logo\/image\/"}},{"@type":"Person","@id":"https:\/\/blogdobispo.com.br\/#\/schema\/person\/e2209cc0e6cea5c5233d033e997b373f","name":"Jefferson Sterfeno","image":{"@type":"ImageObject","inLanguage":"pt-BR","@id":"https:\/\/blogdobispo.com.br\/#\/schema\/person\/image\/","url":"https:\/\/secure.gravatar.com\/avatar\/0534e84764641168a677026b6d57a3f51dc7ac4db0b4f6186d9cb330d4ee1160?s=96&d=mm&r=g","contentUrl":"https:\/\/secure.gravatar.com\/avatar\/0534e84764641168a677026b6d57a3f51dc7ac4db0b4f6186d9cb330d4ee1160?s=96&d=mm&r=g","caption":"Jefferson Sterfeno"},"sameAs":["http:\/\/blogdobispo.com.br"],"url":"https:\/\/blogdobispo.com.br\/?author=1"}]}},"featured_image_urls":{"full":["https:\/\/i0.wp.com\/blogdobispo.com.br\/wp-content\/uploads\/2025\/08\/b8b5231b-04ef-44a9-b42f-417e5e81d954.jpg?fit=1600%2C1064&ssl=1",1600,1064,false],"thumbnail":["https:\/\/i0.wp.com\/blogdobispo.com.br\/wp-content\/uploads\/2025\/08\/b8b5231b-04ef-44a9-b42f-417e5e81d954.jpg?resize=150%2C150&ssl=1",150,150,true],"medium":["https:\/\/i0.wp.com\/blogdobispo.com.br\/wp-content\/uploads\/2025\/08\/b8b5231b-04ef-44a9-b42f-417e5e81d954.jpg?fit=300%2C200&ssl=1",300,200,true],"medium_large":["https:\/\/i0.wp.com\/blogdobispo.com.br\/wp-content\/uploads\/2025\/08\/b8b5231b-04ef-44a9-b42f-417e5e81d954.jpg?fit=768%2C511&ssl=1",768,511,true],"large":["https:\/\/i0.wp.com\/blogdobispo.com.br\/wp-content\/uploads\/2025\/08\/b8b5231b-04ef-44a9-b42f-417e5e81d954.jpg?fit=800%2C532&ssl=1",800,532,true],"1536x1536":["https:\/\/i0.wp.com\/blogdobispo.com.br\/wp-content\/uploads\/2025\/08\/b8b5231b-04ef-44a9-b42f-417e5e81d954.jpg?fit=1536%2C1021&ssl=1",1536,1021,true],"2048x2048":["https:\/\/i0.wp.com\/blogdobispo.com.br\/wp-content\/uploads\/2025\/08\/b8b5231b-04ef-44a9-b42f-417e5e81d954.jpg?fit=1600%2C1064&ssl=1",1600,1064,true]},"author_info":{"display_name":"Jefferson Sterfeno","author_link":"https:\/\/blogdobispo.com.br\/?author=1"},"category_info":"<a href=\"https:\/\/blogdobispo.com.br\/?cat=1\" rel=\"category\">diversos<\/a>","tag_info":"diversos","comment_count":"0","jetpack_featured_media_url":"https:\/\/i0.wp.com\/blogdobispo.com.br\/wp-content\/uploads\/2025\/08\/b8b5231b-04ef-44a9-b42f-417e5e81d954.jpg?fit=1600%2C1064&ssl=1","jetpack_sharing_enabled":true,"_links":{"self":[{"href":"https:\/\/blogdobispo.com.br\/index.php?rest_route=\/wp\/v2\/posts\/17307","targetHints":{"allow":["GET"]}}],"collection":[{"href":"https:\/\/blogdobispo.com.br\/index.php?rest_route=\/wp\/v2\/posts"}],"about":[{"href":"https:\/\/blogdobispo.com.br\/index.php?rest_route=\/wp\/v2\/types\/post"}],"author":[{"embeddable":true,"href":"https:\/\/blogdobispo.com.br\/index.php?rest_route=\/wp\/v2\/users\/1"}],"replies":[{"embeddable":true,"href":"https:\/\/blogdobispo.com.br\/index.php?rest_route=%2Fwp%2Fv2%2Fcomments&post=17307"}],"version-history":[{"count":0,"href":"https:\/\/blogdobispo.com.br\/index.php?rest_route=\/wp\/v2\/posts\/17307\/revisions"}],"wp:featuredmedia":[{"embeddable":true,"href":"https:\/\/blogdobispo.com.br\/index.php?rest_route=\/wp\/v2\/media\/17306"}],"wp:attachment":[{"href":"https:\/\/blogdobispo.com.br\/index.php?rest_route=%2Fwp%2Fv2%2Fmedia&parent=17307"}],"wp:term":[{"taxonomy":"category","embeddable":true,"href":"https:\/\/blogdobispo.com.br\/index.php?rest_route=%2Fwp%2Fv2%2Fcategories&post=17307"},{"taxonomy":"post_tag","embeddable":true,"href":"https:\/\/blogdobispo.com.br\/index.php?rest_route=%2Fwp%2Fv2%2Ftags&post=17307"}],"curies":[{"name":"wp","href":"https:\/\/api.w.org\/{rel}","templated":true}]}}