{"id":17282,"date":"2025-08-21T11:53:36","date_gmt":"2025-08-21T11:53:36","guid":{"rendered":"https:\/\/blogdobispo.com.br\/?p=17282"},"modified":"2025-08-21T11:53:36","modified_gmt":"2025-08-21T11:53:36","slug":"vivaldo-costa-alerta-para-seca-e-defende-uniao-de-esforcos-para-socorrer-agricultores","status":"publish","type":"post","link":"https:\/\/blogdobispo.com.br\/?p=17282","title":{"rendered":"Vivaldo Costa alerta para seca e defende uni\u00e3o de esfor\u00e7os para socorrer agricultores"},"content":{"rendered":"<p>Em pronunciamento na sess\u00e3o plen\u00e1ria desta quarta-feira (20), na Assembleia Legislativa do Rio Grande do Norte (ALRN), o deputado Vivaldo Costa (PV) alertou para os impactos da chamada \u201cseca verde\u201d, que atinge o Serid\u00f3, Trairi, Alto e M\u00e9dio Oeste e outras regi\u00f5es do estado em 2025.<\/p>\n<p>Para ele, a estiagem surpreendeu a popula\u00e7\u00e3o e especialistas, que previam um ano normal de inverno. \u201c\u00c9 uma seca braba. Nem houve pastagem para o gado, nem colheita para a agricultura familiar. O sertanejo vive hoje enormes dificuldades de subsist\u00eancia\u201d, destacou.<\/p>\n<p>Vivaldo lembrou que, diante desse cen\u00e1rio, a chegada das \u00e1guas da transposi\u00e7\u00e3o do Rio S\u00e3o Francisco ao Rio Grande do Norte representa um alento. Ele ressaltou a import\u00e2ncia da obra estruturante idealizada ainda no primeiro mandato do presidente Lula e comemorada recentemente pelo Governo do Estado e lideran\u00e7as pol\u00edticas da regi\u00e3o. \u201cAs \u00e1guas chegam em boa hora para o nosso Serid\u00f3\u201d, afirmou.<\/p>\n<p>Apesar do refor\u00e7o h\u00eddrico, o deputado enfatizou que a situa\u00e7\u00e3o exige a\u00e7\u00f5es emergenciais e uni\u00e3o de esfor\u00e7os entre Uni\u00e3o, Estado e munic\u00edpios para socorrer a popula\u00e7\u00e3o rural e mitigar os preju\u00edzos da seca. \u201c\u00c9 preciso apoio urgente para o agricultor familiar, que n\u00e3o conseguiu colher nada neste ano irregular e j\u00e1 enfrenta dificuldades de sobreviv\u00eancia. O rebanho est\u00e1 sendo dizimado e a ang\u00fastia do homem do campo s\u00f3 cresce\u201d, disse.<\/p>\n<p>Vivaldo tamb\u00e9m citou que o munic\u00edpio de A\u00e7u j\u00e1 decretou estado de calamidade p\u00fablica, refor\u00e7ando a gravidade do problema. \u201cA seca verde de 2025 est\u00e1 castigando o povo potiguar e requer medidas imediatas para garantir \u00e1gua, alimento e condi\u00e7\u00f5es de vida dignas ao sertanejo\u201d, concluiu.<img data-recalc-dims=\"1\" fetchpriority=\"high\" decoding=\"async\" class=\"alignnone size-medium wp-image-17283\" src=\"https:\/\/i0.wp.com\/blogdobispo.com.br\/wp-content\/uploads\/2025\/08\/PNdDLLLRzHJsWItaAID58h2ZLJfdfLFmqN2nh10s.jpg?resize=300%2C200\" alt=\"\" width=\"300\" height=\"200\" srcset=\"https:\/\/i0.wp.com\/blogdobispo.com.br\/wp-content\/uploads\/2025\/08\/PNdDLLLRzHJsWItaAID58h2ZLJfdfLFmqN2nh10s.jpg?resize=300%2C200&amp;ssl=1 300w, https:\/\/i0.wp.com\/blogdobispo.com.br\/wp-content\/uploads\/2025\/08\/PNdDLLLRzHJsWItaAID58h2ZLJfdfLFmqN2nh10s.jpg?resize=1024%2C682&amp;ssl=1 1024w, https:\/\/i0.wp.com\/blogdobispo.com.br\/wp-content\/uploads\/2025\/08\/PNdDLLLRzHJsWItaAID58h2ZLJfdfLFmqN2nh10s.jpg?resize=768%2C512&amp;ssl=1 768w, https:\/\/i0.wp.com\/blogdobispo.com.br\/wp-content\/uploads\/2025\/08\/PNdDLLLRzHJsWItaAID58h2ZLJfdfLFmqN2nh10s.jpg?w=1280&amp;ssl=1 1280w\" sizes=\"(max-width: 300px) 100vw, 300px\" \/><\/p>\n","protected":false},"excerpt":{"rendered":"<p>Em pronunciamento na sess\u00e3o plen\u00e1ria desta quarta-feira (20), na Assembleia Legislativa do Rio Grande do Norte (ALRN), o deputado Vivaldo Costa (PV) alertou para os impactos da chamada \u201cseca verde\u201d, que atinge o Serid\u00f3, Trairi, Alto e M\u00e9dio Oeste e outras regi\u00f5es do estado em 2025. Para ele, a estiagem surpreendeu a popula\u00e7\u00e3o e especialistas, [&hellip;]<\/p>\n","protected":false},"author":1,"featured_media":17283,"comment_status":"open","ping_status":"open","sticky":false,"template":"","format":"standard","meta":{"cybocfi_hide_featured_image":"","_jetpack_memberships_contains_paid_content":false,"footnotes":""},"categories":[12],"tags":[],"class_list":["post-17282","post","type-post","status-publish","format-standard","has-post-thumbnail","hentry","category-cidadania"],"yoast_head":"<!-- This site is optimized with the Yoast SEO plugin v25.6 - https:\/\/yoast.com\/wordpress\/plugins\/seo\/ -->\n<title>Vivaldo Costa alerta para seca e defende uni\u00e3o de esfor\u00e7os para socorrer agricultores - Blog do Bispo<\/title>\n<meta name=\"robots\" content=\"index, follow, max-snippet:-1, max-image-preview:large, max-video-preview:-1\" \/>\n<link rel=\"canonical\" href=\"https:\/\/blogdobispo.com.br\/?p=17282\" \/>\n<meta property=\"og:locale\" content=\"pt_BR\" \/>\n<meta property=\"og:type\" content=\"article\" \/>\n<meta property=\"og:title\" content=\"Vivaldo Costa alerta para seca e defende uni\u00e3o de esfor\u00e7os para socorrer agricultores - Blog do Bispo\" \/>\n<meta property=\"og:description\" content=\"Em pronunciamento na sess\u00e3o plen\u00e1ria desta quarta-feira (20), na Assembleia Legislativa do Rio Grande do Norte (ALRN), o deputado Vivaldo Costa (PV) alertou para os impactos da chamada \u201cseca verde\u201d, que atinge o Serid\u00f3, Trairi, Alto e M\u00e9dio Oeste e outras regi\u00f5es do estado em 2025. Para ele, a estiagem surpreendeu a popula\u00e7\u00e3o e especialistas, [&hellip;]\" \/>\n<meta property=\"og:url\" content=\"https:\/\/blogdobispo.com.br\/?p=17282\" \/>\n<meta property=\"og:site_name\" content=\"Blog do Bispo\" \/>\n<meta property=\"article:published_time\" content=\"2025-08-21T11:53:36+00:00\" \/>\n<meta property=\"og:image\" content=\"http:\/\/blogdobispo.com.br\/wp-content\/uploads\/2025\/08\/PNdDLLLRzHJsWItaAID58h2ZLJfdfLFmqN2nh10s.jpg\" \/>\n\t<meta property=\"og:image:width\" content=\"1280\" \/>\n\t<meta property=\"og:image:height\" content=\"853\" \/>\n\t<meta property=\"og:image:type\" content=\"image\/jpeg\" \/>\n<meta name=\"author\" content=\"Jefferson Sterfeno\" \/>\n<meta name=\"twitter:card\" content=\"summary_large_image\" \/>\n<meta name=\"twitter:label1\" content=\"Escrito por\" \/>\n\t<meta name=\"twitter:data1\" content=\"Jefferson Sterfeno\" \/>\n\t<meta name=\"twitter:label2\" content=\"Est. tempo de leitura\" \/>\n\t<meta name=\"twitter:data2\" content=\"2 minutos\" \/>\n<script type=\"application\/ld+json\" class=\"yoast-schema-graph\">{\"@context\":\"https:\/\/schema.org\",\"@graph\":[{\"@type\":\"Article\",\"@id\":\"https:\/\/blogdobispo.com.br\/?p=17282#article\",\"isPartOf\":{\"@id\":\"https:\/\/blogdobispo.com.br\/?p=17282\"},\"author\":{\"name\":\"Jefferson Sterfeno\",\"@id\":\"https:\/\/blogdobispo.com.br\/#\/schema\/person\/e2209cc0e6cea5c5233d033e997b373f\"},\"headline\":\"Vivaldo Costa alerta para seca e defende uni\u00e3o de esfor\u00e7os para socorrer agricultores\",\"datePublished\":\"2025-08-21T11:53:36+00:00\",\"mainEntityOfPage\":{\"@id\":\"https:\/\/blogdobispo.com.br\/?p=17282\"},\"wordCount\":306,\"commentCount\":0,\"publisher\":{\"@id\":\"https:\/\/blogdobispo.com.br\/#organization\"},\"image\":{\"@id\":\"https:\/\/blogdobispo.com.br\/?p=17282#primaryimage\"},\"thumbnailUrl\":\"https:\/\/i0.wp.com\/blogdobispo.com.br\/wp-content\/uploads\/2025\/08\/PNdDLLLRzHJsWItaAID58h2ZLJfdfLFmqN2nh10s.jpg?fit=1280%2C853&ssl=1\",\"articleSection\":[\"Cidadania\"],\"inLanguage\":\"pt-BR\",\"potentialAction\":[{\"@type\":\"CommentAction\",\"name\":\"Comment\",\"target\":[\"https:\/\/blogdobispo.com.br\/?p=17282#respond\"]}]},{\"@type\":\"WebPage\",\"@id\":\"https:\/\/blogdobispo.com.br\/?p=17282\",\"url\":\"https:\/\/blogdobispo.com.br\/?p=17282\",\"name\":\"Vivaldo Costa alerta para seca e defende uni\u00e3o de esfor\u00e7os para socorrer agricultores - Blog do Bispo\",\"isPartOf\":{\"@id\":\"https:\/\/blogdobispo.com.br\/#website\"},\"primaryImageOfPage\":{\"@id\":\"https:\/\/blogdobispo.com.br\/?p=17282#primaryimage\"},\"image\":{\"@id\":\"https:\/\/blogdobispo.com.br\/?p=17282#primaryimage\"},\"thumbnailUrl\":\"https:\/\/i0.wp.com\/blogdobispo.com.br\/wp-content\/uploads\/2025\/08\/PNdDLLLRzHJsWItaAID58h2ZLJfdfLFmqN2nh10s.jpg?fit=1280%2C853&ssl=1\",\"datePublished\":\"2025-08-21T11:53:36+00:00\",\"breadcrumb\":{\"@id\":\"https:\/\/blogdobispo.com.br\/?p=17282#breadcrumb\"},\"inLanguage\":\"pt-BR\",\"potentialAction\":[{\"@type\":\"ReadAction\",\"target\":[\"https:\/\/blogdobispo.com.br\/?p=17282\"]}]},{\"@type\":\"ImageObject\",\"inLanguage\":\"pt-BR\",\"@id\":\"https:\/\/blogdobispo.com.br\/?p=17282#primaryimage\",\"url\":\"https:\/\/i0.wp.com\/blogdobispo.com.br\/wp-content\/uploads\/2025\/08\/PNdDLLLRzHJsWItaAID58h2ZLJfdfLFmqN2nh10s.jpg?fit=1280%2C853&ssl=1\",\"contentUrl\":\"https:\/\/i0.wp.com\/blogdobispo.com.br\/wp-content\/uploads\/2025\/08\/PNdDLLLRzHJsWItaAID58h2ZLJfdfLFmqN2nh10s.jpg?fit=1280%2C853&ssl=1\",\"width\":1280,\"height\":853},{\"@type\":\"BreadcrumbList\",\"@id\":\"https:\/\/blogdobispo.com.br\/?p=17282#breadcrumb\",\"itemListElement\":[{\"@type\":\"ListItem\",\"position\":1,\"name\":\"In\u00edcio\",\"item\":\"https:\/\/blogdobispo.com.br\/\"},{\"@type\":\"ListItem\",\"position\":2,\"name\":\"Vivaldo Costa alerta para seca e defende uni\u00e3o de esfor\u00e7os para socorrer agricultores\"}]},{\"@type\":\"WebSite\",\"@id\":\"https:\/\/blogdobispo.com.br\/#website\",\"url\":\"https:\/\/blogdobispo.com.br\/\",\"name\":\"Blog do Bispo\",\"description\":\"Comprometido apenas com o leitor\",\"publisher\":{\"@id\":\"https:\/\/blogdobispo.com.br\/#organization\"},\"potentialAction\":[{\"@type\":\"SearchAction\",\"target\":{\"@type\":\"EntryPoint\",\"urlTemplate\":\"https:\/\/blogdobispo.com.br\/?s={search_term_string}\"},\"query-input\":{\"@type\":\"PropertyValueSpecification\",\"valueRequired\":true,\"valueName\":\"search_term_string\"}}],\"inLanguage\":\"pt-BR\"},{\"@type\":\"Organization\",\"@id\":\"https:\/\/blogdobispo.com.br\/#organization\",\"name\":\"Blog do Bispo\",\"url\":\"https:\/\/blogdobispo.com.br\/\",\"logo\":{\"@type\":\"ImageObject\",\"inLanguage\":\"pt-BR\",\"@id\":\"https:\/\/blogdobispo.com.br\/#\/schema\/logo\/image\/\",\"url\":\"http:\/\/blogdobispo.com.br\/wp-content\/uploads\/2023\/05\/cropped-headear.png\",\"contentUrl\":\"http:\/\/blogdobispo.com.br\/wp-content\/uploads\/2023\/05\/cropped-headear.png\",\"width\":1500,\"height\":399,\"caption\":\"Blog do Bispo\"},\"image\":{\"@id\":\"https:\/\/blogdobispo.com.br\/#\/schema\/logo\/image\/\"}},{\"@type\":\"Person\",\"@id\":\"https:\/\/blogdobispo.com.br\/#\/schema\/person\/e2209cc0e6cea5c5233d033e997b373f\",\"name\":\"Jefferson Sterfeno\",\"image\":{\"@type\":\"ImageObject\",\"inLanguage\":\"pt-BR\",\"@id\":\"https:\/\/blogdobispo.com.br\/#\/schema\/person\/image\/\",\"url\":\"https:\/\/secure.gravatar.com\/avatar\/0534e84764641168a677026b6d57a3f51dc7ac4db0b4f6186d9cb330d4ee1160?s=96&d=mm&r=g\",\"contentUrl\":\"https:\/\/secure.gravatar.com\/avatar\/0534e84764641168a677026b6d57a3f51dc7ac4db0b4f6186d9cb330d4ee1160?s=96&d=mm&r=g\",\"caption\":\"Jefferson Sterfeno\"},\"sameAs\":[\"http:\/\/blogdobispo.com.br\"],\"url\":\"https:\/\/blogdobispo.com.br\/?author=1\"}]}<\/script>\n<!-- \/ Yoast SEO plugin. -->","yoast_head_json":{"title":"Vivaldo Costa alerta para seca e defende uni\u00e3o de esfor\u00e7os para socorrer agricultores - Blog do Bispo","robots":{"index":"index","follow":"follow","max-snippet":"max-snippet:-1","max-image-preview":"max-image-preview:large","max-video-preview":"max-video-preview:-1"},"canonical":"https:\/\/blogdobispo.com.br\/?p=17282","og_locale":"pt_BR","og_type":"article","og_title":"Vivaldo Costa alerta para seca e defende uni\u00e3o de esfor\u00e7os para socorrer agricultores - Blog do Bispo","og_description":"Em pronunciamento na sess\u00e3o plen\u00e1ria desta quarta-feira (20), na Assembleia Legislativa do Rio Grande do Norte (ALRN), o deputado Vivaldo Costa (PV) alertou para os impactos da chamada \u201cseca verde\u201d, que atinge o Serid\u00f3, Trairi, Alto e M\u00e9dio Oeste e outras regi\u00f5es do estado em 2025. Para ele, a estiagem surpreendeu a popula\u00e7\u00e3o e especialistas, [&hellip;]","og_url":"https:\/\/blogdobispo.com.br\/?p=17282","og_site_name":"Blog do Bispo","article_published_time":"2025-08-21T11:53:36+00:00","og_image":[{"width":1280,"height":853,"url":"http:\/\/blogdobispo.com.br\/wp-content\/uploads\/2025\/08\/PNdDLLLRzHJsWItaAID58h2ZLJfdfLFmqN2nh10s.jpg","type":"image\/jpeg"}],"author":"Jefferson Sterfeno","twitter_card":"summary_large_image","twitter_misc":{"Escrito por":"Jefferson Sterfeno","Est. tempo de leitura":"2 minutos"},"schema":{"@context":"https:\/\/schema.org","@graph":[{"@type":"Article","@id":"https:\/\/blogdobispo.com.br\/?p=17282#article","isPartOf":{"@id":"https:\/\/blogdobispo.com.br\/?p=17282"},"author":{"name":"Jefferson Sterfeno","@id":"https:\/\/blogdobispo.com.br\/#\/schema\/person\/e2209cc0e6cea5c5233d033e997b373f"},"headline":"Vivaldo Costa alerta para seca e defende uni\u00e3o de esfor\u00e7os para socorrer agricultores","datePublished":"2025-08-21T11:53:36+00:00","mainEntityOfPage":{"@id":"https:\/\/blogdobispo.com.br\/?p=17282"},"wordCount":306,"commentCount":0,"publisher":{"@id":"https:\/\/blogdobispo.com.br\/#organization"},"image":{"@id":"https:\/\/blogdobispo.com.br\/?p=17282#primaryimage"},"thumbnailUrl":"https:\/\/i0.wp.com\/blogdobispo.com.br\/wp-content\/uploads\/2025\/08\/PNdDLLLRzHJsWItaAID58h2ZLJfdfLFmqN2nh10s.jpg?fit=1280%2C853&ssl=1","articleSection":["Cidadania"],"inLanguage":"pt-BR","potentialAction":[{"@type":"CommentAction","name":"Comment","target":["https:\/\/blogdobispo.com.br\/?p=17282#respond"]}]},{"@type":"WebPage","@id":"https:\/\/blogdobispo.com.br\/?p=17282","url":"https:\/\/blogdobispo.com.br\/?p=17282","name":"Vivaldo Costa alerta para seca e defende uni\u00e3o de esfor\u00e7os para socorrer agricultores - Blog do Bispo","isPartOf":{"@id":"https:\/\/blogdobispo.com.br\/#website"},"primaryImageOfPage":{"@id":"https:\/\/blogdobispo.com.br\/?p=17282#primaryimage"},"image":{"@id":"https:\/\/blogdobispo.com.br\/?p=17282#primaryimage"},"thumbnailUrl":"https:\/\/i0.wp.com\/blogdobispo.com.br\/wp-content\/uploads\/2025\/08\/PNdDLLLRzHJsWItaAID58h2ZLJfdfLFmqN2nh10s.jpg?fit=1280%2C853&ssl=1","datePublished":"2025-08-21T11:53:36+00:00","breadcrumb":{"@id":"https:\/\/blogdobispo.com.br\/?p=17282#breadcrumb"},"inLanguage":"pt-BR","potentialAction":[{"@type":"ReadAction","target":["https:\/\/blogdobispo.com.br\/?p=17282"]}]},{"@type":"ImageObject","inLanguage":"pt-BR","@id":"https:\/\/blogdobispo.com.br\/?p=17282#primaryimage","url":"https:\/\/i0.wp.com\/blogdobispo.com.br\/wp-content\/uploads\/2025\/08\/PNdDLLLRzHJsWItaAID58h2ZLJfdfLFmqN2nh10s.jpg?fit=1280%2C853&ssl=1","contentUrl":"https:\/\/i0.wp.com\/blogdobispo.com.br\/wp-content\/uploads\/2025\/08\/PNdDLLLRzHJsWItaAID58h2ZLJfdfLFmqN2nh10s.jpg?fit=1280%2C853&ssl=1","width":1280,"height":853},{"@type":"BreadcrumbList","@id":"https:\/\/blogdobispo.com.br\/?p=17282#breadcrumb","itemListElement":[{"@type":"ListItem","position":1,"name":"In\u00edcio","item":"https:\/\/blogdobispo.com.br\/"},{"@type":"ListItem","position":2,"name":"Vivaldo Costa alerta para seca e defende uni\u00e3o de esfor\u00e7os para socorrer agricultores"}]},{"@type":"WebSite","@id":"https:\/\/blogdobispo.com.br\/#website","url":"https:\/\/blogdobispo.com.br\/","name":"Blog do Bispo","description":"Comprometido apenas com o leitor","publisher":{"@id":"https:\/\/blogdobispo.com.br\/#organization"},"potentialAction":[{"@type":"SearchAction","target":{"@type":"EntryPoint","urlTemplate":"https:\/\/blogdobispo.com.br\/?s={search_term_string}"},"query-input":{"@type":"PropertyValueSpecification","valueRequired":true,"valueName":"search_term_string"}}],"inLanguage":"pt-BR"},{"@type":"Organization","@id":"https:\/\/blogdobispo.com.br\/#organization","name":"Blog do Bispo","url":"https:\/\/blogdobispo.com.br\/","logo":{"@type":"ImageObject","inLanguage":"pt-BR","@id":"https:\/\/blogdobispo.com.br\/#\/schema\/logo\/image\/","url":"http:\/\/blogdobispo.com.br\/wp-content\/uploads\/2023\/05\/cropped-headear.png","contentUrl":"http:\/\/blogdobispo.com.br\/wp-content\/uploads\/2023\/05\/cropped-headear.png","width":1500,"height":399,"caption":"Blog do Bispo"},"image":{"@id":"https:\/\/blogdobispo.com.br\/#\/schema\/logo\/image\/"}},{"@type":"Person","@id":"https:\/\/blogdobispo.com.br\/#\/schema\/person\/e2209cc0e6cea5c5233d033e997b373f","name":"Jefferson Sterfeno","image":{"@type":"ImageObject","inLanguage":"pt-BR","@id":"https:\/\/blogdobispo.com.br\/#\/schema\/person\/image\/","url":"https:\/\/secure.gravatar.com\/avatar\/0534e84764641168a677026b6d57a3f51dc7ac4db0b4f6186d9cb330d4ee1160?s=96&d=mm&r=g","contentUrl":"https:\/\/secure.gravatar.com\/avatar\/0534e84764641168a677026b6d57a3f51dc7ac4db0b4f6186d9cb330d4ee1160?s=96&d=mm&r=g","caption":"Jefferson Sterfeno"},"sameAs":["http:\/\/blogdobispo.com.br"],"url":"https:\/\/blogdobispo.com.br\/?author=1"}]}},"featured_image_urls":{"full":["https:\/\/i0.wp.com\/blogdobispo.com.br\/wp-content\/uploads\/2025\/08\/PNdDLLLRzHJsWItaAID58h2ZLJfdfLFmqN2nh10s.jpg?fit=1280%2C853&ssl=1",1280,853,false],"thumbnail":["https:\/\/i0.wp.com\/blogdobispo.com.br\/wp-content\/uploads\/2025\/08\/PNdDLLLRzHJsWItaAID58h2ZLJfdfLFmqN2nh10s.jpg?resize=150%2C150&ssl=1",150,150,true],"medium":["https:\/\/i0.wp.com\/blogdobispo.com.br\/wp-content\/uploads\/2025\/08\/PNdDLLLRzHJsWItaAID58h2ZLJfdfLFmqN2nh10s.jpg?fit=300%2C200&ssl=1",300,200,true],"medium_large":["https:\/\/i0.wp.com\/blogdobispo.com.br\/wp-content\/uploads\/2025\/08\/PNdDLLLRzHJsWItaAID58h2ZLJfdfLFmqN2nh10s.jpg?fit=768%2C512&ssl=1",768,512,true],"large":["https:\/\/i0.wp.com\/blogdobispo.com.br\/wp-content\/uploads\/2025\/08\/PNdDLLLRzHJsWItaAID58h2ZLJfdfLFmqN2nh10s.jpg?fit=800%2C533&ssl=1",800,533,true],"1536x1536":["https:\/\/i0.wp.com\/blogdobispo.com.br\/wp-content\/uploads\/2025\/08\/PNdDLLLRzHJsWItaAID58h2ZLJfdfLFmqN2nh10s.jpg?fit=1280%2C853&ssl=1",1280,853,true],"2048x2048":["https:\/\/i0.wp.com\/blogdobispo.com.br\/wp-content\/uploads\/2025\/08\/PNdDLLLRzHJsWItaAID58h2ZLJfdfLFmqN2nh10s.jpg?fit=1280%2C853&ssl=1",1280,853,true]},"author_info":{"display_name":"Jefferson Sterfeno","author_link":"https:\/\/blogdobispo.com.br\/?author=1"},"category_info":"<a href=\"https:\/\/blogdobispo.com.br\/?cat=12\" rel=\"category\">Cidadania<\/a>","tag_info":"Cidadania","comment_count":"0","jetpack_featured_media_url":"https:\/\/i0.wp.com\/blogdobispo.com.br\/wp-content\/uploads\/2025\/08\/PNdDLLLRzHJsWItaAID58h2ZLJfdfLFmqN2nh10s.jpg?fit=1280%2C853&ssl=1","jetpack_sharing_enabled":true,"_links":{"self":[{"href":"https:\/\/blogdobispo.com.br\/index.php?rest_route=\/wp\/v2\/posts\/17282","targetHints":{"allow":["GET"]}}],"collection":[{"href":"https:\/\/blogdobispo.com.br\/index.php?rest_route=\/wp\/v2\/posts"}],"about":[{"href":"https:\/\/blogdobispo.com.br\/index.php?rest_route=\/wp\/v2\/types\/post"}],"author":[{"embeddable":true,"href":"https:\/\/blogdobispo.com.br\/index.php?rest_route=\/wp\/v2\/users\/1"}],"replies":[{"embeddable":true,"href":"https:\/\/blogdobispo.com.br\/index.php?rest_route=%2Fwp%2Fv2%2Fcomments&post=17282"}],"version-history":[{"count":1,"href":"https:\/\/blogdobispo.com.br\/index.php?rest_route=\/wp\/v2\/posts\/17282\/revisions"}],"predecessor-version":[{"id":17284,"href":"https:\/\/blogdobispo.com.br\/index.php?rest_route=\/wp\/v2\/posts\/17282\/revisions\/17284"}],"wp:featuredmedia":[{"embeddable":true,"href":"https:\/\/blogdobispo.com.br\/index.php?rest_route=\/wp\/v2\/media\/17283"}],"wp:attachment":[{"href":"https:\/\/blogdobispo.com.br\/index.php?rest_route=%2Fwp%2Fv2%2Fmedia&parent=17282"}],"wp:term":[{"taxonomy":"category","embeddable":true,"href":"https:\/\/blogdobispo.com.br\/index.php?rest_route=%2Fwp%2Fv2%2Fcategories&post=17282"},{"taxonomy":"post_tag","embeddable":true,"href":"https:\/\/blogdobispo.com.br\/index.php?rest_route=%2Fwp%2Fv2%2Ftags&post=17282"}],"curies":[{"name":"wp","href":"https:\/\/api.w.org\/{rel}","templated":true}]}}