{"id":17279,"date":"2025-08-20T13:07:47","date_gmt":"2025-08-20T13:07:47","guid":{"rendered":"https:\/\/blogdobispo.com.br\/?p=17279"},"modified":"2025-08-20T13:07:47","modified_gmt":"2025-08-20T13:07:47","slug":"decisao-judicial-pede-a-cassacao-da-prefeita-nira-de-barra-de-maxaranguape","status":"publish","type":"post","link":"https:\/\/blogdobispo.com.br\/?p=17279","title":{"rendered":"Decis\u00e3o judicial pede a cassa\u00e7\u00e3o da prefeita Nira de Barra de Maxaranguape"},"content":{"rendered":"\n<figure class=\"wp-block-image size-large\"><img data-recalc-dims=\"1\" fetchpriority=\"high\" decoding=\"async\" width=\"212\" height=\"238\" src=\"https:\/\/i0.wp.com\/blogdobispo.com.br\/wp-content\/uploads\/2025\/08\/img_6147.jpg?resize=212%2C238&#038;ssl=1\" class=\"wp-image-17278\"\/><\/figure>\n\n\n\n<p class=\"p1\"><\/p>\n\n\n\n<p class=\"p1\">A prefeita de Barra de Maxaranguape, Nira (Republicanos), foi alvo de uma decis\u00e3o judicial que pede a cassa\u00e7\u00e3o de seu mandato. A determina\u00e7\u00e3o partiu da Justi\u00e7a Eleitoral, que analisou den\u00fancias envolvendo supostas irregularidades durante o pleito municipal.<\/p>\n\n\n\n<p class=\"p1\">Veja a decis\u00e3o:<\/p>\n\n\n\n<p>a) CASSAR OS RESPECTIVOS DIPLOMAS outorgados a MARIA ERENIR FREITAS DE LIMA e EVANIO PEDRO DO NASCIMENTO, eleitos, respectivamente, Prefeita e Vice-Prefeito do Munic\u00edpio de Maxaranguape\/RN, por terem sido beneficiados pela pr\u00e1tica de abuso de poder pol\u00edtico e econ\u00f4mico, nos termos do artigo 22, caput e inciso XIV, da Lei Complementar n\u00ba 64\/90;<\/p>\n\n\n\n<p>b) CASSAR o diploma de 1\u00ba Suplente ao cargo de Vereador do investigado RONIALDO C\u00c2MARA DA SILVA;<\/p>\n\n\n\n<p>b) DECLARAR A INELEGIBILIDADE de Maria Erenir Freitas de Lima, Ronialdo C\u00e2mara da Silva e Edmilson de Oliveira Lima pelo prazo de 8 (oito) anos subsequentes \u00e0 elei\u00e7\u00e3o de 2024, nos termos do art. 22, XIV, da LC n\u00ba 64\/90;<\/p>\n\n\n\n<p>c) DEIXAR DE DECLARAR A INELEGIBILIDADE de Evanio Pedro do Nascimento, considerando que n\u00e3o restou demonstrada sua participa\u00e7\u00e3o direta e efetiva na pr\u00e1tica dos atos alusivos ao abuso de poder pol\u00edtico.<\/p>\n\n\n\n<p class=\"p1\">Nos bastidores pol\u00edticos, a medida repercutiu fortemente no munic\u00edpio e reacendeu debates sobre a sucess\u00e3o local. Lideran\u00e7as da oposi\u00e7\u00e3o comemoraram a decis\u00e3o, enquanto aliados da prefeita classificaram a cassa\u00e7\u00e3o como precipitada e confiam na revers\u00e3o do quadro no Tribunal Regional Eleitoral do Rio Grande do Norte (TRE-RN).<\/p>\n\n\n\n<p class=\"p1\">Caso a decis\u00e3o seja confirmada em inst\u00e2ncias superiores, Barra de Maxaranguape poder\u00e1 enfrentar uma nova elei\u00e7\u00e3o suplementar, o que mexeria no tabuleiro pol\u00edtico da regi\u00e3o do Litoral Norte potiguar.<\/p>\n","protected":false},"excerpt":{"rendered":"<p>A prefeita de Barra de Maxaranguape, Nira (Republicanos), foi alvo de uma decis\u00e3o judicial que pede a cassa\u00e7\u00e3o de seu mandato. A determina\u00e7\u00e3o partiu da Justi\u00e7a Eleitoral, que analisou den\u00fancias envolvendo supostas irregularidades durante o pleito municipal. Veja a decis\u00e3o: a) CASSAR OS RESPECTIVOS DIPLOMAS outorgados a MARIA ERENIR FREITAS DE LIMA e EVANIO PEDRO [&hellip;]<\/p>\n","protected":false},"author":1,"featured_media":0,"comment_status":"open","ping_status":"open","sticky":false,"template":"","format":"standard","meta":{"cybocfi_hide_featured_image":"","_jetpack_memberships_contains_paid_content":false,"footnotes":""},"categories":[1],"tags":[],"class_list":["post-17279","post","type-post","status-publish","format-standard","hentry","category-diversos"],"yoast_head":"<!-- This site is optimized with the Yoast SEO plugin v25.6 - https:\/\/yoast.com\/wordpress\/plugins\/seo\/ -->\n<title>Decis\u00e3o judicial pede a cassa\u00e7\u00e3o da prefeita Nira de Barra de Maxaranguape - Blog do Bispo<\/title>\n<meta name=\"robots\" content=\"index, follow, max-snippet:-1, max-image-preview:large, max-video-preview:-1\" \/>\n<link rel=\"canonical\" href=\"https:\/\/blogdobispo.com.br\/?p=17279\" \/>\n<meta property=\"og:locale\" content=\"pt_BR\" \/>\n<meta property=\"og:type\" content=\"article\" \/>\n<meta property=\"og:title\" content=\"Decis\u00e3o judicial pede a cassa\u00e7\u00e3o da prefeita Nira de Barra de Maxaranguape - Blog do Bispo\" \/>\n<meta property=\"og:description\" content=\"A prefeita de Barra de Maxaranguape, Nira (Republicanos), foi alvo de uma decis\u00e3o judicial que pede a cassa\u00e7\u00e3o de seu mandato. A determina\u00e7\u00e3o partiu da Justi\u00e7a Eleitoral, que analisou den\u00fancias envolvendo supostas irregularidades durante o pleito municipal. Veja a decis\u00e3o: a) CASSAR OS RESPECTIVOS DIPLOMAS outorgados a MARIA ERENIR FREITAS DE LIMA e EVANIO PEDRO [&hellip;]\" \/>\n<meta property=\"og:url\" content=\"https:\/\/blogdobispo.com.br\/?p=17279\" \/>\n<meta property=\"og:site_name\" content=\"Blog do Bispo\" \/>\n<meta property=\"article:published_time\" content=\"2025-08-20T13:07:47+00:00\" \/>\n<meta property=\"og:image\" content=\"https:\/\/blogdobispo.com.br\/wp-content\/uploads\/2025\/08\/img_6147.jpg\" \/>\n<meta name=\"author\" content=\"Jefferson Sterfeno\" \/>\n<meta name=\"twitter:card\" content=\"summary_large_image\" \/>\n<meta name=\"twitter:label1\" content=\"Escrito por\" \/>\n\t<meta name=\"twitter:data1\" content=\"Jefferson Sterfeno\" \/>\n\t<meta name=\"twitter:label2\" content=\"Est. tempo de leitura\" \/>\n\t<meta name=\"twitter:data2\" content=\"1 minuto\" \/>\n<script type=\"application\/ld+json\" class=\"yoast-schema-graph\">{\"@context\":\"https:\/\/schema.org\",\"@graph\":[{\"@type\":\"Article\",\"@id\":\"https:\/\/blogdobispo.com.br\/?p=17279#article\",\"isPartOf\":{\"@id\":\"https:\/\/blogdobispo.com.br\/?p=17279\"},\"author\":{\"name\":\"Jefferson Sterfeno\",\"@id\":\"https:\/\/blogdobispo.com.br\/#\/schema\/person\/e2209cc0e6cea5c5233d033e997b373f\"},\"headline\":\"Decis\u00e3o judicial pede a cassa\u00e7\u00e3o da prefeita Nira de Barra de Maxaranguape\",\"datePublished\":\"2025-08-20T13:07:47+00:00\",\"mainEntityOfPage\":{\"@id\":\"https:\/\/blogdobispo.com.br\/?p=17279\"},\"wordCount\":294,\"commentCount\":0,\"publisher\":{\"@id\":\"https:\/\/blogdobispo.com.br\/#organization\"},\"image\":{\"@id\":\"https:\/\/blogdobispo.com.br\/?p=17279#primaryimage\"},\"thumbnailUrl\":\"https:\/\/blogdobispo.com.br\/wp-content\/uploads\/2025\/08\/img_6147.jpg\",\"articleSection\":[\"diversos\"],\"inLanguage\":\"pt-BR\",\"potentialAction\":[{\"@type\":\"CommentAction\",\"name\":\"Comment\",\"target\":[\"https:\/\/blogdobispo.com.br\/?p=17279#respond\"]}]},{\"@type\":\"WebPage\",\"@id\":\"https:\/\/blogdobispo.com.br\/?p=17279\",\"url\":\"https:\/\/blogdobispo.com.br\/?p=17279\",\"name\":\"Decis\u00e3o judicial pede a cassa\u00e7\u00e3o da prefeita Nira de Barra de Maxaranguape - Blog do Bispo\",\"isPartOf\":{\"@id\":\"https:\/\/blogdobispo.com.br\/#website\"},\"primaryImageOfPage\":{\"@id\":\"https:\/\/blogdobispo.com.br\/?p=17279#primaryimage\"},\"image\":{\"@id\":\"https:\/\/blogdobispo.com.br\/?p=17279#primaryimage\"},\"thumbnailUrl\":\"https:\/\/blogdobispo.com.br\/wp-content\/uploads\/2025\/08\/img_6147.jpg\",\"datePublished\":\"2025-08-20T13:07:47+00:00\",\"breadcrumb\":{\"@id\":\"https:\/\/blogdobispo.com.br\/?p=17279#breadcrumb\"},\"inLanguage\":\"pt-BR\",\"potentialAction\":[{\"@type\":\"ReadAction\",\"target\":[\"https:\/\/blogdobispo.com.br\/?p=17279\"]}]},{\"@type\":\"ImageObject\",\"inLanguage\":\"pt-BR\",\"@id\":\"https:\/\/blogdobispo.com.br\/?p=17279#primaryimage\",\"url\":\"https:\/\/blogdobispo.com.br\/wp-content\/uploads\/2025\/08\/img_6147.jpg\",\"contentUrl\":\"https:\/\/blogdobispo.com.br\/wp-content\/uploads\/2025\/08\/img_6147.jpg\"},{\"@type\":\"BreadcrumbList\",\"@id\":\"https:\/\/blogdobispo.com.br\/?p=17279#breadcrumb\",\"itemListElement\":[{\"@type\":\"ListItem\",\"position\":1,\"name\":\"In\u00edcio\",\"item\":\"https:\/\/blogdobispo.com.br\/\"},{\"@type\":\"ListItem\",\"position\":2,\"name\":\"Decis\u00e3o judicial pede a cassa\u00e7\u00e3o da prefeita Nira de Barra de Maxaranguape\"}]},{\"@type\":\"WebSite\",\"@id\":\"https:\/\/blogdobispo.com.br\/#website\",\"url\":\"https:\/\/blogdobispo.com.br\/\",\"name\":\"Blog do Bispo\",\"description\":\"Comprometido apenas com o leitor\",\"publisher\":{\"@id\":\"https:\/\/blogdobispo.com.br\/#organization\"},\"potentialAction\":[{\"@type\":\"SearchAction\",\"target\":{\"@type\":\"EntryPoint\",\"urlTemplate\":\"https:\/\/blogdobispo.com.br\/?s={search_term_string}\"},\"query-input\":{\"@type\":\"PropertyValueSpecification\",\"valueRequired\":true,\"valueName\":\"search_term_string\"}}],\"inLanguage\":\"pt-BR\"},{\"@type\":\"Organization\",\"@id\":\"https:\/\/blogdobispo.com.br\/#organization\",\"name\":\"Blog do Bispo\",\"url\":\"https:\/\/blogdobispo.com.br\/\",\"logo\":{\"@type\":\"ImageObject\",\"inLanguage\":\"pt-BR\",\"@id\":\"https:\/\/blogdobispo.com.br\/#\/schema\/logo\/image\/\",\"url\":\"http:\/\/blogdobispo.com.br\/wp-content\/uploads\/2023\/05\/cropped-headear.png\",\"contentUrl\":\"http:\/\/blogdobispo.com.br\/wp-content\/uploads\/2023\/05\/cropped-headear.png\",\"width\":1500,\"height\":399,\"caption\":\"Blog do Bispo\"},\"image\":{\"@id\":\"https:\/\/blogdobispo.com.br\/#\/schema\/logo\/image\/\"}},{\"@type\":\"Person\",\"@id\":\"https:\/\/blogdobispo.com.br\/#\/schema\/person\/e2209cc0e6cea5c5233d033e997b373f\",\"name\":\"Jefferson Sterfeno\",\"image\":{\"@type\":\"ImageObject\",\"inLanguage\":\"pt-BR\",\"@id\":\"https:\/\/blogdobispo.com.br\/#\/schema\/person\/image\/\",\"url\":\"https:\/\/secure.gravatar.com\/avatar\/0534e84764641168a677026b6d57a3f51dc7ac4db0b4f6186d9cb330d4ee1160?s=96&d=mm&r=g\",\"contentUrl\":\"https:\/\/secure.gravatar.com\/avatar\/0534e84764641168a677026b6d57a3f51dc7ac4db0b4f6186d9cb330d4ee1160?s=96&d=mm&r=g\",\"caption\":\"Jefferson Sterfeno\"},\"sameAs\":[\"http:\/\/blogdobispo.com.br\"],\"url\":\"https:\/\/blogdobispo.com.br\/?author=1\"}]}<\/script>\n<!-- \/ Yoast SEO plugin. -->","yoast_head_json":{"title":"Decis\u00e3o judicial pede a cassa\u00e7\u00e3o da prefeita Nira de Barra de Maxaranguape - Blog do Bispo","robots":{"index":"index","follow":"follow","max-snippet":"max-snippet:-1","max-image-preview":"max-image-preview:large","max-video-preview":"max-video-preview:-1"},"canonical":"https:\/\/blogdobispo.com.br\/?p=17279","og_locale":"pt_BR","og_type":"article","og_title":"Decis\u00e3o judicial pede a cassa\u00e7\u00e3o da prefeita Nira de Barra de Maxaranguape - Blog do Bispo","og_description":"A prefeita de Barra de Maxaranguape, Nira (Republicanos), foi alvo de uma decis\u00e3o judicial que pede a cassa\u00e7\u00e3o de seu mandato. A determina\u00e7\u00e3o partiu da Justi\u00e7a Eleitoral, que analisou den\u00fancias envolvendo supostas irregularidades durante o pleito municipal. Veja a decis\u00e3o: a) CASSAR OS RESPECTIVOS DIPLOMAS outorgados a MARIA ERENIR FREITAS DE LIMA e EVANIO PEDRO [&hellip;]","og_url":"https:\/\/blogdobispo.com.br\/?p=17279","og_site_name":"Blog do Bispo","article_published_time":"2025-08-20T13:07:47+00:00","og_image":[{"url":"https:\/\/blogdobispo.com.br\/wp-content\/uploads\/2025\/08\/img_6147.jpg","type":"","width":"","height":""}],"author":"Jefferson Sterfeno","twitter_card":"summary_large_image","twitter_misc":{"Escrito por":"Jefferson Sterfeno","Est. tempo de leitura":"1 minuto"},"schema":{"@context":"https:\/\/schema.org","@graph":[{"@type":"Article","@id":"https:\/\/blogdobispo.com.br\/?p=17279#article","isPartOf":{"@id":"https:\/\/blogdobispo.com.br\/?p=17279"},"author":{"name":"Jefferson Sterfeno","@id":"https:\/\/blogdobispo.com.br\/#\/schema\/person\/e2209cc0e6cea5c5233d033e997b373f"},"headline":"Decis\u00e3o judicial pede a cassa\u00e7\u00e3o da prefeita Nira de Barra de Maxaranguape","datePublished":"2025-08-20T13:07:47+00:00","mainEntityOfPage":{"@id":"https:\/\/blogdobispo.com.br\/?p=17279"},"wordCount":294,"commentCount":0,"publisher":{"@id":"https:\/\/blogdobispo.com.br\/#organization"},"image":{"@id":"https:\/\/blogdobispo.com.br\/?p=17279#primaryimage"},"thumbnailUrl":"https:\/\/blogdobispo.com.br\/wp-content\/uploads\/2025\/08\/img_6147.jpg","articleSection":["diversos"],"inLanguage":"pt-BR","potentialAction":[{"@type":"CommentAction","name":"Comment","target":["https:\/\/blogdobispo.com.br\/?p=17279#respond"]}]},{"@type":"WebPage","@id":"https:\/\/blogdobispo.com.br\/?p=17279","url":"https:\/\/blogdobispo.com.br\/?p=17279","name":"Decis\u00e3o judicial pede a cassa\u00e7\u00e3o da prefeita Nira de Barra de Maxaranguape - Blog do Bispo","isPartOf":{"@id":"https:\/\/blogdobispo.com.br\/#website"},"primaryImageOfPage":{"@id":"https:\/\/blogdobispo.com.br\/?p=17279#primaryimage"},"image":{"@id":"https:\/\/blogdobispo.com.br\/?p=17279#primaryimage"},"thumbnailUrl":"https:\/\/blogdobispo.com.br\/wp-content\/uploads\/2025\/08\/img_6147.jpg","datePublished":"2025-08-20T13:07:47+00:00","breadcrumb":{"@id":"https:\/\/blogdobispo.com.br\/?p=17279#breadcrumb"},"inLanguage":"pt-BR","potentialAction":[{"@type":"ReadAction","target":["https:\/\/blogdobispo.com.br\/?p=17279"]}]},{"@type":"ImageObject","inLanguage":"pt-BR","@id":"https:\/\/blogdobispo.com.br\/?p=17279#primaryimage","url":"https:\/\/blogdobispo.com.br\/wp-content\/uploads\/2025\/08\/img_6147.jpg","contentUrl":"https:\/\/blogdobispo.com.br\/wp-content\/uploads\/2025\/08\/img_6147.jpg"},{"@type":"BreadcrumbList","@id":"https:\/\/blogdobispo.com.br\/?p=17279#breadcrumb","itemListElement":[{"@type":"ListItem","position":1,"name":"In\u00edcio","item":"https:\/\/blogdobispo.com.br\/"},{"@type":"ListItem","position":2,"name":"Decis\u00e3o judicial pede a cassa\u00e7\u00e3o da prefeita Nira de Barra de Maxaranguape"}]},{"@type":"WebSite","@id":"https:\/\/blogdobispo.com.br\/#website","url":"https:\/\/blogdobispo.com.br\/","name":"Blog do Bispo","description":"Comprometido apenas com o leitor","publisher":{"@id":"https:\/\/blogdobispo.com.br\/#organization"},"potentialAction":[{"@type":"SearchAction","target":{"@type":"EntryPoint","urlTemplate":"https:\/\/blogdobispo.com.br\/?s={search_term_string}"},"query-input":{"@type":"PropertyValueSpecification","valueRequired":true,"valueName":"search_term_string"}}],"inLanguage":"pt-BR"},{"@type":"Organization","@id":"https:\/\/blogdobispo.com.br\/#organization","name":"Blog do Bispo","url":"https:\/\/blogdobispo.com.br\/","logo":{"@type":"ImageObject","inLanguage":"pt-BR","@id":"https:\/\/blogdobispo.com.br\/#\/schema\/logo\/image\/","url":"http:\/\/blogdobispo.com.br\/wp-content\/uploads\/2023\/05\/cropped-headear.png","contentUrl":"http:\/\/blogdobispo.com.br\/wp-content\/uploads\/2023\/05\/cropped-headear.png","width":1500,"height":399,"caption":"Blog do Bispo"},"image":{"@id":"https:\/\/blogdobispo.com.br\/#\/schema\/logo\/image\/"}},{"@type":"Person","@id":"https:\/\/blogdobispo.com.br\/#\/schema\/person\/e2209cc0e6cea5c5233d033e997b373f","name":"Jefferson Sterfeno","image":{"@type":"ImageObject","inLanguage":"pt-BR","@id":"https:\/\/blogdobispo.com.br\/#\/schema\/person\/image\/","url":"https:\/\/secure.gravatar.com\/avatar\/0534e84764641168a677026b6d57a3f51dc7ac4db0b4f6186d9cb330d4ee1160?s=96&d=mm&r=g","contentUrl":"https:\/\/secure.gravatar.com\/avatar\/0534e84764641168a677026b6d57a3f51dc7ac4db0b4f6186d9cb330d4ee1160?s=96&d=mm&r=g","caption":"Jefferson Sterfeno"},"sameAs":["http:\/\/blogdobispo.com.br"],"url":"https:\/\/blogdobispo.com.br\/?author=1"}]}},"featured_image_urls":{"full":"","thumbnail":"","medium":"","medium_large":"","large":"","1536x1536":"","2048x2048":""},"author_info":{"display_name":"Jefferson Sterfeno","author_link":"https:\/\/blogdobispo.com.br\/?author=1"},"category_info":"<a href=\"https:\/\/blogdobispo.com.br\/?cat=1\" rel=\"category\">diversos<\/a>","tag_info":"diversos","comment_count":"0","jetpack_featured_media_url":"","jetpack_sharing_enabled":true,"_links":{"self":[{"href":"https:\/\/blogdobispo.com.br\/index.php?rest_route=\/wp\/v2\/posts\/17279","targetHints":{"allow":["GET"]}}],"collection":[{"href":"https:\/\/blogdobispo.com.br\/index.php?rest_route=\/wp\/v2\/posts"}],"about":[{"href":"https:\/\/blogdobispo.com.br\/index.php?rest_route=\/wp\/v2\/types\/post"}],"author":[{"embeddable":true,"href":"https:\/\/blogdobispo.com.br\/index.php?rest_route=\/wp\/v2\/users\/1"}],"replies":[{"embeddable":true,"href":"https:\/\/blogdobispo.com.br\/index.php?rest_route=%2Fwp%2Fv2%2Fcomments&post=17279"}],"version-history":[{"count":0,"href":"https:\/\/blogdobispo.com.br\/index.php?rest_route=\/wp\/v2\/posts\/17279\/revisions"}],"wp:attachment":[{"href":"https:\/\/blogdobispo.com.br\/index.php?rest_route=%2Fwp%2Fv2%2Fmedia&parent=17279"}],"wp:term":[{"taxonomy":"category","embeddable":true,"href":"https:\/\/blogdobispo.com.br\/index.php?rest_route=%2Fwp%2Fv2%2Fcategories&post=17279"},{"taxonomy":"post_tag","embeddable":true,"href":"https:\/\/blogdobispo.com.br\/index.php?rest_route=%2Fwp%2Fv2%2Ftags&post=17279"}],"curies":[{"name":"wp","href":"https:\/\/api.w.org\/{rel}","templated":true}]}}