{"id":17275,"date":"2025-08-19T23:09:13","date_gmt":"2025-08-19T23:09:13","guid":{"rendered":"https:\/\/blogdobispo.com.br\/?p=17275"},"modified":"2025-08-19T23:21:57","modified_gmt":"2025-08-19T23:21:57","slug":"ex-vereador-geovane-peixoto-fecha-apoio-ao-deputado-estadual-luiz-eduardo","status":"publish","type":"post","link":"https:\/\/blogdobispo.com.br\/?p=17275","title":{"rendered":"Ex-vereador Geovane Peixoto fecha apoio ao deputado estadual Luiz Eduardo"},"content":{"rendered":"\n<p class=\"p1\"><\/p>\n\n\n\n<p class=\"p1\">O ex-vereador de Natal, Geovane Peixoto, definiu seu rumo pol\u00edtico e anunciou apoio ao deputado estadual Luiz Eduardo (Solidariedade). O movimento refor\u00e7a a base do parlamentar na capital, especialmente em setores ligados \u00e0 zona Norte, onde Geovane j\u00e1 teve atua\u00e7\u00e3o expressiva.<\/p>\n\n\n\n<p class=\"p1\">A alian\u00e7a \u00e9 vista como estrat\u00e9gica para 2026, quando Luiz Eduardo deve buscar a reelei\u00e7\u00e3o com nominata robusta. J\u00e1 Geovane, fora da C\u00e2mara Municipal desde 2024 quando n\u00e3o conseguiu sua reelei\u00e7\u00e3o se reposiciona no cen\u00e1rio pol\u00edtico, podendo articular retorno em futuras disputas. Peixoto j\u00e1 fechou seu apoio a federal com General Gir\u00e3o. Quem prova da sopa do peixe, fica. <\/p>\n\n\n\n<figure class=\"wp-block-image size-large\"><img data-recalc-dims=\"1\" fetchpriority=\"high\" decoding=\"async\" width=\"430\" height=\"450\" src=\"https:\/\/i0.wp.com\/blogdobispo.com.br\/wp-content\/uploads\/2025\/08\/image-2.jpg?resize=430%2C450&#038;ssl=1\" alt=\"\" class=\"wp-image-17274\" srcset=\"https:\/\/i0.wp.com\/blogdobispo.com.br\/wp-content\/uploads\/2025\/08\/image-2.jpg?w=430&amp;ssl=1 430w, https:\/\/i0.wp.com\/blogdobispo.com.br\/wp-content\/uploads\/2025\/08\/image-2.jpg?resize=287%2C300&amp;ssl=1 287w\" sizes=\"(max-width: 430px) 100vw, 430px\" \/><\/figure>\n","protected":false},"excerpt":{"rendered":"<p>O ex-vereador de Natal, Geovane Peixoto, definiu seu rumo pol\u00edtico e anunciou apoio ao deputado estadual Luiz Eduardo (Solidariedade). O movimento refor\u00e7a a base do parlamentar na capital, especialmente em setores ligados \u00e0 zona Norte, onde Geovane j\u00e1 teve atua\u00e7\u00e3o expressiva. A alian\u00e7a \u00e9 vista como estrat\u00e9gica para 2026, quando Luiz Eduardo deve buscar a [&hellip;]<\/p>\n","protected":false},"author":1,"featured_media":17274,"comment_status":"open","ping_status":"open","sticky":false,"template":"","format":"standard","meta":{"cybocfi_hide_featured_image":"","_jetpack_memberships_contains_paid_content":false,"footnotes":""},"categories":[1],"tags":[],"class_list":["post-17275","post","type-post","status-publish","format-standard","has-post-thumbnail","hentry","category-diversos"],"yoast_head":"<!-- This site is optimized with the Yoast SEO plugin v25.6 - https:\/\/yoast.com\/wordpress\/plugins\/seo\/ -->\n<title>Ex-vereador Geovane Peixoto fecha apoio ao deputado estadual Luiz Eduardo - Blog do Bispo<\/title>\n<meta name=\"robots\" content=\"index, follow, max-snippet:-1, max-image-preview:large, max-video-preview:-1\" \/>\n<link rel=\"canonical\" href=\"https:\/\/blogdobispo.com.br\/?p=17275\" \/>\n<meta property=\"og:locale\" content=\"pt_BR\" \/>\n<meta property=\"og:type\" content=\"article\" \/>\n<meta property=\"og:title\" content=\"Ex-vereador Geovane Peixoto fecha apoio ao deputado estadual Luiz Eduardo - Blog do Bispo\" \/>\n<meta property=\"og:description\" content=\"O ex-vereador de Natal, Geovane Peixoto, definiu seu rumo pol\u00edtico e anunciou apoio ao deputado estadual Luiz Eduardo (Solidariedade). O movimento refor\u00e7a a base do parlamentar na capital, especialmente em setores ligados \u00e0 zona Norte, onde Geovane j\u00e1 teve atua\u00e7\u00e3o expressiva. A alian\u00e7a \u00e9 vista como estrat\u00e9gica para 2026, quando Luiz Eduardo deve buscar a [&hellip;]\" \/>\n<meta property=\"og:url\" content=\"https:\/\/blogdobispo.com.br\/?p=17275\" \/>\n<meta property=\"og:site_name\" content=\"Blog do Bispo\" \/>\n<meta property=\"article:published_time\" content=\"2025-08-19T23:09:13+00:00\" \/>\n<meta property=\"article:modified_time\" content=\"2025-08-19T23:21:57+00:00\" \/>\n<meta property=\"og:image\" content=\"https:\/\/i0.wp.com\/blogdobispo.com.br\/wp-content\/uploads\/2025\/08\/image-2.jpg?fit=430%2C450&ssl=1\" \/>\n\t<meta property=\"og:image:width\" content=\"430\" \/>\n\t<meta property=\"og:image:height\" content=\"450\" \/>\n\t<meta property=\"og:image:type\" content=\"image\/jpeg\" \/>\n<meta name=\"author\" content=\"Jefferson Sterfeno\" \/>\n<meta name=\"twitter:card\" content=\"summary_large_image\" \/>\n<meta name=\"twitter:label1\" content=\"Escrito por\" \/>\n\t<meta name=\"twitter:data1\" content=\"Jefferson Sterfeno\" \/>\n\t<meta name=\"twitter:label2\" content=\"Est. tempo de leitura\" \/>\n\t<meta name=\"twitter:data2\" content=\"1 minuto\" \/>\n<script type=\"application\/ld+json\" class=\"yoast-schema-graph\">{\"@context\":\"https:\/\/schema.org\",\"@graph\":[{\"@type\":\"Article\",\"@id\":\"https:\/\/blogdobispo.com.br\/?p=17275#article\",\"isPartOf\":{\"@id\":\"https:\/\/blogdobispo.com.br\/?p=17275\"},\"author\":{\"name\":\"Jefferson Sterfeno\",\"@id\":\"https:\/\/blogdobispo.com.br\/#\/schema\/person\/e2209cc0e6cea5c5233d033e997b373f\"},\"headline\":\"Ex-vereador Geovane Peixoto fecha apoio ao deputado estadual Luiz Eduardo\",\"datePublished\":\"2025-08-19T23:09:13+00:00\",\"dateModified\":\"2025-08-19T23:21:57+00:00\",\"mainEntityOfPage\":{\"@id\":\"https:\/\/blogdobispo.com.br\/?p=17275\"},\"wordCount\":118,\"commentCount\":0,\"publisher\":{\"@id\":\"https:\/\/blogdobispo.com.br\/#organization\"},\"image\":{\"@id\":\"https:\/\/blogdobispo.com.br\/?p=17275#primaryimage\"},\"thumbnailUrl\":\"https:\/\/i0.wp.com\/blogdobispo.com.br\/wp-content\/uploads\/2025\/08\/image-2.jpg?fit=430%2C450&ssl=1\",\"articleSection\":[\"diversos\"],\"inLanguage\":\"pt-BR\",\"potentialAction\":[{\"@type\":\"CommentAction\",\"name\":\"Comment\",\"target\":[\"https:\/\/blogdobispo.com.br\/?p=17275#respond\"]}]},{\"@type\":\"WebPage\",\"@id\":\"https:\/\/blogdobispo.com.br\/?p=17275\",\"url\":\"https:\/\/blogdobispo.com.br\/?p=17275\",\"name\":\"Ex-vereador Geovane Peixoto fecha apoio ao deputado estadual Luiz Eduardo - Blog do Bispo\",\"isPartOf\":{\"@id\":\"https:\/\/blogdobispo.com.br\/#website\"},\"primaryImageOfPage\":{\"@id\":\"https:\/\/blogdobispo.com.br\/?p=17275#primaryimage\"},\"image\":{\"@id\":\"https:\/\/blogdobispo.com.br\/?p=17275#primaryimage\"},\"thumbnailUrl\":\"https:\/\/i0.wp.com\/blogdobispo.com.br\/wp-content\/uploads\/2025\/08\/image-2.jpg?fit=430%2C450&ssl=1\",\"datePublished\":\"2025-08-19T23:09:13+00:00\",\"dateModified\":\"2025-08-19T23:21:57+00:00\",\"breadcrumb\":{\"@id\":\"https:\/\/blogdobispo.com.br\/?p=17275#breadcrumb\"},\"inLanguage\":\"pt-BR\",\"potentialAction\":[{\"@type\":\"ReadAction\",\"target\":[\"https:\/\/blogdobispo.com.br\/?p=17275\"]}]},{\"@type\":\"ImageObject\",\"inLanguage\":\"pt-BR\",\"@id\":\"https:\/\/blogdobispo.com.br\/?p=17275#primaryimage\",\"url\":\"https:\/\/i0.wp.com\/blogdobispo.com.br\/wp-content\/uploads\/2025\/08\/image-2.jpg?fit=430%2C450&ssl=1\",\"contentUrl\":\"https:\/\/i0.wp.com\/blogdobispo.com.br\/wp-content\/uploads\/2025\/08\/image-2.jpg?fit=430%2C450&ssl=1\",\"width\":430,\"height\":450},{\"@type\":\"BreadcrumbList\",\"@id\":\"https:\/\/blogdobispo.com.br\/?p=17275#breadcrumb\",\"itemListElement\":[{\"@type\":\"ListItem\",\"position\":1,\"name\":\"In\u00edcio\",\"item\":\"https:\/\/blogdobispo.com.br\/\"},{\"@type\":\"ListItem\",\"position\":2,\"name\":\"Ex-vereador Geovane Peixoto fecha apoio ao deputado estadual Luiz Eduardo\"}]},{\"@type\":\"WebSite\",\"@id\":\"https:\/\/blogdobispo.com.br\/#website\",\"url\":\"https:\/\/blogdobispo.com.br\/\",\"name\":\"Blog do Bispo\",\"description\":\"Comprometido apenas com o leitor\",\"publisher\":{\"@id\":\"https:\/\/blogdobispo.com.br\/#organization\"},\"potentialAction\":[{\"@type\":\"SearchAction\",\"target\":{\"@type\":\"EntryPoint\",\"urlTemplate\":\"https:\/\/blogdobispo.com.br\/?s={search_term_string}\"},\"query-input\":{\"@type\":\"PropertyValueSpecification\",\"valueRequired\":true,\"valueName\":\"search_term_string\"}}],\"inLanguage\":\"pt-BR\"},{\"@type\":\"Organization\",\"@id\":\"https:\/\/blogdobispo.com.br\/#organization\",\"name\":\"Blog do Bispo\",\"url\":\"https:\/\/blogdobispo.com.br\/\",\"logo\":{\"@type\":\"ImageObject\",\"inLanguage\":\"pt-BR\",\"@id\":\"https:\/\/blogdobispo.com.br\/#\/schema\/logo\/image\/\",\"url\":\"http:\/\/blogdobispo.com.br\/wp-content\/uploads\/2023\/05\/cropped-headear.png\",\"contentUrl\":\"http:\/\/blogdobispo.com.br\/wp-content\/uploads\/2023\/05\/cropped-headear.png\",\"width\":1500,\"height\":399,\"caption\":\"Blog do Bispo\"},\"image\":{\"@id\":\"https:\/\/blogdobispo.com.br\/#\/schema\/logo\/image\/\"}},{\"@type\":\"Person\",\"@id\":\"https:\/\/blogdobispo.com.br\/#\/schema\/person\/e2209cc0e6cea5c5233d033e997b373f\",\"name\":\"Jefferson Sterfeno\",\"image\":{\"@type\":\"ImageObject\",\"inLanguage\":\"pt-BR\",\"@id\":\"https:\/\/blogdobispo.com.br\/#\/schema\/person\/image\/\",\"url\":\"https:\/\/secure.gravatar.com\/avatar\/0534e84764641168a677026b6d57a3f51dc7ac4db0b4f6186d9cb330d4ee1160?s=96&d=mm&r=g\",\"contentUrl\":\"https:\/\/secure.gravatar.com\/avatar\/0534e84764641168a677026b6d57a3f51dc7ac4db0b4f6186d9cb330d4ee1160?s=96&d=mm&r=g\",\"caption\":\"Jefferson Sterfeno\"},\"sameAs\":[\"http:\/\/blogdobispo.com.br\"],\"url\":\"https:\/\/blogdobispo.com.br\/?author=1\"}]}<\/script>\n<!-- \/ Yoast SEO plugin. -->","yoast_head_json":{"title":"Ex-vereador Geovane Peixoto fecha apoio ao deputado estadual Luiz Eduardo - Blog do Bispo","robots":{"index":"index","follow":"follow","max-snippet":"max-snippet:-1","max-image-preview":"max-image-preview:large","max-video-preview":"max-video-preview:-1"},"canonical":"https:\/\/blogdobispo.com.br\/?p=17275","og_locale":"pt_BR","og_type":"article","og_title":"Ex-vereador Geovane Peixoto fecha apoio ao deputado estadual Luiz Eduardo - Blog do Bispo","og_description":"O ex-vereador de Natal, Geovane Peixoto, definiu seu rumo pol\u00edtico e anunciou apoio ao deputado estadual Luiz Eduardo (Solidariedade). O movimento refor\u00e7a a base do parlamentar na capital, especialmente em setores ligados \u00e0 zona Norte, onde Geovane j\u00e1 teve atua\u00e7\u00e3o expressiva. A alian\u00e7a \u00e9 vista como estrat\u00e9gica para 2026, quando Luiz Eduardo deve buscar a [&hellip;]","og_url":"https:\/\/blogdobispo.com.br\/?p=17275","og_site_name":"Blog do Bispo","article_published_time":"2025-08-19T23:09:13+00:00","article_modified_time":"2025-08-19T23:21:57+00:00","og_image":[{"width":430,"height":450,"url":"https:\/\/i0.wp.com\/blogdobispo.com.br\/wp-content\/uploads\/2025\/08\/image-2.jpg?fit=430%2C450&ssl=1","type":"image\/jpeg"}],"author":"Jefferson Sterfeno","twitter_card":"summary_large_image","twitter_misc":{"Escrito por":"Jefferson Sterfeno","Est. tempo de leitura":"1 minuto"},"schema":{"@context":"https:\/\/schema.org","@graph":[{"@type":"Article","@id":"https:\/\/blogdobispo.com.br\/?p=17275#article","isPartOf":{"@id":"https:\/\/blogdobispo.com.br\/?p=17275"},"author":{"name":"Jefferson Sterfeno","@id":"https:\/\/blogdobispo.com.br\/#\/schema\/person\/e2209cc0e6cea5c5233d033e997b373f"},"headline":"Ex-vereador Geovane Peixoto fecha apoio ao deputado estadual Luiz Eduardo","datePublished":"2025-08-19T23:09:13+00:00","dateModified":"2025-08-19T23:21:57+00:00","mainEntityOfPage":{"@id":"https:\/\/blogdobispo.com.br\/?p=17275"},"wordCount":118,"commentCount":0,"publisher":{"@id":"https:\/\/blogdobispo.com.br\/#organization"},"image":{"@id":"https:\/\/blogdobispo.com.br\/?p=17275#primaryimage"},"thumbnailUrl":"https:\/\/i0.wp.com\/blogdobispo.com.br\/wp-content\/uploads\/2025\/08\/image-2.jpg?fit=430%2C450&ssl=1","articleSection":["diversos"],"inLanguage":"pt-BR","potentialAction":[{"@type":"CommentAction","name":"Comment","target":["https:\/\/blogdobispo.com.br\/?p=17275#respond"]}]},{"@type":"WebPage","@id":"https:\/\/blogdobispo.com.br\/?p=17275","url":"https:\/\/blogdobispo.com.br\/?p=17275","name":"Ex-vereador Geovane Peixoto fecha apoio ao deputado estadual Luiz Eduardo - Blog do Bispo","isPartOf":{"@id":"https:\/\/blogdobispo.com.br\/#website"},"primaryImageOfPage":{"@id":"https:\/\/blogdobispo.com.br\/?p=17275#primaryimage"},"image":{"@id":"https:\/\/blogdobispo.com.br\/?p=17275#primaryimage"},"thumbnailUrl":"https:\/\/i0.wp.com\/blogdobispo.com.br\/wp-content\/uploads\/2025\/08\/image-2.jpg?fit=430%2C450&ssl=1","datePublished":"2025-08-19T23:09:13+00:00","dateModified":"2025-08-19T23:21:57+00:00","breadcrumb":{"@id":"https:\/\/blogdobispo.com.br\/?p=17275#breadcrumb"},"inLanguage":"pt-BR","potentialAction":[{"@type":"ReadAction","target":["https:\/\/blogdobispo.com.br\/?p=17275"]}]},{"@type":"ImageObject","inLanguage":"pt-BR","@id":"https:\/\/blogdobispo.com.br\/?p=17275#primaryimage","url":"https:\/\/i0.wp.com\/blogdobispo.com.br\/wp-content\/uploads\/2025\/08\/image-2.jpg?fit=430%2C450&ssl=1","contentUrl":"https:\/\/i0.wp.com\/blogdobispo.com.br\/wp-content\/uploads\/2025\/08\/image-2.jpg?fit=430%2C450&ssl=1","width":430,"height":450},{"@type":"BreadcrumbList","@id":"https:\/\/blogdobispo.com.br\/?p=17275#breadcrumb","itemListElement":[{"@type":"ListItem","position":1,"name":"In\u00edcio","item":"https:\/\/blogdobispo.com.br\/"},{"@type":"ListItem","position":2,"name":"Ex-vereador Geovane Peixoto fecha apoio ao deputado estadual Luiz Eduardo"}]},{"@type":"WebSite","@id":"https:\/\/blogdobispo.com.br\/#website","url":"https:\/\/blogdobispo.com.br\/","name":"Blog do Bispo","description":"Comprometido apenas com o leitor","publisher":{"@id":"https:\/\/blogdobispo.com.br\/#organization"},"potentialAction":[{"@type":"SearchAction","target":{"@type":"EntryPoint","urlTemplate":"https:\/\/blogdobispo.com.br\/?s={search_term_string}"},"query-input":{"@type":"PropertyValueSpecification","valueRequired":true,"valueName":"search_term_string"}}],"inLanguage":"pt-BR"},{"@type":"Organization","@id":"https:\/\/blogdobispo.com.br\/#organization","name":"Blog do Bispo","url":"https:\/\/blogdobispo.com.br\/","logo":{"@type":"ImageObject","inLanguage":"pt-BR","@id":"https:\/\/blogdobispo.com.br\/#\/schema\/logo\/image\/","url":"http:\/\/blogdobispo.com.br\/wp-content\/uploads\/2023\/05\/cropped-headear.png","contentUrl":"http:\/\/blogdobispo.com.br\/wp-content\/uploads\/2023\/05\/cropped-headear.png","width":1500,"height":399,"caption":"Blog do Bispo"},"image":{"@id":"https:\/\/blogdobispo.com.br\/#\/schema\/logo\/image\/"}},{"@type":"Person","@id":"https:\/\/blogdobispo.com.br\/#\/schema\/person\/e2209cc0e6cea5c5233d033e997b373f","name":"Jefferson Sterfeno","image":{"@type":"ImageObject","inLanguage":"pt-BR","@id":"https:\/\/blogdobispo.com.br\/#\/schema\/person\/image\/","url":"https:\/\/secure.gravatar.com\/avatar\/0534e84764641168a677026b6d57a3f51dc7ac4db0b4f6186d9cb330d4ee1160?s=96&d=mm&r=g","contentUrl":"https:\/\/secure.gravatar.com\/avatar\/0534e84764641168a677026b6d57a3f51dc7ac4db0b4f6186d9cb330d4ee1160?s=96&d=mm&r=g","caption":"Jefferson Sterfeno"},"sameAs":["http:\/\/blogdobispo.com.br"],"url":"https:\/\/blogdobispo.com.br\/?author=1"}]}},"featured_image_urls":{"full":["https:\/\/i0.wp.com\/blogdobispo.com.br\/wp-content\/uploads\/2025\/08\/image-2.jpg?fit=430%2C450&ssl=1",430,450,false],"thumbnail":["https:\/\/i0.wp.com\/blogdobispo.com.br\/wp-content\/uploads\/2025\/08\/image-2.jpg?resize=150%2C150&ssl=1",150,150,true],"medium":["https:\/\/i0.wp.com\/blogdobispo.com.br\/wp-content\/uploads\/2025\/08\/image-2.jpg?fit=287%2C300&ssl=1",287,300,true],"medium_large":["https:\/\/i0.wp.com\/blogdobispo.com.br\/wp-content\/uploads\/2025\/08\/image-2.jpg?fit=430%2C450&ssl=1",430,450,true],"large":["https:\/\/i0.wp.com\/blogdobispo.com.br\/wp-content\/uploads\/2025\/08\/image-2.jpg?fit=430%2C450&ssl=1",430,450,true],"1536x1536":["https:\/\/i0.wp.com\/blogdobispo.com.br\/wp-content\/uploads\/2025\/08\/image-2.jpg?fit=430%2C450&ssl=1",430,450,true],"2048x2048":["https:\/\/i0.wp.com\/blogdobispo.com.br\/wp-content\/uploads\/2025\/08\/image-2.jpg?fit=430%2C450&ssl=1",430,450,true]},"author_info":{"display_name":"Jefferson Sterfeno","author_link":"https:\/\/blogdobispo.com.br\/?author=1"},"category_info":"<a href=\"https:\/\/blogdobispo.com.br\/?cat=1\" rel=\"category\">diversos<\/a>","tag_info":"diversos","comment_count":"0","jetpack_featured_media_url":"https:\/\/i0.wp.com\/blogdobispo.com.br\/wp-content\/uploads\/2025\/08\/image-2.jpg?fit=430%2C450&ssl=1","jetpack_sharing_enabled":true,"_links":{"self":[{"href":"https:\/\/blogdobispo.com.br\/index.php?rest_route=\/wp\/v2\/posts\/17275","targetHints":{"allow":["GET"]}}],"collection":[{"href":"https:\/\/blogdobispo.com.br\/index.php?rest_route=\/wp\/v2\/posts"}],"about":[{"href":"https:\/\/blogdobispo.com.br\/index.php?rest_route=\/wp\/v2\/types\/post"}],"author":[{"embeddable":true,"href":"https:\/\/blogdobispo.com.br\/index.php?rest_route=\/wp\/v2\/users\/1"}],"replies":[{"embeddable":true,"href":"https:\/\/blogdobispo.com.br\/index.php?rest_route=%2Fwp%2Fv2%2Fcomments&post=17275"}],"version-history":[{"count":2,"href":"https:\/\/blogdobispo.com.br\/index.php?rest_route=\/wp\/v2\/posts\/17275\/revisions"}],"predecessor-version":[{"id":17277,"href":"https:\/\/blogdobispo.com.br\/index.php?rest_route=\/wp\/v2\/posts\/17275\/revisions\/17277"}],"wp:featuredmedia":[{"embeddable":true,"href":"https:\/\/blogdobispo.com.br\/index.php?rest_route=\/wp\/v2\/media\/17274"}],"wp:attachment":[{"href":"https:\/\/blogdobispo.com.br\/index.php?rest_route=%2Fwp%2Fv2%2Fmedia&parent=17275"}],"wp:term":[{"taxonomy":"category","embeddable":true,"href":"https:\/\/blogdobispo.com.br\/index.php?rest_route=%2Fwp%2Fv2%2Fcategories&post=17275"},{"taxonomy":"post_tag","embeddable":true,"href":"https:\/\/blogdobispo.com.br\/index.php?rest_route=%2Fwp%2Fv2%2Ftags&post=17275"}],"curies":[{"name":"wp","href":"https:\/\/api.w.org\/{rel}","templated":true}]}}